{"id":269,"date":"2012-11-13T11:42:14","date_gmt":"2012-11-13T10:42:14","guid":{"rendered":"https:\/\/bukkleader.hu\/old\/new\/?p=269"},"modified":"2015-09-22T12:36:00","modified_gmt":"2015-09-22T10:36:00","slug":"emva-iii-benyujtasi-hatarideje-modosult","status":"publish","type":"post","link":"https:\/\/bukkleader.hu\/old\/emva-iii-benyujtasi-hatarideje-modosult\/","title":{"rendered":"EMVA III. beny\u00fajt\u00e1si hat\u00e1rideje m\u00f3dosult"},"content":{"rendered":"<p style=\"text-align: justify;\"><strong>FIGYELEM! Az EMVA III. falumeg\u00faj\u00edt\u00e1s \u00e9s \u2013fejleszt\u00e9s p\u00e1ly\u00e1zatok beny\u00fajt\u00e1si hat\u00e1rideje 2012. november 30-ra m\u00f3dosult<\/strong><!--more--><\/p>\n<p style=\"text-align: justify;\"><span class=\"style6\">Megjelent a vid\u00e9kfejleszt\u00e9si miniszter <a href=\"https:\/\/bukkleader.hu\/old\/wp-content\/uploads\/2015\/09\/mk_12_149_uj.pdf\" target=\"_blank\">113\/2012. (XI. 09.) VM rendelete<\/a> az egyes agr\u00e1r- \u00e9s vid\u00e9kfejleszt\u00e9si t\u00e1mogat\u00e1si t\u00e1rgy\u00fa miniszteri rendeletek m\u00f3dos\u00edt\u00e1s\u00e1r\u00f3l, melynek 2. \u00a7 (7) bekezd\u00e9s d) pontja szerint a 102\/2012. (X. 1.) VM rendelet 5. \u00a7 (1) bekezd\u00e9s\u00e9ben a \u201e2012-ben okt\u00f3ber 15. \u00e9s november 15. k\u00f6z\u00f6tt\u201d sz\u00f6vegr\u00e9sz hely\u00e9be a \u201e<strong class=\"style212\">2012. okt\u00f3ber 15. \u00e9s <\/strong><\/span><span class=\"style212\"><strong>november 30.<\/strong><\/span><span class=\"style6\"><strong> k\u00f6z\u00f6tt<\/strong>\u201d sz\u00f6veg l\u00e9p. Felh\u00edvjuk \u00fcgyfeleink figyelm\u00e9t, hogy a jogszab\u00e1ly a falumeg\u00faj\u00edt\u00e1s \u00e9s \u2013fejleszt\u00e9s jogc\u00edm <strong>t\u00e1mogat\u00e1si felt\u00e9teleire vonatkoz\u00f3an a hat\u00e1rid\u0151n k\u00edv\u00fcl egy\u00e9b m\u00f3dos\u00edt\u00e1sokat is tartalmaz<\/strong>.<\/span><\/p>\n<p style=\"text-align: justify;\"><span class=\"style6\"><em>Kapcsol\u00f3d\u00f3 let\u00f6lt\u00e9s:<\/em><\/span><\/p>\n<ul style=\"list-style-type: circle;\">\n<li style=\"text-align: justify;\"><span class=\"style6\"><a href=\"https:\/\/bukkleader.hu\/old\/wp-content\/uploads\/2015\/09\/mk_12_149_uj.pdf\" target=\"_blank\">A 113\/2012. (XI. 09.) VM rendelet let\u00f6lt\u00e9se &gt;&gt;<\/a><\/span><\/li>\n<li style=\"text-align: justify;\"><span class=\"style6\"><a href=\"http:\/\/www.kormany.hu\/download\/5\/a7\/b0000\/108-2012%20IH%20k%C3%B6zlem%C3%A9ny.pdf#!DocumentBrowse\" target=\"_blank\">A vonatkoz\u00f3 IH k\u00f6zlem\u00e9ny let\u00f6lt\u00e9se &gt;&gt;<\/a><\/span><\/li>\n<\/ul>\n<div class=\"sharedaddy sd-sharing-enabled\"><div class=\"robots-nocontent sd-block sd-social sd-social-icon sd-sharing\"><h3 class=\"sd-title\">Share this:<\/h3><div class=\"sd-content\"><ul><li class=\"share-facebook\"><a rel=\"nofollow noopener noreferrer\" data-shared=\"sharing-facebook-269\" class=\"share-facebook sd-button share-icon no-text\" href=\"https:\/\/bukkleader.hu\/old\/emva-iii-benyujtasi-hatarideje-modosult\/?share=facebook\" target=\"_blank\" title=\"Click to share on Facebook\"><span><\/span><span class=\"sharing-screen-reader-text\">Click to share on Facebook (Opens in new window)<\/span><\/a><\/li><li class=\"share-twitter\"><a rel=\"nofollow noopener noreferrer\" data-shared=\"sharing-twitter-269\" class=\"share-twitter sd-button share-icon no-text\" href=\"https:\/\/bukkleader.hu\/old\/emva-iii-benyujtasi-hatarideje-modosult\/?share=twitter\" target=\"_blank\" title=\"Click to share on Twitter\"><span><\/span><span class=\"sharing-screen-reader-text\">Click to share on Twitter (Opens in new window)<\/span><\/a><\/li><li class=\"share-print\"><a rel=\"nofollow noopener noreferrer\" data-shared=\"\" class=\"share-print sd-button share-icon no-text\" href=\"https:\/\/bukkleader.hu\/old\/emva-iii-benyujtasi-hatarideje-modosult\/\" target=\"_blank\" title=\"Click to print\"><span><\/span><span class=\"sharing-screen-reader-text\">Click to print (Opens in new window)<\/span><\/a><\/li><li class=\"share-email\"><a rel=\"nofollow noopener noreferrer\" data-shared=\"\" class=\"share-email sd-button share-icon no-text\" href=\"https:\/\/bukkleader.hu\/old\/emva-iii-benyujtasi-hatarideje-modosult\/?share=email\" target=\"_blank\" title=\"Click to email this to a friend\"><span><\/span><span class=\"sharing-screen-reader-text\">Click to email this to a friend (Opens in new window)<\/span><\/a><\/li><li class=\"share-end\"><\/li><\/ul><\/div><\/div><\/div>","protected":false},"excerpt":{"rendered":"<p>FIGYELEM! Az EMVA III. falumeg\u00faj\u00edt\u00e1s \u00e9s \u2013fejleszt\u00e9s p\u00e1ly\u00e1zatok beny\u00fajt\u00e1si hat\u00e1rideje 2012. november 30-ra m\u00f3dosult<\/p>\n<div class=\"sharedaddy sd-sharing-enabled\"><div class=\"robots-nocontent sd-block sd-social sd-social-icon sd-sharing\"><h3 class=\"sd-title\">Share this:<\/h3><div class=\"sd-content\"><ul><li class=\"share-facebook\"><a rel=\"nofollow noopener noreferrer\" data-shared=\"sharing-facebook-269\" class=\"share-facebook sd-button share-icon no-text\" href=\"https:\/\/bukkleader.hu\/old\/emva-iii-benyujtasi-hatarideje-modosult\/?share=facebook\" target=\"_blank\" title=\"Click to share on Facebook\"><span><\/span><span class=\"sharing-screen-reader-text\">Click to share on Facebook (Opens in new window)<\/span><\/a><\/li><li class=\"share-twitter\"><a rel=\"nofollow noopener noreferrer\" data-shared=\"sharing-twitter-269\" class=\"share-twitter sd-button share-icon no-text\" href=\"https:\/\/bukkleader.hu\/old\/emva-iii-benyujtasi-hatarideje-modosult\/?share=twitter\" target=\"_blank\" title=\"Click to share on Twitter\"><span><\/span><span class=\"sharing-screen-reader-text\">Click to share on Twitter (Opens in new window)<\/span><\/a><\/li><li class=\"share-print\"><a rel=\"nofollow noopener noreferrer\" data-shared=\"\" class=\"share-print sd-button share-icon no-text\" href=\"https:\/\/bukkleader.hu\/old\/emva-iii-benyujtasi-hatarideje-modosult\/\" target=\"_blank\" title=\"Click to print\"><span><\/span><span class=\"sharing-screen-reader-text\">Click to print (Opens in new window)<\/span><\/a><\/li><li class=\"share-email\"><a rel=\"nofollow noopener noreferrer\" data-shared=\"\" class=\"share-email sd-button share-icon no-text\" href=\"https:\/\/bukkleader.hu\/old\/emva-iii-benyujtasi-hatarideje-modosult\/?share=email\" target=\"_blank\" title=\"Click to email this to a friend\"><span><\/span><span class=\"sharing-screen-reader-text\">Click to email this to a friend (Opens in new window)<\/span><\/a><\/li><li class=\"share-end\"><\/li><\/ul><\/div><\/div><\/div>","protected":false},"author":1,"featured_media":229,"comment_status":"open","ping_status":"closed","sticky":false,"template":"","format":"standard","meta":{"_bbp_topic_count":0,"_bbp_reply_count":0,"_bbp_total_topic_count":0,"_bbp_total_reply_count":0,"_bbp_voice_count":0,"_bbp_anonymous_reply_count":0,"_bbp_topic_count_hidden":0,"_bbp_reply_count_hidden":0,"_bbp_forum_subforum_count":0,"spay_email":"","jetpack_publicize_message":"","jetpack_is_tweetstorm":false,"jetpack_publicize_feature_enabled":true},"categories":[1],"tags":[],"jetpack_featured_media_url":"https:\/\/bukkleader.hu\/old\/wp-content\/uploads\/2012\/06\/felkialto-jel384w.jpg","jetpack_publicize_connections":[],"jetpack_sharing_enabled":true,"jetpack-related-posts":[{"id":259,"url":"https:\/\/bukkleader.hu\/old\/2012-oktober-15-en-nyilik-az-emva-iii\/","url_meta":{"origin":269,"position":0},"title":"2012. okt\u00f3ber 15-\u00e9n ny\u00edlik az EMVA III","date":"2012-10-03","format":false,"excerpt":"2012. okt\u00f3ber 15-\u00e9n ny\u00edlik az EMVA III. falumeg\u00faj\u00edt\u00e1s \u00e9s \u2013fejleszt\u00e9s t\u00e1mogat\u00e1si id\u0151szakaMegjelent a 102\/2012. (X. 01.) VM rendelet az Eur\u00f3pai Mez\u0151gazdas\u00e1gi Vid\u00e9kfejleszt\u00e9si Alapb\u00f3l a falumeg\u00faj\u00edt\u00e1sra \u00e9s -fejleszt\u00e9sreLEADER Helyi Akci\u00f3csoportok k\u00f6zrem\u0171k\u00f6d\u00e9s\u00e9vel 2012-t\u0151l ig\u00e9nybe vehet\u0151 t\u00e1mogat\u00e1sok r\u00e9szletes felt\u00e9teleir\u0151l. A rendelet szerint \u201ea t\u00e1mogat\u00e1si k\u00e9relmet postai \u00faton 2012-ben okt\u00f3ber 15. \u00e9s november 15.\u2026","rel":"","context":"In &quot;H\u00edreink, k\u00f6zlem\u00e9nyeink&quot;","img":{"alt_text":"felki\u00e1llt\u00f3 jel","src":"https:\/\/i0.wp.com\/bukkleader.hu\/old\/wp-content\/uploads\/2012\/06\/felkialto-jel384w.jpg?resize=350%2C200&ssl=1","width":350,"height":200},"classes":[]},{"id":398,"url":"https:\/\/bukkleader.hu\/old\/figyelem-tobb-emva-jogcimrendelet-modositasra-kerult\/","url_meta":{"origin":269,"position":1},"title":"Figyelem! T\u00f6bb EMVA jogc\u00edmrendelet m\u00f3dos\u00edt\u00e1sra ker\u00fclt","date":"2014-09-23","format":false,"excerpt":"2014. szeptember 15-\u00e9n megjelent az 1\/2014. (IX. 15.) MVM\u00a0rendelet Az Eur\u00f3pai Mez\u0151gazdas\u00e1gi Vid\u00e9kfejleszt\u00e9si Alapb\u00f3l finansz\u00edrozott egyes agr\u00e1rt\u00e1mogat\u00e1si t\u00e1rgy\u00fa miniszteri rendeletek m\u00f3dos\u00edt\u00e1s\u00e1r\u00f3l. A rendelet t\u00f6bbek k\u00f6z\u00f6tt tartalmazza:\u00a0A\u00a0LEADER Helyi Akci\u00f3csoportok feladat ell\u00e1t\u00e1s\u00e1hoz az\u00a0Eur\u00f3pai Mez\u0151gazdas\u00e1gi Vid\u00e9kfejleszt\u00e9si Alapb\u00f3l ny\u00fajtand\u00f3 vid\u00e9kfejleszt\u00e9si t\u00e1mogat\u00e1s r\u00e9szletes felt\u00e9teleir\u0151l sz\u00f3l\u00f330\/2012. (III. 24.) VM\u00a0rendelet m\u00f3dos\u00edt\u00e1s\u00e1t, az\u00a0Eur\u00f3pai Mez\u0151gazdas\u00e1gi Vid\u00e9kfejleszt\u00e9si Alapb\u00f3l a\u00a0mikrov\u00e1llalkoz\u00e1sok l\u00e9trehoz\u00e1s\u00e1ra\u2026","rel":"","context":"In &quot;H\u00edreink, k\u00f6zlem\u00e9nyeink&quot;","img":{"alt_text":"paragrafus","src":"https:\/\/i0.wp.com\/bukkleader.hu\/old\/wp-content\/uploads\/2012\/06\/paragrafus384w.jpg?resize=350%2C200&ssl=1","width":350,"height":200},"classes":[]},{"id":273,"url":"https:\/\/bukkleader.hu\/old\/2012-masodik-felevi-palyazati-lehetosegek\/","url_meta":{"origin":269,"position":2},"title":"2012. m\u00e1sodik f\u00e9l\u00e9vi p\u00e1ly\u00e1zati lehet\u0151s\u00e9gek","date":"2012-11-30","format":false,"excerpt":"2012. m\u00e1sodik f\u00e9l\u00e9v\u00e9ben a Dar\u00e1nyi Ign\u00e1c Terv \u2013 \u00daj Magyarorsz\u00e1g Vid\u00e9kfejleszt\u00e9si Program keret\u00e9ben \u00fajabb EMVA III. \u00e9s LEADER vid\u00e9kfejleszt\u00e9si t\u00e1mogat\u00e1sok elnyer\u00e9s\u00e9re ny\u00edlnak lehet\u0151s\u00e9gek. A B\u00fckk-T\u00e9rs\u00e9gi LEADER Egyes\u00fclet ter\u00fclet\u00e9r\u0151l a 2012. okt\u00f3ber 15. \u2013 november 30. id\u0151szakban EMVA III. falumeg\u00faj\u00edt\u00e1s \u00e9s \u2013fejleszt\u00e9sre, valamint \u00e9v v\u00e9g\u00e9n \u2013 2013. elej\u00e9n a Helyi Vid\u00e9kfejleszt\u00e9si\u2026","rel":"","context":"In &quot;H\u00edreink, k\u00f6zlem\u00e9nyeink&quot;","img":{"alt_text":"384-1-daranyi-ignac-terv","src":"https:\/\/i1.wp.com\/bukkleader.hu\/old\/wp-content\/uploads\/2015\/09\/384-1-daranyi-ignac-terv.jpg?resize=350%2C200&ssl=1","width":350,"height":200},"classes":[]},{"id":104,"url":"https:\/\/bukkleader.hu\/old\/2012-oktober-01-2012-december-31-idoszak\/","url_meta":{"origin":269,"position":3},"title":"2012. okt\u00f3ber 01. \u2013 2012. december 31. id\u0151szak","date":"2013-01-02","format":false,"excerpt":"A B\u00fckk-T\u00e9rs\u00e9gi LEADER Egyes\u00fclet munkaszervezet\u00e9nek legfontosabb feladatai a 2012.10.01. \u2013 12.31. id\u0151szakban az EMVA III. falumeg\u00faj\u00edt\u00e1s \u00e9s \u2013fejleszt\u00e9s p\u00e1ly\u00e1zati id\u0151szak el\u0151k\u00e9sz\u00edt\u00e9se, a szakmai kapcsolat\u00e9p\u00edt\u00e9s \u00e9s az 2014-2020 id\u0151szak EU-s tervez\u00e9s\u00e9vel kapcsolatos egyeztet\u00e9seken val\u00f3 r\u00e9szv\u00e9tel voltak.A vid\u00e9kfejleszt\u00e9si k\u00f6z\u00f6ss\u00e9g min\u00e9l sz\u00e9lesebb k\u00f6r\u0171 t\u00e1j\u00e9koztat\u00e1sa \u00e9rdek\u00e9ben a t\u00e1mogat\u00e1si id\u0151szakban \u00f6sszesen 9 szakmai f\u00f3rumot tartottunk,\u2026","rel":"","context":"In &quot;Munkabesz\u00e1mol\u00f3k&quot;","img":{"alt_text":"","src":"","width":0,"height":0},"classes":[]},{"id":288,"url":"https:\/\/bukkleader.hu\/old\/figyelem-december-31-en-lejar-az-egyes-kifizetesi-kerelmek-benyujtasanak-modositott-hatarideje\/","url_meta":{"origin":269,"position":4},"title":"FIGYELEM! December 31-\u00e9n lej\u00e1r az egyes kifizet\u00e9si k\u00e9relmek beny\u00fajt\u00e1s\u00e1nak m\u00f3dos\u00edtott hat\u00e1rideje","date":"2012-12-12","format":false,"excerpt":"A 76\/2012. (VII. 27.) VM rendelet alapj\u00e1n az egyes jogc\u00edmeken megv\u00e1ltoztak az els\u0151 kifizet\u00e9si k\u00e9relem beny\u00fajt\u00e1s\u00e1ra vonatkoz\u00f3 szab\u00e1lyok az el\u0151\u00edrt felt\u00e9telek teljes\u00fcl\u00e9se mellett. \u00a0A m\u00f3dos\u00edt\u00e1s \u00e9rtelm\u00e9ben az \u00fcgyf\u00e9l 2012. december 31-\u00e9ig ny\u00fajthatja be els\u0151 kifizet\u00e9si k\u00e9relmet, amellyel olyan kiad\u00e1s is elsz\u00e1mol\u00e1sra ker\u00fcl, amely nem min\u0151s\u00fcl egy\u00e9b elsz\u00e1molhat\u00f3 kiad\u00e1snak, amennyiben azels\u0151\u2026","rel":"","context":"In &quot;H\u00edreink, k\u00f6zlem\u00e9nyeink&quot;","img":{"alt_text":"felki\u00e1llt\u00f3 jel","src":"https:\/\/i0.wp.com\/bukkleader.hu\/old\/wp-content\/uploads\/2012\/06\/felkialto-jel384w.jpg?resize=350%2C200&ssl=1","width":350,"height":200},"classes":[]},{"id":266,"url":"https:\/\/bukkleader.hu\/old\/2012-oktober-25-i-hacs-eloadasok-bemutatoi\/","url_meta":{"origin":269,"position":5},"title":"2012. okt\u00f3ber 25-i HACS el\u0151ad\u00e1sok bemutat\u00f3i","date":"2012-10-30","format":false,"excerpt":"Let\u00f6lthet\u0151k az okt\u00f3ber 25-i HACS szakmai f\u00f3rumon elhangzott el\u0151ad\u00e1sok bemutat\u00f3iA B\u00fckk-T\u00e9rs\u00e9gi LEADER Egyes\u00fclet a 2012. okt\u00f3ber 25-\u00e9n a b\u0151csi Faluh\u00e1zban szakmai f\u00f3rumot tartott a tagjai \u00e9s potenci\u00e1lis p\u00e1ly\u00e1z\u00f3i r\u00e9sz\u00e9re (megh\u00edv\u00f3 let\u00f6lt\u00e9se >>). A f\u00f3rumon a HACS munkat\u00e1rsai bemutatt\u00e1k a 2012. november 15-ig p\u00e1ly\u00e1zhat\u00f3 EMVA III. falumeg\u00faj\u00edt\u00e1s \u00e9s \u2013fejleszt\u00e9s jogc\u00edm t\u00e1mogat\u00e1si\u2026","rel":"","context":"In &quot;H\u00edreink, k\u00f6zlem\u00e9nyeink&quot;","img":{"alt_text":"eu-kohezio-w","src":"https:\/\/i2.wp.com\/bukkleader.hu\/old\/wp-content\/uploads\/2015\/09\/eu-kohezio-w.jpg?resize=350%2C200&ssl=1","width":350,"height":200},"classes":[]}],"_links":{"self":[{"href":"https:\/\/bukkleader.hu\/old\/wp-json\/wp\/v2\/posts\/269"}],"collection":[{"href":"https:\/\/bukkleader.hu\/old\/wp-json\/wp\/v2\/posts"}],"about":[{"href":"https:\/\/bukkleader.hu\/old\/wp-json\/wp\/v2\/types\/post"}],"author":[{"embeddable":true,"href":"https:\/\/bukkleader.hu\/old\/wp-json\/wp\/v2\/users\/1"}],"replies":[{"embeddable":true,"href":"https:\/\/bukkleader.hu\/old\/wp-json\/wp\/v2\/comments?post=269"}],"version-history":[{"count":1,"href":"https:\/\/bukkleader.hu\/old\/wp-json\/wp\/v2\/posts\/269\/revisions"}],"predecessor-version":[{"id":270,"href":"https:\/\/bukkleader.hu\/old\/wp-json\/wp\/v2\/posts\/269\/revisions\/270"}],"wp:featuredmedia":[{"embeddable":true,"href":"https:\/\/bukkleader.hu\/old\/wp-json\/wp\/v2\/media\/229"}],"wp:attachment":[{"href":"https:\/\/bukkleader.hu\/old\/wp-json\/wp\/v2\/media?parent=269"}],"wp:term":[{"taxonomy":"category","embeddable":true,"href":"https:\/\/bukkleader.hu\/old\/wp-json\/wp\/v2\/categories?post=269"},{"taxonomy":"post_tag","embeddable":true,"href":"https:\/\/bukkleader.hu\/old\/wp-json\/wp\/v2\/tags?post=269"}],"curies":[{"name":"wp","href":"https:\/\/api.w.org\/{rel}","templated":true}]}}