{"id":266,"date":"2012-10-30T11:36:35","date_gmt":"2012-10-30T10:36:35","guid":{"rendered":"https:\/\/bukkleader.hu\/old\/new\/?p=266"},"modified":"2015-09-22T11:36:55","modified_gmt":"2015-09-22T09:36:55","slug":"2012-oktober-25-i-hacs-eloadasok-bemutatoi","status":"publish","type":"post","link":"https:\/\/bukkleader.hu\/old\/2012-oktober-25-i-hacs-eloadasok-bemutatoi\/","title":{"rendered":"2012. okt\u00f3ber 25-i HACS el\u0151ad\u00e1sok bemutat\u00f3i"},"content":{"rendered":"<p><strong>Let\u00f6lthet\u0151k az okt\u00f3ber 25-i HACS szakmai f\u00f3rumon elhangzott el\u0151ad\u00e1sok bemutat\u00f3i<\/strong><!--more--><\/p>\n<p class=\"style6\" style=\"text-align: justify;\">A B\u00fckk-T\u00e9rs\u00e9gi LEADER Egyes\u00fclet a <strong class=\"style6\">2012. okt\u00f3ber 25-\u00e9n a b\u0151csi Faluh\u00e1zban szakmai f\u00f3rumot tartott<\/strong> a tagjai \u00e9s potenci\u00e1lis p\u00e1ly\u00e1z\u00f3i r\u00e9sz\u00e9re (<a href=\"https:\/\/bukkleader.hu\/old\/wp-content\/uploads\/2015\/09\/10_25_bocs_hacs_forum_meghivo.pdf\" target=\"_blank\">megh\u00edv\u00f3 let\u00f6lt\u00e9se &gt;&gt;<\/a>). A f\u00f3rumon a HACS munkat\u00e1rsai bemutatt\u00e1k a 2012. november 15-ig p\u00e1ly\u00e1zhat\u00f3 <strong>EMVA III. falumeg\u00faj\u00edt\u00e1s \u00e9s \u2013fejleszt\u00e9s jogc\u00edm t\u00e1mogat\u00e1si felt\u00e9teleit<\/strong>, a <strong>kifizet\u00e9si k\u00e9relmekkel<\/strong><strong>kapcsolatos el\u0151\u00edr\u00e1sokat<\/strong> \u00e9s t\u00e1j\u00e9koztat\u00e1sul az <strong>Eur\u00f3pai Uni\u00f3 2014-2020 id\u0151szakra vonatkoz\u00f3 <span class=\"style6\">koh\u00e9zi\u00f3s politik\u00e1j\u00e1t<\/span><\/strong>, tervez\u00e9si ir\u00e1nyelveit. Elhangzott, hogy falumeg\u00faj\u00edt\u00e1sra \u00e9s \u2013fejleszt\u00e9sre jelenleg nyertes p\u00e1ly\u00e1zatok visszamond\u00e1s\u00e1b\u00f3l ad\u00f3d\u00f3an <strong>\u00f6sszesen<\/strong><span class=\"style212\"><strong> 134 milli\u00f3 Ft fejleszt\u00e9si forr\u00e1s<\/strong><\/span><strong> \u00e1ll rendelkez\u00e9sre<\/strong> a HACS ter\u00fclet\u00e9n, mely a t\u00e1mogat\u00e1si rangsor kialak\u00edt\u00e1s\u00e1ig n\u00f6vekedhet.<\/p>\n<p class=\"style6\"><em>Az el\u0151ad\u00e1sok bemutat\u00f3i az al\u00e1bbiakban let\u00f6lthet\u0151k:<\/em><\/p>\n<ol class=\"style6\">\n<li><a href=\"https:\/\/bukkleader.hu\/old\/wp-content\/uploads\/2015\/09\/2012_10_25_falufejlesztes_hajdu.ppt\" target=\"_blank\">\u201eEMVA III. falumeg\u00faj\u00edt\u00e1s \u00e9s \u2013fejleszt\u00e9s p\u00e1ly\u00e1zati lehet\u0151s\u00e9g a LEADER Helyi Akci\u00f3csoportunk k\u00f6zrem\u0171k\u00f6d\u00e9s\u00e9vel\u201d &gt;&gt;<\/a><\/li>\n<li><a href=\"https:\/\/bukkleader.hu\/old\/wp-content\/uploads\/2015\/09\/2012_10_25_kk_vass_lajos.ppt\" target=\"_blank\">\u201eAz EMVA III-IV. p\u00e1ly\u00e1zatok kifizet\u00e9si k\u00e9relmeire vonatkoz\u00f3 el\u0151\u00edr\u00e1sok\u201d &gt;&gt;<\/a><\/li>\n<li><a href=\"https:\/\/bukkleader.hu\/old\/wp-content\/uploads\/2015\/09\/2012_10_25_eu_kohezios_dr_nagy.ppt\" target=\"_blank\">\u201eAz EU koh\u00e9zi\u00f3s politik\u00e1ja 2014-2020 \u2013 az Eur\u00f3pai Bizotts\u00e1g javaslatai &gt;&gt;<\/a><\/li>\n<\/ol>\n<div class=\"sharedaddy sd-sharing-enabled\"><div class=\"robots-nocontent sd-block sd-social sd-social-icon sd-sharing\"><h3 class=\"sd-title\">Share this:<\/h3><div class=\"sd-content\"><ul><li class=\"share-facebook\"><a rel=\"nofollow noopener noreferrer\" data-shared=\"sharing-facebook-266\" class=\"share-facebook sd-button share-icon no-text\" href=\"https:\/\/bukkleader.hu\/old\/2012-oktober-25-i-hacs-eloadasok-bemutatoi\/?share=facebook\" target=\"_blank\" title=\"Click to share on Facebook\"><span><\/span><span class=\"sharing-screen-reader-text\">Click to share on Facebook (Opens in new window)<\/span><\/a><\/li><li class=\"share-twitter\"><a rel=\"nofollow noopener noreferrer\" data-shared=\"sharing-twitter-266\" class=\"share-twitter sd-button share-icon no-text\" href=\"https:\/\/bukkleader.hu\/old\/2012-oktober-25-i-hacs-eloadasok-bemutatoi\/?share=twitter\" target=\"_blank\" title=\"Click to share on Twitter\"><span><\/span><span class=\"sharing-screen-reader-text\">Click to share on Twitter (Opens in new window)<\/span><\/a><\/li><li class=\"share-print\"><a rel=\"nofollow noopener noreferrer\" data-shared=\"\" class=\"share-print sd-button share-icon no-text\" href=\"https:\/\/bukkleader.hu\/old\/2012-oktober-25-i-hacs-eloadasok-bemutatoi\/\" target=\"_blank\" title=\"Click to print\"><span><\/span><span class=\"sharing-screen-reader-text\">Click to print (Opens in new window)<\/span><\/a><\/li><li class=\"share-email\"><a rel=\"nofollow noopener noreferrer\" data-shared=\"\" class=\"share-email sd-button share-icon no-text\" href=\"https:\/\/bukkleader.hu\/old\/2012-oktober-25-i-hacs-eloadasok-bemutatoi\/?share=email\" target=\"_blank\" title=\"Click to email this to a friend\"><span><\/span><span class=\"sharing-screen-reader-text\">Click to email this to a friend (Opens in new window)<\/span><\/a><\/li><li class=\"share-end\"><\/li><\/ul><\/div><\/div><\/div>","protected":false},"excerpt":{"rendered":"<p>Let\u00f6lthet\u0151k az okt\u00f3ber 25-i HACS szakmai f\u00f3rumon elhangzott el\u0151ad\u00e1sok bemutat\u00f3i<\/p>\n<div class=\"sharedaddy sd-sharing-enabled\"><div class=\"robots-nocontent sd-block sd-social sd-social-icon sd-sharing\"><h3 class=\"sd-title\">Share this:<\/h3><div class=\"sd-content\"><ul><li class=\"share-facebook\"><a rel=\"nofollow noopener noreferrer\" data-shared=\"sharing-facebook-266\" class=\"share-facebook sd-button share-icon no-text\" href=\"https:\/\/bukkleader.hu\/old\/2012-oktober-25-i-hacs-eloadasok-bemutatoi\/?share=facebook\" target=\"_blank\" title=\"Click to share on Facebook\"><span><\/span><span class=\"sharing-screen-reader-text\">Click to share on Facebook (Opens in new window)<\/span><\/a><\/li><li class=\"share-twitter\"><a rel=\"nofollow noopener noreferrer\" data-shared=\"sharing-twitter-266\" class=\"share-twitter sd-button share-icon no-text\" href=\"https:\/\/bukkleader.hu\/old\/2012-oktober-25-i-hacs-eloadasok-bemutatoi\/?share=twitter\" target=\"_blank\" title=\"Click to share on Twitter\"><span><\/span><span class=\"sharing-screen-reader-text\">Click to share on Twitter (Opens in new window)<\/span><\/a><\/li><li class=\"share-print\"><a rel=\"nofollow noopener noreferrer\" data-shared=\"\" class=\"share-print sd-button share-icon no-text\" href=\"https:\/\/bukkleader.hu\/old\/2012-oktober-25-i-hacs-eloadasok-bemutatoi\/\" target=\"_blank\" title=\"Click to print\"><span><\/span><span class=\"sharing-screen-reader-text\">Click to print (Opens in new window)<\/span><\/a><\/li><li class=\"share-email\"><a rel=\"nofollow noopener noreferrer\" data-shared=\"\" class=\"share-email sd-button share-icon no-text\" href=\"https:\/\/bukkleader.hu\/old\/2012-oktober-25-i-hacs-eloadasok-bemutatoi\/?share=email\" target=\"_blank\" title=\"Click to email this to a friend\"><span><\/span><span class=\"sharing-screen-reader-text\">Click to email this to a friend (Opens in new window)<\/span><\/a><\/li><li class=\"share-end\"><\/li><\/ul><\/div><\/div><\/div>","protected":false},"author":1,"featured_media":267,"comment_status":"open","ping_status":"closed","sticky":false,"template":"","format":"standard","meta":{"_bbp_topic_count":0,"_bbp_reply_count":0,"_bbp_total_topic_count":0,"_bbp_total_reply_count":0,"_bbp_voice_count":0,"_bbp_anonymous_reply_count":0,"_bbp_topic_count_hidden":0,"_bbp_reply_count_hidden":0,"_bbp_forum_subforum_count":0,"spay_email":"","jetpack_publicize_message":"","jetpack_is_tweetstorm":false,"jetpack_publicize_feature_enabled":true},"categories":[1],"tags":[],"jetpack_featured_media_url":"https:\/\/bukkleader.hu\/old\/wp-content\/uploads\/2015\/09\/eu-kohezio-w.jpg","jetpack_publicize_connections":[],"jetpack_sharing_enabled":true,"jetpack-related-posts":[{"id":104,"url":"https:\/\/bukkleader.hu\/old\/2012-oktober-01-2012-december-31-idoszak\/","url_meta":{"origin":266,"position":0},"title":"2012. okt\u00f3ber 01. \u2013 2012. december 31. id\u0151szak","date":"2013-01-02","format":false,"excerpt":"A B\u00fckk-T\u00e9rs\u00e9gi LEADER Egyes\u00fclet munkaszervezet\u00e9nek legfontosabb feladatai a 2012.10.01. \u2013 12.31. id\u0151szakban az EMVA III. falumeg\u00faj\u00edt\u00e1s \u00e9s \u2013fejleszt\u00e9s p\u00e1ly\u00e1zati id\u0151szak el\u0151k\u00e9sz\u00edt\u00e9se, a szakmai kapcsolat\u00e9p\u00edt\u00e9s \u00e9s az 2014-2020 id\u0151szak EU-s tervez\u00e9s\u00e9vel kapcsolatos egyeztet\u00e9seken val\u00f3 r\u00e9szv\u00e9tel voltak.A vid\u00e9kfejleszt\u00e9si k\u00f6z\u00f6ss\u00e9g min\u00e9l sz\u00e9lesebb k\u00f6r\u0171 t\u00e1j\u00e9koztat\u00e1sa \u00e9rdek\u00e9ben a t\u00e1mogat\u00e1si id\u0151szakban \u00f6sszesen 9 szakmai f\u00f3rumot tartottunk,\u2026","rel":"","context":"In &quot;Munkabesz\u00e1mol\u00f3k&quot;","img":{"alt_text":"","src":"","width":0,"height":0},"classes":[]},{"id":299,"url":"https:\/\/bukkleader.hu\/old\/letolthetok-a-hacs-2013-januar-24-i-kozgyulesen-elhangzott-eloadasok-bemutatoi\/","url_meta":{"origin":266,"position":1},"title":"Let\u00f6lthet\u0151k a HACS 2013. janu\u00e1r 24-i k\u00f6zgy\u0171l\u00e9s\u00e9n elhangzott el\u0151ad\u00e1sok bemutat\u00f3i","date":"2013-01-30","format":false,"excerpt":"Az al\u00e1bbiakban linkeken let\u00f6lthet\u0151k a B\u00fckk-T\u00e9rs\u00e9gi LEADER Egyes\u00fclet 2013. janu\u00e1r 24-i k\u00f6zgy\u0171l\u00e9s\u00e9n\u00a0(megh\u00edv\u00f3, napirendi pontok >>) elhangzott el\u0151ad\u00e1sok bemutat\u00f3i:A B\u00fckk-T\u00e9rs\u00e9gi LEADER Egyes\u00fclet 2012. \u00e1prilis 26. \u2013 2012. december 31. k\u00f6z\u00f6tt el\u00e9rt eredm\u00e9nyei (T\u00f3th J. S\u00e1ndor szakmai aleln\u00f6k) -Let\u00f6lt\u00e9s >>T\u00e1j\u00e9koztat\u00f3 az EMVA III-IV. p\u00e1ly\u00e1zatok megval\u00f3s\u00edt\u00e1s\u00e1ra vonatkoz\u00f3 el\u0151\u00edr\u00e1sokr\u00f3l (Hajdu Istv\u00e1n munkaszervezet vezet\u0151) -\u2026","rel":"","context":"In &quot;H\u00edreink, k\u00f6zlem\u00e9nyeink&quot;","img":{"alt_text":"bukk-leader-logo-w","src":"https:\/\/i2.wp.com\/bukkleader.hu\/old\/wp-content\/uploads\/2015\/09\/bukk-leader-logo-w.jpg?resize=350%2C200&ssl=1","width":350,"height":200},"classes":[]},{"id":102,"url":"https:\/\/bukkleader.hu\/old\/2012-julius-01-2012-szeptember-30-idoszak\/","url_meta":{"origin":266,"position":2},"title":"2012. j\u00falius 01. \u2013 2012. szeptember 30. id\u0151szak","date":"2012-10-01","format":false,"excerpt":"A B\u00fckk-T\u00e9rs\u00e9gi LEADER Egyes\u00fclet legfontosabb feladatai a 2012.07.01. \u2013 09.30. id\u0151szakban az EMVA III. falumeg\u00faj\u00edt\u00e1s \u00e9s \u2013fejleszt\u00e9s jogc\u00edm el\u0151k\u00e9sz\u00edt\u00e9se, a szakmai kapcsolat\u00e9p\u00edt\u00e9s \u00e9s az 2014-2020 id\u0151szak EU-s tervez\u00e9s\u00e9be val\u00f3 bekapcsol\u00f3d\u00e1s voltak. Munk\u00e1nkr\u00f3l 1 t\u00e9rs\u00e9gi \u00fajs\u00e1gban, 2 szakmai kiadv\u00e1nyban \u00e9s 3 weboldalon jelent meg tud\u00f3s\u00edt\u00e1s.A t\u00e1mogat\u00e1si id\u0151szakban t\u00e1rgyal\u00e1sokat folytattunk a Nemzeti\u2026","rel":"","context":"In &quot;Munkabesz\u00e1mol\u00f3k&quot;","img":{"alt_text":"","src":"","width":0,"height":0},"classes":[]},{"id":259,"url":"https:\/\/bukkleader.hu\/old\/2012-oktober-15-en-nyilik-az-emva-iii\/","url_meta":{"origin":266,"position":3},"title":"2012. okt\u00f3ber 15-\u00e9n ny\u00edlik az EMVA III","date":"2012-10-03","format":false,"excerpt":"2012. okt\u00f3ber 15-\u00e9n ny\u00edlik az EMVA III. falumeg\u00faj\u00edt\u00e1s \u00e9s \u2013fejleszt\u00e9s t\u00e1mogat\u00e1si id\u0151szakaMegjelent a 102\/2012. (X. 01.) VM rendelet az Eur\u00f3pai Mez\u0151gazdas\u00e1gi Vid\u00e9kfejleszt\u00e9si Alapb\u00f3l a falumeg\u00faj\u00edt\u00e1sra \u00e9s -fejleszt\u00e9sreLEADER Helyi Akci\u00f3csoportok k\u00f6zrem\u0171k\u00f6d\u00e9s\u00e9vel 2012-t\u0151l ig\u00e9nybe vehet\u0151 t\u00e1mogat\u00e1sok r\u00e9szletes felt\u00e9teleir\u0151l. A rendelet szerint \u201ea t\u00e1mogat\u00e1si k\u00e9relmet postai \u00faton 2012-ben okt\u00f3ber 15. \u00e9s november 15.\u2026","rel":"","context":"In &quot;H\u00edreink, k\u00f6zlem\u00e9nyeink&quot;","img":{"alt_text":"felki\u00e1llt\u00f3 jel","src":"https:\/\/i0.wp.com\/bukkleader.hu\/old\/wp-content\/uploads\/2012\/06\/felkialto-jel384w.jpg?resize=350%2C200&ssl=1","width":350,"height":200},"classes":[]},{"id":285,"url":"https:\/\/bukkleader.hu\/old\/beerkeztek-az-emva-iii-falumegujitas-es-fejlesztes-palyazatok\/","url_meta":{"origin":266,"position":4},"title":"Be\u00e9rkeztek az EMVA III. Falumeg\u00faj\u00edt\u00e1s \u00e9s \u2013fejleszt\u00e9s p\u00e1ly\u00e1zatok","date":"2012-12-12","format":false,"excerpt":"2012. november 30-i hat\u00e1rid\u0151ig a B\u00fckk-T\u00e9rs\u00e9gi LEADER Egyes\u00fclethez \u00f6sszesen 27 db EMVA III. falumeg\u00faj\u00edt\u00e1s \u00e9s -fejleszt\u00e9si p\u00e1ly\u00e1zat \u00e9rkezett be, mintegy 260 milli\u00f3 Ft-os t\u00e1mogat\u00e1si ig\u00e9nnyel. A p\u00e1ly\u00e1zatok \u00fcgyint\u00e9z\u00e9s\u00e9t a HACS munkat\u00e1rsai megkezdt\u00e9k. A jogc\u00edmben a HACS rendelkez\u00e9s\u00e9re \u00e1ll\u00f3 keret 134 milli\u00f3 Ft, teh\u00e1t - amennyiben tov\u00e1bbi forr\u00e1sok nem szabadulnak fel\u2026","rel":"","context":"In &quot;Eredm\u00e9nyeink&quot;","img":{"alt_text":"boritek-w","src":"https:\/\/i2.wp.com\/bukkleader.hu\/old\/wp-content\/uploads\/2015\/09\/boritek-w.jpg?resize=350%2C200&ssl=1","width":350,"height":200},"classes":[]},{"id":273,"url":"https:\/\/bukkleader.hu\/old\/2012-masodik-felevi-palyazati-lehetosegek\/","url_meta":{"origin":266,"position":5},"title":"2012. m\u00e1sodik f\u00e9l\u00e9vi p\u00e1ly\u00e1zati lehet\u0151s\u00e9gek","date":"2012-11-30","format":false,"excerpt":"2012. m\u00e1sodik f\u00e9l\u00e9v\u00e9ben a Dar\u00e1nyi Ign\u00e1c Terv \u2013 \u00daj Magyarorsz\u00e1g Vid\u00e9kfejleszt\u00e9si Program keret\u00e9ben \u00fajabb EMVA III. \u00e9s LEADER vid\u00e9kfejleszt\u00e9si t\u00e1mogat\u00e1sok elnyer\u00e9s\u00e9re ny\u00edlnak lehet\u0151s\u00e9gek. A B\u00fckk-T\u00e9rs\u00e9gi LEADER Egyes\u00fclet ter\u00fclet\u00e9r\u0151l a 2012. okt\u00f3ber 15. \u2013 november 30. id\u0151szakban EMVA III. falumeg\u00faj\u00edt\u00e1s \u00e9s \u2013fejleszt\u00e9sre, valamint \u00e9v v\u00e9g\u00e9n \u2013 2013. elej\u00e9n a Helyi Vid\u00e9kfejleszt\u00e9si\u2026","rel":"","context":"In &quot;H\u00edreink, k\u00f6zlem\u00e9nyeink&quot;","img":{"alt_text":"384-1-daranyi-ignac-terv","src":"https:\/\/i1.wp.com\/bukkleader.hu\/old\/wp-content\/uploads\/2015\/09\/384-1-daranyi-ignac-terv.jpg?resize=350%2C200&ssl=1","width":350,"height":200},"classes":[]}],"_links":{"self":[{"href":"https:\/\/bukkleader.hu\/old\/wp-json\/wp\/v2\/posts\/266"}],"collection":[{"href":"https:\/\/bukkleader.hu\/old\/wp-json\/wp\/v2\/posts"}],"about":[{"href":"https:\/\/bukkleader.hu\/old\/wp-json\/wp\/v2\/types\/post"}],"author":[{"embeddable":true,"href":"https:\/\/bukkleader.hu\/old\/wp-json\/wp\/v2\/users\/1"}],"replies":[{"embeddable":true,"href":"https:\/\/bukkleader.hu\/old\/wp-json\/wp\/v2\/comments?post=266"}],"version-history":[{"count":1,"href":"https:\/\/bukkleader.hu\/old\/wp-json\/wp\/v2\/posts\/266\/revisions"}],"predecessor-version":[{"id":268,"href":"https:\/\/bukkleader.hu\/old\/wp-json\/wp\/v2\/posts\/266\/revisions\/268"}],"wp:featuredmedia":[{"embeddable":true,"href":"https:\/\/bukkleader.hu\/old\/wp-json\/wp\/v2\/media\/267"}],"wp:attachment":[{"href":"https:\/\/bukkleader.hu\/old\/wp-json\/wp\/v2\/media?parent=266"}],"wp:term":[{"taxonomy":"category","embeddable":true,"href":"https:\/\/bukkleader.hu\/old\/wp-json\/wp\/v2\/categories?post=266"},{"taxonomy":"post_tag","embeddable":true,"href":"https:\/\/bukkleader.hu\/old\/wp-json\/wp\/v2\/tags?post=266"}],"curies":[{"name":"wp","href":"https:\/\/api.w.org\/{rel}","templated":true}]}}