{"id":2656,"date":"2020-06-10T08:23:08","date_gmt":"2020-06-10T06:23:08","guid":{"rendered":"https:\/\/bukkleader.hu\/old\/?p=2656"},"modified":"2020-06-29T08:30:26","modified_gmt":"2020-06-29T06:30:26","slug":"hagyomany-termeszetkozelseg-es-turizmus-malyinkaban-rendezveny-leader-tamogatassal","status":"publish","type":"post","link":"https:\/\/bukkleader.hu\/old\/hagyomany-termeszetkozelseg-es-turizmus-malyinkaban-rendezveny-leader-tamogatassal\/","title":{"rendered":"&#8220;Hagyom\u00e1ny, Term\u00e9szetk\u00f6zels\u00e9g \u00e9s Turizmus M\u00e1lyink\u00e1ban&#8221; rendezv\u00e9ny LEADER t\u00e1mogat\u00e1ssal"},"content":{"rendered":"<p><strong>A K\u00e9k-Kreat\u00fara Nonprofit Kft (M\u00e1lyinka)<\/strong>\u00a0tisztelettel megh\u00edvja \u00d6n\u00f6ket\u00a0<strong>2020. j\u00falius 11-12-\u00e9n (szombat-vas\u00e1rnap)<\/strong>\u00a0tartand\u00f3, LEADER t\u00e1mogat\u00e1ssal megval\u00f3sul\u00f3<strong>\u00a0&#8220;Hagyom\u00e1ny, Term\u00e9szetk\u00f6zels\u00e9g \u00e9s Turizmus M\u00e1lyink\u00e1ban&#8221; c\u00edm\u0171 rendezv\u00e9ny\u00e9re. <\/strong>R\u00e9szletes program:<\/p>\n<p><img data-attachment-id=\"2657\" data-permalink=\"https:\/\/bukkleader.hu\/old\/hagyomany-termeszetkozelseg-es-turizmus-malyinkaban-rendezveny-leader-tamogatassal\/meghivo-malyinka-kek-kreatura-kft-2020-07-11-12\/\" data-orig-file=\"https:\/\/bukkleader.hu\/old\/wp-content\/uploads\/2020\/06\/MEGH\u00cdV\u00d3-M\u00e1lyinka-K\u00e9k-Kreat\u00fara-Kft-2020.07.11-12.jpg\" data-orig-size=\"1240,1755\" data-comments-opened=\"1\" data-image-meta=\"{&quot;aperture&quot;:&quot;0&quot;,&quot;credit&quot;:&quot;&quot;,&quot;camera&quot;:&quot;&quot;,&quot;caption&quot;:&quot;&quot;,&quot;created_timestamp&quot;:&quot;0&quot;,&quot;copyright&quot;:&quot;&quot;,&quot;focal_length&quot;:&quot;0&quot;,&quot;iso&quot;:&quot;0&quot;,&quot;shutter_speed&quot;:&quot;0&quot;,&quot;title&quot;:&quot;&quot;,&quot;orientation&quot;:&quot;0&quot;}\" data-image-title=\"MEGH\u00cdV\u00d3 M\u00e1lyinka K\u00e9k-Kreat\u00fara Kft 2020.07.11-12\" data-image-description=\"\" data-image-caption=\"\" data-medium-file=\"https:\/\/bukkleader.hu\/old\/wp-content\/uploads\/2020\/06\/MEGH\u00cdV\u00d3-M\u00e1lyinka-K\u00e9k-Kreat\u00fara-Kft-2020.07.11-12-212x300.jpg\" data-large-file=\"https:\/\/bukkleader.hu\/old\/wp-content\/uploads\/2020\/06\/MEGH\u00cdV\u00d3-M\u00e1lyinka-K\u00e9k-Kreat\u00fara-Kft-2020.07.11-12-724x1024.jpg\" loading=\"lazy\" class=\"aligncenter size-full wp-image-2657\" src=\"https:\/\/bukkleader.hu\/old\/wp-content\/uploads\/2020\/06\/MEGH\u00cdV\u00d3-M\u00e1lyinka-K\u00e9k-Kreat\u00fara-Kft-2020.07.11-12.jpg\" alt=\"\" width=\"1240\" height=\"1755\" srcset=\"https:\/\/bukkleader.hu\/old\/wp-content\/uploads\/2020\/06\/MEGH\u00cdV\u00d3-M\u00e1lyinka-K\u00e9k-Kreat\u00fara-Kft-2020.07.11-12.jpg 1240w, https:\/\/bukkleader.hu\/old\/wp-content\/uploads\/2020\/06\/MEGH\u00cdV\u00d3-M\u00e1lyinka-K\u00e9k-Kreat\u00fara-Kft-2020.07.11-12-212x300.jpg 212w, https:\/\/bukkleader.hu\/old\/wp-content\/uploads\/2020\/06\/MEGH\u00cdV\u00d3-M\u00e1lyinka-K\u00e9k-Kreat\u00fara-Kft-2020.07.11-12-768x1087.jpg 768w, https:\/\/bukkleader.hu\/old\/wp-content\/uploads\/2020\/06\/MEGH\u00cdV\u00d3-M\u00e1lyinka-K\u00e9k-Kreat\u00fara-Kft-2020.07.11-12-724x1024.jpg 724w\" sizes=\"(max-width: 1240px) 100vw, 1240px\" \/><\/p>\n<div class=\"sharedaddy sd-sharing-enabled\"><div class=\"robots-nocontent sd-block sd-social sd-social-icon sd-sharing\"><h3 class=\"sd-title\">Share this:<\/h3><div class=\"sd-content\"><ul><li class=\"share-facebook\"><a rel=\"nofollow noopener noreferrer\" data-shared=\"sharing-facebook-2656\" class=\"share-facebook sd-button share-icon no-text\" href=\"https:\/\/bukkleader.hu\/old\/hagyomany-termeszetkozelseg-es-turizmus-malyinkaban-rendezveny-leader-tamogatassal\/?share=facebook\" target=\"_blank\" title=\"Click to share on Facebook\"><span><\/span><span class=\"sharing-screen-reader-text\">Click to share on Facebook (Opens in new window)<\/span><\/a><\/li><li class=\"share-twitter\"><a rel=\"nofollow noopener noreferrer\" data-shared=\"sharing-twitter-2656\" class=\"share-twitter sd-button share-icon no-text\" href=\"https:\/\/bukkleader.hu\/old\/hagyomany-termeszetkozelseg-es-turizmus-malyinkaban-rendezveny-leader-tamogatassal\/?share=twitter\" target=\"_blank\" title=\"Click to share on Twitter\"><span><\/span><span class=\"sharing-screen-reader-text\">Click to share on Twitter (Opens in new window)<\/span><\/a><\/li><li class=\"share-print\"><a rel=\"nofollow noopener noreferrer\" data-shared=\"\" class=\"share-print sd-button share-icon no-text\" href=\"https:\/\/bukkleader.hu\/old\/hagyomany-termeszetkozelseg-es-turizmus-malyinkaban-rendezveny-leader-tamogatassal\/\" target=\"_blank\" title=\"Click to print\"><span><\/span><span class=\"sharing-screen-reader-text\">Click to print (Opens in new window)<\/span><\/a><\/li><li class=\"share-email\"><a rel=\"nofollow noopener noreferrer\" data-shared=\"\" class=\"share-email sd-button share-icon no-text\" href=\"https:\/\/bukkleader.hu\/old\/hagyomany-termeszetkozelseg-es-turizmus-malyinkaban-rendezveny-leader-tamogatassal\/?share=email\" target=\"_blank\" title=\"Click to email this to a friend\"><span><\/span><span class=\"sharing-screen-reader-text\">Click to email this to a friend (Opens in new window)<\/span><\/a><\/li><li class=\"share-end\"><\/li><\/ul><\/div><\/div><\/div>","protected":false},"excerpt":{"rendered":"<p>A K\u00e9k-Kreat\u00fara Nonprofit Kft (M\u00e1lyinka)\u00a0tisztelettel megh\u00edvja \u00d6n\u00f6ket\u00a02020. j\u00falius 11-12-\u00e9n (szombat-vas\u00e1rnap)\u00a0tartand\u00f3, LEADER t\u00e1mogat\u00e1ssal megval\u00f3sul\u00f3\u00a0&#8220;Hagyom\u00e1ny, Term\u00e9szetk\u00f6zels\u00e9g \u00e9s Turizmus M\u00e1lyink\u00e1ban&#8221; c\u00edm\u0171 rendezv\u00e9ny\u00e9re. R\u00e9szletes program:<\/p>\n<div class=\"sharedaddy sd-sharing-enabled\"><div class=\"robots-nocontent sd-block sd-social sd-social-icon sd-sharing\"><h3 class=\"sd-title\">Share this:<\/h3><div class=\"sd-content\"><ul><li class=\"share-facebook\"><a rel=\"nofollow noopener noreferrer\" data-shared=\"sharing-facebook-2656\" class=\"share-facebook sd-button share-icon no-text\" href=\"https:\/\/bukkleader.hu\/old\/hagyomany-termeszetkozelseg-es-turizmus-malyinkaban-rendezveny-leader-tamogatassal\/?share=facebook\" target=\"_blank\" title=\"Click to share on Facebook\"><span><\/span><span class=\"sharing-screen-reader-text\">Click to share on Facebook (Opens in new window)<\/span><\/a><\/li><li class=\"share-twitter\"><a rel=\"nofollow noopener noreferrer\" data-shared=\"sharing-twitter-2656\" class=\"share-twitter sd-button share-icon no-text\" href=\"https:\/\/bukkleader.hu\/old\/hagyomany-termeszetkozelseg-es-turizmus-malyinkaban-rendezveny-leader-tamogatassal\/?share=twitter\" target=\"_blank\" title=\"Click to share on Twitter\"><span><\/span><span class=\"sharing-screen-reader-text\">Click to share on Twitter (Opens in new window)<\/span><\/a><\/li><li class=\"share-print\"><a rel=\"nofollow noopener noreferrer\" data-shared=\"\" class=\"share-print sd-button share-icon no-text\" href=\"https:\/\/bukkleader.hu\/old\/hagyomany-termeszetkozelseg-es-turizmus-malyinkaban-rendezveny-leader-tamogatassal\/\" target=\"_blank\" title=\"Click to print\"><span><\/span><span class=\"sharing-screen-reader-text\">Click to print (Opens in new window)<\/span><\/a><\/li><li class=\"share-email\"><a rel=\"nofollow noopener noreferrer\" data-shared=\"\" class=\"share-email sd-button share-icon no-text\" href=\"https:\/\/bukkleader.hu\/old\/hagyomany-termeszetkozelseg-es-turizmus-malyinkaban-rendezveny-leader-tamogatassal\/?share=email\" target=\"_blank\" title=\"Click to email this to a friend\"><span><\/span><span class=\"sharing-screen-reader-text\">Click to email this to a friend (Opens in new window)<\/span><\/a><\/li><li class=\"share-end\"><\/li><\/ul><\/div><\/div><\/div>","protected":false},"author":4,"featured_media":1243,"comment_status":"open","ping_status":"closed","sticky":false,"template":"","format":"standard","meta":{"_bbp_topic_count":0,"_bbp_reply_count":0,"_bbp_total_topic_count":0,"_bbp_total_reply_count":0,"_bbp_voice_count":0,"_bbp_anonymous_reply_count":0,"_bbp_topic_count_hidden":0,"_bbp_reply_count_hidden":0,"_bbp_forum_subforum_count":0,"spay_email":"","jetpack_publicize_message":"","jetpack_is_tweetstorm":false,"jetpack_publicize_feature_enabled":true},"categories":[1,31,29],"tags":[],"jetpack_featured_media_url":"https:\/\/bukkleader.hu\/old\/wp-content\/uploads\/2016\/11\/m\u00e1lyinka.jpg","jetpack_publicize_connections":[],"jetpack_sharing_enabled":true,"jetpack-related-posts":[{"id":5977,"url":"https:\/\/bukkleader.hu\/old\/nem-motorizalt-turizmus-fejlesztese-a-bukk-miskolc-tersegi-leader-egyesulet-teruleten-rendezveny-bukkabranyban-leader-tamogatassal-2021-07-24\/","url_meta":{"origin":2656,"position":0},"title":"\u201cNem motoriz\u00e1lt turizmus fejleszt\u00e9se a B\u00fckk-Miskolc T\u00e9rs\u00e9gi LEADER Egyes\u00fclet ter\u00fclet\u00e9n\u201d rendezv\u00e9ny B\u00fckk\u00e1br\u00e1nyban LEADER t\u00e1mogat\u00e1ssal \u2013 2021.07.24.","date":"2021-06-24","format":false,"excerpt":"A B\u00fckki Lovas Postakocsi Egyes\u00fclet tisztelettel megh\u00edvja \u00d6n\u00f6ket\u00a02021. j\u00falius 24-\u00e9n\u00a0(szombat) B\u00fckk\u00e1br\u00e1nyban tartand\u00f3, LEADER t\u00e1mogat\u00e1ssal megval\u00f3sul\u00f3\u00a0\u201cNem motoriz\u00e1lt turizmus fejleszt\u00e9se a B\u00fckk-Miskolc T\u00e9rs\u00e9gi LEADER Egyes\u00fclet ter\u00fclet\u00e9n\u201d\u00a0c\u00edm\u0171 rendezv\u00e9ny\u00e9re. A r\u00e9szletes program (a megh\u00edv\u00f3 \u00e9s a program PDF-ben let\u00f6lthet\u0151 itt):","rel":"","context":"In &quot;H\u00edreink, k\u00f6zlem\u00e9nyeink&quot;","img":{"alt_text":"","src":"https:\/\/i2.wp.com\/bukkleader.hu\/old\/wp-content\/uploads\/2020\/10\/l\u00f3.jpg?resize=350%2C200&ssl=1","width":350,"height":200},"classes":[]},{"id":1241,"url":"https:\/\/bukkleader.hu\/old\/szakmai-forum-malyinka\/","url_meta":{"origin":2656,"position":1},"title":"Szakmai F\u00f3rum &#8211; M\u00e1lyinka","date":"2016-11-25","format":false,"excerpt":"A B\u00fckk-T\u00e9rs\u00e9gi LEADER Egyes\u00fclet a LEADER \u00e9s egy\u00e9b vid\u00e9kfejleszt\u00e9si t\u00e1mogat\u00e1si t\u00e9m\u00e1kban szakmai t\u00e1j\u00e9koztat\u00f3 f\u00f3rumot tart 2016. november 28-\u00e1n (h\u00e9tf\u0151n), melyre szeretettel megh\u00edvjuk M\u00e1lyinka k\u00f6zs\u00e9g lakosait, civil szervezeteit, egyh\u00e1zk\u00f6zs\u00e9geit, v\u00e1llalkoz\u00f3it az al\u00e1bbi megh\u00edv\u00f3 szerint:MEGH\u00cdV\u00d3 >>","rel":"","context":"In &quot;H\u00edreink, k\u00f6zlem\u00e9nyeink&quot;","img":{"alt_text":"","src":"https:\/\/i2.wp.com\/bukkleader.hu\/old\/wp-content\/uploads\/2016\/11\/m\u00e1lyinka.jpg?resize=350%2C200&ssl=1","width":350,"height":200},"classes":[]},{"id":8328,"url":"https:\/\/bukkleader.hu\/old\/nem-motorizalt-turizmus-fejlesztese-a-bukk-miskolc-tersegi-leader-egyesulet-teruleten-rendezveny-2021-08-28-kisgyor\/","url_meta":{"origin":2656,"position":2},"title":"\u201cNem motoriz\u00e1lt turizmus fejleszt\u00e9se a B\u00fckk-Miskolc T\u00e9rs\u00e9gi LEADER Egyes\u00fclet ter\u00fclet\u00e9n\u201d rendezv\u00e9ny \u2013 2021.08.28. Kisgy\u0151r","date":"2021-07-28","format":false,"excerpt":"A\u00a0B\u00fckki Lovas Postakocsi Egyes\u00fclet\u00a0tisztelettel megh\u00edvja \u00d6n\u00f6ket\u00a02021. 08. 28-\u00e1n Kisgy\u0151rben\u00a0tartand\u00f3, LEADER t\u00e1mogat\u00e1ssal megval\u00f3sul\u00f3\u00a0\u201cNem motoriz\u00e1lt turizmus fejleszt\u00e9se a B\u00fckk-Miskolc T\u00e9rs\u00e9gi LEADER Egyes\u00fclet ter\u00fclet\u00e9n\u201d\u00a0c\u00edm\u0171 rendezv\u00e9ny\u00e9re. A r\u00e9szletes program (a megh\u00edv\u00f3 \u00e9s a program PDF-ben let\u00f6lthet\u0151 itt):","rel":"","context":"In &quot;H\u00edreink, k\u00f6zlem\u00e9nyeink&quot;","img":{"alt_text":"","src":"https:\/\/i2.wp.com\/bukkleader.hu\/old\/wp-content\/uploads\/2020\/10\/l\u00f3.jpg?resize=350%2C200&ssl=1","width":350,"height":200},"classes":[]},{"id":5765,"url":"https:\/\/bukkleader.hu\/old\/sajo-hernad-volgyi-bolgarkerteszeti-hagyomanyok-apolasanak-fejlesztese-leader-tamogatassal-megvalosult-projekt-zaro-rendezvenye-2021-03-26\/","url_meta":{"origin":2656,"position":3},"title":"\u201cSaj\u00f3-Hern\u00e1d V\u00f6lgyi bolg\u00e1rkert\u00e9szeti hagyom\u00e1nyok \u00e1pol\u00e1s\u00e1nak fejleszt\u00e9se\u201d LEADER t\u00e1mogat\u00e1ssal megval\u00f3sult projekt z\u00e1r\u00f3 rendezv\u00e9nye \u2013 2021.03.26.","date":"2021-02-19","format":false,"excerpt":"Saj\u00f3kereszt\u00far K\u00f6zs\u00e9g \u00d6nkorm\u00e1nyzata tisztelettel megh\u00edvja \u00d6n\u00f6ket \u201eSaj\u00f3-Hern\u00e1d V\u00f6lgyi bolg\u00e1rkert\u00e9szeti hagyom\u00e1nyok \u00e1pol\u00e1s\u00e1nak fejleszt\u00e9se VP6-19.2.1-15-7-17\u201d c\u00edm\u0171 p\u00e1ly\u00e1zata z\u00e1r\u00f3 rendezv\u00e9ny\u00e9re, amelyre 2021. m\u00e1rcius 26-\u00e1n (p\u00e9ntek) ker\u00fcl sor Saj\u00f3kereszt\u00farban az al\u00e1bbiak szerint: \u00a0","rel":"","context":"In &quot;Bolg\u00e1rkert\u00e9szeti hagyom\u00e1nyok rendezv\u00e9nyei&quot;","img":{"alt_text":"","src":"https:\/\/i0.wp.com\/bukkleader.hu\/old\/wp-content\/uploads\/2016\/12\/fiatal-mez\u0151gazda.jpg?resize=350%2C200&ssl=1","width":350,"height":200},"classes":[]},{"id":3973,"url":"https:\/\/bukkleader.hu\/old\/sajo-hernad-volgyi-bolgarkerteszeti-hagyomanyok-apolasanak-fejlesztese-leader-tamogatassal-megvalosult-projekt-zaro-rendezvenye-2020-11-27\/","url_meta":{"origin":2656,"position":4},"title":"&#8220;Saj\u00f3-Hern\u00e1d V\u00f6lgyi bolg\u00e1rkert\u00e9szeti hagyom\u00e1nyok \u00e1pol\u00e1s\u00e1nak fejleszt\u00e9se&#8221; LEADER t\u00e1mogat\u00e1ssal megval\u00f3sult projekt z\u00e1r\u00f3 rendezv\u00e9nye \u2013 2020.11.27. (ELMARAD)","date":"2020-10-27","format":false,"excerpt":"Figyelem! A 2020. november 11-\u00e9n \u00e9letbe l\u00e9p\u0151, a Covid-19 j\u00e1rv\u00e1nnyal kapcsolatos int\u00e9zked\u00e9sek miatt az al\u00e1bbi program elmarad. K\u00e9rem, hogy tov\u00e1bbi inform\u00e1ci\u00f3\u00e9rt\u00a0 a programmal kapcsolatban k\u00eds\u00e9rj\u00e9k figyelemmel honlapunkat! *** Saj\u00f3kereszt\u00far K\u00f6zs\u00e9g \u00d6nkorm\u00e1nyzata tisztelettel megh\u00edvja \u00d6n\u00f6ket \u201eSaj\u00f3-Hern\u00e1d V\u00f6lgyi bolg\u00e1rkert\u00e9szeti hagyom\u00e1nyok \u00e1pol\u00e1s\u00e1nak fejleszt\u00e9se VP6-19.2.1-15-7-17\u201d c\u00edm\u0171 p\u00e1ly\u00e1zata z\u00e1r\u00f3 rendezv\u00e9ny\u00e9re, amelyre 2020. november 27-\u00e9n (p\u00e9ntek)\u2026","rel":"","context":"In &quot;Bolg\u00e1rkert\u00e9szeti hagyom\u00e1nyok rendezv\u00e9nyei&quot;","img":{"alt_text":"","src":"https:\/\/i1.wp.com\/bukkleader.hu\/old\/wp-content\/uploads\/2020\/10\/elmarad.jpg?resize=350%2C200&ssl=1","width":350,"height":200},"classes":[]},{"id":2220,"url":"https:\/\/bukkleader.hu\/old\/huszar-hagyomanyok-orzese-a-bukk-tersegben-program-kisgyorben-leader-tamogatassal\/","url_meta":{"origin":2656,"position":5},"title":"&#8220;Husz\u00e1r hagyom\u00e1nyok \u0151rz\u00e9se a B\u00fckk t\u00e9rs\u00e9gben\u201d program Kisgy\u0151rben LEADER t\u00e1mogat\u00e1ssal","date":"2019-08-28","format":false,"excerpt":"A Borsod-Aba\u00faj-Zempl\u00e9n Megyei Husz\u00e1r \u00e9s Lovas Hagyom\u00e1ny\u0151rz\u0151 Egyes\u00fclet tisztelettel megh\u00edvja \u00d6n\u00f6ket 2019. szeptember 27-29-\u00e9n (p\u00e9ntek-vas\u00e1rnap) tartand\u00f3, LEADER t\u00e1mogat\u00e1ssal megval\u00f3sul\u00f3 \"Husz\u00e1r hagyom\u00e1nyok \u0151rz\u00e9se a B\u00fckk t\u00e9rs\u00e9gben\u201d c\u00edm\u0171 programj\u00e1ra. A r\u00e9szletes program innen let\u00f6lthet\u0151.","rel":"","context":"In &quot;H\u00edreink, k\u00f6zlem\u00e9nyeink&quot;","img":{"alt_text":"","src":"https:\/\/i0.wp.com\/bukkleader.hu\/old\/wp-content\/uploads\/2019\/08\/huszarok.jpg?resize=350%2C200&ssl=1","width":350,"height":200},"classes":[]}],"_links":{"self":[{"href":"https:\/\/bukkleader.hu\/old\/wp-json\/wp\/v2\/posts\/2656"}],"collection":[{"href":"https:\/\/bukkleader.hu\/old\/wp-json\/wp\/v2\/posts"}],"about":[{"href":"https:\/\/bukkleader.hu\/old\/wp-json\/wp\/v2\/types\/post"}],"author":[{"embeddable":true,"href":"https:\/\/bukkleader.hu\/old\/wp-json\/wp\/v2\/users\/4"}],"replies":[{"embeddable":true,"href":"https:\/\/bukkleader.hu\/old\/wp-json\/wp\/v2\/comments?post=2656"}],"version-history":[{"count":1,"href":"https:\/\/bukkleader.hu\/old\/wp-json\/wp\/v2\/posts\/2656\/revisions"}],"predecessor-version":[{"id":2658,"href":"https:\/\/bukkleader.hu\/old\/wp-json\/wp\/v2\/posts\/2656\/revisions\/2658"}],"wp:featuredmedia":[{"embeddable":true,"href":"https:\/\/bukkleader.hu\/old\/wp-json\/wp\/v2\/media\/1243"}],"wp:attachment":[{"href":"https:\/\/bukkleader.hu\/old\/wp-json\/wp\/v2\/media?parent=2656"}],"wp:term":[{"taxonomy":"category","embeddable":true,"href":"https:\/\/bukkleader.hu\/old\/wp-json\/wp\/v2\/categories?post=2656"},{"taxonomy":"post_tag","embeddable":true,"href":"https:\/\/bukkleader.hu\/old\/wp-json\/wp\/v2\/tags?post=2656"}],"curies":[{"name":"wp","href":"https:\/\/api.w.org\/{rel}","templated":true}]}}