{"id":2571,"date":"2020-04-24T11:40:03","date_gmt":"2020-04-24T09:40:03","guid":{"rendered":"https:\/\/bukkleader.hu\/old\/?p=2571"},"modified":"2020-04-24T11:43:12","modified_gmt":"2020-04-24T09:43:12","slug":"2571-2","status":"publish","type":"post","link":"https:\/\/bukkleader.hu\/old\/2571-2\/","title":{"rendered":"Ingyenes internetes platformon seg\u00edti az Agr\u00e1rminiszt\u00e9rium a termel\u0151ket az \u00e9rt\u00e9kes\u00edt\u00e9sben"},"content":{"rendered":"<p><strong>Tisztelt Termel\u0151k!<\/strong> <\/p>\n<p>A koronav\u00edrus terjed\u00e9se miatt kialakult helyzet, a korl\u00e1toz\u00f3 illetve megel\u0151z\u0151 int\u00e9zked\u00e9sek miatt, az agr\u00e1rszektor piaci lehet\u0151s\u00e9gei besz\u0171k\u00fcltek, a piacok bez\u00e1r\u00e1sa k\u00f6vetkezt\u00e9ben a termel\u0151k r\u00e9szben vagy eg\u00e9sz\u00e9ben elvesz\u00edtett\u00e9k term\u00e9keik piac\u00e1t.<\/p>\n<p>A fenti negat\u00edv tendenci\u00e1k meg\u00e1ll\u00edt\u00e1sa \u00e9s a piaci kereslet \u00e9s k\u00edn\u00e1lat \u00f6sszekapcsol\u00e1sa \u00e9rdek\u00e9ben az Agr\u00e1rminiszt\u00e9rium, a Magyar Nemzeti Vid\u00e9ki H\u00e1l\u00f3zat bevon\u00e1s\u00e1val egy internetes platform elind\u00edt\u00e1s\u00e1val k\u00edv\u00e1nja seg\u00edteni hossz\u00fat\u00e1von az \u00e9rt\u00e9kes\u00edt\u00e9st. Az erre a c\u00e9lra kialak\u00edtott fel\u00fclet a <a href=\"https:\/\/www.termeloikosar.hu\" target=\"_blank\" rel=\"noopener\"><span style=\"color: #0000ff;\">https:\/\/www.termeloikosar.hu<\/span><\/a> oldalon m\u00e1r el\u00e9rhet\u0151! <\/p>\n<p>Ezen az oldalon, az eladni sz\u00e1nd\u00e9koz\u00f3 termel\u0151k jelentkez\u00e9s\u00e9t v\u00e1rj\u00e1k, akik \u00edgy a v\u00e1s\u00e1rl\u00f3kkal kapcsolatba tudnak ker\u00fclni \u00e9s \u00e9rt\u00e9kes\u00edteni tudj\u00e1k term\u00e9keiket. A v\u00e1s\u00e1rl\u00f3k t\u00e9rk\u00e9pen, illetve egy kifejezetten erre a c\u00e9lra kialak\u00edtott tematikus fel\u00fcleten v\u00e1logathatnak a termel\u0151k \u00e9s a term\u00e9kek k\u00f6z\u00f6tt. A platform haszn\u00e1lata teljesen ingyenes \u00e9s az ig\u00e9nyekhez igaz\u00edtva, folyamatosan fejlesztik.\u00a0<\/p>\n<p>A sz\u00e1nd\u00e9k az, hogy a besz\u0171k\u00fclt piaci helyzetben a termel\u0151k \u00e9rt\u00e9kes\u00edt\u00e9si neh\u00e9zs\u00e9gei cs\u00f6kkenjenek, a termel\u0151k n\u00f6velhess\u00e9k a v\u00e1s\u00e1rl\u00f3ik k\u00f6r\u00e9t, tov\u00e1bb\u00e1 a kiskereskedelemben emelkedjen a helyi term\u00e9kek ar\u00e1nya.\u00a0<\/p>\n<div class=\"sharedaddy sd-sharing-enabled\"><div class=\"robots-nocontent sd-block sd-social sd-social-icon sd-sharing\"><h3 class=\"sd-title\">Share this:<\/h3><div class=\"sd-content\"><ul><li class=\"share-facebook\"><a rel=\"nofollow noopener noreferrer\" data-shared=\"sharing-facebook-2571\" class=\"share-facebook sd-button share-icon no-text\" href=\"https:\/\/bukkleader.hu\/old\/2571-2\/?share=facebook\" target=\"_blank\" title=\"Click to share on Facebook\"><span><\/span><span class=\"sharing-screen-reader-text\">Click to share on Facebook (Opens in new window)<\/span><\/a><\/li><li class=\"share-twitter\"><a rel=\"nofollow noopener noreferrer\" data-shared=\"sharing-twitter-2571\" class=\"share-twitter sd-button share-icon no-text\" href=\"https:\/\/bukkleader.hu\/old\/2571-2\/?share=twitter\" target=\"_blank\" title=\"Click to share on Twitter\"><span><\/span><span class=\"sharing-screen-reader-text\">Click to share on Twitter (Opens in new window)<\/span><\/a><\/li><li class=\"share-print\"><a rel=\"nofollow noopener noreferrer\" data-shared=\"\" class=\"share-print sd-button share-icon no-text\" href=\"https:\/\/bukkleader.hu\/old\/2571-2\/\" target=\"_blank\" title=\"Click to print\"><span><\/span><span class=\"sharing-screen-reader-text\">Click to print (Opens in new window)<\/span><\/a><\/li><li class=\"share-email\"><a rel=\"nofollow noopener noreferrer\" data-shared=\"\" class=\"share-email sd-button share-icon no-text\" href=\"https:\/\/bukkleader.hu\/old\/2571-2\/?share=email\" target=\"_blank\" title=\"Click to email this to a friend\"><span><\/span><span class=\"sharing-screen-reader-text\">Click to email this to a friend (Opens in new window)<\/span><\/a><\/li><li class=\"share-end\"><\/li><\/ul><\/div><\/div><\/div>","protected":false},"excerpt":{"rendered":"<p>Tisztelt Termel\u0151k! A koronav\u00edrus terjed\u00e9se miatt kialakult helyzet, a korl\u00e1toz\u00f3 illetve megel\u0151z\u0151 int\u00e9zked\u00e9sek miatt, az agr\u00e1rszektor piaci lehet\u0151s\u00e9gei besz\u0171k\u00fcltek, a piacok bez\u00e1r\u00e1sa k\u00f6vetkezt\u00e9ben a termel\u0151k r\u00e9szben vagy eg\u00e9sz\u00e9ben elvesz\u00edtett\u00e9k term\u00e9keik piac\u00e1t. A fenti negat\u00edv tendenci\u00e1k meg\u00e1ll\u00edt\u00e1sa \u00e9s a piaci kereslet \u00e9s k\u00edn\u00e1lat \u00f6sszekapcsol\u00e1sa \u00e9rdek\u00e9ben az Agr\u00e1rminiszt\u00e9rium, a Magyar Nemzeti Vid\u00e9ki H\u00e1l\u00f3zat bevon\u00e1s\u00e1val egy internetes platform [&hellip;]<\/p>\n<div class=\"sharedaddy sd-sharing-enabled\"><div class=\"robots-nocontent sd-block sd-social sd-social-icon sd-sharing\"><h3 class=\"sd-title\">Share this:<\/h3><div class=\"sd-content\"><ul><li class=\"share-facebook\"><a rel=\"nofollow noopener noreferrer\" data-shared=\"sharing-facebook-2571\" class=\"share-facebook sd-button share-icon no-text\" href=\"https:\/\/bukkleader.hu\/old\/2571-2\/?share=facebook\" target=\"_blank\" title=\"Click to share on Facebook\"><span><\/span><span class=\"sharing-screen-reader-text\">Click to share on Facebook (Opens in new window)<\/span><\/a><\/li><li class=\"share-twitter\"><a rel=\"nofollow noopener noreferrer\" data-shared=\"sharing-twitter-2571\" class=\"share-twitter sd-button share-icon no-text\" href=\"https:\/\/bukkleader.hu\/old\/2571-2\/?share=twitter\" target=\"_blank\" title=\"Click to share on Twitter\"><span><\/span><span class=\"sharing-screen-reader-text\">Click to share on Twitter (Opens in new window)<\/span><\/a><\/li><li class=\"share-print\"><a rel=\"nofollow noopener noreferrer\" data-shared=\"\" class=\"share-print sd-button share-icon no-text\" href=\"https:\/\/bukkleader.hu\/old\/2571-2\/\" target=\"_blank\" title=\"Click to print\"><span><\/span><span class=\"sharing-screen-reader-text\">Click to print (Opens in new window)<\/span><\/a><\/li><li class=\"share-email\"><a rel=\"nofollow noopener noreferrer\" data-shared=\"\" class=\"share-email sd-button share-icon no-text\" href=\"https:\/\/bukkleader.hu\/old\/2571-2\/?share=email\" target=\"_blank\" title=\"Click to email this to a friend\"><span><\/span><span class=\"sharing-screen-reader-text\">Click to email this to a friend (Opens in new window)<\/span><\/a><\/li><li class=\"share-end\"><\/li><\/ul><\/div><\/div><\/div>","protected":false},"author":4,"featured_media":1091,"comment_status":"open","ping_status":"closed","sticky":false,"template":"","format":"standard","meta":{"_bbp_topic_count":0,"_bbp_reply_count":0,"_bbp_total_topic_count":0,"_bbp_total_reply_count":0,"_bbp_voice_count":0,"_bbp_anonymous_reply_count":0,"_bbp_topic_count_hidden":0,"_bbp_reply_count_hidden":0,"_bbp_forum_subforum_count":0,"spay_email":"","jetpack_publicize_message":"","jetpack_is_tweetstorm":false,"jetpack_publicize_feature_enabled":true},"categories":[1],"tags":[],"jetpack_featured_media_url":"https:\/\/bukkleader.hu\/old\/wp-content\/uploads\/2016\/08\/Erd\u00e9szeti-genetikai-er\u0151forr\u00e1sok-meg\u0151rz\u00e9se.jpg","jetpack_publicize_connections":[],"jetpack_sharing_enabled":true,"jetpack-related-posts":[{"id":5762,"url":"https:\/\/bukkleader.hu\/old\/tajekoztatas-uj-mezogazdasagi-es-videkfejlesztesi-palyazati-lehetosegekrol-nem-leader\/","url_meta":{"origin":2571,"position":0},"title":"T\u00e1j\u00e9koztat\u00e1s \u00faj mez\u0151gazdas\u00e1gi \u00e9s vid\u00e9kfejleszt\u00e9si p\u00e1ly\u00e1zati lehet\u0151s\u00e9gekr\u0151l (nem LEADER)","date":"2021-02-11","format":false,"excerpt":"Tisztelt \u00dcgyfeleink! Engedj\u00e9k meg, hogy tov\u00e1bb\u00edtsuk \u00d6n\u00f6k fel\u00e9 a\u00a0Magyar Nemzeti Vid\u00e9ki H\u00e1l\u00f3zat t\u00e1j\u00e9koztat\u00e1s\u00e1t a k\u00f6zelj\u00f6v\u0151ben megny\u00edl\u00f3 mez\u0151gazdas\u00e1gi \u00e9s vid\u00e9kfejleszt\u00e9si p\u00e1ly\u00e1zati lehet\u0151s\u00e9gekr\u0151l: P\u00e1ly\u00e1zati azonos\u00edt\u00f3 P\u00e1ly\u00e1zat c\u00edme El\u00e9rhet\u0151s\u00e9ge \u00a0 MAHOP-2.2.1-2016 Az akvakult\u00far\u00e1ba t\u00f6rt\u00e9n\u0151 termel\u00e9si c\u00e9l\u00fa beruh\u00e1z\u00e1sok t\u00e1mogat\u00e1sa https:\/\/www.palyazat.gov.hu\/mahop-22-2016-az-akvakultrba-trtn-termelsi-cl-beruhzsok-tmogatsa-1 VP2-4.1.3.7-20 Csemetekertek g\u00e9pbeszerz\u00e9se https:\/\/www.palyazat.gov.hu\/vp2-4137-20-csemetekertek-gpbeszerzse \u00a0 VP2-6.3.1-20 Mez\u0151gazdas\u00e1gi kis\u00fczemek t\u00e1mogat\u00e1sa https:\/\/www.palyazat.gov.hu\/vp2-631-20-mezgazdasgi-kiszemek-tmogatsa-1 \u00a0 VP3-17.1.1-16 Mez\u0151gazdas\u00e1gi biztos\u00edt\u00e1s\u2026","rel":"","context":"In &quot;H\u00edreink, k\u00f6zlem\u00e9nyeink&quot;","img":{"alt_text":"384-5-mnvh_logo","src":"https:\/\/i2.wp.com\/bukkleader.hu\/old\/wp-content\/uploads\/2015\/09\/384-5-mnvh_logo.jpg?resize=350%2C200&ssl=1","width":350,"height":200},"classes":[]},{"id":108,"url":"https:\/\/bukkleader.hu\/old\/2013-aprilis-01-2013-junius-30-idoszak\/","url_meta":{"origin":2571,"position":1},"title":"2013. \u00e1prilis 01. &#8211; 2013. j\u00fanius 30. id\u0151szak","date":"2013-07-01","format":false,"excerpt":"A B\u00fckk-T\u00e9rs\u00e9gi LEADER Egyes\u00fclet munkaszervezet\u00e9nek legfontosabb feladatai a 2013.03.01. \u2013 06.30. id\u0151szakban a HACS-hoz be\u00e9rkezett EMVA III. falumeg\u00faj\u00edt\u00e1s \u00e9s \u2013fejleszt\u00e9s p\u00e1ly\u00e1zatok rangsor\u00e1nak kialak\u00edt\u00e1sa \u00e9s t\u00e1mogat\u00e1si hat\u00e1rozataik ki\u00e1ll\u00edt\u00e1sa, a LEADER III. t\u00e1mogat\u00e1si id\u0151szak\u00e1nak el\u0151k\u00e9sz\u00edt\u00e9se, a HVS fel\u00fclvizsg\u00e1lata \u00e9s a LEADER el\u0151p\u00e1ly\u00e1zatok befogad\u00e1sa, a p\u00e1ly\u00e1zatok \u00fcgyint\u00e9z\u00e9s\u00e9nek megkezd\u00e9se voltak.Az EMVA III. falumeg\u00faj\u00edt\u00e1s \u00e9s\u2026","rel":"","context":"In &quot;Munkabesz\u00e1mol\u00f3k&quot;","img":{"alt_text":"","src":"","width":0,"height":0},"classes":[]},{"id":1265,"url":"https:\/\/bukkleader.hu\/old\/megjelent-fiatal-mezogazdasagi-termelok-szamara-nyujtott-indulo-tamogatas\/","url_meta":{"origin":2571,"position":2},"title":"Megjelent \u201eA fiatal mez\u0151gazdas\u00e1gi termel\u0151k sz\u00e1m\u00e1ra ny\u00fajtott indul\u00f3 t\u00e1mogat\u00e1s\u201d","date":"2016-12-20","format":false,"excerpt":"Megjelent \u201eA fiatal mez\u0151gazdas\u00e1gi termel\u0151k sz\u00e1m\u00e1ra ny\u00fajtott indul\u00f3 t\u00e1mogat\u00e1s\u201d elnevez\u00e9s\u0171 felh\u00edv\u00e1s.\u00a0\u00a0","rel":"","context":"In &quot;H\u00edreink, k\u00f6zlem\u00e9nyeink&quot;","img":{"alt_text":"","src":"https:\/\/i1.wp.com\/bukkleader.hu\/old\/wp-content\/uploads\/2016\/12\/fiatal-mez\u0151gazda-2.jpg?resize=350%2C200&ssl=1","width":350,"height":200},"classes":[]},{"id":890,"url":"https:\/\/bukkleader.hu\/old\/utolso-8-oras-zold-konyv-frissites-tovabbkepzes\/","url_meta":{"origin":2571,"position":3},"title":"Utols\u00f3 8 \u00f3r\u00e1s (z\u00f6ld k\u00f6nyv friss\u00edt\u00e9s) tov\u00e1bbk\u00e9pz\u00e9s","date":"2016-05-05","format":false,"excerpt":"Tisztelt Mez\u0151gazdas\u00e1gi Termel\u0151 \u00e9s Kerttulajdonos Tagjaink!\u00a0A Nemzeti Agr\u00e1rgazdas\u00e1gi Kamara BAZ Megyei Szervezete az al\u00e1bbi inform\u00e1ci\u00f3t tette k\u00f6zz\u00e9:\"A tervezett\u0151l elt\u00e9r\u0151en val\u00f3sz\u00edn\u0171leg m\u00e9g egy\u00a0 8 \u00f3r\u00e1s! (z\u00f6ld k\u00f6nyv friss\u00edt\u00e9s) tov\u00e1bbk\u00e9pz\u00e9s fog indulniazok sz\u00e1m\u00e1ra akik lemaradtak az el\u0151z\u0151ekr\u0151l, vagy \"leporolj\u00e1k\" a t\u00f6bb \u00e9ve nem \u00faj\u00edtott jogosults\u00e1gukat a rendelet szigor\u00edt\u00e1sa miatt.( ez val\u00f3sz\u00edn\u0171 m\u00e1r\u2026","rel":"","context":"In &quot;H\u00edreink, k\u00f6zlem\u00e9nyeink&quot;","img":{"alt_text":"","src":"https:\/\/i2.wp.com\/bukkleader.hu\/old\/wp-content\/uploads\/2016\/05\/n\u00f6v\u00e9nyv\u00e9delem.png?resize=350%2C200&ssl=1","width":350,"height":200},"classes":[]},{"id":2123,"url":"https:\/\/bukkleader.hu\/old\/kozepkori-piac-es-vasar-sajokereszturban-leader-tamogatassal\/","url_meta":{"origin":2571,"position":4},"title":"K\u00f6z\u00e9pkori piac \u00e9s v\u00e1s\u00e1r Saj\u00f3kereszt\u00farban LEADER t\u00e1mogat\u00e1ssal","date":"2019-07-16","format":false,"excerpt":"Tisztelt \u00c9rdekl\u0151d\u0151k! Saj\u00f3kereszt\u00far K\u00f6zs\u00e9g \u00d6nkorm\u00e1nyzata tisztelettel megh\u00edvja \u00d6n\u00f6ket 2019. augusztus 17-18-\u00e1n tartand\u00f3, LEADER t\u00e1mogat\u00e1ssal megval\u00f3sul\u00f3 K\u00f6z\u00e9pkori Piac \u00e9s V\u00e1s\u00e1r Saj\u00f3kereszt\u00farban c\u00edm\u0171 rendezv\u00e9ny\u00e9re. A r\u00e9szletes program innen let\u00f6lthet\u0151.\u00a0 \u00a0 \u00a0 \u00a0 \u00a0","rel":"","context":"In &quot;H\u00edreink, k\u00f6zlem\u00e9nyeink&quot;","img":{"alt_text":"","src":"https:\/\/i0.wp.com\/bukkleader.hu\/old\/wp-content\/uploads\/2019\/07\/kozepkorivasar.jpg?resize=350%2C200&ssl=1","width":350,"height":200},"classes":[]},{"id":424,"url":"https:\/\/bukkleader.hu\/old\/szaguldas-a-szel-erejebol-nyert-villamos-energiaval\/","url_meta":{"origin":2571,"position":5},"title":"Sz\u00e1guld\u00e1s a sz\u00e9l erej\u00e9b\u0151l nyert villamos energi\u00e1val","date":"2015-03-31","format":false,"excerpt":"\"Sikeres volt B\u00fckkaranyoson a sz\u00e9ler\u0151m\u0171 rendszer\u00e9re kapcsolt villanyaut\u00f3 gyorst\u00f6lt\u0151 berendez\u00e9s m\u0171szaki f\u0151pr\u00f3b\u00e1ja. Az egyen\u00e1ram\u00fa CHAdeMO rendszer\u0171 csatlakoz\u00f3n kereszt\u00fcl alig t\u00f6bb mint egy \u00f3ra alatt \u201ef\u00fajta tele\u201d a n\u00e9ha viharos erej\u0171 sz\u00e9l a Tesla Model S villanyaut\u00f3 akkumul\u00e1tor\u00e1t. \u00a0\u201eA B\u00fckkaranyos k\u00f6zpont\u00fa, 42 telep\u00fcl\u00e9st csoportos\u00edt\u00f3 B\u00fckk-T\u00e9rs\u00e9gi LEADER (kor\u00e1bban B\u00dcKK \u2013 MAK LEADER)\u2026","rel":"","context":"In &quot;H\u00edreink, k\u00f6zlem\u00e9nyeink&quot;","img":{"alt_text":"Tesla","src":"https:\/\/i2.wp.com\/bukkleader.hu\/old\/wp-content\/uploads\/2015\/09\/tesla_foto.jpg?resize=350%2C200&ssl=1","width":350,"height":200},"classes":[]}],"_links":{"self":[{"href":"https:\/\/bukkleader.hu\/old\/wp-json\/wp\/v2\/posts\/2571"}],"collection":[{"href":"https:\/\/bukkleader.hu\/old\/wp-json\/wp\/v2\/posts"}],"about":[{"href":"https:\/\/bukkleader.hu\/old\/wp-json\/wp\/v2\/types\/post"}],"author":[{"embeddable":true,"href":"https:\/\/bukkleader.hu\/old\/wp-json\/wp\/v2\/users\/4"}],"replies":[{"embeddable":true,"href":"https:\/\/bukkleader.hu\/old\/wp-json\/wp\/v2\/comments?post=2571"}],"version-history":[{"count":4,"href":"https:\/\/bukkleader.hu\/old\/wp-json\/wp\/v2\/posts\/2571\/revisions"}],"predecessor-version":[{"id":2575,"href":"https:\/\/bukkleader.hu\/old\/wp-json\/wp\/v2\/posts\/2571\/revisions\/2575"}],"wp:featuredmedia":[{"embeddable":true,"href":"https:\/\/bukkleader.hu\/old\/wp-json\/wp\/v2\/media\/1091"}],"wp:attachment":[{"href":"https:\/\/bukkleader.hu\/old\/wp-json\/wp\/v2\/media?parent=2571"}],"wp:term":[{"taxonomy":"category","embeddable":true,"href":"https:\/\/bukkleader.hu\/old\/wp-json\/wp\/v2\/categories?post=2571"},{"taxonomy":"post_tag","embeddable":true,"href":"https:\/\/bukkleader.hu\/old\/wp-json\/wp\/v2\/tags?post=2571"}],"curies":[{"name":"wp","href":"https:\/\/api.w.org\/{rel}","templated":true}]}}