{"id":2536,"date":"2020-04-22T14:59:44","date_gmt":"2020-04-22T12:59:44","guid":{"rendered":"https:\/\/bukkleader.hu\/old\/?p=2536"},"modified":"2020-04-22T15:02:04","modified_gmt":"2020-04-22T13:02:04","slug":"tajekoztato-a-veszelyhelyzet-miatt-bekovetkezo-hatranyos-kovetkezmenyek-egyhitese-erdekeben-hozott-intezkedesekrol","status":"publish","type":"post","link":"https:\/\/bukkleader.hu\/old\/tajekoztato-a-veszelyhelyzet-miatt-bekovetkezo-hatranyos-kovetkezmenyek-egyhitese-erdekeben-hozott-intezkedesekrol\/","title":{"rendered":"T\u00e1j\u00e9koztat\u00f3 a vesz\u00e9lyhelyzet miatt bek\u00f6vetkez\u0151 h\u00e1tr\u00e1nyos k\u00f6vetkezm\u00e9nyek egyh\u00edt\u00e9se \u00e9rdek\u00e9ben hozott int\u00e9zked\u00e9sekr\u0151l"},"content":{"rendered":"<p><strong>T\u00c1J\u00c9KOZTAT\u00d3 <\/strong><\/p>\n<p><strong>A VESZ\u00c9LYHELYZET MIATT BEK\u00d6VETKEZ\u0150 H\u00c1TR\u00c1NYOS K\u00d6VETKEZM\u00c9NYEK ENYH\u00cdT\u00c9SE \u00c9RDEK\u00c9BEN HOZOTT FEJLESZT\u00c9SPOLTIKAI INT\u00c9ZKED\u00c9SEKR\u0150L AZ EUR\u00d3PAI MEZ\u0150GAZDAS\u00c1GI VID\u00c9KFEJLESZT\u00c9SI ALAPB\u00d3L MEGVAL\u00d3SUL\u00d3 BERUH\u00c1Z\u00c1SI T\u00cdPUS\u00da PROJEKTEK KAPCS\u00c1N<\/strong><\/p>\n<p><strong>Tisztelt T\u00e1mogat\u00e1st Ig\u00e9nyl\u0151 \u00e9s Kedvezm\u00e9nyezett!<\/strong><\/p>\n<p>A koronav\u00edrus-j\u00e1rv\u00e1ny okozta vesz\u00e9lyhelyzet megnehez\u00edti a projektek v\u00e9grehajt\u00e1s\u00e1t, sok esetben a t\u00e1mogat\u00e1si szerz\u0151d\u00e9sben v\u00e1llalt k\u00f6telezetts\u00e9gek nem teljes\u00edthet\u0151ek. Az Innov\u00e1ci\u00f3s \u00e9s Technol\u00f3giai Miniszt\u00e9rium a projektek megval\u00f3s\u00edt\u00e1s\u00e1nak seg\u00edt\u00e9se \u00e9rdek\u00e9ben komplex int\u00e9zked\u00e9scsomagot dolgozott ki, amely \u00e1tmeneti k\u00f6nny\u00edtett szab\u00e1lyoz\u00e1st vezet be a hat\u00e1rid\u0151k, az indik\u00e1torok \u00e9s a p\u00e9nz\u00fcgyi elsz\u00e1mol\u00e1sok teljes\u00edt\u00e9s\u00e9ben, ezzel \u00f6sszhangban kezeli a t\u00e1mogat\u00e1si szerz\u0151d\u00e9sek\/t\u00e1mogat\u00f3i okiratok (a tov\u00e1bbiakban: t\u00e1mogat\u00e1si szerz\u0151d\u00e9s) m\u00f3dos\u00edt\u00e1sa \u00e9s az \u00fcgyint\u00e9z\u00e9s menet\u00e9t. Ezzel az int\u00e9zked\u00e9scsomaggal \u00f6sszhangban, de az Eur\u00f3pai Mez\u0151gazdas\u00e1gi Vid\u00e9kfejleszt\u00e9si Alap felhaszn\u00e1l\u00e1s\u00e1ra vonatkoz\u00f3 speci\u00e1lis el\u0151\u00edr\u00e1sokra figyelemmel ker\u00fcl kiad\u00e1sra az Agr\u00e1rminiszt\u00e9rium, mint a Vid\u00e9kfejleszt\u00e9si Program Ir\u00e1ny\u00edt\u00f3 Hat\u00f3s\u00e1ga \u00e9s a Magyar \u00c1llamkincst\u00e1r, mint Kifizet\u0151 \u00dcgyn\u00f6ks\u00e9g jelen t\u00e1j\u00e9koztat\u00f3ja.<\/p>\n<p>Az al\u00e1bbi int\u00e9zked\u00e9sek 2020. \u00e1prilis 3. napj\u00e1t\u00f3l hat\u00e1lyosak \u00e9s <span style=\"color: #0000ff;\"><a style=\"color: #0000ff;\" href=\"https:\/\/bukkleader.hu\/old\/wp-content\/uploads\/2020\/04\/tajekoztato.pdf\" target=\"_blank\" rel=\"noopener\">jelen t\u00e1j\u00e9koztat\u00f3 1. mell\u00e9klet\u00e9ben<\/a><\/span> megjel\u00f6lt int\u00e9zked\u00e9sek vonatoz\u00e1s\u00e1ban alkalmazand\u00f3ak.<\/p>\n<p>Az int\u00e9zked\u00e9sek azon rendelkez\u00e9sek kapcs\u00e1n tartalmaznak k\u00f6nny\u00edt\u00e9seket, amelyeket az uni\u00f3s jogszab\u00e1lyok nem szab\u00e1lyoznak. V\u00e1rhat\u00f3, hogy az Eur\u00f3pai Uni\u00f3 szervei \u00e1ltal hozott l\u00e9p\u00e9seket k\u00f6vet\u0151en tov\u00e1bbi k\u00f6nny\u00edt\u0151 szab\u00e1lyok bevezet\u00e9s\u00e9re is sor ker\u00fclhet.<\/p>\n<p><strong><u>Hat\u00e1rid\u0151k teljes\u00edt\u00e9s\u00e9nek \u00e1tmeneti szab\u00e1lyai<\/u><\/strong><\/p>\n<ul>\n<li>h\u00e1rom h\u00f3nappal automatikusan meghosszabb\u00edtjuk a t\u00e1mogatott projektek megval\u00f3s\u00edt\u00e1s\u00e1nak hat\u00e1ridej\u00e9t, ezzel egy\u00fctt a z\u00e1r\u00f3 elsz\u00e1mol\u00e1s beny\u00fajt\u00e1s\u00e1nak hat\u00e1ridej\u00e9t<\/li>\n<li>h\u00e1rom h\u00f3nappal automatikusan meghosszabb\u00edtjuk a projekt m\u00e9rf\u00f6ldk\u00f6veinek hat\u00e1ridej\u00e9t<\/li>\n<li>a hi\u00e1nyp\u00f3tl\u00e1s teljes\u00edt\u00e9s\u00e9re, a tiszt\u00e1z\u00f3 k\u00e9rd\u00e9s megv\u00e1laszol\u00e1s\u00e1ra a jogszab\u00e1ly \u00e1ltal lehets\u00e9ges leghosszabb hat\u00e1rid\u0151t \u00e1llap\u00edtja meg az Ir\u00e1ny\u00edt\u00f3 Hat\u00f3s\u00e1g \u00e9s a Kifizet\u0151 \u00dcgyn\u00f6ks\u00e9g<\/li>\n<li>a t\u00e1mogat\u00e1si szerz\u0151d\u00e9s megk\u00f6t\u00e9s\u00e9hez sz\u00fcks\u00e9ges felt\u00e9telek teljes\u00edt\u00e9s\u00e9re nyitva \u00e1ll\u00f3 hat\u00e1rid\u0151t a jogszab\u00e1ly \u00e1ltal lehets\u00e9ges leghosszabb hat\u00e1rid\u0151ben \u00e1llap\u00edtja meg az Ir\u00e1ny\u00edt\u00f3 Hat\u00f3s\u00e1g<\/li>\n<li>a kedvezm\u00e9nyezett k\u00f6zrem\u0171k\u00f6d\u00e9s\u00e9t ig\u00e9nyl\u0151 helysz\u00edni vizsg\u00e1latokra nem ker\u00fcl sor a kihirdetett vesz\u00e9lyhelyzet fenn\u00e1ll\u00e1s\u00e1nak id\u0151tartama alatt, a vesz\u00e9lyhelyzet miatt elmaradt helysz\u00edni vizsg\u00e1latokat a vesz\u00e9lyhelyzet megsz\u0171n\u00e9s\u00e9t k\u00f6vet\u0151 1 \u00e9ven bel\u00fcl p\u00f3tolni sz\u00fcks\u00e9ges (a helysz\u00edni ellen\u0151rz\u00e9st kiv\u00e1lt\u00f3 digit\u00e1lis, vagy online m\u00f3don t\u00f6rt\u00e9n\u0151 ellen\u0151rz\u00e9sre sor ker\u00fclhet)<\/li>\n<li>a vesz\u00e9lyhelyzet fenn\u00e1ll\u00e1sa alatt v\u00e9gezhet\u0151 egyszer\u0171s\u00edtett el\u0151zetes helysz\u00edni szemle \u00e9s egyszer\u0171s\u00edtett helysz\u00edni szemle a j\u00e1rv\u00e1ny\u00fcgyi el\u0151\u00edr\u00e1sok betart\u00e1s\u00e1val<\/li>\n<li>jogszab\u00e1ly \u00e1ltal el\u0151\u00edrt enged\u00e9lyez\u00e9si elj\u00e1r\u00e1shoz k\u00f6t\u00f6tt cselekm\u00e9nyek (pl.: \u00e9p\u00edt\u00e9si enged\u00e9ly az els\u0151 kifizet\u00e9si ig\u00e9nyl\u00e9shez, haszn\u00e1latbav\u00e9teli enged\u00e9ly, g\u00e9pj\u00e1rm\u0171vezet\u0151i enged\u00e9ly a z\u00e1r\u00f3 elsz\u00e1mol\u00e1shoz), illetve a felh\u00edv\u00e1sokban el\u0151\u00edrt tov\u00e1bbi \u00fczemel\u00e9st \u00e9s \u00fczemeltethet\u0151s\u00e9get igazol\u00f3 dokumentumok (pl. h\u00e1l\u00f3zathaszn\u00e1lati szerz\u0151d\u00e9s, sz\u00e1ll\u00e1shely min\u0151s\u00edt\u00e9st igazol\u00f3 dokumentum) eset\u00e9n elegend\u0151 az elj\u00e1r\u00e1s megind\u00edt\u00e1s\u00e1nak igazol\u00e1sa, nem kell a joger\u0151s enged\u00e9ly az \u00e9rintett t\u00e1mogat\u00e1si folyamat v\u00e9grehajt\u00e1s\u00e1hoz (pl.: kifizet\u00e9shez). Term\u00e9szetesen ezeket a dokumentumokat a vesz\u00e9lyhelyzet megsz\u0171n\u00e9s\u00e9t k\u00f6vet\u0151en be kell ny\u00fajtani.<\/li>\n<li>azon esetekben, ahol a vesz\u00e9lyhelyzet meghirdet\u00e9se el\u0151tt lej\u00e1rt hat\u00e1rid\u0151 volt (pl. hi\u00e1nyp\u00f3tl\u00e1s nem ker\u00fclt beny\u00fajt\u00e1sra) nem alkalmazzuk a rendk\u00edv\u00fcli, vesz\u00e9lyhelyzet id\u0151szak\u00e1ra vonatkoz\u00f3 szab\u00e1lyokat.<\/li>\n<\/ul>\n<p>&nbsp;<\/p>\n<p><strong><u>T\u00e1mogat\u00e1si szerz\u0151d\u00e9s m\u00f3dos\u00edt\u00e1s\u00e1nak \u00e9s teljes\u00edt\u00e9snek \u00e1tmeneti szab\u00e1lyai<\/u><\/strong><\/p>\n<p>Nem ker\u00fcl sor automatikusan a m\u00f3dos\u00edt\u00e1sok, bejelent\u00e9sek elfogad\u00e1s\u00e1ra, sz\u00fcks\u00e9ges a j\u00e1rv\u00e1ny\u00fcgyi vesz\u00e9lyhelyzettel kapcsolatos ok-okozati viszony megl\u00e9te \u00e9s annak al\u00e1t\u00e1maszt\u00e1sa, vis maior bejelent\u00e9s keret\u00e9ben, de a m\u00f3dos\u00edt\u00e1sok indokolt esetben az al\u00e1bbi k\u00f6nny\u00edt\u00e9sekkel val\u00f3sulhatnak meg a vesz\u00e9lyhelyzet idej\u00e9n,<\/p>\n<ul>\n<li>a biztos\u00edt\u00e9kcsere vagy annak elmarad\u00e1sa eset\u00e9n az el\u00e1ll\u00e1s, mint szankci\u00f3t csak a legsz\u00fcks\u00e9gesebb esetben ker\u00fcl alkalmaz\u00e1sra<\/li>\n<li>ha a kedvezm\u00e9nyezetti mulaszt\u00e1sok igazolhat\u00f3 m\u00f3don a vesz\u00e9lyhelyzet k\u00f6vetkezm\u00e9nyei, amelyet a kedvezm\u00e9nyezett vis maior bejelent\u00e9sben al\u00e1t\u00e1maszt, akkor a kedvezm\u00e9nyezettre h\u00e1tr\u00e1nyos jogk\u00f6vetkezm\u00e9nyt (pl.: el\u00e1ll\u00e1st) nem indokolt \u00e9rv\u00e9nyes\u00edteni<\/li>\n<li>ha az \u00e1talakul\u00e1s vagy a projekt \u00e1truh\u00e1z\u00e1s\u00e1nak indoka a vesz\u00e9lyhelyzet kihirdet\u00e9se \u00e9s az ezzel okozott h\u00e1tr\u00e1nyos k\u00f6vetkezm\u00e9nyek enyh\u00edt\u00e9se, akkor az \u00f6sszes relev\u00e1ns k\u00f6r\u00fclm\u00e9ny m\u00e9rlegel\u00e9se alapj\u00e1n indokolt, hogy a v\u00e1ltoztat\u00e1st az Ir\u00e1ny\u00edt\u00f3 Hat\u00f3s\u00e1g t\u00e1mogassa.<\/li>\n<\/ul>\n<p>&nbsp;<\/p>\n<p>\n<strong><u>Indik\u00e1torok \u00e9s egy\u00e9b mutat\u00f3k elsz\u00e1mol\u00e1s\u00e1nak \u00e1tmeneti szab\u00e1lyai<\/u><\/strong><\/p>\n<ul>\n<li>a vesz\u00e9lyhelyzet id\u0151tartama alatt a kedvezm\u00e9nyezettnek a fenntart\u00e1si id\u0151szak sor\u00e1n a foglalkoztatotti b\u00e1zisl\u00e9tsz\u00e1mot, vagy tov\u00e1bbfoglalkoztat\u00e1st nem kell fenntartania, kiv\u00e9ve ahol a t\u00e1mogat\u00e1s kifejezetten a munkahelyek megtart\u00e1s\u00e1ra ir\u00e1nyult<\/li>\n<\/ul>\n<p>&nbsp;<\/p>\n<p><strong><u>P\u00e9nz\u00fcgyi \u00e9s elsz\u00e1mol\u00e1si szab\u00e1lyok \u00e1tmeneti v\u00e1ltoz\u00e1sa<\/u><\/strong><\/p>\n<ul>\n<li>a vesz\u00e9lyhelyzet id\u0151tartalm\u00e1ra az elsz\u00e1mol\u00e1sok beny\u00fajt\u00e1s\u00e1hoz elegend\u0151 a sz\u00e1mla, a sz\u00e1mlar\u00e9szletez\u0151, a kifizet\u00e9st igazol\u00f3 bankkivonat \u00e9s a v\u00e1llalkoz\u00f3i szerz\u0151d\u00e9s (vagy jogalap igazol\u00e1s), az ebben az id\u0151szakban k\u00e9rt al\u00e1t\u00e1maszt\u00f3 dokumentumoknak a helysz\u00ednen rendelkez\u00e9sre kell \u00e1llniuk \u00e9s az Ir\u00e1ny\u00edt\u00f3 Hat\u00f3s\u00e1g, Kifizet\u0151 \u00dcgyn\u00f6ks\u00e9g b\u00e1rmikor bek\u00e9rheti azokat<\/li>\n<li>ha egy rendezv\u00e9ny, workshop, stb. a koronav\u00edrus vesz\u00e9lyhelyzeti int\u00e9zked\u00e9seivel k\u00f6zvetlen \u00f6sszef\u00fcgg\u00e9sben elmarad, azt vis maior esetnek kell min\u0151s\u00edteni, amennyiben a k\u00f6lts\u00e9geket nem fedezi biztos\u00edt\u00e1s vagy nem lehet visszafizettetni m\u00e1s m\u00f3don<\/li>\n<li>a Kifizet\u0151 \u00dcgyn\u00f6ks\u00e9g vesz\u00e9lyhelyzet ideje alatt \u00faj k\u00f6vetel\u00e9sek v\u00e9grehajt\u00e1st nem ind\u00edtja el, ad\u00f3k m\u00f3dj\u00e1ra t\u00f6rt\u00e9n\u0151 behajt\u00e1s\u00e1t nem kezdem\u00e9nyezi, a folyamatban l\u00e9v\u0151 k\u00f6vetel\u00e9sek v\u00e9grehajt\u00e1s\u00e1t felf\u00fcggeszti.<\/li>\n<\/ul>\n<p>&nbsp;<\/p>\n<p><strong><u>Szem\u00e9lyes, postai \u00fcgyint\u00e9z\u00e9s <\/u><\/strong><\/p>\n<ul>\n<li>a Vid\u00e9kfejleszt\u00e9si Program eset\u00e9ben az \u00fcgyf\u00e9lkapu haszn\u00e1lata fennmarad<\/li>\n<\/ul>\n<p>Term\u00e9szetesen a kedvezm\u00e9nyezett joga, hogy az \u00e1tmeneti hosszabb\u00edt\u00e1si vagy k\u00f6nny\u00edt\u00e9si lehet\u0151s\u00e9gekkel ne \u00e9ljen, amennyiben az eredeti felt\u00e9telek mellett is tudja teljes\u00edteni k\u00f6telezetts\u00e9geit, minden esetben a p\u00e1ly\u00e1z\u00f3 hat\u00e1sk\u00f6re, hogy saj\u00e1t projektj\u00e9nek v\u00e9grehajt\u00e1sa szempontj\u00e1b\u00f3l a sz\u00e1m\u00e1ra legmegfelel\u0151bb megold\u00e1st v\u00e1lassza. Az Ir\u00e1ny\u00edt\u00f3 Hat\u00f3s\u00e1g, valamint a Kifizet\u0151 \u00dcgyn\u00f6ks\u00e9g automatikusan a fenti int\u00e9zked\u00e9seknek megfelel\u0151en j\u00e1rnak el, kiv\u00e9ve, ha a kedvezm\u00e9nyezett ezzel ellent\u00e9tes tartalm\u00fa k\u00e9r\u00e9s\u00e9r\u0151l kapnak \u00e9rtes\u00edt\u00e9st, vagy a beny\u00fajtott elsz\u00e1mol\u00e1sokb\u00f3l az nem k\u00f6vetkezik.<\/p>\n<p><strong>Budapest, 2020. \u00e1prilis 3.<\/strong><\/p>\n<p><strong>Tisztelettel:<\/strong><strong>\u00a0<br \/>\n<\/strong><strong>Dr. Feldman Zsolt<br \/>\n<\/strong><strong>mez\u0151gazdas\u00e1g\u00e9rt \u00e9s vid\u00e9kfejleszt\u00e9s\u00e9rt<br \/>\n<\/strong><strong>felel\u0151s \u00e1llamtitk\u00e1r<\/strong><\/p>\n<div class=\"sharedaddy sd-sharing-enabled\"><div class=\"robots-nocontent sd-block sd-social sd-social-icon sd-sharing\"><h3 class=\"sd-title\">Share this:<\/h3><div class=\"sd-content\"><ul><li class=\"share-facebook\"><a rel=\"nofollow noopener noreferrer\" data-shared=\"sharing-facebook-2536\" class=\"share-facebook sd-button share-icon no-text\" href=\"https:\/\/bukkleader.hu\/old\/tajekoztato-a-veszelyhelyzet-miatt-bekovetkezo-hatranyos-kovetkezmenyek-egyhitese-erdekeben-hozott-intezkedesekrol\/?share=facebook\" target=\"_blank\" title=\"Click to share on Facebook\"><span><\/span><span class=\"sharing-screen-reader-text\">Click to share on Facebook (Opens in new window)<\/span><\/a><\/li><li class=\"share-twitter\"><a rel=\"nofollow noopener noreferrer\" data-shared=\"sharing-twitter-2536\" class=\"share-twitter sd-button share-icon no-text\" href=\"https:\/\/bukkleader.hu\/old\/tajekoztato-a-veszelyhelyzet-miatt-bekovetkezo-hatranyos-kovetkezmenyek-egyhitese-erdekeben-hozott-intezkedesekrol\/?share=twitter\" target=\"_blank\" title=\"Click to share on Twitter\"><span><\/span><span class=\"sharing-screen-reader-text\">Click to share on Twitter (Opens in new window)<\/span><\/a><\/li><li class=\"share-print\"><a rel=\"nofollow noopener noreferrer\" data-shared=\"\" class=\"share-print sd-button share-icon no-text\" href=\"https:\/\/bukkleader.hu\/old\/tajekoztato-a-veszelyhelyzet-miatt-bekovetkezo-hatranyos-kovetkezmenyek-egyhitese-erdekeben-hozott-intezkedesekrol\/\" target=\"_blank\" title=\"Click to print\"><span><\/span><span class=\"sharing-screen-reader-text\">Click to print (Opens in new window)<\/span><\/a><\/li><li class=\"share-email\"><a rel=\"nofollow noopener noreferrer\" data-shared=\"\" class=\"share-email sd-button share-icon no-text\" href=\"https:\/\/bukkleader.hu\/old\/tajekoztato-a-veszelyhelyzet-miatt-bekovetkezo-hatranyos-kovetkezmenyek-egyhitese-erdekeben-hozott-intezkedesekrol\/?share=email\" target=\"_blank\" title=\"Click to email this to a friend\"><span><\/span><span class=\"sharing-screen-reader-text\">Click to email this to a friend (Opens in new window)<\/span><\/a><\/li><li class=\"share-end\"><\/li><\/ul><\/div><\/div><\/div>","protected":false},"excerpt":{"rendered":"<p>T\u00c1J\u00c9KOZTAT\u00d3 A VESZ\u00c9LYHELYZET MIATT BEK\u00d6VETKEZ\u0150 H\u00c1TR\u00c1NYOS K\u00d6VETKEZM\u00c9NYEK ENYH\u00cdT\u00c9SE \u00c9RDEK\u00c9BEN HOZOTT FEJLESZT\u00c9SPOLTIKAI INT\u00c9ZKED\u00c9SEKR\u0150L AZ EUR\u00d3PAI MEZ\u0150GAZDAS\u00c1GI VID\u00c9KFEJLESZT\u00c9SI ALAPB\u00d3L MEGVAL\u00d3SUL\u00d3 BERUH\u00c1Z\u00c1SI T\u00cdPUS\u00da PROJEKTEK KAPCS\u00c1N Tisztelt T\u00e1mogat\u00e1st Ig\u00e9nyl\u0151 \u00e9s Kedvezm\u00e9nyezett! A koronav\u00edrus-j\u00e1rv\u00e1ny okozta vesz\u00e9lyhelyzet megnehez\u00edti a projektek v\u00e9grehajt\u00e1s\u00e1t, sok esetben a t\u00e1mogat\u00e1si szerz\u0151d\u00e9sben v\u00e1llalt k\u00f6telezetts\u00e9gek nem teljes\u00edthet\u0151ek. Az Innov\u00e1ci\u00f3s \u00e9s Technol\u00f3giai Miniszt\u00e9rium a projektek megval\u00f3s\u00edt\u00e1s\u00e1nak seg\u00edt\u00e9se \u00e9rdek\u00e9ben komplex [&hellip;]<\/p>\n<div class=\"sharedaddy sd-sharing-enabled\"><div class=\"robots-nocontent sd-block sd-social sd-social-icon sd-sharing\"><h3 class=\"sd-title\">Share this:<\/h3><div class=\"sd-content\"><ul><li class=\"share-facebook\"><a rel=\"nofollow noopener noreferrer\" data-shared=\"sharing-facebook-2536\" class=\"share-facebook sd-button share-icon no-text\" href=\"https:\/\/bukkleader.hu\/old\/tajekoztato-a-veszelyhelyzet-miatt-bekovetkezo-hatranyos-kovetkezmenyek-egyhitese-erdekeben-hozott-intezkedesekrol\/?share=facebook\" target=\"_blank\" title=\"Click to share on Facebook\"><span><\/span><span class=\"sharing-screen-reader-text\">Click to share on Facebook (Opens in new window)<\/span><\/a><\/li><li class=\"share-twitter\"><a rel=\"nofollow noopener noreferrer\" data-shared=\"sharing-twitter-2536\" class=\"share-twitter sd-button share-icon no-text\" href=\"https:\/\/bukkleader.hu\/old\/tajekoztato-a-veszelyhelyzet-miatt-bekovetkezo-hatranyos-kovetkezmenyek-egyhitese-erdekeben-hozott-intezkedesekrol\/?share=twitter\" target=\"_blank\" title=\"Click to share on Twitter\"><span><\/span><span class=\"sharing-screen-reader-text\">Click to share on Twitter (Opens in new window)<\/span><\/a><\/li><li class=\"share-print\"><a rel=\"nofollow noopener noreferrer\" data-shared=\"\" class=\"share-print sd-button share-icon no-text\" href=\"https:\/\/bukkleader.hu\/old\/tajekoztato-a-veszelyhelyzet-miatt-bekovetkezo-hatranyos-kovetkezmenyek-egyhitese-erdekeben-hozott-intezkedesekrol\/\" target=\"_blank\" title=\"Click to print\"><span><\/span><span class=\"sharing-screen-reader-text\">Click to print (Opens in new window)<\/span><\/a><\/li><li class=\"share-email\"><a rel=\"nofollow noopener noreferrer\" data-shared=\"\" class=\"share-email sd-button share-icon no-text\" href=\"https:\/\/bukkleader.hu\/old\/tajekoztato-a-veszelyhelyzet-miatt-bekovetkezo-hatranyos-kovetkezmenyek-egyhitese-erdekeben-hozott-intezkedesekrol\/?share=email\" target=\"_blank\" title=\"Click to email this to a friend\"><span><\/span><span class=\"sharing-screen-reader-text\">Click to email this to a friend (Opens in new window)<\/span><\/a><\/li><li class=\"share-end\"><\/li><\/ul><\/div><\/div><\/div>","protected":false},"author":4,"featured_media":244,"comment_status":"open","ping_status":"closed","sticky":false,"template":"","format":"standard","meta":{"_bbp_topic_count":0,"_bbp_reply_count":0,"_bbp_total_topic_count":0,"_bbp_total_reply_count":0,"_bbp_voice_count":0,"_bbp_anonymous_reply_count":0,"_bbp_topic_count_hidden":0,"_bbp_reply_count_hidden":0,"_bbp_forum_subforum_count":0,"spay_email":"","jetpack_publicize_message":"","jetpack_is_tweetstorm":false,"jetpack_publicize_feature_enabled":true},"categories":[1],"tags":[],"jetpack_featured_media_url":"https:\/\/bukkleader.hu\/old\/wp-content\/uploads\/2015\/09\/magyar-cimer.jpg","jetpack_publicize_connections":[],"jetpack_sharing_enabled":true,"jetpack-related-posts":[{"id":2491,"url":"https:\/\/bukkleader.hu\/old\/tajekoztatas-a-tamogatott-rendezvenyek-elhalasztasanak-kotelezettsegerol-es-lehetosegerol\/","url_meta":{"origin":2536,"position":0},"title":"T\u00e1j\u00e9koztat\u00e1s a t\u00e1mogatott rendezv\u00e9nyek elhalaszt\u00e1s\u00e1nak k\u00f6telezetts\u00e9g\u00e9r\u0151l \u00e9s lehet\u0151s\u00e9g\u00e9r\u0151l","date":"2020-03-16","format":false,"excerpt":"Tisztelt Kedvezm\u00e9nyezettek! Felh\u00edvjuk a figyelm\u00fcket arra, hogy a Magyar K\u00f6zl\u00f6ny 2020. \u00e9vi 40. sz\u00e1m\u00e1ban megjelent\u00a0az \u00e9let- \u00e9s vagyonbiztons\u00e1got vesz\u00e9lyeztet\u0151 t\u00f6meges megbeteged\u00e9st okoz\u00f3 hum\u00e1n j\u00e1rv\u00e1ny megel\u0151z\u00e9se, illetve k\u00f6vetkezm\u00e9nyeinek elh\u00e1r\u00edt\u00e1sa, a magyar \u00e1llampolg\u00e1rok eg\u00e9szs\u00e9g\u00e9nek \u00e9s \u00e9let\u00e9nek meg\u00f3v\u00e1sa \u00e9rdek\u00e9ben elrendelt vesz\u00e9lyhelyzet sor\u00e1n teend\u0151 int\u00e9zked\u00e9sekr\u0151l sz\u00f3l\u00f3 41\/2020. (III. 11.) Korm. rendelet 4.\u00a7 d) pontj\u00e1ban\u2026","rel":"","context":"In &quot;H\u00edreink, k\u00f6zlem\u00e9nyeink&quot;","img":{"alt_text":"","src":"https:\/\/i2.wp.com\/bukkleader.hu\/old\/wp-content\/uploads\/2017\/12\/danger.png?resize=350%2C200&ssl=1","width":350,"height":200},"classes":[]},{"id":2493,"url":"https:\/\/bukkleader.hu\/old\/figyelem-a-koronavirussal-kapcsolatos-veszelyhelyzet-miatt-a-szemelyes-ugyfelfogadas-szunetel-irodankban\/","url_meta":{"origin":2536,"position":1},"title":"FIGYELEM! A koronav\u00edrussal kapcsolatos vesz\u00e9lyhelyzet miatt a szem\u00e9lyes \u00fcgyf\u00e9lfogad\u00e1s sz\u00fcnetel irod\u00e1nkban","date":"2020-03-20","format":false,"excerpt":"Tisztelt \u00dcgyfeleink! A koronav\u00edrussal kapcsolatos vesz\u00e9lyhelyzetre val\u00f3 tekintettel\u00a02020. m\u00e1rcius 20-\u00e1t\u00f3l irod\u00e1nk a szem\u00e9lyes \u00fcgyf\u00e9lfogad\u00e1st felf\u00fcggeszti. Ezek helyett telefonon vagy e-mailben tudunk k\u00e9rd\u00e9seikre v\u00e1laszolni, inform\u00e1ci\u00f3kkal szolg\u00e1lni az al\u00e1bbi el\u00e9rhet\u0151s\u00e9geinken: Telefon:\u00a006 46 576 280 (h\u00e9tf\u0151t\u0151l p\u00e9ntekig 8:00-16:00 k\u00f6z\u00f6tt) E-mail:\u00a0hacs@bukkleader.hu Jelen int\u00e9zked\u00e9s visszavon\u00e1sig \u00e9rv\u00e9nyes. Meg\u00e9rt\u00e9s\u00fcket k\u00f6sz\u00f6nj\u00fck!","rel":"","context":"In &quot;H\u00edreink, k\u00f6zlem\u00e9nyeink&quot;","img":{"alt_text":"inform\u00e1ci\u00f3","src":"https:\/\/i1.wp.com\/bukkleader.hu\/old\/wp-content\/uploads\/2012\/06\/info384w.jpg?resize=350%2C200&ssl=1","width":350,"height":200},"classes":[]},{"id":4335,"url":"https:\/\/bukkleader.hu\/old\/figyelem-a-koronavirussal-kapcsolatos-veszelyhelyzet-miatt-a-szemelyes-ugyfelfogadas-szunetel-irodankban-2\/","url_meta":{"origin":2536,"position":2},"title":"FIGYELEM! A koronav\u00edrussal kapcsolatos vesz\u00e9lyhelyzet miatt a szem\u00e9lyes \u00fcgyf\u00e9lfogad\u00e1s sz\u00fcnetel irod\u00e1nkban","date":"2020-11-12","format":false,"excerpt":"Tisztelt \u00dcgyfeleink! A koronav\u00edrussal kapcsolatos vesz\u00e9lyhelyzetre val\u00f3 tekintettel 2020. november 11-t\u0151l irod\u00e1nk a szem\u00e9lyes \u00fcgyf\u00e9lfogad\u00e1st felf\u00fcggeszti. Ehelyett telefonon vagy e-mailben tudunk k\u00e9rd\u00e9seikre v\u00e1laszolni, inform\u00e1ci\u00f3kkal szolg\u00e1lni az al\u00e1bbi el\u00e9rhet\u0151s\u00e9geinken: Telefon: 06 46 576 280 (h\u00e9tf\u0151t\u0151l p\u00e9ntekig 8:00-16:00 k\u00f6z\u00f6tt) E-mail: hacs@bukkleader.hu Jelen int\u00e9zked\u00e9s a korl\u00e1toz\u00e1s fenn\u00e1ll\u00e1s\u00e1ig \u00e9rv\u00e9nyes. Meg\u00e9rt\u00e9s\u00fcket k\u00f6sz\u00f6nj\u00fck!","rel":"","context":"In &quot;H\u00edreink, k\u00f6zlem\u00e9nyeink&quot;","img":{"alt_text":"inform\u00e1ci\u00f3","src":"https:\/\/i1.wp.com\/bukkleader.hu\/old\/wp-content\/uploads\/2012\/06\/info384w.jpg?resize=350%2C200&ssl=1","width":350,"height":200},"classes":[]},{"id":5784,"url":"https:\/\/bukkleader.hu\/old\/figyelem-a-koronavirussal-kapcsolatos-veszelyhelyzet-miatt-a-szemelyes-ugyfelfogadas-szunetel-irodankban-3\/","url_meta":{"origin":2536,"position":3},"title":"FIGYELEM! A koronav\u00edrussal kapcsolatos vesz\u00e9lyhelyzet miatt a szem\u00e9lyes \u00fcgyf\u00e9lfogad\u00e1s sz\u00fcnetel irod\u00e1nkban","date":"2021-03-08","format":false,"excerpt":"Tisztelt \u00dcgyfeleink! A koronav\u00edrussal kapcsolatos vesz\u00e9lyhelyzetre val\u00f3 tekintettel\u00a02021. m\u00e1rcius 8-adik\u00e1t\u00f3l irod\u00e1nk a szem\u00e9lyes \u00fcgyf\u00e9lfogad\u00e1st felf\u00fcggeszti. Ezek helyett telefonon vagy e-mailben tudunk k\u00e9rd\u00e9seikre v\u00e1laszolni, inform\u00e1ci\u00f3kkal szolg\u00e1lni az al\u00e1bbi el\u00e9rhet\u0151s\u00e9geinken: Telefon:\u00a006 46 576 280 (h\u00e9tf\u0151t\u0151l p\u00e9ntekig 8:00-16:00 k\u00f6z\u00f6tt) E-mail:\u00a0hacs@bukkleader.hu Jelen int\u00e9zked\u00e9s visszavon\u00e1sig \u00e9rv\u00e9nyes. Meg\u00e9rt\u00e9s\u00fcket k\u00f6sz\u00f6nj\u00fck!","rel":"","context":"In &quot;H\u00edreink, k\u00f6zlem\u00e9nyeink&quot;","img":{"alt_text":"inform\u00e1ci\u00f3","src":"https:\/\/i1.wp.com\/bukkleader.hu\/old\/wp-content\/uploads\/2012\/06\/info384w.jpg?resize=350%2C200&ssl=1","width":350,"height":200},"classes":[]},{"id":2488,"url":"https:\/\/bukkleader.hu\/old\/figyelem-utolso-lehetoseg-szemelyes-konzultaciora-a-turisztikai-szolgaltatasok-fejlesztesere-palyazoknak\/","url_meta":{"origin":2536,"position":4},"title":"FIGYELEM! Utols\u00f3 lehet\u0151s\u00e9g szem\u00e9lyes konzult\u00e1ci\u00f3ra a turisztikai szolg\u00e1ltat\u00e1sok fejleszt\u00e9s\u00e9re p\u00e1ly\u00e1z\u00f3knak!","date":"2020-03-16","format":false,"excerpt":"Tisztelt P\u00e1ly\u00e1z\u00f3k! Azon t\u00e1mogat\u00e1st ig\u00e9nyl\u0151k, akik m\u00e9g nem vettek r\u00e9szt a Turisztikai Szolg\u00e1ltat\u00e1sok Fejleszt\u00e9se egyik ismertet\u0151 f\u00f3rum\u00e1n sem \u00e9s szeretn\u00e9nek szem\u00e9lyes konzult\u00e1ci\u00f3n r\u00e9szt venni, 2020.03.16. - 2020.03.19.-ig el\u0151zetes id\u0151pont egyeztet\u00e9s alapj\u00e1n megtehetik. Id\u0151pont egyeztet\u00e9s a 06 46 576 280-as telefonsz\u00e1mon! Jelen int\u00e9zked\u00e9s a fenn\u00e1ll\u00f3 vesz\u00e9lyhelyzet miatt ker\u00fcl bevezet\u00e9sre \u00e9s visszavon\u00e1sig\u2026","rel":"","context":"In &quot;H\u00edreink, k\u00f6zlem\u00e9nyeink&quot;","img":{"alt_text":"","src":"https:\/\/i2.wp.com\/bukkleader.hu\/old\/wp-content\/uploads\/2017\/12\/danger.png?resize=350%2C200&ssl=1","width":350,"height":200},"classes":[]},{"id":315,"url":"https:\/\/bukkleader.hu\/old\/indul-a-leader-iii-tamogatasi-idoszaka\/","url_meta":{"origin":2536,"position":5},"title":"Indul a LEADER III. t\u00e1mogat\u00e1si id\u0151szaka","date":"2013-03-26","format":false,"excerpt":"A Vid\u00e9kfejleszt\u00e9si Miniszt\u00e9rium harmadszor is megnyitja a LEADER Program p\u00e1ly\u00e1zat\u00e1t. A p\u00e1ly\u00e1z\u00f3k a LEADER k\u00f6z\u00f6ss\u00e9gi vagy v\u00e1llalkoz\u00e1si c\u00e9l\u00fa helyi fejleszt\u00e9seikhez 2013. m\u00e1just\u00f3l a forr\u00e1s kimer\u00fcl\u00e9s\u00e9ig, de legk\u00e9s\u0151bb 2013. \u0151sz\u00e9igegyszer\u0171bb felt\u00e9telekkel ig\u00e9nyelhetnek t\u00e1mogat\u00e1st.A rendelkez\u00e9sre \u00e1ll\u00f3 forr\u00e1sok hat\u00e9kony felhaszn\u00e1l\u00e1sa \u00e9rdek\u00e9ben a t\u00e1rca egyszer\u0171s\u00edtette \u00e9s gyors\u00edtotta a p\u00e1ly\u00e1zati elj\u00e1r\u00e1st. Az egyszer\u0171s\u00edt\u00e9ssel megsz\u0171ntek a\u2026","rel":"","context":"In &quot;H\u00edreink, k\u00f6zlem\u00e9nyeink&quot;","img":{"alt_text":"bukk-leader-logo-w","src":"https:\/\/i2.wp.com\/bukkleader.hu\/old\/wp-content\/uploads\/2015\/09\/bukk-leader-logo-w.jpg?resize=350%2C200&ssl=1","width":350,"height":200},"classes":[]}],"_links":{"self":[{"href":"https:\/\/bukkleader.hu\/old\/wp-json\/wp\/v2\/posts\/2536"}],"collection":[{"href":"https:\/\/bukkleader.hu\/old\/wp-json\/wp\/v2\/posts"}],"about":[{"href":"https:\/\/bukkleader.hu\/old\/wp-json\/wp\/v2\/types\/post"}],"author":[{"embeddable":true,"href":"https:\/\/bukkleader.hu\/old\/wp-json\/wp\/v2\/users\/4"}],"replies":[{"embeddable":true,"href":"https:\/\/bukkleader.hu\/old\/wp-json\/wp\/v2\/comments?post=2536"}],"version-history":[{"count":4,"href":"https:\/\/bukkleader.hu\/old\/wp-json\/wp\/v2\/posts\/2536\/revisions"}],"predecessor-version":[{"id":2543,"href":"https:\/\/bukkleader.hu\/old\/wp-json\/wp\/v2\/posts\/2536\/revisions\/2543"}],"wp:featuredmedia":[{"embeddable":true,"href":"https:\/\/bukkleader.hu\/old\/wp-json\/wp\/v2\/media\/244"}],"wp:attachment":[{"href":"https:\/\/bukkleader.hu\/old\/wp-json\/wp\/v2\/media?parent=2536"}],"wp:term":[{"taxonomy":"category","embeddable":true,"href":"https:\/\/bukkleader.hu\/old\/wp-json\/wp\/v2\/categories?post=2536"},{"taxonomy":"post_tag","embeddable":true,"href":"https:\/\/bukkleader.hu\/old\/wp-json\/wp\/v2\/tags?post=2536"}],"curies":[{"name":"wp","href":"https:\/\/api.w.org\/{rel}","templated":true}]}}