{"id":2522,"date":"2020-04-20T11:21:18","date_gmt":"2020-04-20T09:21:18","guid":{"rendered":"https:\/\/bukkleader.hu\/old\/?p=2522"},"modified":"2020-04-20T11:23:19","modified_gmt":"2020-04-20T09:23:19","slug":"turisztikai-szolgaltatasok-fejlesztese-felhivasra-tamogatasi-kerelmet-benyujtani-szandekozok-figyelmebe","status":"publish","type":"post","link":"https:\/\/bukkleader.hu\/old\/turisztikai-szolgaltatasok-fejlesztese-felhivasra-tamogatasi-kerelmet-benyujtani-szandekozok-figyelmebe\/","title":{"rendered":"Turisztikai szolg\u00e1ltat\u00e1sok fejleszt\u00e9se felh\u00edv\u00e1sra t\u00e1mogat\u00e1si k\u00e9relmet beny\u00fajtani sz\u00e1nd\u00e9koz\u00f3k figyelm\u00e9be!"},"content":{"rendered":"<p><strong>Tisztelt T\u00e1mogat\u00e1st Ig\u00e9nyl\u0151k!<\/strong><\/p>\n<p>Felh\u00edvjuk a figyelm\u00fcket, hogy a TURISZTIKAI SZOLG\u00c1LTAT\u00c1SOK FEJLESZT\u00c9SE c\u00edm\u0171, VP6-19.2.1.-15-9-20 k\u00f3dsz\u00e1m\u00fa helyi felh\u00edv\u00e1s 1. szakasz hat\u00e1rnapja ma 23:59 \u00f3ra.<\/p>\n<p>Az IIER adatt\u00e1rb\u00f3l nyert inform\u00e1ci\u00f3 alapj\u00e1n nagy sz\u00e1m\u00fa t\u00e1mogat\u00e1si k\u00e9relem r\u00f6gz\u00edt\u00e9se van folyamatban, ez\u00e9rt a t\u00e1mogat\u00e1si k\u00e9relmek beny\u00fajt\u00e1sa 2020. 04. 21.-t\u0151l val\u00f3sz\u00edn\u0171leg felf\u00fcggeszt\u00e9sre ker\u00fcl.<\/p>\n<div class=\"sharedaddy sd-sharing-enabled\"><div class=\"robots-nocontent sd-block sd-social sd-social-icon sd-sharing\"><h3 class=\"sd-title\">Share this:<\/h3><div class=\"sd-content\"><ul><li class=\"share-facebook\"><a rel=\"nofollow noopener noreferrer\" data-shared=\"sharing-facebook-2522\" class=\"share-facebook sd-button share-icon no-text\" href=\"https:\/\/bukkleader.hu\/old\/turisztikai-szolgaltatasok-fejlesztese-felhivasra-tamogatasi-kerelmet-benyujtani-szandekozok-figyelmebe\/?share=facebook\" target=\"_blank\" title=\"Click to share on Facebook\"><span><\/span><span class=\"sharing-screen-reader-text\">Click to share on Facebook (Opens in new window)<\/span><\/a><\/li><li class=\"share-twitter\"><a rel=\"nofollow noopener noreferrer\" data-shared=\"sharing-twitter-2522\" class=\"share-twitter sd-button share-icon no-text\" href=\"https:\/\/bukkleader.hu\/old\/turisztikai-szolgaltatasok-fejlesztese-felhivasra-tamogatasi-kerelmet-benyujtani-szandekozok-figyelmebe\/?share=twitter\" target=\"_blank\" title=\"Click to share on Twitter\"><span><\/span><span class=\"sharing-screen-reader-text\">Click to share on Twitter (Opens in new window)<\/span><\/a><\/li><li class=\"share-print\"><a rel=\"nofollow noopener noreferrer\" data-shared=\"\" class=\"share-print sd-button share-icon no-text\" href=\"https:\/\/bukkleader.hu\/old\/turisztikai-szolgaltatasok-fejlesztese-felhivasra-tamogatasi-kerelmet-benyujtani-szandekozok-figyelmebe\/\" target=\"_blank\" title=\"Click to print\"><span><\/span><span class=\"sharing-screen-reader-text\">Click to print (Opens in new window)<\/span><\/a><\/li><li class=\"share-email\"><a rel=\"nofollow noopener noreferrer\" data-shared=\"\" class=\"share-email sd-button share-icon no-text\" href=\"https:\/\/bukkleader.hu\/old\/turisztikai-szolgaltatasok-fejlesztese-felhivasra-tamogatasi-kerelmet-benyujtani-szandekozok-figyelmebe\/?share=email\" target=\"_blank\" title=\"Click to email this to a friend\"><span><\/span><span class=\"sharing-screen-reader-text\">Click to email this to a friend (Opens in new window)<\/span><\/a><\/li><li class=\"share-end\"><\/li><\/ul><\/div><\/div><\/div>","protected":false},"excerpt":{"rendered":"<p>Tisztelt T\u00e1mogat\u00e1st Ig\u00e9nyl\u0151k! Felh\u00edvjuk a figyelm\u00fcket, hogy a TURISZTIKAI SZOLG\u00c1LTAT\u00c1SOK FEJLESZT\u00c9SE c\u00edm\u0171, VP6-19.2.1.-15-9-20 k\u00f3dsz\u00e1m\u00fa helyi felh\u00edv\u00e1s 1. szakasz hat\u00e1rnapja ma 23:59 \u00f3ra. Az IIER adatt\u00e1rb\u00f3l nyert inform\u00e1ci\u00f3 alapj\u00e1n nagy sz\u00e1m\u00fa t\u00e1mogat\u00e1si k\u00e9relem r\u00f6gz\u00edt\u00e9se van folyamatban, ez\u00e9rt a t\u00e1mogat\u00e1si k\u00e9relmek beny\u00fajt\u00e1sa 2020. 04. 21.-t\u0151l val\u00f3sz\u00edn\u0171leg felf\u00fcggeszt\u00e9sre ker\u00fcl.<\/p>\n<div class=\"sharedaddy sd-sharing-enabled\"><div class=\"robots-nocontent sd-block sd-social sd-social-icon sd-sharing\"><h3 class=\"sd-title\">Share this:<\/h3><div class=\"sd-content\"><ul><li class=\"share-facebook\"><a rel=\"nofollow noopener noreferrer\" data-shared=\"sharing-facebook-2522\" class=\"share-facebook sd-button share-icon no-text\" href=\"https:\/\/bukkleader.hu\/old\/turisztikai-szolgaltatasok-fejlesztese-felhivasra-tamogatasi-kerelmet-benyujtani-szandekozok-figyelmebe\/?share=facebook\" target=\"_blank\" title=\"Click to share on Facebook\"><span><\/span><span class=\"sharing-screen-reader-text\">Click to share on Facebook (Opens in new window)<\/span><\/a><\/li><li class=\"share-twitter\"><a rel=\"nofollow noopener noreferrer\" data-shared=\"sharing-twitter-2522\" class=\"share-twitter sd-button share-icon no-text\" href=\"https:\/\/bukkleader.hu\/old\/turisztikai-szolgaltatasok-fejlesztese-felhivasra-tamogatasi-kerelmet-benyujtani-szandekozok-figyelmebe\/?share=twitter\" target=\"_blank\" title=\"Click to share on Twitter\"><span><\/span><span class=\"sharing-screen-reader-text\">Click to share on Twitter (Opens in new window)<\/span><\/a><\/li><li class=\"share-print\"><a rel=\"nofollow noopener noreferrer\" data-shared=\"\" class=\"share-print sd-button share-icon no-text\" href=\"https:\/\/bukkleader.hu\/old\/turisztikai-szolgaltatasok-fejlesztese-felhivasra-tamogatasi-kerelmet-benyujtani-szandekozok-figyelmebe\/\" target=\"_blank\" title=\"Click to print\"><span><\/span><span class=\"sharing-screen-reader-text\">Click to print (Opens in new window)<\/span><\/a><\/li><li class=\"share-email\"><a rel=\"nofollow noopener noreferrer\" data-shared=\"\" class=\"share-email sd-button share-icon no-text\" href=\"https:\/\/bukkleader.hu\/old\/turisztikai-szolgaltatasok-fejlesztese-felhivasra-tamogatasi-kerelmet-benyujtani-szandekozok-figyelmebe\/?share=email\" target=\"_blank\" title=\"Click to email this to a friend\"><span><\/span><span class=\"sharing-screen-reader-text\">Click to email this to a friend (Opens in new window)<\/span><\/a><\/li><li class=\"share-end\"><\/li><\/ul><\/div><\/div><\/div>","protected":false},"author":4,"featured_media":954,"comment_status":"open","ping_status":"closed","sticky":false,"template":"","format":"standard","meta":{"_bbp_topic_count":0,"_bbp_reply_count":0,"_bbp_total_topic_count":0,"_bbp_total_reply_count":0,"_bbp_voice_count":0,"_bbp_anonymous_reply_count":0,"_bbp_topic_count_hidden":0,"_bbp_reply_count_hidden":0,"_bbp_forum_subforum_count":0,"spay_email":"","jetpack_publicize_message":"","jetpack_is_tweetstorm":false,"jetpack_publicize_feature_enabled":true},"categories":[1],"tags":[],"jetpack_featured_media_url":"https:\/\/bukkleader.hu\/old\/wp-content\/uploads\/2016\/06\/\u00faj-k\u00e9p.jpg","jetpack_publicize_connections":[],"jetpack_sharing_enabled":true,"jetpack-related-posts":[{"id":2527,"url":"https:\/\/bukkleader.hu\/old\/turisztikai-szolgaltatasok-fejlesztese-felhivasra-tamogatasi-kerelmet-benyujtani-szandekozok-figyelmebe-2\/","url_meta":{"origin":2522,"position":0},"title":"Turisztikai szolg\u00e1ltat\u00e1sok fejleszt\u00e9se felh\u00edv\u00e1sra t\u00e1mogat\u00e1si k\u00e9relmet beny\u00fajtani sz\u00e1nd\u00e9koz\u00f3k figyelm\u00e9be!","date":"2020-04-21","format":false,"excerpt":"Tisztelt T\u00e1mogat\u00e1st Ig\u00e9nyl\u0151k! Felh\u00edvjuk a figyelm\u00fcket, hogy a TURISZTIKAI SZOLG\u00c1LTAT\u00c1SOK FEJLESZT\u00c9SE c\u00edm\u0171, VP6-19.2.1.-15-9-20 k\u00f3dsz\u00e1m\u00fa helyi felh\u00edv\u00e1sra m\u00e9g lehet t\u00e1mogat\u00e1si k\u00e9relmeket beny\u00fajtani 2020. 04. 30. \u00e9jf\u00e9lig. Az IIER adatt\u00e1r inform\u00e1ci\u00f3 alapj\u00e1n 7 db t\u00e1mogat\u00e1si k\u00e9relem nem ker\u00fclt beny\u00fajt\u00e1sra a 2020. 04. 20.-i els\u0151 szakasz v\u00e9g\u00e9ig. Ezen k\u00e9relmek is a fenti id\u0151pontig\u2026","rel":"","context":"In &quot;H\u00edreink, k\u00f6zlem\u00e9nyeink&quot;","img":{"alt_text":"LEADER","src":"https:\/\/i0.wp.com\/bukkleader.hu\/old\/wp-content\/uploads\/2015\/08\/384-10-leader_logo.jpg?resize=350%2C200&ssl=1","width":350,"height":200},"classes":[]},{"id":2532,"url":"https:\/\/bukkleader.hu\/old\/tamogatast-igenylok-figyelmebe-helyi-tamogatasi-kerelmek-benyujtasanak-felfuggesztese\/","url_meta":{"origin":2522,"position":1},"title":"T\u00e1mogat\u00e1st Ig\u00e9nyl\u0151k figyelm\u00e9be! Helyi t\u00e1mogat\u00e1si k\u00e9relmek beny\u00fajt\u00e1s\u00e1nak felf\u00fcggeszt\u00e9se!","date":"2020-04-21","format":false,"excerpt":"Helyi t\u00e1mogat\u00e1si k\u00e9relem beny\u00fajt\u00e1s\u00e1nak felf\u00fcggeszt\u00e9se! T\u00e1j\u00e9koztatjuk\u00a0Tisztelt T\u00e1mogat\u00e1st Ig\u00e9nyl\u0151ket, hogy a Turisztikai Szolg\u00e1ltat\u00e1sok Fejleszt\u00e9se elnevez\u00e9s\u0171, VP6-19.2.1.-15-9-20 k\u00f3dsz\u00e1m\u00fa felh\u00edv\u00e1sra a t\u00e1mogat\u00e1si k\u00e9relmek tov\u00e1bbi beny\u00fajt\u00e1s\u00e1t 2020. 05. 01-\u00e9n\u00a0felf\u00fcggesztj\u00fck, mivel a 2020. 04. 20.-ig be\u00e9rkezett k\u00e9relmek t\u00e1mogat\u00e1si ig\u00e9nye meghaladja a 200%-ot.","rel":"","context":"In &quot;H\u00edreink, k\u00f6zlem\u00e9nyeink&quot;","img":{"alt_text":"","src":"https:\/\/i0.wp.com\/bukkleader.hu\/old\/wp-content\/uploads\/2018\/08\/p\u00e1ly\u00e1zati-felh\u00edv\u00e1s.jpg?resize=350%2C200&ssl=1","width":350,"height":200},"classes":[]},{"id":2356,"url":"https:\/\/bukkleader.hu\/old\/tajekoztato-az-uj-turisztikai-szolgaltatasok-fejlesztesere-kiirando-felhivasrol\/","url_meta":{"origin":2522,"position":2},"title":"T\u00e1j\u00e9koztat\u00f3 az \u00faj turisztikai szolg\u00e1ltat\u00e1sok fejleszt\u00e9s\u00e9re ki\u00edrand\u00f3 felh\u00edv\u00e1sr\u00f3l","date":"2019-12-13","format":false,"excerpt":"Tisztelt P\u00e1ly\u00e1z\u00f3k! T\u00e1j\u00e9koztatjuk azon p\u00e1ly\u00e1z\u00f3kat, akik az \u00faj turisztikai szolg\u00e1ltat\u00e1sok fejleszt\u00e9se megnevez\u00e9s\u0171 helyi felh\u00edv\u00e1sra szeretn\u00e9nek t\u00e1mogat\u00e1si k\u00e9relmet beny\u00fajtani, hogy 2019. december\u00e9ben a felh\u00edv\u00e1s nem jelenik meg, mert az Ir\u00e1ny\u00edt\u00f3 Hat\u00f3s\u00e1g a szab\u00e1lyoss\u00e1gi vizsg\u00e1latot m\u00e9g nem v\u00e9gezte el. A felh\u00edv\u00e1s megjelen\u00e9s\u00e9vel kapcsolatosan tov\u00e1bbra is a honlapunkon t\u00e1j\u00e9koztatjuk \u00d6n\u00f6ket.","rel":"","context":"In &quot;H\u00edreink, k\u00f6zlem\u00e9nyeink&quot;","img":{"alt_text":"","src":"https:\/\/i2.wp.com\/bukkleader.hu\/old\/wp-content\/uploads\/2017\/12\/danger.png?resize=350%2C200&ssl=1","width":350,"height":200},"classes":[]},{"id":2412,"url":"https:\/\/bukkleader.hu\/old\/figyelem-pontozasi-szempont-a-forumon-valo-reszvetel\/","url_meta":{"origin":2522,"position":3},"title":"Figyelem! Pontoz\u00e1si szempont a f\u00f3rumon val\u00f3 r\u00e9szv\u00e9tel!","date":"2020-02-06","format":false,"excerpt":"Tisztelt P\u00e1ly\u00e1z\u00f3k! Felh\u00edvjuk a figyelm\u00fcket, hogy a hamarosan megjelen\u0151 \"Turisztikai szolg\u00e1ltat\u00e1sok fejleszt\u00e9se\" helyi felh\u00edv\u00e1s egyik pontoz\u00e1si szempontja a\u00a0f\u00f3rumokon val\u00f3 r\u00e9szv\u00e9tel. Amennyiben t\u00e1mogat\u00e1si k\u00e9relmet k\u00edv\u00e1nnak beny\u00fajtani, k\u00e9rj\u00fck sz\u00edveskedjenek valamelyik meghirdetett f\u00f3rumon r\u00e9szt venni! Meghirdetett id\u0151pontok \u00e9s helysz\u00ednek: T\u00e1j\u00e9koztat\u00f3 f\u00f3rum a helyi szerepl\u0151k felk\u00e9sz\u00edt\u00e9s\u00e9nek \u00e9rdek\u00e9ben B\u00fckkszentkereszten - 2020.02.10. T\u00e1j\u00e9koztat\u00f3 f\u00f3rum a helyi\u2026","rel":"","context":"In &quot;H\u00edreink, k\u00f6zlem\u00e9nyeink&quot;","img":{"alt_text":"LEADER","src":"https:\/\/i0.wp.com\/bukkleader.hu\/old\/wp-content\/uploads\/2015\/08\/384-10-leader_logo.jpg?resize=350%2C200&ssl=1","width":350,"height":200},"classes":[]},{"id":8473,"url":"https:\/\/bukkleader.hu\/old\/palyazok-figyelmebe-modosult-a-helyi-fejlesztesek-tamogatasa-cimu-felhivas\/","url_meta":{"origin":2522,"position":4},"title":"P\u00e1ly\u00e1z\u00f3k figyelm\u00e9be! M\u00f3dosult a Helyi Fejleszt\u00e9sek T\u00e1mogat\u00e1sa c\u00edm\u0171 felh\u00edv\u00e1s!","date":"2021-09-20","format":false,"excerpt":"P\u00e1ly\u00e1z\u00f3k figyelm\u00e9be! M\u00f3dosult a Helyi Fejleszt\u00e9sek T\u00e1mogat\u00e1sa c\u00edm\u0171 felh\u00edv\u00e1s! T\u00e1j\u00e9koztatjuk a t\u00e1mogat\u00e1si k\u00e9relmet beny\u00fajtani sz\u00e1nd\u00e9koz\u00f3kat, hogy m\u00f3dosult a VP6-19.2.1.-15-10-21 k\u00f3dsz\u00e1m\u00fa, Helyi Fejleszt\u00e9sek T\u00e1mogat\u00e1sa c\u00edm\u0171 felh\u00edv\u00e1s 4.3. pontja. A m\u00f3dos\u00edt\u00e1s szerint a 2. szakasz z\u00e1r\u00f3 napja 2021. 09. 25. Ennek alapj\u00e1n t\u00e1mogat\u00e1si k\u00e9relmet 2021. 09. 25-ig lehet beny\u00fajtani.","rel":"","context":"In &quot;H\u00edreink, k\u00f6zlem\u00e9nyeink&quot;","img":{"alt_text":"","src":"https:\/\/i2.wp.com\/bukkleader.hu\/old\/wp-content\/uploads\/2019\/08\/warning-icon-free-28_384x384.jpg?resize=350%2C200&ssl=1","width":350,"height":200},"classes":[]},{"id":2183,"url":"https:\/\/bukkleader.hu\/old\/a-mult-jelen-es-a-jovo-mestersegeinek-fejlesztese-cimu-intezkedesunk-nyertes-palyazoinak-figyelmebe\/","url_meta":{"origin":2522,"position":5},"title":"&#8220;A m\u00falt, jelen, \u00e9s a j\u00f6v\u0151 mesters\u00e9geinek fejleszt\u00e9se&#8221; c\u00edm\u0171 int\u00e9zked\u00e9s\u00fcnk nyertes p\u00e1ly\u00e1z\u00f3inak figyelm\u00e9be!","date":"2019-08-13","format":false,"excerpt":"\"A m\u00falt, jelen, \u00e9s a j\u00f6v\u0151 mesters\u00e9geinek fejleszt\u00e9se\" (VP6-19.2.1.-15-5-17) c\u00edmmel ki\u00edrt helyi felh\u00edv\u00e1sunk nyertes p\u00e1ly\u00e1z\u00f3i a t\u00e1mogat\u00e1si k\u00e9relem 6. sz\u00e1m\u00fa mell\u00e9klet\u00e9ben v\u00e1llalt\u00e1k, hogy a t\u00e1mogat\u00e1ssal \u00e9rintett term\u00e9keikkel\/szolg\u00e1ltat\u00e1saikkal vagy azok n\u00e9pszer\u0171s\u00edt\u00e9s\u00e9vel r\u00e9szt vesznek LEADER Tudomka programokon 2 vagy 3 alkalommal (a p\u00e1ly\u00e1z\u00f3 egy\u00e9ni v\u00e1llal\u00e1s\u00e1t\u00f3l f\u00fcgg\u0151en). Felh\u00edvjuk a figyelm\u00fcket, hogy ezt a\u2026","rel":"","context":"In &quot;H\u00edreink, k\u00f6zlem\u00e9nyeink&quot;","img":{"alt_text":"","src":"https:\/\/i2.wp.com\/bukkleader.hu\/old\/wp-content\/uploads\/2019\/08\/warning-icon-free-28_384x384.jpg?resize=350%2C200&ssl=1","width":350,"height":200},"classes":[]}],"_links":{"self":[{"href":"https:\/\/bukkleader.hu\/old\/wp-json\/wp\/v2\/posts\/2522"}],"collection":[{"href":"https:\/\/bukkleader.hu\/old\/wp-json\/wp\/v2\/posts"}],"about":[{"href":"https:\/\/bukkleader.hu\/old\/wp-json\/wp\/v2\/types\/post"}],"author":[{"embeddable":true,"href":"https:\/\/bukkleader.hu\/old\/wp-json\/wp\/v2\/users\/4"}],"replies":[{"embeddable":true,"href":"https:\/\/bukkleader.hu\/old\/wp-json\/wp\/v2\/comments?post=2522"}],"version-history":[{"count":1,"href":"https:\/\/bukkleader.hu\/old\/wp-json\/wp\/v2\/posts\/2522\/revisions"}],"predecessor-version":[{"id":2523,"href":"https:\/\/bukkleader.hu\/old\/wp-json\/wp\/v2\/posts\/2522\/revisions\/2523"}],"wp:featuredmedia":[{"embeddable":true,"href":"https:\/\/bukkleader.hu\/old\/wp-json\/wp\/v2\/media\/954"}],"wp:attachment":[{"href":"https:\/\/bukkleader.hu\/old\/wp-json\/wp\/v2\/media?parent=2522"}],"wp:term":[{"taxonomy":"category","embeddable":true,"href":"https:\/\/bukkleader.hu\/old\/wp-json\/wp\/v2\/categories?post=2522"},{"taxonomy":"post_tag","embeddable":true,"href":"https:\/\/bukkleader.hu\/old\/wp-json\/wp\/v2\/tags?post=2522"}],"curies":[{"name":"wp","href":"https:\/\/api.w.org\/{rel}","templated":true}]}}