{"id":251,"date":"2012-09-23T10:34:47","date_gmt":"2012-09-23T08:34:47","guid":{"rendered":"https:\/\/bukkleader.hu\/old\/new\/?p=251"},"modified":"2015-09-22T10:46:40","modified_gmt":"2015-09-22T08:46:40","slug":"kozponti-szerepet-kap-a-leader-szemleletmod","status":"publish","type":"post","link":"https:\/\/bukkleader.hu\/old\/kozponti-szerepet-kap-a-leader-szemleletmod\/","title":{"rendered":"K\u00f6zponti szerepet kap a LEADER szeml\u00e9letm\u00f3d"},"content":{"rendered":"<p><strong>K\u00f6zponti szerepet kap a 2014-2020-as tervez\u00e9sben a LEADER szeml\u00e9letm\u00f3d<\/strong><\/p>\n<p class=\"style6\" style=\"text-align: justify;\">\u201eAz elm\u00falt 20 \u00e9v sor\u00e1n hat\u00e9kony \u00e9s eredm\u00e9nyes eszk\u00f6znek bizonyult a fejleszt\u00e9spolitik\u00e1k megval\u00f3\u00ads\u00edt\u00e1s\u00e1ban a <strong class=\"style212\">k\u00f6z\u00f6ss\u00e9g \u00e1ltal ir\u00e1ny\u00edtott helyi fejleszt\u00e9s (CLLD) LEADER szeml\u00e9letm\u00f3dja<\/strong> [\u2026]<!--more--> A k\u00f6z\u00f6ss\u00e9g \u00e1ltal ir\u00e1ny\u00edtott helyi fejleszt\u00e9sr\u0151l sz\u00f3l\u00f3 rendelettervezet (28-31. cikk) (4) a LEADER szem\u00adl\u00e9letm\u00f3dj\u00e1n alapul, \u00e9s \u00e9rinti a <strong>K\u00f6z\u00f6s Strat\u00e9giai Keret minden alapj\u00e1t<\/strong> (<em>Eur\u00f3pai Region\u00e1lis Fejleszt\u00e9si Alap, Eur\u00f3pai Szoci\u00e1lis Alap, Eur\u00f3pai Mez\u0151gazdas\u00e1gi Vid\u00e9kfejleszt\u00e9si Alap Koh\u00e9zi\u00f3s Alap, Eur\u00f3pai Hal\u00e1szati Alap \u2013 egy\u00fcttesen a CSF-alapok<\/em>) <strong>a 2014 \u00e9s 2020 k\u00f6z\u00f6tti programid\u0151szakban<\/strong>.\u201d<br \/>A 2014-2020-as id\u0151szak strat\u00e9giai tervez\u00e9se orsz\u00e1gosan elkezd\u0151d\u00f6tt, kapcsol\u00f3d\u00f3 dokumentumok az <strong>Eur\u00f3pai Bizotts\u00e1g honlapj\u00e1r\u00f3l <\/strong>t\u00f6lthet\u0151k le:<\/p>\n<ul style=\"list-style-type: circle;\">\n<li class=\"style6\" style=\"text-align: justify;\"><a href=\"http:\/\/ec.europa.eu\/regional_policy\/sources\/docgener\/informat\/2014\/community_hu.pdf\" target=\"_blank\">K\u00f6z\u00f6ss\u00e9g \u00e1ltal Ir\u00e1ny\u00edtott Helyi Fejleszt\u00e9s (CLLD) \u2013 koh\u00e9zi\u00f3s politika 2014 \u00e9s 2020 k\u00f6z\u00f6tt &gt;&gt;<\/a><\/li>\n<li class=\"style6\" style=\"text-align: justify;\"><a href=\"http:\/\/ec.europa.eu\/regional_policy\/sources\/docgener\/informat\/2014\/simplification_hu.pdf\" target=\"_blank\">A koh\u00e9zi\u00f3s politika egyszer\u0171s\u00edt\u00e9se a 2014-2020 id\u0151szakra &gt;&gt;<\/a><\/li>\n<li class=\"style6\" style=\"text-align: justify;\"><a href=\"http:\/\/ec.europa.eu\/regional_policy\/sources\/docgener\/informat\/2014\/urban_hu.pdf\" target=\"_blank\">Integr\u00e1lt fenntarthat\u00f3 v\u00e1rosfejleszt\u00e9s &gt;&gt;<\/a><\/li>\n<li class=\"style6\" style=\"text-align: justify;\"><a href=\"http:\/\/ec.europa.eu\/regional_policy\/sources\/docgener\/informat\/2014\/smart_specialisation_hu.pdf\" target=\"_blank\">Intelligens specializ\u00e1ci\u00f3t szolg\u00e1l\u00f3 kutat\u00e1si \u00e9s innov\u00e1ci\u00f3s strat\u00e9gi\u00e1k &gt;&gt;<\/a><\/li>\n<li class=\"style6\" style=\"text-align: justify;\"><a href=\"http:\/\/ec.europa.eu\/regional_policy\/sources\/docgener\/informat\/2014\/financial_instruments_hu.pdf\" target=\"_blank\">P\u00e9nz\u00fcgyi eszk\u00f6z\u00f6k a 2014-2020 k\u00f6z\u00f6tti koh\u00e9zi\u00f3s politik\u00e1ban &gt;&gt;<\/a><\/li>\n<li class=\"style6\" style=\"text-align: justify;\"><a href=\"http:\/\/ec.europa.eu\/regional_policy\/sources\/docgener\/informat\/2014\/visibitily_hu.pdf\" target=\"_blank\">A koh\u00e9zi\u00f3s politika l\u00e1that\u00f3s\u00e1g\u00e1nak garant\u00e1l\u00e1sa: t\u00e1j\u00e9koztat\u00e1si \u00e9s kommunik\u00e1ci\u00f3s szab\u00e1lyok a 2014-2020 k\u00f6z\u00f6tti id\u0151szakra &gt;&gt;<\/a><\/li>\n<li class=\"style6\" style=\"text-align: justify;\"><a href=\"http:\/\/ec.europa.eu\/regional_policy\/sources\/docgener\/informat\/2014\/iti_hu.pdf\" target=\"_blank\">Integr\u00e1lt ter\u00fcleti befektet\u00e9s &gt;&gt;<\/a><\/li>\n<li class=\"style6\" style=\"text-align: justify;\"><a href=\"http:\/\/ec.europa.eu\/regional_policy\/sources\/docoffic\/official\/regulation\/pdf\/2014\/proposals\/regulation\/general\/general_proposal_hu.pdf\" target=\"_blank\">Tov\u00e1bbi inform\u00e1ci\u00f3k &gt;&gt;<\/a><\/li>\n<\/ul>\n<div class=\"sharedaddy sd-sharing-enabled\"><div class=\"robots-nocontent sd-block sd-social sd-social-icon sd-sharing\"><h3 class=\"sd-title\">Share this:<\/h3><div class=\"sd-content\"><ul><li class=\"share-facebook\"><a rel=\"nofollow noopener noreferrer\" data-shared=\"sharing-facebook-251\" class=\"share-facebook sd-button share-icon no-text\" href=\"https:\/\/bukkleader.hu\/old\/kozponti-szerepet-kap-a-leader-szemleletmod\/?share=facebook\" target=\"_blank\" title=\"Click to share on Facebook\"><span><\/span><span class=\"sharing-screen-reader-text\">Click to share on Facebook (Opens in new window)<\/span><\/a><\/li><li class=\"share-twitter\"><a rel=\"nofollow noopener noreferrer\" data-shared=\"sharing-twitter-251\" class=\"share-twitter sd-button share-icon no-text\" href=\"https:\/\/bukkleader.hu\/old\/kozponti-szerepet-kap-a-leader-szemleletmod\/?share=twitter\" target=\"_blank\" title=\"Click to share on Twitter\"><span><\/span><span class=\"sharing-screen-reader-text\">Click to share on Twitter (Opens in new window)<\/span><\/a><\/li><li class=\"share-print\"><a rel=\"nofollow noopener noreferrer\" data-shared=\"\" class=\"share-print sd-button share-icon no-text\" href=\"https:\/\/bukkleader.hu\/old\/kozponti-szerepet-kap-a-leader-szemleletmod\/\" target=\"_blank\" title=\"Click to print\"><span><\/span><span class=\"sharing-screen-reader-text\">Click to print (Opens in new window)<\/span><\/a><\/li><li class=\"share-email\"><a rel=\"nofollow noopener noreferrer\" data-shared=\"\" class=\"share-email sd-button share-icon no-text\" href=\"https:\/\/bukkleader.hu\/old\/kozponti-szerepet-kap-a-leader-szemleletmod\/?share=email\" target=\"_blank\" title=\"Click to email this to a friend\"><span><\/span><span class=\"sharing-screen-reader-text\">Click to email this to a friend (Opens in new window)<\/span><\/a><\/li><li class=\"share-end\"><\/li><\/ul><\/div><\/div><\/div>","protected":false},"excerpt":{"rendered":"<p>K\u00f6zponti szerepet kap a 2014-2020-as tervez\u00e9sben a LEADER szeml\u00e9letm\u00f3d \u201eAz elm\u00falt 20 \u00e9v sor\u00e1n hat\u00e9kony \u00e9s eredm\u00e9nyes eszk\u00f6znek bizonyult a fejleszt\u00e9spolitik\u00e1k megval\u00f3\u00ads\u00edt\u00e1s\u00e1ban a k\u00f6z\u00f6ss\u00e9g \u00e1ltal ir\u00e1ny\u00edtott helyi fejleszt\u00e9s (CLLD) LEADER szeml\u00e9letm\u00f3dja [\u2026]<\/p>\n<div class=\"sharedaddy sd-sharing-enabled\"><div class=\"robots-nocontent sd-block sd-social sd-social-icon sd-sharing\"><h3 class=\"sd-title\">Share this:<\/h3><div class=\"sd-content\"><ul><li class=\"share-facebook\"><a rel=\"nofollow noopener noreferrer\" data-shared=\"sharing-facebook-251\" class=\"share-facebook sd-button share-icon no-text\" href=\"https:\/\/bukkleader.hu\/old\/kozponti-szerepet-kap-a-leader-szemleletmod\/?share=facebook\" target=\"_blank\" title=\"Click to share on Facebook\"><span><\/span><span class=\"sharing-screen-reader-text\">Click to share on Facebook (Opens in new window)<\/span><\/a><\/li><li class=\"share-twitter\"><a rel=\"nofollow noopener noreferrer\" data-shared=\"sharing-twitter-251\" class=\"share-twitter sd-button share-icon no-text\" href=\"https:\/\/bukkleader.hu\/old\/kozponti-szerepet-kap-a-leader-szemleletmod\/?share=twitter\" target=\"_blank\" title=\"Click to share on Twitter\"><span><\/span><span class=\"sharing-screen-reader-text\">Click to share on Twitter (Opens in new window)<\/span><\/a><\/li><li class=\"share-print\"><a rel=\"nofollow noopener noreferrer\" data-shared=\"\" class=\"share-print sd-button share-icon no-text\" href=\"https:\/\/bukkleader.hu\/old\/kozponti-szerepet-kap-a-leader-szemleletmod\/\" target=\"_blank\" title=\"Click to print\"><span><\/span><span class=\"sharing-screen-reader-text\">Click to print (Opens in new window)<\/span><\/a><\/li><li class=\"share-email\"><a rel=\"nofollow noopener noreferrer\" data-shared=\"\" class=\"share-email sd-button share-icon no-text\" href=\"https:\/\/bukkleader.hu\/old\/kozponti-szerepet-kap-a-leader-szemleletmod\/?share=email\" target=\"_blank\" title=\"Click to email this to a friend\"><span><\/span><span class=\"sharing-screen-reader-text\">Click to email this to a friend (Opens in new window)<\/span><\/a><\/li><li class=\"share-end\"><\/li><\/ul><\/div><\/div><\/div>","protected":false},"author":1,"featured_media":252,"comment_status":"open","ping_status":"closed","sticky":false,"template":"","format":"standard","meta":{"_bbp_topic_count":0,"_bbp_reply_count":0,"_bbp_total_topic_count":0,"_bbp_total_reply_count":0,"_bbp_voice_count":0,"_bbp_anonymous_reply_count":0,"_bbp_topic_count_hidden":0,"_bbp_reply_count_hidden":0,"_bbp_forum_subforum_count":0,"spay_email":"","jetpack_publicize_message":"","jetpack_is_tweetstorm":false,"jetpack_publicize_feature_enabled":true},"categories":[1],"tags":[],"jetpack_featured_media_url":"https:\/\/bukkleader.hu\/old\/wp-content\/uploads\/2015\/09\/eu-logo2.jpg","jetpack_publicize_connections":[],"jetpack_sharing_enabled":true,"jetpack-related-posts":[{"id":398,"url":"https:\/\/bukkleader.hu\/old\/figyelem-tobb-emva-jogcimrendelet-modositasra-kerult\/","url_meta":{"origin":251,"position":0},"title":"Figyelem! T\u00f6bb EMVA jogc\u00edmrendelet m\u00f3dos\u00edt\u00e1sra ker\u00fclt","date":"2014-09-23","format":false,"excerpt":"2014. szeptember 15-\u00e9n megjelent az 1\/2014. (IX. 15.) MVM\u00a0rendelet Az Eur\u00f3pai Mez\u0151gazdas\u00e1gi Vid\u00e9kfejleszt\u00e9si Alapb\u00f3l finansz\u00edrozott egyes agr\u00e1rt\u00e1mogat\u00e1si t\u00e1rgy\u00fa miniszteri rendeletek m\u00f3dos\u00edt\u00e1s\u00e1r\u00f3l. A rendelet t\u00f6bbek k\u00f6z\u00f6tt tartalmazza:\u00a0A\u00a0LEADER Helyi Akci\u00f3csoportok feladat ell\u00e1t\u00e1s\u00e1hoz az\u00a0Eur\u00f3pai Mez\u0151gazdas\u00e1gi Vid\u00e9kfejleszt\u00e9si Alapb\u00f3l ny\u00fajtand\u00f3 vid\u00e9kfejleszt\u00e9si t\u00e1mogat\u00e1s r\u00e9szletes felt\u00e9teleir\u0151l sz\u00f3l\u00f330\/2012. (III. 24.) VM\u00a0rendelet m\u00f3dos\u00edt\u00e1s\u00e1t, az\u00a0Eur\u00f3pai Mez\u0151gazdas\u00e1gi Vid\u00e9kfejleszt\u00e9si Alapb\u00f3l a\u00a0mikrov\u00e1llalkoz\u00e1sok l\u00e9trehoz\u00e1s\u00e1ra\u2026","rel":"","context":"In &quot;H\u00edreink, k\u00f6zlem\u00e9nyeink&quot;","img":{"alt_text":"paragrafus","src":"https:\/\/i0.wp.com\/bukkleader.hu\/old\/wp-content\/uploads\/2012\/06\/paragrafus384w.jpg?resize=350%2C200&ssl=1","width":350,"height":200},"classes":[]},{"id":379,"url":"https:\/\/bukkleader.hu\/old\/figyelem-jogszabaly-modositasok\/","url_meta":{"origin":251,"position":1},"title":"FIGYELEM! Jogszab\u00e1ly m\u00f3dos\u00edt\u00e1sok","date":"2014-04-07","format":false,"excerpt":"2014. \u00e1prilis 03-ai d\u00e1tummal megjelent a Magyar K\u00f6zl\u00f6ny 2014. \u00e9vi 50. sz\u00e1m\u00e1ban az agr\u00e1r-szaktan\u00e1csad\u00e1ssal kapcsolatos \u00e9s az Eur\u00f3pai Mez\u0151gazdas\u00e1gi Vid\u00e9kfejleszt\u00e9si Alapb\u00f3l finansz\u00edrozott egyes agr\u00e1rt\u00e1mogat\u00e1si t\u00e1rgy\u00fa miniszteri rendeletek m\u00f3dos\u00edt\u00e1s\u00e1r\u00f3l sz\u00f3l\u00f3 32\/2014. (IV. 3.) VM rendelet, amely t\u00f6bbek k\u00f6z\u00f6tt tartalmazza: az Eur\u00f3pai Mez\u0151gazdas\u00e1gi Vid\u00e9kfejleszt\u00e9si Alapb\u00f3l a Helyi Vid\u00e9kfejleszt\u00e9si Strat\u00e9gi\u00e1k LEADER fejezet\u00e9nek v\u00e9grehajt\u00e1s\u00e1hoz\u2026","rel":"","context":"In &quot;H\u00edreink, k\u00f6zlem\u00e9nyeink&quot;","img":{"alt_text":"paragrafus","src":"https:\/\/i0.wp.com\/bukkleader.hu\/old\/wp-content\/uploads\/2012\/06\/paragrafus384w.jpg?resize=350%2C200&ssl=1","width":350,"height":200},"classes":[]},{"id":469,"url":"https:\/\/bukkleader.hu\/old\/tervezesi-terulet-jovahagyas\/","url_meta":{"origin":251,"position":2},"title":"Tervez\u00e9si ter\u00fclet j\u00f3v\u00e1hagy\u00e1s","date":"2015-10-09","format":false,"excerpt":"Az Eur\u00f3pai Mez\u0151gazdas\u00e1gi Vid\u00e9kfejleszt\u00e9si Alap t\u00e1rsfinansz\u00edroz\u00e1s\u00e1ban megval\u00f3sul\u00f3 Vid\u00e9kfejleszt\u00e9si Program Ir\u00e1ny\u00edt\u00f3 Hat\u00f3s\u00e1ga 2015. szeptember 25-\u00e9n j\u00f3v\u00e1hagyta a B\u00fckk-T\u00e9rs\u00e9gi LEADER Egyes\u00fclet illet\u00e9kess\u00e9gi ter\u00fclet\u00e9t, a 2014 -2020 k\u00f6z\u00f6tti programoz\u00e1si id\u0151szakra.A dokumentum olvas\u00e1sa itt:\u00a0IH_tervez\u00e9si_ter\u00fclet_j\u00f3v\u00e1hagy\u00e1s itt >>\u00a0","rel":"","context":"In &quot;H\u00edreink, k\u00f6zlem\u00e9nyeink&quot;","img":{"alt_text":"Magyarorsz\u00e1g Korm\u00e1nya","src":"https:\/\/i1.wp.com\/bukkleader.hu\/old\/wp-content\/uploads\/2015\/10\/kormany-w.jpg?resize=350%2C200&ssl=1","width":350,"height":200},"classes":[]},{"id":408,"url":"https:\/\/bukkleader.hu\/old\/kormanyrendelet-jelent-meg-a-2014-2020-idoszaki-tamogatasok-felhasznalasi-rendjerol\/","url_meta":{"origin":251,"position":3},"title":"Korm\u00e1nyrendelet jelent meg a 2014-2020 id\u0151szaki t\u00e1mogat\u00e1sok felhaszn\u00e1l\u00e1si rendj\u00e9r\u0151l","date":"2014-11-18","format":false,"excerpt":"Megjelent a 272\/2014. (XI. 05.) Korm. rendelet a 2014-2020 programoz\u00e1si id\u0151szakban az egyes eur\u00f3pai uni\u00f3s alapokb\u00f3l sz\u00e1rmaz\u00f3 t\u00e1mogat\u00e1sok felhaszn\u00e1l\u00e1si rendj\u00e9r\u0151l. A Korm. rendelet a Magyar K\u00f6zl\u00f6ny 2014.11.05-i, 151. sz\u00e1m\u00e1ban olvashat\u00f3, mely el\u00e9rhet\u0151 innen >>","rel":"","context":"In &quot;H\u00edreink, k\u00f6zlem\u00e9nyeink&quot;","img":{"alt_text":"eu z\u00e1szl\u00f3","src":"https:\/\/i0.wp.com\/bukkleader.hu\/old\/wp-content\/uploads\/2012\/06\/eu-zaszlo384w.jpg?resize=350%2C200&ssl=1","width":350,"height":200},"classes":[]},{"id":329,"url":"https:\/\/bukkleader.hu\/old\/az-eb-elfogadta-a-2014-2020-as-magyar-partnersegi-megallapodas-elso-valtozatat\/","url_meta":{"origin":251,"position":4},"title":"Az EB elfogadta a 2014-2020-as magyar Partners\u00e9gi Meg\u00e1llapod\u00e1s els\u0151 v\u00e1ltozat\u00e1t","date":"2013-07-13","format":false,"excerpt":"\"Az Eur\u00f3pai Bizotts\u00e1g (EB) elfogadta a 2014-2020-as eur\u00f3pai uni\u00f3s fejleszt\u00e9si id\u0151szak forr\u00e1sainak tervez\u00e9s\u00e9r\u0151l sz\u00f3l\u00f3 magyar Partners\u00e9gi Meg\u00e1llapod\u00e1s els\u0151 v\u00e1ltozat\u00e1t - jelentette be keddi sajt\u00f3t\u00e1j\u00e9koztat\u00f3j\u00e1n Cs\u00e9falvay Zolt\u00e1n. A Nemzetgazdas\u00e1gi Miniszt\u00e9rium gazdas\u00e1gstrat\u00e9gi\u00e1\u00e9rt felel\u0151s \u00e1llamtitk\u00e1ra kiemelte, hogy a j\u00f6v\u0151re indul\u00f3 \u00faj tervez\u00e9si id\u0151szakban a forr\u00e1sok hatvan sz\u00e1zal\u00e9k\u00e1t gazdas\u00e1gfejleszt\u00e9sre szeretn\u00e9 ford\u00edtani Magyarorsz\u00e1g. A legt\u00f6bb\u2026","rel":"","context":"In &quot;H\u00edreink, k\u00f6zlem\u00e9nyeink&quot;","img":{"alt_text":"eu-logo2","src":"https:\/\/i1.wp.com\/bukkleader.hu\/old\/wp-content\/uploads\/2015\/09\/eu-logo21.jpg?resize=350%2C200&ssl=1","width":350,"height":200},"classes":[]},{"id":373,"url":"https:\/\/bukkleader.hu\/old\/2014-marcius-19-ig-kotelezo-monitoring-adatszolgaltatas\/","url_meta":{"origin":251,"position":5},"title":"2014. m\u00e1rcius 19-ig K\u00d6TELEZ\u0150 MONITORING ADATSZOLG\u00c1LTAT\u00c1S","date":"2014-02-28","format":false,"excerpt":"Az Eur\u00f3pai Mez\u0151gazdas\u00e1gi Vid\u00e9kfejleszt\u00e9si Alap (EMVA) \u00e9s az Eur\u00f3pai Hal\u00e1szati Alap (EHA) keret\u00e9ben t\u00e1mogat\u00e1st elnyert \u00fcgyfelek a 26\/2014. (II. 17.) sz. \u00e9s a 27\/2014. (II. 17.) sz. MVH k\u00f6zlem\u00e9nyek alapj\u00e1n 2014. febru\u00e1r 17. \u2013 2014. m\u00e1rcius 19. id\u0151szakban monitoring adatszolg\u00e1ltat\u00e1sra k\u00f6telezettek. Az adatszolg\u00e1ltat\u00e1s kiz\u00e1r\u00f3lag elektronikus \u00faton, \u00fcgyf\u00e9lkapun kereszt\u00fclteljes\u00edthet\u0151. Meghatalmaz\u00e1s r\u00f6gz\u00edt\u00e9s\u00e9hez\u2026","rel":"","context":"In &quot;H\u00edreink, k\u00f6zlem\u00e9nyeink&quot;","img":{"alt_text":"mhv-logo","src":"https:\/\/i2.wp.com\/bukkleader.hu\/old\/wp-content\/uploads\/2015\/09\/mvh-logo-w.jpg?resize=350%2C200&ssl=1","width":350,"height":200},"classes":[]}],"_links":{"self":[{"href":"https:\/\/bukkleader.hu\/old\/wp-json\/wp\/v2\/posts\/251"}],"collection":[{"href":"https:\/\/bukkleader.hu\/old\/wp-json\/wp\/v2\/posts"}],"about":[{"href":"https:\/\/bukkleader.hu\/old\/wp-json\/wp\/v2\/types\/post"}],"author":[{"embeddable":true,"href":"https:\/\/bukkleader.hu\/old\/wp-json\/wp\/v2\/users\/1"}],"replies":[{"embeddable":true,"href":"https:\/\/bukkleader.hu\/old\/wp-json\/wp\/v2\/comments?post=251"}],"version-history":[{"count":3,"href":"https:\/\/bukkleader.hu\/old\/wp-json\/wp\/v2\/posts\/251\/revisions"}],"predecessor-version":[{"id":258,"href":"https:\/\/bukkleader.hu\/old\/wp-json\/wp\/v2\/posts\/251\/revisions\/258"}],"wp:featuredmedia":[{"embeddable":true,"href":"https:\/\/bukkleader.hu\/old\/wp-json\/wp\/v2\/media\/252"}],"wp:attachment":[{"href":"https:\/\/bukkleader.hu\/old\/wp-json\/wp\/v2\/media?parent=251"}],"wp:term":[{"taxonomy":"category","embeddable":true,"href":"https:\/\/bukkleader.hu\/old\/wp-json\/wp\/v2\/categories?post=251"},{"taxonomy":"post_tag","embeddable":true,"href":"https:\/\/bukkleader.hu\/old\/wp-json\/wp\/v2\/tags?post=251"}],"curies":[{"name":"wp","href":"https:\/\/api.w.org\/{rel}","templated":true}]}}