{"id":2491,"date":"2020-03-16T12:44:38","date_gmt":"2020-03-16T11:44:38","guid":{"rendered":"https:\/\/bukkleader.hu\/old\/?p=2491"},"modified":"2020-03-16T12:44:38","modified_gmt":"2020-03-16T11:44:38","slug":"tajekoztatas-a-tamogatott-rendezvenyek-elhalasztasanak-kotelezettsegerol-es-lehetosegerol","status":"publish","type":"post","link":"https:\/\/bukkleader.hu\/old\/tajekoztatas-a-tamogatott-rendezvenyek-elhalasztasanak-kotelezettsegerol-es-lehetosegerol\/","title":{"rendered":"T\u00e1j\u00e9koztat\u00e1s a t\u00e1mogatott rendezv\u00e9nyek elhalaszt\u00e1s\u00e1nak k\u00f6telezetts\u00e9g\u00e9r\u0151l \u00e9s lehet\u0151s\u00e9g\u00e9r\u0151l"},"content":{"rendered":"<p style=\"font-weight: 400;\"><strong>Tisztelt Kedvezm\u00e9nyezettek!<\/strong><\/p>\n<p style=\"font-weight: 400;\">Felh\u00edvjuk a figyelm\u00fcket arra, hogy a Magyar K\u00f6zl\u00f6ny 2020. \u00e9vi 40. sz\u00e1m\u00e1ban megjelent\u00a0<strong>az \u00e9let- \u00e9s vagyonbiztons\u00e1got vesz\u00e9lyeztet\u0151 t\u00f6meges megbeteged\u00e9st okoz\u00f3 hum\u00e1n j\u00e1rv\u00e1ny megel\u0151z\u00e9se, illetve k\u00f6vetkezm\u00e9nyeinek elh\u00e1r\u00edt\u00e1sa, a magyar \u00e1llampolg\u00e1rok eg\u00e9szs\u00e9g\u00e9nek \u00e9s \u00e9let\u00e9nek meg\u00f3v\u00e1sa \u00e9rdek\u00e9ben elrendelt vesz\u00e9lyhelyzet sor\u00e1n teend\u0151 int\u00e9zked\u00e9sekr\u0151l sz\u00f3l\u00f3 41\/2020. (III. 11.) Korm. rendelet 4.\u00a7 d) pontj\u00e1ban (tov\u00e1bbiakban Rendelet) \u00a0<\/strong>foglaltak<strong>\u00a0<\/strong>szerint z\u00e1rt helyen 100 f\u0151n\u00e9l t\u00f6bb szem\u00e9ly, nem z\u00e1rt helyen pedig 500 f\u0151n\u00e9l t\u00f6bb szem\u00e9ly r\u00e9szv\u00e9tel\u00e9vel rendezv\u00e9ny tart\u00e1sa tilos, azzal, hogy e korl\u00e1toz\u00e1s \u00e9rv\u00e9nyes\u00edt\u00e9se a rendez\u0151, valamint a helyis\u00e9g \u00fczemeltet\u0151j\u00e9nek a felel\u0151ss\u00e9ge.<\/p>\n<p style=\"font-weight: 400;\">Tov\u00e1bb\u00e1, <strong>felh\u00edvjuk azon kedvezm\u00e9nyezettek figyelm\u00e9t, akik projektj\u00fck r\u00e9szek\u00e9nt rendezv\u00e9ny megval\u00f3s\u00edt\u00e1s\u00e1t tervezik, hogy a Rendelet betart\u00e1sa k\u00f6telez\u0151.<\/strong> Ak\u00e1r a Rendelet miatt, ak\u00e1r saj\u00e1t meg\u00edt\u00e9l\u00e9s alapj\u00e1n <strong>kisebb rendezv\u00e9nyekr\u0151l is \u00fagy d\u00f6ntenek, hogy elhalasztj\u00e1k<\/strong>, \u00a0\u00fagy \u00a0a tervezett <strong>rendezv\u00e9nyek id\u0151pontja m\u00f3dos\u00edthat\u00f3, melyre v\u00e1ltoz\u00e1s bejelent\u00e9st kell beny\u00fajtani<\/strong>. A megval\u00f3s\u00edt\u00e1si id\u0151szak legfeljebb annyival m\u00f3dos\u00edthat\u00f3, amennyi ideig a Rendelet hat\u00e1lyban van.\u00a0Amennyiben \u00fagy l\u00e1tj\u00e1k, hogy a tervezett rendezv\u00e9ny nem fog megval\u00f3sulni \u2013 pl. egy adott esem\u00e9nyhez k\u00f6t\u00f6tt, ami \u00e9vente egyszer ker\u00fcl megrendez\u00e9sre -, akkor vizsg\u00e1lj\u00e1k fel\u00fcl a projekt megval\u00f3s\u00edt\u00e1s\u00e1nak lehet\u0151s\u00e9g\u00e9t, \u00e9s amennyiben indokolt, \u00fagy \u00e9ljenek a lemond\u00e1s lehet\u0151s\u00e9g\u00e9vel. Ebben az esetben a projekt egy\u00e9b elemeinek megval\u00f3s\u00edt\u00e1s\u00e1t (pl. eszk\u00f6zv\u00e1s\u00e1rl\u00e1s) se kezdj\u00e9k meg.<\/p>\n<div class=\"sharedaddy sd-sharing-enabled\"><div class=\"robots-nocontent sd-block sd-social sd-social-icon sd-sharing\"><h3 class=\"sd-title\">Share this:<\/h3><div class=\"sd-content\"><ul><li class=\"share-facebook\"><a rel=\"nofollow noopener noreferrer\" data-shared=\"sharing-facebook-2491\" class=\"share-facebook sd-button share-icon no-text\" href=\"https:\/\/bukkleader.hu\/old\/tajekoztatas-a-tamogatott-rendezvenyek-elhalasztasanak-kotelezettsegerol-es-lehetosegerol\/?share=facebook\" target=\"_blank\" title=\"Click to share on Facebook\"><span><\/span><span class=\"sharing-screen-reader-text\">Click to share on Facebook (Opens in new window)<\/span><\/a><\/li><li class=\"share-twitter\"><a rel=\"nofollow noopener noreferrer\" data-shared=\"sharing-twitter-2491\" class=\"share-twitter sd-button share-icon no-text\" href=\"https:\/\/bukkleader.hu\/old\/tajekoztatas-a-tamogatott-rendezvenyek-elhalasztasanak-kotelezettsegerol-es-lehetosegerol\/?share=twitter\" target=\"_blank\" title=\"Click to share on Twitter\"><span><\/span><span class=\"sharing-screen-reader-text\">Click to share on Twitter (Opens in new window)<\/span><\/a><\/li><li class=\"share-print\"><a rel=\"nofollow noopener noreferrer\" data-shared=\"\" class=\"share-print sd-button share-icon no-text\" href=\"https:\/\/bukkleader.hu\/old\/tajekoztatas-a-tamogatott-rendezvenyek-elhalasztasanak-kotelezettsegerol-es-lehetosegerol\/\" target=\"_blank\" title=\"Click to print\"><span><\/span><span class=\"sharing-screen-reader-text\">Click to print (Opens in new window)<\/span><\/a><\/li><li class=\"share-email\"><a rel=\"nofollow noopener noreferrer\" data-shared=\"\" class=\"share-email sd-button share-icon no-text\" href=\"https:\/\/bukkleader.hu\/old\/tajekoztatas-a-tamogatott-rendezvenyek-elhalasztasanak-kotelezettsegerol-es-lehetosegerol\/?share=email\" target=\"_blank\" title=\"Click to email this to a friend\"><span><\/span><span class=\"sharing-screen-reader-text\">Click to email this to a friend (Opens in new window)<\/span><\/a><\/li><li class=\"share-end\"><\/li><\/ul><\/div><\/div><\/div>","protected":false},"excerpt":{"rendered":"<p>Tisztelt Kedvezm\u00e9nyezettek! Felh\u00edvjuk a figyelm\u00fcket arra, hogy a Magyar K\u00f6zl\u00f6ny 2020. \u00e9vi 40. sz\u00e1m\u00e1ban megjelent\u00a0az \u00e9let- \u00e9s vagyonbiztons\u00e1got vesz\u00e9lyeztet\u0151 t\u00f6meges megbeteged\u00e9st okoz\u00f3 hum\u00e1n j\u00e1rv\u00e1ny megel\u0151z\u00e9se, illetve k\u00f6vetkezm\u00e9nyeinek elh\u00e1r\u00edt\u00e1sa, a magyar \u00e1llampolg\u00e1rok eg\u00e9szs\u00e9g\u00e9nek \u00e9s \u00e9let\u00e9nek meg\u00f3v\u00e1sa \u00e9rdek\u00e9ben elrendelt vesz\u00e9lyhelyzet sor\u00e1n teend\u0151 int\u00e9zked\u00e9sekr\u0151l sz\u00f3l\u00f3 41\/2020. (III. 11.) Korm. rendelet 4.\u00a7 d) pontj\u00e1ban (tov\u00e1bbiakban Rendelet) \u00a0foglaltak\u00a0szerint z\u00e1rt helyen [&hellip;]<\/p>\n<div class=\"sharedaddy sd-sharing-enabled\"><div class=\"robots-nocontent sd-block sd-social sd-social-icon sd-sharing\"><h3 class=\"sd-title\">Share this:<\/h3><div class=\"sd-content\"><ul><li class=\"share-facebook\"><a rel=\"nofollow noopener noreferrer\" data-shared=\"sharing-facebook-2491\" class=\"share-facebook sd-button share-icon no-text\" href=\"https:\/\/bukkleader.hu\/old\/tajekoztatas-a-tamogatott-rendezvenyek-elhalasztasanak-kotelezettsegerol-es-lehetosegerol\/?share=facebook\" target=\"_blank\" title=\"Click to share on Facebook\"><span><\/span><span class=\"sharing-screen-reader-text\">Click to share on Facebook (Opens in new window)<\/span><\/a><\/li><li class=\"share-twitter\"><a rel=\"nofollow noopener noreferrer\" data-shared=\"sharing-twitter-2491\" class=\"share-twitter sd-button share-icon no-text\" href=\"https:\/\/bukkleader.hu\/old\/tajekoztatas-a-tamogatott-rendezvenyek-elhalasztasanak-kotelezettsegerol-es-lehetosegerol\/?share=twitter\" target=\"_blank\" title=\"Click to share on Twitter\"><span><\/span><span class=\"sharing-screen-reader-text\">Click to share on Twitter (Opens in new window)<\/span><\/a><\/li><li class=\"share-print\"><a rel=\"nofollow noopener noreferrer\" data-shared=\"\" class=\"share-print sd-button share-icon no-text\" href=\"https:\/\/bukkleader.hu\/old\/tajekoztatas-a-tamogatott-rendezvenyek-elhalasztasanak-kotelezettsegerol-es-lehetosegerol\/\" target=\"_blank\" title=\"Click to print\"><span><\/span><span class=\"sharing-screen-reader-text\">Click to print (Opens in new window)<\/span><\/a><\/li><li class=\"share-email\"><a rel=\"nofollow noopener noreferrer\" data-shared=\"\" class=\"share-email sd-button share-icon no-text\" href=\"https:\/\/bukkleader.hu\/old\/tajekoztatas-a-tamogatott-rendezvenyek-elhalasztasanak-kotelezettsegerol-es-lehetosegerol\/?share=email\" target=\"_blank\" title=\"Click to email this to a friend\"><span><\/span><span class=\"sharing-screen-reader-text\">Click to email this to a friend (Opens in new window)<\/span><\/a><\/li><li class=\"share-end\"><\/li><\/ul><\/div><\/div><\/div>","protected":false},"author":4,"featured_media":1484,"comment_status":"open","ping_status":"closed","sticky":false,"template":"","format":"standard","meta":{"_bbp_topic_count":0,"_bbp_reply_count":0,"_bbp_total_topic_count":0,"_bbp_total_reply_count":0,"_bbp_voice_count":0,"_bbp_anonymous_reply_count":0,"_bbp_topic_count_hidden":0,"_bbp_reply_count_hidden":0,"_bbp_forum_subforum_count":0,"spay_email":"","jetpack_publicize_message":"","jetpack_is_tweetstorm":false,"jetpack_publicize_feature_enabled":true},"categories":[1],"tags":[],"jetpack_featured_media_url":"https:\/\/bukkleader.hu\/old\/wp-content\/uploads\/2017\/12\/danger.png","jetpack_publicize_connections":[],"jetpack_sharing_enabled":true,"jetpack-related-posts":[{"id":2183,"url":"https:\/\/bukkleader.hu\/old\/a-mult-jelen-es-a-jovo-mestersegeinek-fejlesztese-cimu-intezkedesunk-nyertes-palyazoinak-figyelmebe\/","url_meta":{"origin":2491,"position":0},"title":"&#8220;A m\u00falt, jelen, \u00e9s a j\u00f6v\u0151 mesters\u00e9geinek fejleszt\u00e9se&#8221; c\u00edm\u0171 int\u00e9zked\u00e9s\u00fcnk nyertes p\u00e1ly\u00e1z\u00f3inak figyelm\u00e9be!","date":"2019-08-13","format":false,"excerpt":"\"A m\u00falt, jelen, \u00e9s a j\u00f6v\u0151 mesters\u00e9geinek fejleszt\u00e9se\" (VP6-19.2.1.-15-5-17) c\u00edmmel ki\u00edrt helyi felh\u00edv\u00e1sunk nyertes p\u00e1ly\u00e1z\u00f3i a t\u00e1mogat\u00e1si k\u00e9relem 6. sz\u00e1m\u00fa mell\u00e9klet\u00e9ben v\u00e1llalt\u00e1k, hogy a t\u00e1mogat\u00e1ssal \u00e9rintett term\u00e9keikkel\/szolg\u00e1ltat\u00e1saikkal vagy azok n\u00e9pszer\u0171s\u00edt\u00e9s\u00e9vel r\u00e9szt vesznek LEADER Tudomka programokon 2 vagy 3 alkalommal (a p\u00e1ly\u00e1z\u00f3 egy\u00e9ni v\u00e1llal\u00e1s\u00e1t\u00f3l f\u00fcgg\u0151en). Felh\u00edvjuk a figyelm\u00fcket, hogy ezt a\u2026","rel":"","context":"In &quot;H\u00edreink, k\u00f6zlem\u00e9nyeink&quot;","img":{"alt_text":"","src":"https:\/\/i2.wp.com\/bukkleader.hu\/old\/wp-content\/uploads\/2019\/08\/warning-icon-free-28_384x384.jpg?resize=350%2C200&ssl=1","width":350,"height":200},"classes":[]},{"id":2104,"url":"https:\/\/bukkleader.hu\/old\/2104-2\/","url_meta":{"origin":2491,"position":1},"title":"Rendezv\u00e9nyek bejelent\u00e9s\u00e9hez haszn\u00e1lhat\u00f3 sablon","date":"2019-07-10","format":false,"excerpt":"Tisztelt Kedvezm\u00e9nyezettek! Felh\u00edvom a figyelm\u00fcket amennyiben nyertes p\u00e1ly\u00e1zatukban bemutat\u00f3k, rendezv\u00e9nyek, ki\u00e1ll\u00edt\u00e1sok szervez\u00e9se \u00e9s lebonyol\u00edt\u00e1sa tev\u00e9kenys\u00e9get is megval\u00f3s\u00edtanak, akkor az al\u00e1bbiakban a felh\u00edv\u00e1sokb\u00f3l kiemelt bejelent\u00e9si k\u00f6telezetts\u00e9g\u00fck van:\u00a0 1) A kedvezm\u00e9nyezett az \u00e1ltala szervezett rendezv\u00e9ny vonatkoz\u00e1s\u00e1ban k\u00f6teles a rendezv\u00e9ny t\u00e9m\u00e1j\u00e1t, helysz\u00edn\u00e9t \u00e9s id\u0151pontj\u00e1t, a rendezv\u00e9ny megval\u00f3s\u00edt\u00e1si id\u0151pontj\u00e1t megel\u0151z\u0151 30. napig a rendezv\u00e9ny\u2026","rel":"","context":"In &quot;Dokumentumok&quot;","img":{"alt_text":"","src":"https:\/\/i2.wp.com\/bukkleader.hu\/old\/wp-content\/uploads\/2016\/06\/\u00faj-k\u00e9p.jpg?resize=350%2C200&ssl=1","width":350,"height":200},"classes":[]},{"id":269,"url":"https:\/\/bukkleader.hu\/old\/emva-iii-benyujtasi-hatarideje-modosult\/","url_meta":{"origin":2491,"position":2},"title":"EMVA III. beny\u00fajt\u00e1si hat\u00e1rideje m\u00f3dosult","date":"2012-11-13","format":false,"excerpt":"FIGYELEM! Az EMVA III. falumeg\u00faj\u00edt\u00e1s \u00e9s \u2013fejleszt\u00e9s p\u00e1ly\u00e1zatok beny\u00fajt\u00e1si hat\u00e1rideje 2012. november 30-ra m\u00f3dosultMegjelent a vid\u00e9kfejleszt\u00e9si miniszter 113\/2012. (XI. 09.) VM rendelete az egyes agr\u00e1r- \u00e9s vid\u00e9kfejleszt\u00e9si t\u00e1mogat\u00e1si t\u00e1rgy\u00fa miniszteri rendeletek m\u00f3dos\u00edt\u00e1s\u00e1r\u00f3l, melynek 2. \u00a7 (7) bekezd\u00e9s d) pontja szerint a 102\/2012. (X. 1.) VM rendelet 5. \u00a7 (1) bekezd\u00e9s\u00e9ben\u2026","rel":"","context":"In &quot;H\u00edreink, k\u00f6zlem\u00e9nyeink&quot;","img":{"alt_text":"felki\u00e1llt\u00f3 jel","src":"https:\/\/i0.wp.com\/bukkleader.hu\/old\/wp-content\/uploads\/2012\/06\/felkialto-jel384w.jpg?resize=350%2C200&ssl=1","width":350,"height":200},"classes":[]},{"id":2527,"url":"https:\/\/bukkleader.hu\/old\/turisztikai-szolgaltatasok-fejlesztese-felhivasra-tamogatasi-kerelmet-benyujtani-szandekozok-figyelmebe-2\/","url_meta":{"origin":2491,"position":3},"title":"Turisztikai szolg\u00e1ltat\u00e1sok fejleszt\u00e9se felh\u00edv\u00e1sra t\u00e1mogat\u00e1si k\u00e9relmet beny\u00fajtani sz\u00e1nd\u00e9koz\u00f3k figyelm\u00e9be!","date":"2020-04-21","format":false,"excerpt":"Tisztelt T\u00e1mogat\u00e1st Ig\u00e9nyl\u0151k! Felh\u00edvjuk a figyelm\u00fcket, hogy a TURISZTIKAI SZOLG\u00c1LTAT\u00c1SOK FEJLESZT\u00c9SE c\u00edm\u0171, VP6-19.2.1.-15-9-20 k\u00f3dsz\u00e1m\u00fa helyi felh\u00edv\u00e1sra m\u00e9g lehet t\u00e1mogat\u00e1si k\u00e9relmeket beny\u00fajtani 2020. 04. 30. \u00e9jf\u00e9lig. Az IIER adatt\u00e1r inform\u00e1ci\u00f3 alapj\u00e1n 7 db t\u00e1mogat\u00e1si k\u00e9relem nem ker\u00fclt beny\u00fajt\u00e1sra a 2020. 04. 20.-i els\u0151 szakasz v\u00e9g\u00e9ig. Ezen k\u00e9relmek is a fenti id\u0151pontig\u2026","rel":"","context":"In &quot;H\u00edreink, k\u00f6zlem\u00e9nyeink&quot;","img":{"alt_text":"LEADER","src":"https:\/\/i0.wp.com\/bukkleader.hu\/old\/wp-content\/uploads\/2015\/08\/384-10-leader_logo.jpg?resize=350%2C200&ssl=1","width":350,"height":200},"classes":[]},{"id":2522,"url":"https:\/\/bukkleader.hu\/old\/turisztikai-szolgaltatasok-fejlesztese-felhivasra-tamogatasi-kerelmet-benyujtani-szandekozok-figyelmebe\/","url_meta":{"origin":2491,"position":4},"title":"Turisztikai szolg\u00e1ltat\u00e1sok fejleszt\u00e9se felh\u00edv\u00e1sra t\u00e1mogat\u00e1si k\u00e9relmet beny\u00fajtani sz\u00e1nd\u00e9koz\u00f3k figyelm\u00e9be!","date":"2020-04-20","format":false,"excerpt":"Tisztelt T\u00e1mogat\u00e1st Ig\u00e9nyl\u0151k! Felh\u00edvjuk a figyelm\u00fcket, hogy a TURISZTIKAI SZOLG\u00c1LTAT\u00c1SOK FEJLESZT\u00c9SE c\u00edm\u0171, VP6-19.2.1.-15-9-20 k\u00f3dsz\u00e1m\u00fa helyi felh\u00edv\u00e1s 1. szakasz hat\u00e1rnapja ma 23:59 \u00f3ra. Az IIER adatt\u00e1rb\u00f3l nyert inform\u00e1ci\u00f3 alapj\u00e1n nagy sz\u00e1m\u00fa t\u00e1mogat\u00e1si k\u00e9relem r\u00f6gz\u00edt\u00e9se van folyamatban, ez\u00e9rt a t\u00e1mogat\u00e1si k\u00e9relmek beny\u00fajt\u00e1sa 2020. 04. 21.-t\u0151l val\u00f3sz\u00edn\u0171leg felf\u00fcggeszt\u00e9sre ker\u00fcl.","rel":"","context":"In &quot;H\u00edreink, k\u00f6zlem\u00e9nyeink&quot;","img":{"alt_text":"","src":"https:\/\/i2.wp.com\/bukkleader.hu\/old\/wp-content\/uploads\/2016\/06\/\u00faj-k\u00e9p.jpg?resize=350%2C200&ssl=1","width":350,"height":200},"classes":[]},{"id":2453,"url":"https:\/\/bukkleader.hu\/old\/turisztikai-szolgaltatasok-fejlesztese-cimu-helyi-felhivast-ismerteto-forum-sajokeresztur\/","url_meta":{"origin":2491,"position":5},"title":"Turisztikai Szolg\u00e1ltat\u00e1sok Fejleszt\u00e9se c\u00edm\u0171 helyi felh\u00edv\u00e1st ismertet\u0151 f\u00f3rum &#8211; Saj\u00f3kereszt\u00far","date":"2020-02-27","format":false,"excerpt":"A B\u00fckk-T\u00e9rs\u00e9gi LEADER Egyes\u00fclet a Turisztikai Szolg\u00e1ltat\u00e1sok Fejleszt\u00e9se c\u00edm\u0171, megjelent helyi felh\u00edv\u00e1s utols\u00f3 ismertet\u0151 f\u00f3rum\u00e1t rendezi meg 2020. 03.11-\u00e9n 17 \u00f3r\u00e1t\u00f3l Saj\u00f3kereszt\u00farban a M\u0171vel\u0151d\u00e9si H\u00e1zban, a mell\u00e9kelt megh\u00edv\u00f3 szerint. Felh\u00edvjuk sz\u00edves figyelm\u00fcket, hogy a f\u00f3rumon val\u00f3 r\u00e9szv\u00e9tel pontoz\u00e1si szempont, melyet ezen alkalommal lehet utolj\u00e1ra teljes\u00edteni.","rel":"","context":"In &quot;H\u00edreink, k\u00f6zlem\u00e9nyeink&quot;","img":{"alt_text":"","src":"https:\/\/i1.wp.com\/bukkleader.hu\/old\/wp-content\/uploads\/2020\/02\/Meghivo_Saj\u00c3\u00b3keresztur.jpg?resize=350%2C200&ssl=1","width":350,"height":200},"classes":[]}],"_links":{"self":[{"href":"https:\/\/bukkleader.hu\/old\/wp-json\/wp\/v2\/posts\/2491"}],"collection":[{"href":"https:\/\/bukkleader.hu\/old\/wp-json\/wp\/v2\/posts"}],"about":[{"href":"https:\/\/bukkleader.hu\/old\/wp-json\/wp\/v2\/types\/post"}],"author":[{"embeddable":true,"href":"https:\/\/bukkleader.hu\/old\/wp-json\/wp\/v2\/users\/4"}],"replies":[{"embeddable":true,"href":"https:\/\/bukkleader.hu\/old\/wp-json\/wp\/v2\/comments?post=2491"}],"version-history":[{"count":1,"href":"https:\/\/bukkleader.hu\/old\/wp-json\/wp\/v2\/posts\/2491\/revisions"}],"predecessor-version":[{"id":2492,"href":"https:\/\/bukkleader.hu\/old\/wp-json\/wp\/v2\/posts\/2491\/revisions\/2492"}],"wp:featuredmedia":[{"embeddable":true,"href":"https:\/\/bukkleader.hu\/old\/wp-json\/wp\/v2\/media\/1484"}],"wp:attachment":[{"href":"https:\/\/bukkleader.hu\/old\/wp-json\/wp\/v2\/media?parent=2491"}],"wp:term":[{"taxonomy":"category","embeddable":true,"href":"https:\/\/bukkleader.hu\/old\/wp-json\/wp\/v2\/categories?post=2491"},{"taxonomy":"post_tag","embeddable":true,"href":"https:\/\/bukkleader.hu\/old\/wp-json\/wp\/v2\/tags?post=2491"}],"curies":[{"name":"wp","href":"https:\/\/api.w.org\/{rel}","templated":true}]}}