{"id":2488,"date":"2020-03-16T08:36:19","date_gmt":"2020-03-16T07:36:19","guid":{"rendered":"https:\/\/bukkleader.hu\/old\/?p=2488"},"modified":"2020-03-16T08:37:02","modified_gmt":"2020-03-16T07:37:02","slug":"figyelem-utolso-lehetoseg-szemelyes-konzultaciora-a-turisztikai-szolgaltatasok-fejlesztesere-palyazoknak","status":"publish","type":"post","link":"https:\/\/bukkleader.hu\/old\/figyelem-utolso-lehetoseg-szemelyes-konzultaciora-a-turisztikai-szolgaltatasok-fejlesztesere-palyazoknak\/","title":{"rendered":"FIGYELEM! Utols\u00f3 lehet\u0151s\u00e9g szem\u00e9lyes konzult\u00e1ci\u00f3ra a turisztikai szolg\u00e1ltat\u00e1sok fejleszt\u00e9s\u00e9re p\u00e1ly\u00e1z\u00f3knak!"},"content":{"rendered":"<p><strong>Tisztelt P\u00e1ly\u00e1z\u00f3k!<\/strong><\/p>\n<p>Azon t\u00e1mogat\u00e1st ig\u00e9nyl\u0151k, akik m\u00e9g nem vettek r\u00e9szt a Turisztikai Szolg\u00e1ltat\u00e1sok Fejleszt\u00e9se egyik ismertet\u0151 f\u00f3rum\u00e1n sem \u00e9s szeretn\u00e9nek szem\u00e9lyes konzult\u00e1ci\u00f3n r\u00e9szt venni, <strong>2020.03.16. &#8211; 2020.03.19.-ig el\u0151zetes id\u0151pont egyeztet\u00e9s alapj\u00e1n megtehetik.<\/strong><\/p>\n<p>Id\u0151pont egyeztet\u00e9s a 06 46 576 280-as telefonsz\u00e1mon!<\/p>\n<p>Jelen int\u00e9zked\u00e9s a fenn\u00e1ll\u00f3 vesz\u00e9lyhelyzet miatt ker\u00fcl bevezet\u00e9sre \u00e9s visszavon\u00e1sig \u00e9rv\u00e9nyes.<\/p>\n<div class=\"sharedaddy sd-sharing-enabled\"><div class=\"robots-nocontent sd-block sd-social sd-social-icon sd-sharing\"><h3 class=\"sd-title\">Share this:<\/h3><div class=\"sd-content\"><ul><li class=\"share-facebook\"><a rel=\"nofollow noopener noreferrer\" data-shared=\"sharing-facebook-2488\" class=\"share-facebook sd-button share-icon no-text\" href=\"https:\/\/bukkleader.hu\/old\/figyelem-utolso-lehetoseg-szemelyes-konzultaciora-a-turisztikai-szolgaltatasok-fejlesztesere-palyazoknak\/?share=facebook\" target=\"_blank\" title=\"Click to share on Facebook\"><span><\/span><span class=\"sharing-screen-reader-text\">Click to share on Facebook (Opens in new window)<\/span><\/a><\/li><li class=\"share-twitter\"><a rel=\"nofollow noopener noreferrer\" data-shared=\"sharing-twitter-2488\" class=\"share-twitter sd-button share-icon no-text\" href=\"https:\/\/bukkleader.hu\/old\/figyelem-utolso-lehetoseg-szemelyes-konzultaciora-a-turisztikai-szolgaltatasok-fejlesztesere-palyazoknak\/?share=twitter\" target=\"_blank\" title=\"Click to share on Twitter\"><span><\/span><span class=\"sharing-screen-reader-text\">Click to share on Twitter (Opens in new window)<\/span><\/a><\/li><li class=\"share-print\"><a rel=\"nofollow noopener noreferrer\" data-shared=\"\" class=\"share-print sd-button share-icon no-text\" href=\"https:\/\/bukkleader.hu\/old\/figyelem-utolso-lehetoseg-szemelyes-konzultaciora-a-turisztikai-szolgaltatasok-fejlesztesere-palyazoknak\/\" target=\"_blank\" title=\"Click to print\"><span><\/span><span class=\"sharing-screen-reader-text\">Click to print (Opens in new window)<\/span><\/a><\/li><li class=\"share-email\"><a rel=\"nofollow noopener noreferrer\" data-shared=\"\" class=\"share-email sd-button share-icon no-text\" href=\"https:\/\/bukkleader.hu\/old\/figyelem-utolso-lehetoseg-szemelyes-konzultaciora-a-turisztikai-szolgaltatasok-fejlesztesere-palyazoknak\/?share=email\" target=\"_blank\" title=\"Click to email this to a friend\"><span><\/span><span class=\"sharing-screen-reader-text\">Click to email this to a friend (Opens in new window)<\/span><\/a><\/li><li class=\"share-end\"><\/li><\/ul><\/div><\/div><\/div>","protected":false},"excerpt":{"rendered":"<p>Tisztelt P\u00e1ly\u00e1z\u00f3k! Azon t\u00e1mogat\u00e1st ig\u00e9nyl\u0151k, akik m\u00e9g nem vettek r\u00e9szt a Turisztikai Szolg\u00e1ltat\u00e1sok Fejleszt\u00e9se egyik ismertet\u0151 f\u00f3rum\u00e1n sem \u00e9s szeretn\u00e9nek szem\u00e9lyes konzult\u00e1ci\u00f3n r\u00e9szt venni, 2020.03.16. &#8211; 2020.03.19.-ig el\u0151zetes id\u0151pont egyeztet\u00e9s alapj\u00e1n megtehetik. Id\u0151pont egyeztet\u00e9s a 06 46 576 280-as telefonsz\u00e1mon! Jelen int\u00e9zked\u00e9s a fenn\u00e1ll\u00f3 vesz\u00e9lyhelyzet miatt ker\u00fcl bevezet\u00e9sre \u00e9s visszavon\u00e1sig \u00e9rv\u00e9nyes.<\/p>\n<div class=\"sharedaddy sd-sharing-enabled\"><div class=\"robots-nocontent sd-block sd-social sd-social-icon sd-sharing\"><h3 class=\"sd-title\">Share this:<\/h3><div class=\"sd-content\"><ul><li class=\"share-facebook\"><a rel=\"nofollow noopener noreferrer\" data-shared=\"sharing-facebook-2488\" class=\"share-facebook sd-button share-icon no-text\" href=\"https:\/\/bukkleader.hu\/old\/figyelem-utolso-lehetoseg-szemelyes-konzultaciora-a-turisztikai-szolgaltatasok-fejlesztesere-palyazoknak\/?share=facebook\" target=\"_blank\" title=\"Click to share on Facebook\"><span><\/span><span class=\"sharing-screen-reader-text\">Click to share on Facebook (Opens in new window)<\/span><\/a><\/li><li class=\"share-twitter\"><a rel=\"nofollow noopener noreferrer\" data-shared=\"sharing-twitter-2488\" class=\"share-twitter sd-button share-icon no-text\" href=\"https:\/\/bukkleader.hu\/old\/figyelem-utolso-lehetoseg-szemelyes-konzultaciora-a-turisztikai-szolgaltatasok-fejlesztesere-palyazoknak\/?share=twitter\" target=\"_blank\" title=\"Click to share on Twitter\"><span><\/span><span class=\"sharing-screen-reader-text\">Click to share on Twitter (Opens in new window)<\/span><\/a><\/li><li class=\"share-print\"><a rel=\"nofollow noopener noreferrer\" data-shared=\"\" class=\"share-print sd-button share-icon no-text\" href=\"https:\/\/bukkleader.hu\/old\/figyelem-utolso-lehetoseg-szemelyes-konzultaciora-a-turisztikai-szolgaltatasok-fejlesztesere-palyazoknak\/\" target=\"_blank\" title=\"Click to print\"><span><\/span><span class=\"sharing-screen-reader-text\">Click to print (Opens in new window)<\/span><\/a><\/li><li class=\"share-email\"><a rel=\"nofollow noopener noreferrer\" data-shared=\"\" class=\"share-email sd-button share-icon no-text\" href=\"https:\/\/bukkleader.hu\/old\/figyelem-utolso-lehetoseg-szemelyes-konzultaciora-a-turisztikai-szolgaltatasok-fejlesztesere-palyazoknak\/?share=email\" target=\"_blank\" title=\"Click to email this to a friend\"><span><\/span><span class=\"sharing-screen-reader-text\">Click to email this to a friend (Opens in new window)<\/span><\/a><\/li><li class=\"share-end\"><\/li><\/ul><\/div><\/div><\/div>","protected":false},"author":4,"featured_media":1484,"comment_status":"open","ping_status":"closed","sticky":false,"template":"","format":"standard","meta":{"_bbp_topic_count":0,"_bbp_reply_count":0,"_bbp_total_topic_count":0,"_bbp_total_reply_count":0,"_bbp_voice_count":0,"_bbp_anonymous_reply_count":0,"_bbp_topic_count_hidden":0,"_bbp_reply_count_hidden":0,"_bbp_forum_subforum_count":0,"spay_email":"","jetpack_publicize_message":"","jetpack_is_tweetstorm":false,"jetpack_publicize_feature_enabled":true},"categories":[1],"tags":[],"jetpack_featured_media_url":"https:\/\/bukkleader.hu\/old\/wp-content\/uploads\/2017\/12\/danger.png","jetpack_publicize_connections":[],"jetpack_sharing_enabled":true,"jetpack-related-posts":[{"id":2482,"url":"https:\/\/bukkleader.hu\/old\/a-2020-03-11-re-meghirdetett-felhivasismerteto-forum-a-koronavirus-miatt-elmarad\/","url_meta":{"origin":2488,"position":0},"title":"FIGYELEM! A 2020.03.11-re Saj\u00f3kereszt\u00farra meghirdetett felh\u00edv\u00e1sismertet\u0151 f\u00f3rum a koronav\u00edrus miatt ELMARAD!","date":"2020-03-11","format":false,"excerpt":"Tisztelt P\u00e1ly\u00e1z\u00f3k! A m\u00e1ra\u00a0meghirdetett\u00a0(2020. 03. 11. Saj\u00f3kereszt\u00far)\u00a0utols\u00f3 felh\u00edv\u00e1sismertet\u0151 f\u00f3rum a koronav\u00edrussal kapcsolatos int\u00e9zked\u00e9s miatt elmarad! Akinek k\u00e9rd\u00e9se van a Turisztikai Szolg\u00e1ltat\u00e1sok Fejleszt\u00e9se helyi felh\u00edv\u00e1ssal kapcsolatosan, az szem\u00e9lyes\u00a0vagy telefonos\u00a0konzult\u00e1ci\u00f3n teheti fel k\u00e9rd\u00e9seit.","rel":"","context":"In &quot;H\u00edreink, k\u00f6zlem\u00e9nyeink&quot;","img":{"alt_text":"","src":"https:\/\/i2.wp.com\/bukkleader.hu\/old\/wp-content\/uploads\/2019\/08\/warning-icon-free-28_384x384.jpg?resize=350%2C200&ssl=1","width":350,"height":200},"classes":[]},{"id":5996,"url":"https:\/\/bukkleader.hu\/old\/uj-palyazati-lehetoseg\/","url_meta":{"origin":2488,"position":1},"title":"\u00daj p\u00e1ly\u00e1zati lehet\u0151s\u00e9g!","date":"2021-06-25","format":false,"excerpt":"Tisztelt P\u00e1ly\u00e1z\u00f3ink! Hamarosan megjelenik a B\u00fckk-T\u00e9rs\u00e9gi LEADER Egyes\u00fclet \u00e1ltal meghirdetett, a Helyi fejleszt\u00e9sek t\u00e1mogat\u00e1sa c\u00edm\u0171, VP6-19.2.1-15-10-21 k\u00f3dsz\u00e1m\u00fa helyi felh\u00edv\u00e1s, mely keret\u00e9ben a v\u00e1llalkoz\u00f3i-, a civil- \u00e9s az \u00f6nkorm\u00e1nyzati szf\u00e9ra is megval\u00f3s\u00edthatja fejleszt\u00e9si elk\u00e9pzel\u00e9s\u00e9t. Az \u00faj helyi felh\u00edv\u00e1s min\u00e9l sz\u00e9lesebb k\u00f6rben val\u00f3 megismertet\u00e9se \u00e9rdek\u00e9ben t\u00e1j\u00e9koztat\u00f3 f\u00f3rumokat tartunk, melyek helysz\u00ednei \u00e9s id\u0151pontjai\u2026","rel":"","context":"In &quot;H\u00edreink, k\u00f6zlem\u00e9nyeink&quot;","img":{"alt_text":"","src":"https:\/\/i1.wp.com\/bukkleader.hu\/old\/wp-content\/uploads\/2017\/10\/LEADER-logo-Jul09-32.jpg?resize=350%2C200&ssl=1","width":350,"height":200},"classes":[]},{"id":2412,"url":"https:\/\/bukkleader.hu\/old\/figyelem-pontozasi-szempont-a-forumon-valo-reszvetel\/","url_meta":{"origin":2488,"position":2},"title":"Figyelem! Pontoz\u00e1si szempont a f\u00f3rumon val\u00f3 r\u00e9szv\u00e9tel!","date":"2020-02-06","format":false,"excerpt":"Tisztelt P\u00e1ly\u00e1z\u00f3k! Felh\u00edvjuk a figyelm\u00fcket, hogy a hamarosan megjelen\u0151 \"Turisztikai szolg\u00e1ltat\u00e1sok fejleszt\u00e9se\" helyi felh\u00edv\u00e1s egyik pontoz\u00e1si szempontja a\u00a0f\u00f3rumokon val\u00f3 r\u00e9szv\u00e9tel. Amennyiben t\u00e1mogat\u00e1si k\u00e9relmet k\u00edv\u00e1nnak beny\u00fajtani, k\u00e9rj\u00fck sz\u00edveskedjenek valamelyik meghirdetett f\u00f3rumon r\u00e9szt venni! Meghirdetett id\u0151pontok \u00e9s helysz\u00ednek: T\u00e1j\u00e9koztat\u00f3 f\u00f3rum a helyi szerepl\u0151k felk\u00e9sz\u00edt\u00e9s\u00e9nek \u00e9rdek\u00e9ben B\u00fckkszentkereszten - 2020.02.10. T\u00e1j\u00e9koztat\u00f3 f\u00f3rum a helyi\u2026","rel":"","context":"In &quot;H\u00edreink, k\u00f6zlem\u00e9nyeink&quot;","img":{"alt_text":"LEADER","src":"https:\/\/i0.wp.com\/bukkleader.hu\/old\/wp-content\/uploads\/2015\/08\/384-10-leader_logo.jpg?resize=350%2C200&ssl=1","width":350,"height":200},"classes":[]},{"id":110,"url":"https:\/\/bukkleader.hu\/old\/2013-julius-01-2013-szeptember-30-idoszak\/","url_meta":{"origin":2488,"position":3},"title":"2013. j\u00falius 01. &#8211; 2013. szeptember 30. id\u0151szak","date":"2013-10-01","format":false,"excerpt":"A B\u00fckk-T\u00e9rs\u00e9gi LEADER Egyes\u00fclet munkaszervezet\u00e9nek legfontosabb feladata a 2013.07.01. \u2013 09.30. id\u0151szakban a beny\u00fajtott LEADER p\u00e1ly\u00e1zatok \u00fcgyint\u00e9z\u00e9se volt. A LEADER p\u00e1ly\u00e1zatok a HACS ter\u00fclet\u00e9r\u0151l az Ir\u00e1ny\u00edt\u00f3 Hat\u00f3s\u00e1g d\u00f6nt\u00e9s\u00e9nek megfelel\u0151en 2013.09.24-t\u0151l egy napig \u00fajra beny\u00fajthat\u00f3k voltak, szolg\u00e1ltat\u00e1sfejleszt\u00e9s kateg\u00f3ri\u00e1ban. \u00cdgy a 2013.09. h\u00f3napban rendelkez\u00e9sre \u00e1ll\u00f3 LEADER fejleszt\u00e9si forr\u00e1saink tekintet\u00e9ben \u00f6sszesen mintegy 150\u2026","rel":"","context":"In &quot;Munkabesz\u00e1mol\u00f3k&quot;","img":{"alt_text":"","src":"","width":0,"height":0},"classes":[]},{"id":2477,"url":"https:\/\/bukkleader.hu\/old\/utolso-forum-a-turisztikai-szolgaltatasok-fejlesztesere-palyazoknak\/","url_meta":{"origin":2488,"position":4},"title":"Figyelem! Utols\u00f3 f\u00f3rum a turisztikai szolg\u00e1ltat\u00e1sok fejleszt\u00e9s\u00e9re p\u00e1ly\u00e1z\u00f3knak!","date":"2020-03-09","format":false,"excerpt":"Tisztelt P\u00e1ly\u00e1z\u00f3k! A Turisztikai Szolg\u00e1ltat\u00e1sok Fejleszt\u00e9se helyi felh\u00edv\u00e1s utols\u00f3 ismertet\u0151 f\u00f3ruma 2020.03.11.-\u00e9n Saj\u00f3kereszt\u00farban lesz megtartva. Felh\u00edvjuk a figyelm\u00fcket, hogy a f\u00f3rumon val\u00f3 r\u00e9szv\u00e9tel pontoz\u00e1si szempont, mely ezen alkalommal teljes\u00edthet\u0151 utolj\u00e1ra!","rel":"","context":"In &quot;H\u00edreink, k\u00f6zlem\u00e9nyeink&quot;","img":{"alt_text":"","src":"","width":0,"height":0},"classes":[]},{"id":2356,"url":"https:\/\/bukkleader.hu\/old\/tajekoztato-az-uj-turisztikai-szolgaltatasok-fejlesztesere-kiirando-felhivasrol\/","url_meta":{"origin":2488,"position":5},"title":"T\u00e1j\u00e9koztat\u00f3 az \u00faj turisztikai szolg\u00e1ltat\u00e1sok fejleszt\u00e9s\u00e9re ki\u00edrand\u00f3 felh\u00edv\u00e1sr\u00f3l","date":"2019-12-13","format":false,"excerpt":"Tisztelt P\u00e1ly\u00e1z\u00f3k! T\u00e1j\u00e9koztatjuk azon p\u00e1ly\u00e1z\u00f3kat, akik az \u00faj turisztikai szolg\u00e1ltat\u00e1sok fejleszt\u00e9se megnevez\u00e9s\u0171 helyi felh\u00edv\u00e1sra szeretn\u00e9nek t\u00e1mogat\u00e1si k\u00e9relmet beny\u00fajtani, hogy 2019. december\u00e9ben a felh\u00edv\u00e1s nem jelenik meg, mert az Ir\u00e1ny\u00edt\u00f3 Hat\u00f3s\u00e1g a szab\u00e1lyoss\u00e1gi vizsg\u00e1latot m\u00e9g nem v\u00e9gezte el. A felh\u00edv\u00e1s megjelen\u00e9s\u00e9vel kapcsolatosan tov\u00e1bbra is a honlapunkon t\u00e1j\u00e9koztatjuk \u00d6n\u00f6ket.","rel":"","context":"In &quot;H\u00edreink, k\u00f6zlem\u00e9nyeink&quot;","img":{"alt_text":"","src":"https:\/\/i2.wp.com\/bukkleader.hu\/old\/wp-content\/uploads\/2017\/12\/danger.png?resize=350%2C200&ssl=1","width":350,"height":200},"classes":[]}],"_links":{"self":[{"href":"https:\/\/bukkleader.hu\/old\/wp-json\/wp\/v2\/posts\/2488"}],"collection":[{"href":"https:\/\/bukkleader.hu\/old\/wp-json\/wp\/v2\/posts"}],"about":[{"href":"https:\/\/bukkleader.hu\/old\/wp-json\/wp\/v2\/types\/post"}],"author":[{"embeddable":true,"href":"https:\/\/bukkleader.hu\/old\/wp-json\/wp\/v2\/users\/4"}],"replies":[{"embeddable":true,"href":"https:\/\/bukkleader.hu\/old\/wp-json\/wp\/v2\/comments?post=2488"}],"version-history":[{"count":2,"href":"https:\/\/bukkleader.hu\/old\/wp-json\/wp\/v2\/posts\/2488\/revisions"}],"predecessor-version":[{"id":2490,"href":"https:\/\/bukkleader.hu\/old\/wp-json\/wp\/v2\/posts\/2488\/revisions\/2490"}],"wp:featuredmedia":[{"embeddable":true,"href":"https:\/\/bukkleader.hu\/old\/wp-json\/wp\/v2\/media\/1484"}],"wp:attachment":[{"href":"https:\/\/bukkleader.hu\/old\/wp-json\/wp\/v2\/media?parent=2488"}],"wp:term":[{"taxonomy":"category","embeddable":true,"href":"https:\/\/bukkleader.hu\/old\/wp-json\/wp\/v2\/categories?post=2488"},{"taxonomy":"post_tag","embeddable":true,"href":"https:\/\/bukkleader.hu\/old\/wp-json\/wp\/v2\/tags?post=2488"}],"curies":[{"name":"wp","href":"https:\/\/api.w.org\/{rel}","templated":true}]}}