{"id":2477,"date":"2020-03-09T13:08:03","date_gmt":"2020-03-09T12:08:03","guid":{"rendered":"https:\/\/bukkleader.hu\/old\/?p=2477"},"modified":"2020-03-09T13:08:24","modified_gmt":"2020-03-09T12:08:24","slug":"utolso-forum-a-turisztikai-szolgaltatasok-fejlesztesere-palyazoknak","status":"publish","type":"post","link":"https:\/\/bukkleader.hu\/old\/utolso-forum-a-turisztikai-szolgaltatasok-fejlesztesere-palyazoknak\/","title":{"rendered":"Figyelem! Utols\u00f3 f\u00f3rum a turisztikai szolg\u00e1ltat\u00e1sok fejleszt\u00e9s\u00e9re p\u00e1ly\u00e1z\u00f3knak!"},"content":{"rendered":"<p><strong>Tisztelt P\u00e1ly\u00e1z\u00f3k!<\/strong><\/p>\n<p>A Turisztikai Szolg\u00e1ltat\u00e1sok Fejleszt\u00e9se helyi felh\u00edv\u00e1s utols\u00f3 ismertet\u0151 f\u00f3ruma 2020.03.11.-\u00e9n Saj\u00f3kereszt\u00farban lesz megtartva.<\/p>\n<p>Felh\u00edvjuk a figyelm\u00fcket, hogy a f\u00f3rumon val\u00f3 r\u00e9szv\u00e9tel pontoz\u00e1si szempont, mely ezen alkalommal teljes\u00edthet\u0151 utolj\u00e1ra!<\/p>\n<div class=\"sharedaddy sd-sharing-enabled\"><div class=\"robots-nocontent sd-block sd-social sd-social-icon sd-sharing\"><h3 class=\"sd-title\">Share this:<\/h3><div class=\"sd-content\"><ul><li class=\"share-facebook\"><a rel=\"nofollow noopener noreferrer\" data-shared=\"sharing-facebook-2477\" class=\"share-facebook sd-button share-icon no-text\" href=\"https:\/\/bukkleader.hu\/old\/utolso-forum-a-turisztikai-szolgaltatasok-fejlesztesere-palyazoknak\/?share=facebook\" target=\"_blank\" title=\"Click to share on Facebook\"><span><\/span><span class=\"sharing-screen-reader-text\">Click to share on Facebook (Opens in new window)<\/span><\/a><\/li><li class=\"share-twitter\"><a rel=\"nofollow noopener noreferrer\" data-shared=\"sharing-twitter-2477\" class=\"share-twitter sd-button share-icon no-text\" href=\"https:\/\/bukkleader.hu\/old\/utolso-forum-a-turisztikai-szolgaltatasok-fejlesztesere-palyazoknak\/?share=twitter\" target=\"_blank\" title=\"Click to share on Twitter\"><span><\/span><span class=\"sharing-screen-reader-text\">Click to share on Twitter (Opens in new window)<\/span><\/a><\/li><li class=\"share-print\"><a rel=\"nofollow noopener noreferrer\" data-shared=\"\" class=\"share-print sd-button share-icon no-text\" href=\"https:\/\/bukkleader.hu\/old\/utolso-forum-a-turisztikai-szolgaltatasok-fejlesztesere-palyazoknak\/\" target=\"_blank\" title=\"Click to print\"><span><\/span><span class=\"sharing-screen-reader-text\">Click to print (Opens in new window)<\/span><\/a><\/li><li class=\"share-email\"><a rel=\"nofollow noopener noreferrer\" data-shared=\"\" class=\"share-email sd-button share-icon no-text\" href=\"https:\/\/bukkleader.hu\/old\/utolso-forum-a-turisztikai-szolgaltatasok-fejlesztesere-palyazoknak\/?share=email\" target=\"_blank\" title=\"Click to email this to a friend\"><span><\/span><span class=\"sharing-screen-reader-text\">Click to email this to a friend (Opens in new window)<\/span><\/a><\/li><li class=\"share-end\"><\/li><\/ul><\/div><\/div><\/div>","protected":false},"excerpt":{"rendered":"<p>Tisztelt P\u00e1ly\u00e1z\u00f3k! A Turisztikai Szolg\u00e1ltat\u00e1sok Fejleszt\u00e9se helyi felh\u00edv\u00e1s utols\u00f3 ismertet\u0151 f\u00f3ruma 2020.03.11.-\u00e9n Saj\u00f3kereszt\u00farban lesz megtartva. Felh\u00edvjuk a figyelm\u00fcket, hogy a f\u00f3rumon val\u00f3 r\u00e9szv\u00e9tel pontoz\u00e1si szempont, mely ezen alkalommal teljes\u00edthet\u0151 utolj\u00e1ra!<\/p>\n<div class=\"sharedaddy sd-sharing-enabled\"><div class=\"robots-nocontent sd-block sd-social sd-social-icon sd-sharing\"><h3 class=\"sd-title\">Share this:<\/h3><div class=\"sd-content\"><ul><li class=\"share-facebook\"><a rel=\"nofollow noopener noreferrer\" data-shared=\"sharing-facebook-2477\" class=\"share-facebook sd-button share-icon no-text\" href=\"https:\/\/bukkleader.hu\/old\/utolso-forum-a-turisztikai-szolgaltatasok-fejlesztesere-palyazoknak\/?share=facebook\" target=\"_blank\" title=\"Click to share on Facebook\"><span><\/span><span class=\"sharing-screen-reader-text\">Click to share on Facebook (Opens in new window)<\/span><\/a><\/li><li class=\"share-twitter\"><a rel=\"nofollow noopener noreferrer\" data-shared=\"sharing-twitter-2477\" class=\"share-twitter sd-button share-icon no-text\" href=\"https:\/\/bukkleader.hu\/old\/utolso-forum-a-turisztikai-szolgaltatasok-fejlesztesere-palyazoknak\/?share=twitter\" target=\"_blank\" title=\"Click to share on Twitter\"><span><\/span><span class=\"sharing-screen-reader-text\">Click to share on Twitter (Opens in new window)<\/span><\/a><\/li><li class=\"share-print\"><a rel=\"nofollow noopener noreferrer\" data-shared=\"\" class=\"share-print sd-button share-icon no-text\" href=\"https:\/\/bukkleader.hu\/old\/utolso-forum-a-turisztikai-szolgaltatasok-fejlesztesere-palyazoknak\/\" target=\"_blank\" title=\"Click to print\"><span><\/span><span class=\"sharing-screen-reader-text\">Click to print (Opens in new window)<\/span><\/a><\/li><li class=\"share-email\"><a rel=\"nofollow noopener noreferrer\" data-shared=\"\" class=\"share-email sd-button share-icon no-text\" href=\"https:\/\/bukkleader.hu\/old\/utolso-forum-a-turisztikai-szolgaltatasok-fejlesztesere-palyazoknak\/?share=email\" target=\"_blank\" title=\"Click to email this to a friend\"><span><\/span><span class=\"sharing-screen-reader-text\">Click to email this to a friend (Opens in new window)<\/span><\/a><\/li><li class=\"share-end\"><\/li><\/ul><\/div><\/div><\/div>","protected":false},"author":4,"featured_media":2456,"comment_status":"open","ping_status":"closed","sticky":false,"template":"","format":"standard","meta":{"_bbp_topic_count":0,"_bbp_reply_count":0,"_bbp_total_topic_count":0,"_bbp_total_reply_count":0,"_bbp_voice_count":0,"_bbp_anonymous_reply_count":0,"_bbp_topic_count_hidden":0,"_bbp_reply_count_hidden":0,"_bbp_forum_subforum_count":0,"spay_email":"","jetpack_publicize_message":"","jetpack_is_tweetstorm":false,"jetpack_publicize_feature_enabled":true},"categories":[1],"tags":[],"jetpack_featured_media_url":"https:\/\/bukkleader.hu\/old\/wp-content\/uploads\/2020\/02\/sajokeresztur_muvhaz2.jpg","jetpack_publicize_connections":[],"jetpack_sharing_enabled":true,"jetpack-related-posts":[{"id":2488,"url":"https:\/\/bukkleader.hu\/old\/figyelem-utolso-lehetoseg-szemelyes-konzultaciora-a-turisztikai-szolgaltatasok-fejlesztesere-palyazoknak\/","url_meta":{"origin":2477,"position":0},"title":"FIGYELEM! Utols\u00f3 lehet\u0151s\u00e9g szem\u00e9lyes konzult\u00e1ci\u00f3ra a turisztikai szolg\u00e1ltat\u00e1sok fejleszt\u00e9s\u00e9re p\u00e1ly\u00e1z\u00f3knak!","date":"2020-03-16","format":false,"excerpt":"Tisztelt P\u00e1ly\u00e1z\u00f3k! Azon t\u00e1mogat\u00e1st ig\u00e9nyl\u0151k, akik m\u00e9g nem vettek r\u00e9szt a Turisztikai Szolg\u00e1ltat\u00e1sok Fejleszt\u00e9se egyik ismertet\u0151 f\u00f3rum\u00e1n sem \u00e9s szeretn\u00e9nek szem\u00e9lyes konzult\u00e1ci\u00f3n r\u00e9szt venni, 2020.03.16. - 2020.03.19.-ig el\u0151zetes id\u0151pont egyeztet\u00e9s alapj\u00e1n megtehetik. Id\u0151pont egyeztet\u00e9s a 06 46 576 280-as telefonsz\u00e1mon! Jelen int\u00e9zked\u00e9s a fenn\u00e1ll\u00f3 vesz\u00e9lyhelyzet miatt ker\u00fcl bevezet\u00e9sre \u00e9s visszavon\u00e1sig\u2026","rel":"","context":"In &quot;H\u00edreink, k\u00f6zlem\u00e9nyeink&quot;","img":{"alt_text":"","src":"https:\/\/i2.wp.com\/bukkleader.hu\/old\/wp-content\/uploads\/2017\/12\/danger.png?resize=350%2C200&ssl=1","width":350,"height":200},"classes":[]},{"id":2453,"url":"https:\/\/bukkleader.hu\/old\/turisztikai-szolgaltatasok-fejlesztese-cimu-helyi-felhivast-ismerteto-forum-sajokeresztur\/","url_meta":{"origin":2477,"position":1},"title":"Turisztikai Szolg\u00e1ltat\u00e1sok Fejleszt\u00e9se c\u00edm\u0171 helyi felh\u00edv\u00e1st ismertet\u0151 f\u00f3rum &#8211; Saj\u00f3kereszt\u00far","date":"2020-02-27","format":false,"excerpt":"A B\u00fckk-T\u00e9rs\u00e9gi LEADER Egyes\u00fclet a Turisztikai Szolg\u00e1ltat\u00e1sok Fejleszt\u00e9se c\u00edm\u0171, megjelent helyi felh\u00edv\u00e1s utols\u00f3 ismertet\u0151 f\u00f3rum\u00e1t rendezi meg 2020. 03.11-\u00e9n 17 \u00f3r\u00e1t\u00f3l Saj\u00f3kereszt\u00farban a M\u0171vel\u0151d\u00e9si H\u00e1zban, a mell\u00e9kelt megh\u00edv\u00f3 szerint. Felh\u00edvjuk sz\u00edves figyelm\u00fcket, hogy a f\u00f3rumon val\u00f3 r\u00e9szv\u00e9tel pontoz\u00e1si szempont, melyet ezen alkalommal lehet utolj\u00e1ra teljes\u00edteni.","rel":"","context":"In &quot;H\u00edreink, k\u00f6zlem\u00e9nyeink&quot;","img":{"alt_text":"","src":"https:\/\/i1.wp.com\/bukkleader.hu\/old\/wp-content\/uploads\/2020\/02\/Meghivo_Saj\u00c3\u00b3keresztur.jpg?resize=350%2C200&ssl=1","width":350,"height":200},"classes":[]},{"id":2482,"url":"https:\/\/bukkleader.hu\/old\/a-2020-03-11-re-meghirdetett-felhivasismerteto-forum-a-koronavirus-miatt-elmarad\/","url_meta":{"origin":2477,"position":2},"title":"FIGYELEM! A 2020.03.11-re Saj\u00f3kereszt\u00farra meghirdetett felh\u00edv\u00e1sismertet\u0151 f\u00f3rum a koronav\u00edrus miatt ELMARAD!","date":"2020-03-11","format":false,"excerpt":"Tisztelt P\u00e1ly\u00e1z\u00f3k! A m\u00e1ra\u00a0meghirdetett\u00a0(2020. 03. 11. Saj\u00f3kereszt\u00far)\u00a0utols\u00f3 felh\u00edv\u00e1sismertet\u0151 f\u00f3rum a koronav\u00edrussal kapcsolatos int\u00e9zked\u00e9s miatt elmarad! Akinek k\u00e9rd\u00e9se van a Turisztikai Szolg\u00e1ltat\u00e1sok Fejleszt\u00e9se helyi felh\u00edv\u00e1ssal kapcsolatosan, az szem\u00e9lyes\u00a0vagy telefonos\u00a0konzult\u00e1ci\u00f3n teheti fel k\u00e9rd\u00e9seit.","rel":"","context":"In &quot;H\u00edreink, k\u00f6zlem\u00e9nyeink&quot;","img":{"alt_text":"","src":"https:\/\/i2.wp.com\/bukkleader.hu\/old\/wp-content\/uploads\/2019\/08\/warning-icon-free-28_384x384.jpg?resize=350%2C200&ssl=1","width":350,"height":200},"classes":[]},{"id":2356,"url":"https:\/\/bukkleader.hu\/old\/tajekoztato-az-uj-turisztikai-szolgaltatasok-fejlesztesere-kiirando-felhivasrol\/","url_meta":{"origin":2477,"position":3},"title":"T\u00e1j\u00e9koztat\u00f3 az \u00faj turisztikai szolg\u00e1ltat\u00e1sok fejleszt\u00e9s\u00e9re ki\u00edrand\u00f3 felh\u00edv\u00e1sr\u00f3l","date":"2019-12-13","format":false,"excerpt":"Tisztelt P\u00e1ly\u00e1z\u00f3k! T\u00e1j\u00e9koztatjuk azon p\u00e1ly\u00e1z\u00f3kat, akik az \u00faj turisztikai szolg\u00e1ltat\u00e1sok fejleszt\u00e9se megnevez\u00e9s\u0171 helyi felh\u00edv\u00e1sra szeretn\u00e9nek t\u00e1mogat\u00e1si k\u00e9relmet beny\u00fajtani, hogy 2019. december\u00e9ben a felh\u00edv\u00e1s nem jelenik meg, mert az Ir\u00e1ny\u00edt\u00f3 Hat\u00f3s\u00e1g a szab\u00e1lyoss\u00e1gi vizsg\u00e1latot m\u00e9g nem v\u00e9gezte el. A felh\u00edv\u00e1s megjelen\u00e9s\u00e9vel kapcsolatosan tov\u00e1bbra is a honlapunkon t\u00e1j\u00e9koztatjuk \u00d6n\u00f6ket.","rel":"","context":"In &quot;H\u00edreink, k\u00f6zlem\u00e9nyeink&quot;","img":{"alt_text":"","src":"https:\/\/i2.wp.com\/bukkleader.hu\/old\/wp-content\/uploads\/2017\/12\/danger.png?resize=350%2C200&ssl=1","width":350,"height":200},"classes":[]},{"id":2449,"url":"https:\/\/bukkleader.hu\/old\/megjelent-a-turisztikai-szolgaltatasok-fejlesztese-vp6-19-2-1-15-9-20-helyi-felhivas\/","url_meta":{"origin":2477,"position":4},"title":"Megjelent a TURISZTIKAI SZOLG\u00c1LTAT\u00c1SOK FEJLESZT\u00c9SE (VP6-19.2.1.-15-9-20) helyi felh\u00edv\u00e1s!","date":"2020-02-25","format":false,"excerpt":"Megjelent a TURISZTIKAI SZOLG\u00c1LTAT\u00c1SOK FEJLESZT\u00c9SE (VP6-19.2.1.-15-9-20) helyi felh\u00edv\u00e1s! A felh\u00edv\u00e1s \u00e9s mell\u00e9kletei let\u00f6lthet\u0151k a Magyar \u00c1llamkincst\u00e1r honlapj\u00e1r\u00f3l: https:\/\/e-kerelem.mvh.allamkincstar.gov.hu\/enter\/leaderbongeszo\/leaderBongeszo.xhtml (A linkre l\u00e9pve Helyi Akci\u00f3csoportn\u00e1l v\u00e1lassz\u00e1k ki a leg\u00f6rd\u00fcl\u0151 men\u00fcb\u0151l a B\u00fckk-T\u00e9rs\u00e9gi LEADER Egyes\u00fcletet, vagy a Telep\u00fcl\u00e9sn\u00e9l a megval\u00f3s\u00edt\u00e1s tervezett helysz\u00edn\u00e9t. A megjelen\u0151 list\u00e1b\u00f3l a \"Turisztikai szolg\u00e1ltat\u00e1sok fejleszt\u00e9se c\u00edm\u0171\" felh\u00edv\u00e1s a relev\u00e1ns.\u2026","rel":"","context":"In &quot;Dokumentumok&quot;","img":{"alt_text":"","src":"https:\/\/i0.wp.com\/bukkleader.hu\/old\/wp-content\/uploads\/2018\/08\/p\u00e1ly\u00e1zati-felh\u00edv\u00e1s.jpg?resize=350%2C200&ssl=1","width":350,"height":200},"classes":[]},{"id":2412,"url":"https:\/\/bukkleader.hu\/old\/figyelem-pontozasi-szempont-a-forumon-valo-reszvetel\/","url_meta":{"origin":2477,"position":5},"title":"Figyelem! Pontoz\u00e1si szempont a f\u00f3rumon val\u00f3 r\u00e9szv\u00e9tel!","date":"2020-02-06","format":false,"excerpt":"Tisztelt P\u00e1ly\u00e1z\u00f3k! Felh\u00edvjuk a figyelm\u00fcket, hogy a hamarosan megjelen\u0151 \"Turisztikai szolg\u00e1ltat\u00e1sok fejleszt\u00e9se\" helyi felh\u00edv\u00e1s egyik pontoz\u00e1si szempontja a\u00a0f\u00f3rumokon val\u00f3 r\u00e9szv\u00e9tel. Amennyiben t\u00e1mogat\u00e1si k\u00e9relmet k\u00edv\u00e1nnak beny\u00fajtani, k\u00e9rj\u00fck sz\u00edveskedjenek valamelyik meghirdetett f\u00f3rumon r\u00e9szt venni! Meghirdetett id\u0151pontok \u00e9s helysz\u00ednek: T\u00e1j\u00e9koztat\u00f3 f\u00f3rum a helyi szerepl\u0151k felk\u00e9sz\u00edt\u00e9s\u00e9nek \u00e9rdek\u00e9ben B\u00fckkszentkereszten - 2020.02.10. T\u00e1j\u00e9koztat\u00f3 f\u00f3rum a helyi\u2026","rel":"","context":"In &quot;H\u00edreink, k\u00f6zlem\u00e9nyeink&quot;","img":{"alt_text":"LEADER","src":"https:\/\/i0.wp.com\/bukkleader.hu\/old\/wp-content\/uploads\/2015\/08\/384-10-leader_logo.jpg?resize=350%2C200&ssl=1","width":350,"height":200},"classes":[]}],"_links":{"self":[{"href":"https:\/\/bukkleader.hu\/old\/wp-json\/wp\/v2\/posts\/2477"}],"collection":[{"href":"https:\/\/bukkleader.hu\/old\/wp-json\/wp\/v2\/posts"}],"about":[{"href":"https:\/\/bukkleader.hu\/old\/wp-json\/wp\/v2\/types\/post"}],"author":[{"embeddable":true,"href":"https:\/\/bukkleader.hu\/old\/wp-json\/wp\/v2\/users\/4"}],"replies":[{"embeddable":true,"href":"https:\/\/bukkleader.hu\/old\/wp-json\/wp\/v2\/comments?post=2477"}],"version-history":[{"count":3,"href":"https:\/\/bukkleader.hu\/old\/wp-json\/wp\/v2\/posts\/2477\/revisions"}],"predecessor-version":[{"id":2480,"href":"https:\/\/bukkleader.hu\/old\/wp-json\/wp\/v2\/posts\/2477\/revisions\/2480"}],"wp:featuredmedia":[{"embeddable":true,"href":"https:\/\/bukkleader.hu\/old\/wp-json\/wp\/v2\/media\/2456"}],"wp:attachment":[{"href":"https:\/\/bukkleader.hu\/old\/wp-json\/wp\/v2\/media?parent=2477"}],"wp:term":[{"taxonomy":"category","embeddable":true,"href":"https:\/\/bukkleader.hu\/old\/wp-json\/wp\/v2\/categories?post=2477"},{"taxonomy":"post_tag","embeddable":true,"href":"https:\/\/bukkleader.hu\/old\/wp-json\/wp\/v2\/tags?post=2477"}],"curies":[{"name":"wp","href":"https:\/\/api.w.org\/{rel}","templated":true}]}}