{"id":2473,"date":"2020-03-05T13:54:29","date_gmt":"2020-03-05T12:54:29","guid":{"rendered":"https:\/\/bukkleader.hu\/old\/?p=2473"},"modified":"2020-03-05T13:54:29","modified_gmt":"2020-03-05T12:54:29","slug":"uj-iranyito-hatosagi-kozlemeny-jelent-meg-az-elolegrol","status":"publish","type":"post","link":"https:\/\/bukkleader.hu\/old\/uj-iranyito-hatosagi-kozlemeny-jelent-meg-az-elolegrol\/","title":{"rendered":"\u00daj Ir\u00e1ny\u00edt\u00f3 Hat\u00f3s\u00e1gi k\u00f6zlem\u00e9ny jelent meg az el\u0151legr\u0151l!"},"content":{"rendered":"<p><strong>Tisztelt Kedvezm\u00e9nyezettek!<\/strong><\/p>\n<p>\u00daj Ir\u00e1ny\u00edt\u00f3 Hat\u00f3s\u00e1gi k\u00f6zlem\u00e9ny jelent meg a LEADER felh\u00edv\u00e1sok t\u00e1mogat\u00e1si el\u0151leg\u00e9r\u0151l!<\/p>\n<p>Let\u00f6lthet\u0151:\u00a0<span style=\"color: #0000ff;\"><a style=\"color: #0000ff;\" href=\"https:\/\/www.mvh.allamkincstar.gov.hu\/leader-helyi-felhivasok\" target=\"_blank\" rel=\"noopener\" data-saferedirecturl=\"https:\/\/www.google.com\/url?hl=hu&amp;q=https:\/\/www.mvh.allamkincstar.gov.hu\/leader-helyi-felhivasok&amp;source=gmail&amp;ust=1583499070001000&amp;usg=AFQjCNFqQt-VQ6rrOfp8LxlNoqMNkS7PIQ\">https:\/\/www.mvh.allamkincstar.<wbr><\/wbr>gov.hu\/leader-helyi-felhivasok<\/a><\/span><\/p>\n<p><img data-attachment-id=\"2474\" data-permalink=\"https:\/\/bukkleader.hu\/old\/uj-iranyito-hatosagi-kozlemeny-jelent-meg-az-elolegrol\/ihkozleloleg\/\" data-orig-file=\"https:\/\/bukkleader.hu\/old\/wp-content\/uploads\/2020\/03\/IHkozleloleg.jpg\" data-orig-size=\"1240,1754\" data-comments-opened=\"1\" data-image-meta=\"{&quot;aperture&quot;:&quot;0&quot;,&quot;credit&quot;:&quot;&quot;,&quot;camera&quot;:&quot;&quot;,&quot;caption&quot;:&quot;&quot;,&quot;created_timestamp&quot;:&quot;0&quot;,&quot;copyright&quot;:&quot;&quot;,&quot;focal_length&quot;:&quot;0&quot;,&quot;iso&quot;:&quot;0&quot;,&quot;shutter_speed&quot;:&quot;0&quot;,&quot;title&quot;:&quot;&quot;,&quot;orientation&quot;:&quot;0&quot;}\" data-image-title=\"IHkozleloleg\" data-image-description=\"\" data-image-caption=\"\" data-medium-file=\"https:\/\/bukkleader.hu\/old\/wp-content\/uploads\/2020\/03\/IHkozleloleg-212x300.jpg\" data-large-file=\"https:\/\/bukkleader.hu\/old\/wp-content\/uploads\/2020\/03\/IHkozleloleg-724x1024.jpg\" loading=\"lazy\" class=\"aligncenter size-full wp-image-2474\" src=\"https:\/\/bukkleader.hu\/old\/wp-content\/uploads\/2020\/03\/IHkozleloleg.jpg\" alt=\"\" width=\"1240\" height=\"1754\" srcset=\"https:\/\/bukkleader.hu\/old\/wp-content\/uploads\/2020\/03\/IHkozleloleg.jpg 1240w, https:\/\/bukkleader.hu\/old\/wp-content\/uploads\/2020\/03\/IHkozleloleg-212x300.jpg 212w, https:\/\/bukkleader.hu\/old\/wp-content\/uploads\/2020\/03\/IHkozleloleg-768x1086.jpg 768w, https:\/\/bukkleader.hu\/old\/wp-content\/uploads\/2020\/03\/IHkozleloleg-724x1024.jpg 724w\" sizes=\"(max-width: 1240px) 100vw, 1240px\" \/><\/p>\n<div class=\"sharedaddy sd-sharing-enabled\"><div class=\"robots-nocontent sd-block sd-social sd-social-icon sd-sharing\"><h3 class=\"sd-title\">Share this:<\/h3><div class=\"sd-content\"><ul><li class=\"share-facebook\"><a rel=\"nofollow noopener noreferrer\" data-shared=\"sharing-facebook-2473\" class=\"share-facebook sd-button share-icon no-text\" href=\"https:\/\/bukkleader.hu\/old\/uj-iranyito-hatosagi-kozlemeny-jelent-meg-az-elolegrol\/?share=facebook\" target=\"_blank\" title=\"Click to share on Facebook\"><span><\/span><span class=\"sharing-screen-reader-text\">Click to share on Facebook (Opens in new window)<\/span><\/a><\/li><li class=\"share-twitter\"><a rel=\"nofollow noopener noreferrer\" data-shared=\"sharing-twitter-2473\" class=\"share-twitter sd-button share-icon no-text\" href=\"https:\/\/bukkleader.hu\/old\/uj-iranyito-hatosagi-kozlemeny-jelent-meg-az-elolegrol\/?share=twitter\" target=\"_blank\" title=\"Click to share on Twitter\"><span><\/span><span class=\"sharing-screen-reader-text\">Click to share on Twitter (Opens in new window)<\/span><\/a><\/li><li class=\"share-print\"><a rel=\"nofollow noopener noreferrer\" data-shared=\"\" class=\"share-print sd-button share-icon no-text\" href=\"https:\/\/bukkleader.hu\/old\/uj-iranyito-hatosagi-kozlemeny-jelent-meg-az-elolegrol\/\" target=\"_blank\" title=\"Click to print\"><span><\/span><span class=\"sharing-screen-reader-text\">Click to print (Opens in new window)<\/span><\/a><\/li><li class=\"share-email\"><a rel=\"nofollow noopener noreferrer\" data-shared=\"\" class=\"share-email sd-button share-icon no-text\" href=\"https:\/\/bukkleader.hu\/old\/uj-iranyito-hatosagi-kozlemeny-jelent-meg-az-elolegrol\/?share=email\" target=\"_blank\" title=\"Click to email this to a friend\"><span><\/span><span class=\"sharing-screen-reader-text\">Click to email this to a friend (Opens in new window)<\/span><\/a><\/li><li class=\"share-end\"><\/li><\/ul><\/div><\/div><\/div>","protected":false},"excerpt":{"rendered":"<p>Tisztelt Kedvezm\u00e9nyezettek! \u00daj Ir\u00e1ny\u00edt\u00f3 Hat\u00f3s\u00e1gi k\u00f6zlem\u00e9ny jelent meg a LEADER felh\u00edv\u00e1sok t\u00e1mogat\u00e1si el\u0151leg\u00e9r\u0151l! Let\u00f6lthet\u0151:\u00a0https:\/\/www.mvh.allamkincstar.gov.hu\/leader-helyi-felhivasok<\/p>\n<div class=\"sharedaddy sd-sharing-enabled\"><div class=\"robots-nocontent sd-block sd-social sd-social-icon sd-sharing\"><h3 class=\"sd-title\">Share this:<\/h3><div class=\"sd-content\"><ul><li class=\"share-facebook\"><a rel=\"nofollow noopener noreferrer\" data-shared=\"sharing-facebook-2473\" class=\"share-facebook sd-button share-icon no-text\" href=\"https:\/\/bukkleader.hu\/old\/uj-iranyito-hatosagi-kozlemeny-jelent-meg-az-elolegrol\/?share=facebook\" target=\"_blank\" title=\"Click to share on Facebook\"><span><\/span><span class=\"sharing-screen-reader-text\">Click to share on Facebook (Opens in new window)<\/span><\/a><\/li><li class=\"share-twitter\"><a rel=\"nofollow noopener noreferrer\" data-shared=\"sharing-twitter-2473\" class=\"share-twitter sd-button share-icon no-text\" href=\"https:\/\/bukkleader.hu\/old\/uj-iranyito-hatosagi-kozlemeny-jelent-meg-az-elolegrol\/?share=twitter\" target=\"_blank\" title=\"Click to share on Twitter\"><span><\/span><span class=\"sharing-screen-reader-text\">Click to share on Twitter (Opens in new window)<\/span><\/a><\/li><li class=\"share-print\"><a rel=\"nofollow noopener noreferrer\" data-shared=\"\" class=\"share-print sd-button share-icon no-text\" href=\"https:\/\/bukkleader.hu\/old\/uj-iranyito-hatosagi-kozlemeny-jelent-meg-az-elolegrol\/\" target=\"_blank\" title=\"Click to print\"><span><\/span><span class=\"sharing-screen-reader-text\">Click to print (Opens in new window)<\/span><\/a><\/li><li class=\"share-email\"><a rel=\"nofollow noopener noreferrer\" data-shared=\"\" class=\"share-email sd-button share-icon no-text\" href=\"https:\/\/bukkleader.hu\/old\/uj-iranyito-hatosagi-kozlemeny-jelent-meg-az-elolegrol\/?share=email\" target=\"_blank\" title=\"Click to email this to a friend\"><span><\/span><span class=\"sharing-screen-reader-text\">Click to email this to a friend (Opens in new window)<\/span><\/a><\/li><li class=\"share-end\"><\/li><\/ul><\/div><\/div><\/div>","protected":false},"author":4,"featured_media":1384,"comment_status":"open","ping_status":"closed","sticky":false,"template":"","format":"standard","meta":{"_bbp_topic_count":0,"_bbp_reply_count":0,"_bbp_total_topic_count":0,"_bbp_total_reply_count":0,"_bbp_voice_count":0,"_bbp_anonymous_reply_count":0,"_bbp_topic_count_hidden":0,"_bbp_reply_count_hidden":0,"_bbp_forum_subforum_count":0,"spay_email":"","jetpack_publicize_message":"","jetpack_is_tweetstorm":false,"jetpack_publicize_feature_enabled":true},"categories":[28,1],"tags":[],"jetpack_featured_media_url":"https:\/\/bukkleader.hu\/old\/wp-content\/uploads\/2017\/10\/LEADER-logo-Jul09-32.jpg","jetpack_publicize_connections":[],"jetpack_sharing_enabled":true,"jetpack-related-posts":[{"id":2356,"url":"https:\/\/bukkleader.hu\/old\/tajekoztato-az-uj-turisztikai-szolgaltatasok-fejlesztesere-kiirando-felhivasrol\/","url_meta":{"origin":2473,"position":0},"title":"T\u00e1j\u00e9koztat\u00f3 az \u00faj turisztikai szolg\u00e1ltat\u00e1sok fejleszt\u00e9s\u00e9re ki\u00edrand\u00f3 felh\u00edv\u00e1sr\u00f3l","date":"2019-12-13","format":false,"excerpt":"Tisztelt P\u00e1ly\u00e1z\u00f3k! T\u00e1j\u00e9koztatjuk azon p\u00e1ly\u00e1z\u00f3kat, akik az \u00faj turisztikai szolg\u00e1ltat\u00e1sok fejleszt\u00e9se megnevez\u00e9s\u0171 helyi felh\u00edv\u00e1sra szeretn\u00e9nek t\u00e1mogat\u00e1si k\u00e9relmet beny\u00fajtani, hogy 2019. december\u00e9ben a felh\u00edv\u00e1s nem jelenik meg, mert az Ir\u00e1ny\u00edt\u00f3 Hat\u00f3s\u00e1g a szab\u00e1lyoss\u00e1gi vizsg\u00e1latot m\u00e9g nem v\u00e9gezte el. A felh\u00edv\u00e1s megjelen\u00e9s\u00e9vel kapcsolatosan tov\u00e1bbra is a honlapunkon t\u00e1j\u00e9koztatjuk \u00d6n\u00f6ket.","rel":"","context":"In &quot;H\u00edreink, k\u00f6zlem\u00e9nyeink&quot;","img":{"alt_text":"","src":"https:\/\/i2.wp.com\/bukkleader.hu\/old\/wp-content\/uploads\/2017\/12\/danger.png?resize=350%2C200&ssl=1","width":350,"height":200},"classes":[]},{"id":1383,"url":"https:\/\/bukkleader.hu\/old\/tisztelt-palyazoink-leader-helyi-felhivasok-kapcsan-az-ih-az-alabbi-kozlemenyt-jelentette-meg\/","url_meta":{"origin":2473,"position":1},"title":"Tisztelt P\u00e1ly\u00e1z\u00f3ink! A LEADER helyi felh\u00edv\u00e1sok kapcs\u00e1n az IH az al\u00e1bbi k\u00f6zlem\u00e9nyt jelentette meg","date":"2017-10-31","format":false,"excerpt":"Tisztelt P\u00e1ly\u00e1z\u00f3k! A LEADER helyi felh\u00edv\u00e1sok kapcs\u00e1n az IH az al\u00e1bbi k\u00f6zlem\u00e9nyt jelentette meg a www.palyazat.gov.hu honlapon: A Minisztereln\u00f6ks\u00e9g Agr\u00e1r-vid\u00e9kfejleszt\u00e9si Programok\u00e9rt Felel\u0151s Helyettes \u00c1llamtitk\u00e1rs\u00e1ga, mint EMVA Ir\u00e1ny\u00edt\u00f3 Hat\u00f3s\u00e1g K\u00f6zlem\u00e9nye a LEADER helyi p\u00e1ly\u00e1zati felh\u00edv\u00e1sok megjelen\u00e9s\u00e9r\u0151l A LEADER helyi p\u00e1ly\u00e1zati felh\u00edv\u00e1sok megjelen\u00e9se a mai napt\u00f3l megkezd\u0151dik. A felh\u00edv\u00e1sok a Magyar \u00c1llamkincst\u00e1r\u2026","rel":"","context":"In &quot;H\u00edreink, k\u00f6zlem\u00e9nyeink&quot;","img":{"alt_text":"","src":"https:\/\/i1.wp.com\/bukkleader.hu\/old\/wp-content\/uploads\/2017\/10\/LEADER-logo-Jul09-32.jpg?resize=350%2C200&ssl=1","width":350,"height":200},"classes":[]},{"id":5776,"url":"https:\/\/bukkleader.hu\/old\/fontos-az-iranyito-hatosag-kozlemenye-a-koronavirus-veszelyhelyzet-idejen-esedekes-rendezvenyek-kepzesek-megtartasara-elszamolhatosagara-vonatkozoan\/","url_meta":{"origin":2473,"position":2},"title":"FONTOS! Az Ir\u00e1ny\u00edt\u00f3 Hat\u00f3s\u00e1g k\u00f6zlem\u00e9nye a koronav\u00edrus vesz\u00e9lyhelyzet idej\u00e9n esed\u00e9kes rendezv\u00e9nyek\/k\u00e9pz\u00e9sek megtart\u00e1s\u00e1ra, elsz\u00e1molhat\u00f3s\u00e1g\u00e1ra vonatkoz\u00f3an!","date":"2021-03-05","format":false,"excerpt":"Tisztelt \u00dcgyfeleink! Tisztelt Kedvezm\u00e9nyezett! Megjelent az Ir\u00e1ny\u00edt\u00f3 Hat\u00f3s\u00e1g k\u00f6zlem\u00e9nye\u00a0a koronav\u00edrus vesz\u00e9lyhelyzet idej\u00e9n esed\u00e9kes rendezv\u00e9nyek\/k\u00e9pz\u00e9sek megtart\u00e1s\u00e1ra, elsz\u00e1molhat\u00f3s\u00e1g\u00e1ra vonatkoz\u00f3an, amelyet az al\u00e1bbiakban k\u00f6zl\u00fcnk. (A k\u00f6zlem\u00e9ny PDF form\u00e1tumban let\u00f6lthet\u0151 itt.)","rel":"","context":"In &quot;H\u00edreink, k\u00f6zlem\u00e9nyeink&quot;","img":{"alt_text":"magyar-cimer","src":"https:\/\/i0.wp.com\/bukkleader.hu\/old\/wp-content\/uploads\/2015\/09\/magyar-cimer1.jpg?resize=350%2C200&ssl=1","width":350,"height":200},"classes":[]},{"id":308,"url":"https:\/\/bukkleader.hu\/old\/az-emva-iv-leader-program-harmadik-benyujtasi-korenek-koncepcioja\/","url_meta":{"origin":2473,"position":3},"title":"Az EMVA IV. LEADER Program harmadik beny\u00fajt\u00e1si k\u00f6r\u00e9nek koncepci\u00f3ja","date":"2013-02-19","format":false,"excerpt":"2013. tavasz\u00e1t\u00f3l, a Dar\u00e1nyi Ign\u00e1c Terv \u2013 \u00daj Magyarorsz\u00e1g Vid\u00e9kfejleszt\u00e9si Program keret\u00e9ben \u00fajabb EMVA IV. - LEADER vid\u00e9kfejleszt\u00e9si t\u00e1mogat\u00e1sok elnyer\u00e9s\u00e9re ny\u00edlnak lehet\u0151s\u00e9gek.A B\u00fckk-T\u00e9rs\u00e9gi LEADER Egyes\u00fclet ter\u00fclet\u00e9r\u0151l a Helyi Vid\u00e9kfejleszt\u00e9si Strat\u00e9gia k\u00f6z\u00f6s fel\u00fclvizsg\u00e1lata sor\u00e1n kialak\u00edtand\u00f3 LEADER c\u00e9lter\u00fcletekre ny\u00fajthat\u00f3k be p\u00e1ly\u00e1zatok. A program v\u00e9grehajt\u00e1s\u00e1ban az Ir\u00e1ny\u00edt\u00f3 Hat\u00f3s\u00e1g el\u0151zetes t\u00e1j\u00e9koztat\u00e1sa szerint az al\u00e1bbi\u2026","rel":"","context":"In &quot;H\u00edreink, k\u00f6zlem\u00e9nyeink&quot;","img":{"alt_text":"bukk-leader-logo-w","src":"https:\/\/i2.wp.com\/bukkleader.hu\/old\/wp-content\/uploads\/2015\/09\/bukk-leader-logo-w.jpg?resize=350%2C200&ssl=1","width":350,"height":200},"classes":[]},{"id":271,"url":"https:\/\/bukkleader.hu\/old\/uj-ih-kozlemeny-a-falumegujitas-es-fejlesztes-palyazattal-kapcsolatban\/","url_meta":{"origin":2473,"position":4},"title":"\u00daj IH k\u00f6zlem\u00e9ny a falumeg\u00faj\u00edt\u00e1s \u00e9s \u2013fejleszt\u00e9s p\u00e1ly\u00e1zattal kapcsolatban","date":"2012-11-28","format":false,"excerpt":"FIGYELEM: \u00faj IH k\u00f6zlem\u00e9ny a falumeg\u00faj\u00edt\u00e1s \u00e9s \u2013fejleszt\u00e9s p\u00e1ly\u00e1zattal kapcsolatbanA 114\/2012. (XI. 27.) IH k\u00f6zlem\u00e9ny szerint: \"Az 1. c\u00e9lter\u00fclet (2. \u00a7 (1) bekezd\u00e9s) eset\u00e9ben bels\u0151 fel\u00faj\u00edt\u00e1s is t\u00e1mogathat\u00f3, ak\u00e1r \u00f6n\u00e1ll\u00f3an is, amennyiben az \u00fcgyf\u00e9l legal\u00e1bb heti k\u00e9t napon biztos\u00edtja a fel\u00faj\u00edtott ingatlan Falu rendelet 6. \u00a7 (11) bekezd\u00e9s szerinti l\u00e1togathat\u00f3s\u00e1g\u00e1t.\u2026","rel":"","context":"In &quot;H\u00edreink, k\u00f6zlem\u00e9nyeink&quot;","img":{"alt_text":"felki\u00e1llt\u00f3 jel","src":"https:\/\/i0.wp.com\/bukkleader.hu\/old\/wp-content\/uploads\/2012\/06\/felkialto-jel384w.jpg?resize=350%2C200&ssl=1","width":350,"height":200},"classes":[]},{"id":325,"url":"https:\/\/bukkleader.hu\/old\/leader-palyazati-lehetosegek-2013\/","url_meta":{"origin":2473,"position":5},"title":"LEADER P\u00c1LY\u00c1ZATI LEHET\u0150S\u00c9GEK 2013.","date":"2013-06-06","format":false,"excerpt":"FIGYELEM! MEGJELENT AZ EMVA T\u00c1RSFINANSZ\u00cdROZ\u00c1S\u00da INT\u00c9ZKED\u00c9SEK IR\u00c1NY\u00cdT\u00d3 HAT\u00d3S\u00c1G\u00c1NAK K\u00d6ZLEM\u00c9NYE A LEADER PROGRAM HARMADIK, 2013-BAN MEGHIRDETETT P\u00c1LY\u00c1ZATI K\u00d6R\u00c9HEZ KAPCSOL\u00d3D\u00d3 LEADER INT\u00c9ZKED\u00c9SI TERVEK K\u00d6ZZ\u00c9T\u00c9TEL\u00c9R\u0150L, MELY ALAPJ\u00c1N A B\u00dcKK-T\u00c9RS\u00c9GI LEADER EGYES\u00dcLETHEZ BENY\u00daJTHAT\u00d3K A PROJEKT ADATLAPOK.A B\u00fckk-T\u00e9rs\u00e9gi LEADER Egyes\u00fclet (HACS) k\u00f6zgy\u0171l\u00e9se \u00e1ltal j\u00f3v\u00e1hagyott int\u00e9zked\u00e9seket (fejleszt\u00e9si t\u00e9m\u00e1kat), valamint az el\u0151p\u00e1ly\u00e1zati szakaszra vonatkoz\u00f3 r\u00e9szletes t\u00e1mogat\u00e1si felt\u00e9teleket\u2026","rel":"","context":"In &quot;H\u00edreink, k\u00f6zlem\u00e9nyeink&quot;","img":{"alt_text":"bukk-leader-logo-w","src":"https:\/\/i2.wp.com\/bukkleader.hu\/old\/wp-content\/uploads\/2015\/09\/bukk-leader-logo-w.jpg?resize=350%2C200&ssl=1","width":350,"height":200},"classes":[]}],"_links":{"self":[{"href":"https:\/\/bukkleader.hu\/old\/wp-json\/wp\/v2\/posts\/2473"}],"collection":[{"href":"https:\/\/bukkleader.hu\/old\/wp-json\/wp\/v2\/posts"}],"about":[{"href":"https:\/\/bukkleader.hu\/old\/wp-json\/wp\/v2\/types\/post"}],"author":[{"embeddable":true,"href":"https:\/\/bukkleader.hu\/old\/wp-json\/wp\/v2\/users\/4"}],"replies":[{"embeddable":true,"href":"https:\/\/bukkleader.hu\/old\/wp-json\/wp\/v2\/comments?post=2473"}],"version-history":[{"count":1,"href":"https:\/\/bukkleader.hu\/old\/wp-json\/wp\/v2\/posts\/2473\/revisions"}],"predecessor-version":[{"id":2475,"href":"https:\/\/bukkleader.hu\/old\/wp-json\/wp\/v2\/posts\/2473\/revisions\/2475"}],"wp:featuredmedia":[{"embeddable":true,"href":"https:\/\/bukkleader.hu\/old\/wp-json\/wp\/v2\/media\/1384"}],"wp:attachment":[{"href":"https:\/\/bukkleader.hu\/old\/wp-json\/wp\/v2\/media?parent=2473"}],"wp:term":[{"taxonomy":"category","embeddable":true,"href":"https:\/\/bukkleader.hu\/old\/wp-json\/wp\/v2\/categories?post=2473"},{"taxonomy":"post_tag","embeddable":true,"href":"https:\/\/bukkleader.hu\/old\/wp-json\/wp\/v2\/tags?post=2473"}],"curies":[{"name":"wp","href":"https:\/\/api.w.org\/{rel}","templated":true}]}}