{"id":246,"date":"2012-09-23T10:18:36","date_gmt":"2012-09-23T08:18:36","guid":{"rendered":"https:\/\/bukkleader.hu\/old\/new\/?p=246"},"modified":"2015-09-23T08:32:51","modified_gmt":"2015-09-23T06:32:51","slug":"napelemes-iskola","status":"publish","type":"post","link":"https:\/\/bukkleader.hu\/old\/napelemes-iskola\/","title":{"rendered":"Napelemes iskola"},"content":{"rendered":"<p style=\"text-align: justify;\"><strong>&#8220;Napelemes iskola \u2013 \u00f6tven darab napelemet szereltek fel a fels\u0151t\u00e1rk\u00e1nyi \u00e1ltal\u00e1nos iskola tetej\u00e9re&#8221;<\/strong><!--more--><\/p>\n<p style=\"text-align: justify;\">\u201e<strong class=\"style212\">\u00d6tven darab napelemet szereltek fel<\/strong> <strong class=\"style212\">a fels\u0151t\u00e1rk\u00e1nyi \u00e1ltal\u00e1nos iskola tetej\u00e9re a B\u00fckk-Mak LEADER p\u00e1ly\u00e1zatnak k\u00f6sz\u00f6nhet\u0151en<\/strong>. Az int\u00e9zm\u00e9ny el\u00e9 t\u00f6lt\u0151\u00e1llom\u00e1st is telep\u00edtettek, a k\u00f6zel 13 milli\u00f3 forintos t\u00e1mogat\u00e1sb\u00f3l. A fels\u0151t\u00e1rk\u00e1nyi \u00f6nkorm\u00e1nyzat \u00edgy megsp\u00f3rolja az iskola villanysz\u00e1ml\u00e1j\u00e1t, hangzott el a projektz\u00e1r\u00f3 \u00fcnneps\u00e9gen\u201d.<\/p>\n<p style=\"text-align: justify;\"><a href=\"http:\/\/www.tveger.hu\/napelemes-iskola-otven-darab-napelemet-szereltek-fel-a-felsotarkanyi-altalanos-iskola-tetejere\/\" target=\"_blank\">Tov\u00e1bb a cikkhez \u00e9s a vide\u00f3hoz az Eger Telev\u00edzi\u00f3 weboldal\u00e1ra &gt;&gt;<\/a><\/p>\n<div class=\"sharedaddy sd-sharing-enabled\"><div class=\"robots-nocontent sd-block sd-social sd-social-icon sd-sharing\"><h3 class=\"sd-title\">Share this:<\/h3><div class=\"sd-content\"><ul><li class=\"share-facebook\"><a rel=\"nofollow noopener noreferrer\" data-shared=\"sharing-facebook-246\" class=\"share-facebook sd-button share-icon no-text\" href=\"https:\/\/bukkleader.hu\/old\/napelemes-iskola\/?share=facebook\" target=\"_blank\" title=\"Click to share on Facebook\"><span><\/span><span class=\"sharing-screen-reader-text\">Click to share on Facebook (Opens in new window)<\/span><\/a><\/li><li class=\"share-twitter\"><a rel=\"nofollow noopener noreferrer\" data-shared=\"sharing-twitter-246\" class=\"share-twitter sd-button share-icon no-text\" href=\"https:\/\/bukkleader.hu\/old\/napelemes-iskola\/?share=twitter\" target=\"_blank\" title=\"Click to share on Twitter\"><span><\/span><span class=\"sharing-screen-reader-text\">Click to share on Twitter (Opens in new window)<\/span><\/a><\/li><li class=\"share-print\"><a rel=\"nofollow noopener noreferrer\" data-shared=\"\" class=\"share-print sd-button share-icon no-text\" href=\"https:\/\/bukkleader.hu\/old\/napelemes-iskola\/\" target=\"_blank\" title=\"Click to print\"><span><\/span><span class=\"sharing-screen-reader-text\">Click to print (Opens in new window)<\/span><\/a><\/li><li class=\"share-email\"><a rel=\"nofollow noopener noreferrer\" data-shared=\"\" class=\"share-email sd-button share-icon no-text\" href=\"https:\/\/bukkleader.hu\/old\/napelemes-iskola\/?share=email\" target=\"_blank\" title=\"Click to email this to a friend\"><span><\/span><span class=\"sharing-screen-reader-text\">Click to email this to a friend (Opens in new window)<\/span><\/a><\/li><li class=\"share-end\"><\/li><\/ul><\/div><\/div><\/div>","protected":false},"excerpt":{"rendered":"<p>&#8220;Napelemes iskola \u2013 \u00f6tven darab napelemet szereltek fel a fels\u0151t\u00e1rk\u00e1nyi \u00e1ltal\u00e1nos iskola tetej\u00e9re&#8221;<\/p>\n<div class=\"sharedaddy sd-sharing-enabled\"><div class=\"robots-nocontent sd-block sd-social sd-social-icon sd-sharing\"><h3 class=\"sd-title\">Share this:<\/h3><div class=\"sd-content\"><ul><li class=\"share-facebook\"><a rel=\"nofollow noopener noreferrer\" data-shared=\"sharing-facebook-246\" class=\"share-facebook sd-button share-icon no-text\" href=\"https:\/\/bukkleader.hu\/old\/napelemes-iskola\/?share=facebook\" target=\"_blank\" title=\"Click to share on Facebook\"><span><\/span><span class=\"sharing-screen-reader-text\">Click to share on Facebook (Opens in new window)<\/span><\/a><\/li><li class=\"share-twitter\"><a rel=\"nofollow noopener noreferrer\" data-shared=\"sharing-twitter-246\" class=\"share-twitter sd-button share-icon no-text\" href=\"https:\/\/bukkleader.hu\/old\/napelemes-iskola\/?share=twitter\" target=\"_blank\" title=\"Click to share on Twitter\"><span><\/span><span class=\"sharing-screen-reader-text\">Click to share on Twitter (Opens in new window)<\/span><\/a><\/li><li class=\"share-print\"><a rel=\"nofollow noopener noreferrer\" data-shared=\"\" class=\"share-print sd-button share-icon no-text\" href=\"https:\/\/bukkleader.hu\/old\/napelemes-iskola\/\" target=\"_blank\" title=\"Click to print\"><span><\/span><span class=\"sharing-screen-reader-text\">Click to print (Opens in new window)<\/span><\/a><\/li><li class=\"share-email\"><a rel=\"nofollow noopener noreferrer\" data-shared=\"\" class=\"share-email sd-button share-icon no-text\" href=\"https:\/\/bukkleader.hu\/old\/napelemes-iskola\/?share=email\" target=\"_blank\" title=\"Click to email this to a friend\"><span><\/span><span class=\"sharing-screen-reader-text\">Click to email this to a friend (Opens in new window)<\/span><\/a><\/li><li class=\"share-end\"><\/li><\/ul><\/div><\/div><\/div>","protected":false},"author":1,"featured_media":265,"comment_status":"open","ping_status":"closed","sticky":false,"template":"","format":"standard","meta":{"_bbp_topic_count":0,"_bbp_reply_count":0,"_bbp_total_topic_count":0,"_bbp_total_reply_count":0,"_bbp_voice_count":0,"_bbp_anonymous_reply_count":0,"_bbp_topic_count_hidden":0,"_bbp_reply_count_hidden":0,"_bbp_forum_subforum_count":0,"spay_email":"","jetpack_publicize_message":"","jetpack_is_tweetstorm":false,"jetpack_publicize_feature_enabled":true},"categories":[6,1],"tags":[],"jetpack_featured_media_url":"https:\/\/bukkleader.hu\/old\/wp-content\/uploads\/2012\/09\/napelemes-iskola-w.jpg","jetpack_publicize_connections":[],"jetpack_sharing_enabled":true,"jetpack-related-posts":[{"id":2825,"url":"https:\/\/bukkleader.hu\/old\/hogy-oroksegunk-ne-vesszen-el-rendezveny-tardon-leader-tamogatassal-2020-09-26\/","url_meta":{"origin":246,"position":0},"title":"&#8220;Hogy \u00f6r\u00f6ks\u00e9g\u00fcnk ne vesszen el&#8221; rendezv\u00e9ny Tardon LEADER t\u00e1mogat\u00e1ssal &#8211; 2020.09.26.","date":"2020-08-26","format":false,"excerpt":"A Forr\u00e1s Kereszt\u00e9ny \u00d3voda, \u00c1ltal\u00e1nos Iskola, Szakk\u00f6z\u00e9piskola \u00e9s Alapfok\u00fa M\u0171v\u00e9szeti Iskola (Forr\u00e1s Oktat\u00e1si K\u00f6zpont)\u00a0tisztelettel megh\u00edvja \u00d6n\u00f6ket\u00a02020. szeptember 26-\u00e1n\u00a0(szombat) Tardon tartand\u00f3, LEADER t\u00e1mogat\u00e1ssal megval\u00f3sul\u00f3 \"...hogy \u00f6r\u00f6ks\u00e9g\u00fcnk ne vesszen el\" c\u00edm\u0171 rendezv\u00e9ny\u00e9re. A r\u00e9szletes program:","rel":"","context":"In &quot;H\u00edreink, k\u00f6zlem\u00e9nyeink&quot;","img":{"alt_text":"","src":"https:\/\/i0.wp.com\/bukkleader.hu\/old\/wp-content\/uploads\/2020\/09\/Meghivo_page-0001.jpg?resize=350%2C200&ssl=1","width":350,"height":200},"classes":[]},{"id":2378,"url":"https:\/\/bukkleader.hu\/old\/negy-evszak-a-venhegyen-programsorozat-tel-tematikus-nap-hernadnemetiben\/","url_meta":{"origin":246,"position":1},"title":"&#8220;N\u00e9gy \u00e9vszak a V\u00e9nhegyen&#8221; programsorozat &#8220;T\u00c9L&#8221; tematikus nap Hern\u00e1dn\u00e9metiben","date":"2020-01-08","format":false,"excerpt":"Az \"\u00c1ltal\u00e1nos Iskol\u00e1\u00e9rt\" Alap\u00edtv\u00e1ny\u00a0(Hern\u00e1dn\u00e9meti) tisztelettel megh\u00edvja \u00d6n\u00f6ket\u00a02020. febru\u00e1r 7-\u00e9n (p\u00e9ntek)\u00a0tartand\u00f3, LEADER t\u00e1mogat\u00e1ssal megval\u00f3sul\u00f3 \"a\u00a0N\u00e9gy \u00e9vszak a V\u00e9nhegyen\" programsorozat \"T\u00c9L\" tematikus napj\u00e1ra, melynek r\u00e9szletes programja al\u00e1bb olvashat\u00f3. \u00a0","rel":"","context":"In &quot;H\u00edreink, k\u00f6zlem\u00e9nyeink&quot;","img":{"alt_text":"","src":"https:\/\/i2.wp.com\/bukkleader.hu\/old\/wp-content\/uploads\/2020\/01\/Negyevszakpic.jpg?resize=350%2C200&ssl=1","width":350,"height":200},"classes":[]},{"id":2719,"url":"https:\/\/bukkleader.hu\/old\/negy-evszak-a-venhegyen-tavasz-tematikus-nap-hernadnemetiben-leader-tamogatassal\/","url_meta":{"origin":246,"position":2},"title":"N\u00e9gy \u00e9vszak a V\u00e9nhegyen &#8211; TAVASZ tematikus nap Hern\u00e1dn\u00e9metiben LEADER t\u00e1mogat\u00e1ssal &#8211; 2020.09.01.","date":"2020-08-19","format":false,"excerpt":"Az \"\u00c1ltal\u00e1nos Iskol\u00e1\u00e9rt\" Alap\u00edtv\u00e1ny\u00a0tisztelettel megh\u00edvja \u00d6n\u00f6ket\u00a02020. szeptember 1-j\u00e9n\u00a0(kedd) Hern\u00e1dn\u00e9metiben tartand\u00f3, LEADER t\u00e1mogat\u00e1ssal megval\u00f3sul\u00f3 N\u00e9gy \u00e9vszak a V\u00e9nhegyen programsorozata TAVASZ tematikus napj\u00e1ra. A r\u00e9szletes program:","rel":"","context":"In &quot;H\u00edreink, k\u00f6zlem\u00e9nyeink&quot;","img":{"alt_text":"","src":"https:\/\/i1.wp.com\/bukkleader.hu\/old\/wp-content\/uploads\/2020\/08\/tavasz.jpg?resize=350%2C200&ssl=1","width":350,"height":200},"classes":[]},{"id":2729,"url":"https:\/\/bukkleader.hu\/old\/negy-evszak-a-venhegyen-nyar-tematikus-nap-hernadnemetiben-leader-tamogatassal-2020-09-01\/","url_meta":{"origin":246,"position":3},"title":"N\u00e9gy \u00e9vszak a V\u00e9nhegyen &#8211; NY\u00c1R tematikus nap Hern\u00e1dn\u00e9metiben LEADER t\u00e1mogat\u00e1ssal &#8211; 2020.09.01.","date":"2020-08-19","format":false,"excerpt":"Az \"\u00c1ltal\u00e1nos Iskol\u00e1\u00e9rt\" Alap\u00edtv\u00e1ny\u00a0tisztelettel megh\u00edvja \u00d6n\u00f6ket\u00a02020. szeptember 1-j\u00e9n\u00a0(kedd) Hern\u00e1dn\u00e9metiben tartand\u00f3, LEADER t\u00e1mogat\u00e1ssal megval\u00f3sul\u00f3 N\u00e9gy \u00e9vszak a V\u00e9nhegyen programsorozata NY\u00c1R tematikus napj\u00e1ra. A r\u00e9szletes program:","rel":"","context":"In &quot;H\u00edreink, k\u00f6zlem\u00e9nyeink&quot;","img":{"alt_text":"","src":"https:\/\/i2.wp.com\/bukkleader.hu\/old\/wp-content\/uploads\/2020\/08\/nyar.jpg?resize=350%2C200&ssl=1","width":350,"height":200},"classes":[]},{"id":2732,"url":"https:\/\/bukkleader.hu\/old\/negy-evszak-a-venhegyen-osz-tematikus-nap-hernadnemetiben-leader-tamogatassal-2020-09-19\/","url_meta":{"origin":246,"position":4},"title":"N\u00e9gy \u00e9vszak a V\u00e9nhegyen &#8211; \u0150SZ tematikus nap Hern\u00e1dn\u00e9metiben LEADER t\u00e1mogat\u00e1ssal &#8211; 2020.09.19.","date":"2020-08-19","format":false,"excerpt":"Az \"\u00c1ltal\u00e1nos Iskol\u00e1\u00e9rt\" Alap\u00edtv\u00e1ny\u00a0tisztelettel megh\u00edvja \u00d6n\u00f6ket\u00a02020. szeptember 19-\u00e9n\u00a0(szombat) Hern\u00e1dn\u00e9metiben tartand\u00f3, LEADER t\u00e1mogat\u00e1ssal megval\u00f3sul\u00f3 N\u00e9gy \u00e9vszak a V\u00e9nhegyen programsorozata \u0150SZ tematikus napj\u00e1ra. A r\u00e9szletes program:","rel":"","context":"In &quot;H\u00edreink, k\u00f6zlem\u00e9nyeink&quot;","img":{"alt_text":"","src":"https:\/\/i1.wp.com\/bukkleader.hu\/old\/wp-content\/uploads\/2020\/08\/osz.jpg?resize=350%2C200&ssl=1","width":350,"height":200},"classes":[]},{"id":3154,"url":"https:\/\/bukkleader.hu\/old\/leader-tudomka-kozpont-kepzes-borsodgeszten-2020-11-05\/","url_meta":{"origin":246,"position":5},"title":"LEADER Tudomka K\u00f6zpont k\u00e9pz\u00e9s Borsodgeszten &#8211; 2020.11.06.","date":"2020-10-02","format":false,"excerpt":"A B\u00fckk-hegys\u00e9gi Meg\u00fajul\u00f3 Energi\u00e1k Iskol\u00e1k Alap\u00edtv\u00e1ny, mint LEADER Tudomka K\u00f6zpont, tisztelettel megh\u00edvja \u00d6n\u00f6ket 2020. november 6-\u00e1n (p\u00e9ntek) Borsodgeszten tartand\u00f3, LEADER t\u00e1mogat\u00e1ssal megval\u00f3sul\u00f3 k\u00e9pz\u00e9s\u00e9re, melynek tematik\u00e1ja a k\u00f6vetkez\u0151: \u00a0 Megjegyz\u00e9s: Az eredetileg 2020.10.01-\u00e9n megk\u00fcld\u00f6tt megh\u00edv\u00f3t a\u00a0B\u00fckk-hegys\u00e9gi Meg\u00fajul\u00f3 Energi\u00e1k Iskol\u00e1k Alap\u00edtv\u00e1ny 2020.10.06-\u00e1n k\u00fcld\u00f6tt megh\u00edv\u00f3val m\u00f3dos\u00edtotta. A m\u00f3dos\u00edt\u00e1s t\u00e1rgya: a rendezv\u00e9ny id\u0151pontja 2020.11.05-r\u0151l\u2026","rel":"","context":"In &quot;H\u00edreink, k\u00f6zlem\u00e9nyeink&quot;","img":{"alt_text":"","src":"https:\/\/i1.wp.com\/bukkleader.hu\/old\/wp-content\/uploads\/2020\/10\/K\u00c3\u00a9pz\u00c3\u00a9s-megh\u00c3\u00adv\u00c3\u00b3-jav\u00c3\u00adtott-Borsodgeszt-jav_page-0001.jpg?resize=350%2C200&ssl=1","width":350,"height":200},"classes":[]}],"_links":{"self":[{"href":"https:\/\/bukkleader.hu\/old\/wp-json\/wp\/v2\/posts\/246"}],"collection":[{"href":"https:\/\/bukkleader.hu\/old\/wp-json\/wp\/v2\/posts"}],"about":[{"href":"https:\/\/bukkleader.hu\/old\/wp-json\/wp\/v2\/types\/post"}],"author":[{"embeddable":true,"href":"https:\/\/bukkleader.hu\/old\/wp-json\/wp\/v2\/users\/1"}],"replies":[{"embeddable":true,"href":"https:\/\/bukkleader.hu\/old\/wp-json\/wp\/v2\/comments?post=246"}],"version-history":[{"count":3,"href":"https:\/\/bukkleader.hu\/old\/wp-json\/wp\/v2\/posts\/246\/revisions"}],"predecessor-version":[{"id":250,"href":"https:\/\/bukkleader.hu\/old\/wp-json\/wp\/v2\/posts\/246\/revisions\/250"}],"wp:featuredmedia":[{"embeddable":true,"href":"https:\/\/bukkleader.hu\/old\/wp-json\/wp\/v2\/media\/265"}],"wp:attachment":[{"href":"https:\/\/bukkleader.hu\/old\/wp-json\/wp\/v2\/media?parent=246"}],"wp:term":[{"taxonomy":"category","embeddable":true,"href":"https:\/\/bukkleader.hu\/old\/wp-json\/wp\/v2\/categories?post=246"},{"taxonomy":"post_tag","embeddable":true,"href":"https:\/\/bukkleader.hu\/old\/wp-json\/wp\/v2\/tags?post=246"}],"curies":[{"name":"wp","href":"https:\/\/api.w.org\/{rel}","templated":true}]}}