{"id":2449,"date":"2020-02-25T10:36:00","date_gmt":"2020-02-25T09:36:00","guid":{"rendered":"https:\/\/bukkleader.hu\/old\/?p=2449"},"modified":"2020-02-25T10:40:01","modified_gmt":"2020-02-25T09:40:01","slug":"megjelent-a-turisztikai-szolgaltatasok-fejlesztese-vp6-19-2-1-15-9-20-helyi-felhivas","status":"publish","type":"post","link":"https:\/\/bukkleader.hu\/old\/megjelent-a-turisztikai-szolgaltatasok-fejlesztese-vp6-19-2-1-15-9-20-helyi-felhivas\/","title":{"rendered":"Megjelent a TURISZTIKAI SZOLG\u00c1LTAT\u00c1SOK FEJLESZT\u00c9SE (VP6-19.2.1.-15-9-20) helyi felh\u00edv\u00e1s!"},"content":{"rendered":"<p><strong>Megjelent a TURISZTIKAI SZOLG\u00c1LTAT\u00c1SOK FEJLESZT\u00c9SE (VP6-19.2.1.-15-9-20) helyi felh\u00edv\u00e1s!<\/strong><\/p>\n<p>A felh\u00edv\u00e1s \u00e9s mell\u00e9kletei let\u00f6lthet\u0151k a Magyar \u00c1llamkincst\u00e1r honlapj\u00e1r\u00f3l:<\/p>\n<p><span style=\"color: #0000ff;\"><strong><a style=\"color: #0000ff;\" href=\"https:\/\/e-kerelem.mvh.allamkincstar.gov.hu\/enter\/leaderbongeszo\/leaderBongeszo.xhtml\" target=\"_blank\" rel=\"noopener noreferrer\" data-saferedirecturl=\"https:\/\/www.google.com\/url?q=https:\/\/e-kerelem.mvh.allamkincstar.gov.hu\/enter\/leaderbongeszo\/leaderBongeszo.xhtml&amp;source=gmail&amp;ust=1582709539915000&amp;usg=AFQjCNGE-12ZrhW9yhQiLk9va28_DIROag\">https:\/\/e-kerelem.mvh.allamkin<wbr><\/wbr>cstar.gov.hu\/enter\/leaderbonge<wbr><\/wbr>szo\/leaderBongeszo.xhtml<\/a><\/strong><\/span><\/p>\n<p>(A linkre l\u00e9pve Helyi Akci\u00f3csoportn\u00e1l v\u00e1lassz\u00e1k ki a leg\u00f6rd\u00fcl\u0151 men\u00fcb\u0151l a B\u00fckk-T\u00e9rs\u00e9gi LEADER Egyes\u00fcletet, vagy a Telep\u00fcl\u00e9sn\u00e9l a megval\u00f3s\u00edt\u00e1s tervezett helysz\u00edn\u00e9t. A megjelen\u0151 list\u00e1b\u00f3l a &#8220;Turisztikai szolg\u00e1ltat\u00e1sok fejleszt\u00e9se c\u00edm\u0171&#8221; felh\u00edv\u00e1s a relev\u00e1ns. Az utols\u00f3 oszlopban tal\u00e1lhat\u00f3 &#8220;Let\u00f6lt\u00e9sek&#8221; gombbal lehet let\u00f6lteni a felh\u00edv\u00e1st \u00e9s mell\u00e9kleteit.)<\/p>\n<div class=\"sharedaddy sd-sharing-enabled\"><div class=\"robots-nocontent sd-block sd-social sd-social-icon sd-sharing\"><h3 class=\"sd-title\">Share this:<\/h3><div class=\"sd-content\"><ul><li class=\"share-facebook\"><a rel=\"nofollow noopener noreferrer\" data-shared=\"sharing-facebook-2449\" class=\"share-facebook sd-button share-icon no-text\" href=\"https:\/\/bukkleader.hu\/old\/megjelent-a-turisztikai-szolgaltatasok-fejlesztese-vp6-19-2-1-15-9-20-helyi-felhivas\/?share=facebook\" target=\"_blank\" title=\"Click to share on Facebook\"><span><\/span><span class=\"sharing-screen-reader-text\">Click to share on Facebook (Opens in new window)<\/span><\/a><\/li><li class=\"share-twitter\"><a rel=\"nofollow noopener noreferrer\" data-shared=\"sharing-twitter-2449\" class=\"share-twitter sd-button share-icon no-text\" href=\"https:\/\/bukkleader.hu\/old\/megjelent-a-turisztikai-szolgaltatasok-fejlesztese-vp6-19-2-1-15-9-20-helyi-felhivas\/?share=twitter\" target=\"_blank\" title=\"Click to share on Twitter\"><span><\/span><span class=\"sharing-screen-reader-text\">Click to share on Twitter (Opens in new window)<\/span><\/a><\/li><li class=\"share-print\"><a rel=\"nofollow noopener noreferrer\" data-shared=\"\" class=\"share-print sd-button share-icon no-text\" href=\"https:\/\/bukkleader.hu\/old\/megjelent-a-turisztikai-szolgaltatasok-fejlesztese-vp6-19-2-1-15-9-20-helyi-felhivas\/\" target=\"_blank\" title=\"Click to print\"><span><\/span><span class=\"sharing-screen-reader-text\">Click to print (Opens in new window)<\/span><\/a><\/li><li class=\"share-email\"><a rel=\"nofollow noopener noreferrer\" data-shared=\"\" class=\"share-email sd-button share-icon no-text\" href=\"https:\/\/bukkleader.hu\/old\/megjelent-a-turisztikai-szolgaltatasok-fejlesztese-vp6-19-2-1-15-9-20-helyi-felhivas\/?share=email\" target=\"_blank\" title=\"Click to email this to a friend\"><span><\/span><span class=\"sharing-screen-reader-text\">Click to email this to a friend (Opens in new window)<\/span><\/a><\/li><li class=\"share-end\"><\/li><\/ul><\/div><\/div><\/div>","protected":false},"excerpt":{"rendered":"<p>Megjelent a TURISZTIKAI SZOLG\u00c1LTAT\u00c1SOK FEJLESZT\u00c9SE (VP6-19.2.1.-15-9-20) helyi felh\u00edv\u00e1s! A felh\u00edv\u00e1s \u00e9s mell\u00e9kletei let\u00f6lthet\u0151k a Magyar \u00c1llamkincst\u00e1r honlapj\u00e1r\u00f3l: https:\/\/e-kerelem.mvh.allamkincstar.gov.hu\/enter\/leaderbongeszo\/leaderBongeszo.xhtml (A linkre l\u00e9pve Helyi Akci\u00f3csoportn\u00e1l v\u00e1lassz\u00e1k ki a leg\u00f6rd\u00fcl\u0151 men\u00fcb\u0151l a B\u00fckk-T\u00e9rs\u00e9gi LEADER Egyes\u00fcletet, vagy a Telep\u00fcl\u00e9sn\u00e9l a megval\u00f3s\u00edt\u00e1s tervezett helysz\u00edn\u00e9t. A megjelen\u0151 list\u00e1b\u00f3l a &#8220;Turisztikai szolg\u00e1ltat\u00e1sok fejleszt\u00e9se c\u00edm\u0171&#8221; felh\u00edv\u00e1s a relev\u00e1ns. Az utols\u00f3 oszlopban tal\u00e1lhat\u00f3 &#8220;Let\u00f6lt\u00e9sek&#8221; [&hellip;]<\/p>\n<div class=\"sharedaddy sd-sharing-enabled\"><div class=\"robots-nocontent sd-block sd-social sd-social-icon sd-sharing\"><h3 class=\"sd-title\">Share this:<\/h3><div class=\"sd-content\"><ul><li class=\"share-facebook\"><a rel=\"nofollow noopener noreferrer\" data-shared=\"sharing-facebook-2449\" class=\"share-facebook sd-button share-icon no-text\" href=\"https:\/\/bukkleader.hu\/old\/megjelent-a-turisztikai-szolgaltatasok-fejlesztese-vp6-19-2-1-15-9-20-helyi-felhivas\/?share=facebook\" target=\"_blank\" title=\"Click to share on Facebook\"><span><\/span><span class=\"sharing-screen-reader-text\">Click to share on Facebook (Opens in new window)<\/span><\/a><\/li><li class=\"share-twitter\"><a rel=\"nofollow noopener noreferrer\" data-shared=\"sharing-twitter-2449\" class=\"share-twitter sd-button share-icon no-text\" href=\"https:\/\/bukkleader.hu\/old\/megjelent-a-turisztikai-szolgaltatasok-fejlesztese-vp6-19-2-1-15-9-20-helyi-felhivas\/?share=twitter\" target=\"_blank\" title=\"Click to share on Twitter\"><span><\/span><span class=\"sharing-screen-reader-text\">Click to share on Twitter (Opens in new window)<\/span><\/a><\/li><li class=\"share-print\"><a rel=\"nofollow noopener noreferrer\" data-shared=\"\" class=\"share-print sd-button share-icon no-text\" href=\"https:\/\/bukkleader.hu\/old\/megjelent-a-turisztikai-szolgaltatasok-fejlesztese-vp6-19-2-1-15-9-20-helyi-felhivas\/\" target=\"_blank\" title=\"Click to print\"><span><\/span><span class=\"sharing-screen-reader-text\">Click to print (Opens in new window)<\/span><\/a><\/li><li class=\"share-email\"><a rel=\"nofollow noopener noreferrer\" data-shared=\"\" class=\"share-email sd-button share-icon no-text\" href=\"https:\/\/bukkleader.hu\/old\/megjelent-a-turisztikai-szolgaltatasok-fejlesztese-vp6-19-2-1-15-9-20-helyi-felhivas\/?share=email\" target=\"_blank\" title=\"Click to email this to a friend\"><span><\/span><span class=\"sharing-screen-reader-text\">Click to email this to a friend (Opens in new window)<\/span><\/a><\/li><li class=\"share-end\"><\/li><\/ul><\/div><\/div><\/div>","protected":false},"author":4,"featured_media":1775,"comment_status":"open","ping_status":"closed","sticky":false,"template":"","format":"standard","meta":{"_bbp_topic_count":0,"_bbp_reply_count":0,"_bbp_total_topic_count":0,"_bbp_total_reply_count":0,"_bbp_voice_count":0,"_bbp_anonymous_reply_count":0,"_bbp_topic_count_hidden":0,"_bbp_reply_count_hidden":0,"_bbp_forum_subforum_count":0,"spay_email":"","jetpack_publicize_message":"","jetpack_is_tweetstorm":false,"jetpack_publicize_feature_enabled":true},"categories":[28,1],"tags":[],"jetpack_featured_media_url":"https:\/\/bukkleader.hu\/old\/wp-content\/uploads\/2018\/08\/p\u00e1ly\u00e1zati-felh\u00edv\u00e1s.jpg","jetpack_publicize_connections":[],"jetpack_sharing_enabled":true,"jetpack-related-posts":[{"id":2529,"url":"https:\/\/bukkleader.hu\/old\/figyelem-modosult-a-turisztikai-szolgaltatasok-fejlesztese-vp6-19-2-1-15-9-20-helyi-felhivas\/","url_meta":{"origin":2449,"position":0},"title":"Figyelem! M\u00f3dosult a Turisztikai Szolg\u00e1ltat\u00e1sok Fejleszt\u00e9se (VP6-19.2.1.-15-9-20) helyi felh\u00edv\u00e1s","date":"2020-04-21","format":false,"excerpt":"Tisztelt T\u00e1mogat\u00e1st Ig\u00e9nyl\u0151k! M\u00f3dosult a TURISZTIKAI SZOLG\u00c1LTAT\u00c1SOK FEJLESZT\u00c9SE (VP6-19.2.1.-15-9-20) felh\u00edv\u00e1s\u00a04.3. pontja - \u00e9rt\u00e9kel\u00e9si hat\u00e1rnapok. A m\u00e1sodik szakasz z\u00e1r\u00e1sa\u00a0 2020. 05. 10.-r\u0151l 2020. 04. 30.-ra v\u00e1ltozott.","rel":"","context":"In &quot;H\u00edreink, k\u00f6zlem\u00e9nyeink&quot;","img":{"alt_text":"","src":"https:\/\/i2.wp.com\/bukkleader.hu\/old\/wp-content\/uploads\/2017\/12\/danger.png?resize=350%2C200&ssl=1","width":350,"height":200},"classes":[]},{"id":2527,"url":"https:\/\/bukkleader.hu\/old\/turisztikai-szolgaltatasok-fejlesztese-felhivasra-tamogatasi-kerelmet-benyujtani-szandekozok-figyelmebe-2\/","url_meta":{"origin":2449,"position":1},"title":"Turisztikai szolg\u00e1ltat\u00e1sok fejleszt\u00e9se felh\u00edv\u00e1sra t\u00e1mogat\u00e1si k\u00e9relmet beny\u00fajtani sz\u00e1nd\u00e9koz\u00f3k figyelm\u00e9be!","date":"2020-04-21","format":false,"excerpt":"Tisztelt T\u00e1mogat\u00e1st Ig\u00e9nyl\u0151k! Felh\u00edvjuk a figyelm\u00fcket, hogy a TURISZTIKAI SZOLG\u00c1LTAT\u00c1SOK FEJLESZT\u00c9SE c\u00edm\u0171, VP6-19.2.1.-15-9-20 k\u00f3dsz\u00e1m\u00fa helyi felh\u00edv\u00e1sra m\u00e9g lehet t\u00e1mogat\u00e1si k\u00e9relmeket beny\u00fajtani 2020. 04. 30. \u00e9jf\u00e9lig. Az IIER adatt\u00e1r inform\u00e1ci\u00f3 alapj\u00e1n 7 db t\u00e1mogat\u00e1si k\u00e9relem nem ker\u00fclt beny\u00fajt\u00e1sra a 2020. 04. 20.-i els\u0151 szakasz v\u00e9g\u00e9ig. Ezen k\u00e9relmek is a fenti id\u0151pontig\u2026","rel":"","context":"In &quot;H\u00edreink, k\u00f6zlem\u00e9nyeink&quot;","img":{"alt_text":"LEADER","src":"https:\/\/i0.wp.com\/bukkleader.hu\/old\/wp-content\/uploads\/2015\/08\/384-10-leader_logo.jpg?resize=350%2C200&ssl=1","width":350,"height":200},"classes":[]},{"id":2522,"url":"https:\/\/bukkleader.hu\/old\/turisztikai-szolgaltatasok-fejlesztese-felhivasra-tamogatasi-kerelmet-benyujtani-szandekozok-figyelmebe\/","url_meta":{"origin":2449,"position":2},"title":"Turisztikai szolg\u00e1ltat\u00e1sok fejleszt\u00e9se felh\u00edv\u00e1sra t\u00e1mogat\u00e1si k\u00e9relmet beny\u00fajtani sz\u00e1nd\u00e9koz\u00f3k figyelm\u00e9be!","date":"2020-04-20","format":false,"excerpt":"Tisztelt T\u00e1mogat\u00e1st Ig\u00e9nyl\u0151k! Felh\u00edvjuk a figyelm\u00fcket, hogy a TURISZTIKAI SZOLG\u00c1LTAT\u00c1SOK FEJLESZT\u00c9SE c\u00edm\u0171, VP6-19.2.1.-15-9-20 k\u00f3dsz\u00e1m\u00fa helyi felh\u00edv\u00e1s 1. szakasz hat\u00e1rnapja ma 23:59 \u00f3ra. Az IIER adatt\u00e1rb\u00f3l nyert inform\u00e1ci\u00f3 alapj\u00e1n nagy sz\u00e1m\u00fa t\u00e1mogat\u00e1si k\u00e9relem r\u00f6gz\u00edt\u00e9se van folyamatban, ez\u00e9rt a t\u00e1mogat\u00e1si k\u00e9relmek beny\u00fajt\u00e1sa 2020. 04. 21.-t\u0151l val\u00f3sz\u00edn\u0171leg felf\u00fcggeszt\u00e9sre ker\u00fcl.","rel":"","context":"In &quot;H\u00edreink, k\u00f6zlem\u00e9nyeink&quot;","img":{"alt_text":"","src":"https:\/\/i2.wp.com\/bukkleader.hu\/old\/wp-content\/uploads\/2016\/06\/\u00faj-k\u00e9p.jpg?resize=350%2C200&ssl=1","width":350,"height":200},"classes":[]},{"id":2532,"url":"https:\/\/bukkleader.hu\/old\/tamogatast-igenylok-figyelmebe-helyi-tamogatasi-kerelmek-benyujtasanak-felfuggesztese\/","url_meta":{"origin":2449,"position":3},"title":"T\u00e1mogat\u00e1st Ig\u00e9nyl\u0151k figyelm\u00e9be! Helyi t\u00e1mogat\u00e1si k\u00e9relmek beny\u00fajt\u00e1s\u00e1nak felf\u00fcggeszt\u00e9se!","date":"2020-04-21","format":false,"excerpt":"Helyi t\u00e1mogat\u00e1si k\u00e9relem beny\u00fajt\u00e1s\u00e1nak felf\u00fcggeszt\u00e9se! T\u00e1j\u00e9koztatjuk\u00a0Tisztelt T\u00e1mogat\u00e1st Ig\u00e9nyl\u0151ket, hogy a Turisztikai Szolg\u00e1ltat\u00e1sok Fejleszt\u00e9se elnevez\u00e9s\u0171, VP6-19.2.1.-15-9-20 k\u00f3dsz\u00e1m\u00fa felh\u00edv\u00e1sra a t\u00e1mogat\u00e1si k\u00e9relmek tov\u00e1bbi beny\u00fajt\u00e1s\u00e1t 2020. 05. 01-\u00e9n\u00a0felf\u00fcggesztj\u00fck, mivel a 2020. 04. 20.-ig be\u00e9rkezett k\u00e9relmek t\u00e1mogat\u00e1si ig\u00e9nye meghaladja a 200%-ot.","rel":"","context":"In &quot;H\u00edreink, k\u00f6zlem\u00e9nyeink&quot;","img":{"alt_text":"","src":"https:\/\/i0.wp.com\/bukkleader.hu\/old\/wp-content\/uploads\/2018\/08\/p\u00e1ly\u00e1zati-felh\u00edv\u00e1s.jpg?resize=350%2C200&ssl=1","width":350,"height":200},"classes":[]},{"id":8337,"url":"https:\/\/bukkleader.hu\/old\/megjelent-a-helyi-fejlesztesek-tamogatasa-vp6-19-2-1-15-10-21-helyi-felhivas\/","url_meta":{"origin":2449,"position":4},"title":"Megjelent a HELYI FEJLESZT\u00c9SEK T\u00c1MOGAT\u00c1SA (VP6-19.2.1.-15-10-21) helyi felh\u00edv\u00e1s!","date":"2021-07-29","format":false,"excerpt":"Megjelent a HELYI FEJLESZT\u00c9SEK T\u00c1MOGAT\u00c1SA (VP6-19.2.1.-15-10-21) helyi felh\u00edv\u00e1s! A felh\u00edv\u00e1s \u00e9s mell\u00e9kletei let\u00f6lthet\u0151k a Magyar \u00c1llamkincst\u00e1r honlapj\u00e1r\u00f3l: https:\/\/e-kerelem.mvh.allamkincstar.gov.hu\/enter\/leaderbongeszo\/leaderBongeszo.xhtml (A linkre l\u00e9pve Helyi Akci\u00f3csoportn\u00e1l v\u00e1lassz\u00e1k ki a leg\u00f6rd\u00fcl\u0151 men\u00fcb\u0151l a B\u00fckk-T\u00e9rs\u00e9gi LEADER Egyes\u00fcletet, vagy a Telep\u00fcl\u00e9sn\u00e9l a megval\u00f3s\u00edt\u00e1s tervezett helysz\u00edn\u00e9t. A megjelen\u0151 list\u00e1b\u00f3l a \"Helyi fejleszt\u00e9sek t\u00e1mogat\u00e1sa\u201d c\u00edm\u0171 felh\u00edv\u00e1s a relev\u00e1ns.\u2026","rel":"","context":"In &quot;H\u00edreink, k\u00f6zlem\u00e9nyeink&quot;","img":{"alt_text":"","src":"https:\/\/i0.wp.com\/bukkleader.hu\/old\/wp-content\/uploads\/2018\/08\/p\u00e1ly\u00e1zati-felh\u00edv\u00e1s.jpg?resize=350%2C200&ssl=1","width":350,"height":200},"classes":[]},{"id":2453,"url":"https:\/\/bukkleader.hu\/old\/turisztikai-szolgaltatasok-fejlesztese-cimu-helyi-felhivast-ismerteto-forum-sajokeresztur\/","url_meta":{"origin":2449,"position":5},"title":"Turisztikai Szolg\u00e1ltat\u00e1sok Fejleszt\u00e9se c\u00edm\u0171 helyi felh\u00edv\u00e1st ismertet\u0151 f\u00f3rum &#8211; Saj\u00f3kereszt\u00far","date":"2020-02-27","format":false,"excerpt":"A B\u00fckk-T\u00e9rs\u00e9gi LEADER Egyes\u00fclet a Turisztikai Szolg\u00e1ltat\u00e1sok Fejleszt\u00e9se c\u00edm\u0171, megjelent helyi felh\u00edv\u00e1s utols\u00f3 ismertet\u0151 f\u00f3rum\u00e1t rendezi meg 2020. 03.11-\u00e9n 17 \u00f3r\u00e1t\u00f3l Saj\u00f3kereszt\u00farban a M\u0171vel\u0151d\u00e9si H\u00e1zban, a mell\u00e9kelt megh\u00edv\u00f3 szerint. Felh\u00edvjuk sz\u00edves figyelm\u00fcket, hogy a f\u00f3rumon val\u00f3 r\u00e9szv\u00e9tel pontoz\u00e1si szempont, melyet ezen alkalommal lehet utolj\u00e1ra teljes\u00edteni.","rel":"","context":"In &quot;H\u00edreink, k\u00f6zlem\u00e9nyeink&quot;","img":{"alt_text":"","src":"https:\/\/i1.wp.com\/bukkleader.hu\/old\/wp-content\/uploads\/2020\/02\/Meghivo_Saj\u00c3\u00b3keresztur.jpg?resize=350%2C200&ssl=1","width":350,"height":200},"classes":[]}],"_links":{"self":[{"href":"https:\/\/bukkleader.hu\/old\/wp-json\/wp\/v2\/posts\/2449"}],"collection":[{"href":"https:\/\/bukkleader.hu\/old\/wp-json\/wp\/v2\/posts"}],"about":[{"href":"https:\/\/bukkleader.hu\/old\/wp-json\/wp\/v2\/types\/post"}],"author":[{"embeddable":true,"href":"https:\/\/bukkleader.hu\/old\/wp-json\/wp\/v2\/users\/4"}],"replies":[{"embeddable":true,"href":"https:\/\/bukkleader.hu\/old\/wp-json\/wp\/v2\/comments?post=2449"}],"version-history":[{"count":2,"href":"https:\/\/bukkleader.hu\/old\/wp-json\/wp\/v2\/posts\/2449\/revisions"}],"predecessor-version":[{"id":2451,"href":"https:\/\/bukkleader.hu\/old\/wp-json\/wp\/v2\/posts\/2449\/revisions\/2451"}],"wp:featuredmedia":[{"embeddable":true,"href":"https:\/\/bukkleader.hu\/old\/wp-json\/wp\/v2\/media\/1775"}],"wp:attachment":[{"href":"https:\/\/bukkleader.hu\/old\/wp-json\/wp\/v2\/media?parent=2449"}],"wp:term":[{"taxonomy":"category","embeddable":true,"href":"https:\/\/bukkleader.hu\/old\/wp-json\/wp\/v2\/categories?post=2449"},{"taxonomy":"post_tag","embeddable":true,"href":"https:\/\/bukkleader.hu\/old\/wp-json\/wp\/v2\/tags?post=2449"}],"curies":[{"name":"wp","href":"https:\/\/api.w.org\/{rel}","templated":true}]}}