{"id":243,"date":"2012-09-19T10:12:01","date_gmt":"2012-09-19T08:12:01","guid":{"rendered":"https:\/\/bukkleader.hu\/old\/new\/?p=243"},"modified":"2015-09-22T10:17:23","modified_gmt":"2015-09-22T08:17:23","slug":"tobb-lehetoseget-kap-a-videkfejlesztes-2014%e2%88%922020-kozott","status":"publish","type":"post","link":"https:\/\/bukkleader.hu\/old\/tobb-lehetoseget-kap-a-videkfejlesztes-2014%e2%88%922020-kozott\/","title":{"rendered":"T\u00f6bb lehet\u0151s\u00e9get kap a vid\u00e9kfejleszt\u00e9s 2014\u22122020 k\u00f6z\u00f6tt"},"content":{"rendered":"<p style=\"text-align: justify;\">\u201e<strong class=\"style212\">Alapjaiban megv\u00e1ltozik a mez\u0151gazdas\u00e1g \u00e9s a vid\u00e9kfejleszt\u00e9s t\u00e1mogat\u00e1sa a 2014-ben kezd\u0151d\u0151 uni\u00f3s k\u00f6lts\u00e9gvet\u00e9si id\u0151szakban<\/strong>. A konkr\u00e9t c\u00e9lokat, a sz\u00fcks\u00e9ges forr\u00e1s nagys\u00e1g\u00e1t azonban csak a f\u00f6ldt\u00f6rv\u00e9ny elfogad\u00e1sa, illetve az orsz\u00e1gos vid\u00e9kfejleszt\u00e9si helyzet\u00e9rt\u00e9kel\u00e9s elk\u00e9sz\u00fclte ut\u00e1n kezdheti meghat\u00e1rozni a t\u00e1rca \u2212 mondta a Napi Gazdas\u00e1gnak V. N\u00e9meth Zsolt, a Vid\u00e9kfejleszt\u00e9si Miniszt\u00e9rium vid\u00e9kfejleszt\u00e9s\u00e9rt felel\u0151s \u00e1llamtitk\u00e1ra.\u201d <a href=\"http:\/\/www.kormany.hu\/hu\/videkfejlesztesi-miniszterium\/videkfejlesztesert-felelos-allamtitkarsag\/az-allamtitkarsag\/beszedek-publikaciok-interjuk\/tobb-lehetoseget-kap-a-videkfejlesztes-2014-2020-kozott\" target=\"_blank\">Tov\u00e1bb a teljes cikkhez a Korm\u00e1ny weboldal\u00e1ra &gt;&gt;<\/a><\/p>\n<div class=\"sharedaddy sd-sharing-enabled\"><div class=\"robots-nocontent sd-block sd-social sd-social-icon sd-sharing\"><h3 class=\"sd-title\">Share this:<\/h3><div class=\"sd-content\"><ul><li class=\"share-facebook\"><a rel=\"nofollow noopener noreferrer\" data-shared=\"sharing-facebook-243\" class=\"share-facebook sd-button share-icon no-text\" href=\"https:\/\/bukkleader.hu\/old\/tobb-lehetoseget-kap-a-videkfejlesztes-2014%e2%88%922020-kozott\/?share=facebook\" target=\"_blank\" title=\"Click to share on Facebook\"><span><\/span><span class=\"sharing-screen-reader-text\">Click to share on Facebook (Opens in new window)<\/span><\/a><\/li><li class=\"share-twitter\"><a rel=\"nofollow noopener noreferrer\" data-shared=\"sharing-twitter-243\" class=\"share-twitter sd-button share-icon no-text\" href=\"https:\/\/bukkleader.hu\/old\/tobb-lehetoseget-kap-a-videkfejlesztes-2014%e2%88%922020-kozott\/?share=twitter\" target=\"_blank\" title=\"Click to share on Twitter\"><span><\/span><span class=\"sharing-screen-reader-text\">Click to share on Twitter (Opens in new window)<\/span><\/a><\/li><li class=\"share-print\"><a rel=\"nofollow noopener noreferrer\" data-shared=\"\" class=\"share-print sd-button share-icon no-text\" href=\"https:\/\/bukkleader.hu\/old\/tobb-lehetoseget-kap-a-videkfejlesztes-2014%e2%88%922020-kozott\/\" target=\"_blank\" title=\"Click to print\"><span><\/span><span class=\"sharing-screen-reader-text\">Click to print (Opens in new window)<\/span><\/a><\/li><li class=\"share-email\"><a rel=\"nofollow noopener noreferrer\" data-shared=\"\" class=\"share-email sd-button share-icon no-text\" href=\"https:\/\/bukkleader.hu\/old\/tobb-lehetoseget-kap-a-videkfejlesztes-2014%e2%88%922020-kozott\/?share=email\" target=\"_blank\" title=\"Click to email this to a friend\"><span><\/span><span class=\"sharing-screen-reader-text\">Click to email this to a friend (Opens in new window)<\/span><\/a><\/li><li class=\"share-end\"><\/li><\/ul><\/div><\/div><\/div>","protected":false},"excerpt":{"rendered":"<p>\u201eAlapjaiban megv\u00e1ltozik a mez\u0151gazdas\u00e1g \u00e9s a vid\u00e9kfejleszt\u00e9s t\u00e1mogat\u00e1sa a 2014-ben kezd\u0151d\u0151 uni\u00f3s k\u00f6lts\u00e9gvet\u00e9si id\u0151szakban. A konkr\u00e9t c\u00e9lokat, a sz\u00fcks\u00e9ges forr\u00e1s nagys\u00e1g\u00e1t azonban csak a f\u00f6ldt\u00f6rv\u00e9ny elfogad\u00e1sa, illetve az orsz\u00e1gos vid\u00e9kfejleszt\u00e9si helyzet\u00e9rt\u00e9kel\u00e9s elk\u00e9sz\u00fclte ut\u00e1n kezdheti meghat\u00e1rozni a t\u00e1rca \u2212 mondta a Napi Gazdas\u00e1gnak V. N\u00e9meth Zsolt, a Vid\u00e9kfejleszt\u00e9si Miniszt\u00e9rium vid\u00e9kfejleszt\u00e9s\u00e9rt felel\u0151s \u00e1llamtitk\u00e1ra.\u201d Tov\u00e1bb a teljes cikkhez [&hellip;]<\/p>\n<div class=\"sharedaddy sd-sharing-enabled\"><div class=\"robots-nocontent sd-block sd-social sd-social-icon sd-sharing\"><h3 class=\"sd-title\">Share this:<\/h3><div class=\"sd-content\"><ul><li class=\"share-facebook\"><a rel=\"nofollow noopener noreferrer\" data-shared=\"sharing-facebook-243\" class=\"share-facebook sd-button share-icon no-text\" href=\"https:\/\/bukkleader.hu\/old\/tobb-lehetoseget-kap-a-videkfejlesztes-2014%e2%88%922020-kozott\/?share=facebook\" target=\"_blank\" title=\"Click to share on Facebook\"><span><\/span><span class=\"sharing-screen-reader-text\">Click to share on Facebook (Opens in new window)<\/span><\/a><\/li><li class=\"share-twitter\"><a rel=\"nofollow noopener noreferrer\" data-shared=\"sharing-twitter-243\" class=\"share-twitter sd-button share-icon no-text\" href=\"https:\/\/bukkleader.hu\/old\/tobb-lehetoseget-kap-a-videkfejlesztes-2014%e2%88%922020-kozott\/?share=twitter\" target=\"_blank\" title=\"Click to share on Twitter\"><span><\/span><span class=\"sharing-screen-reader-text\">Click to share on Twitter (Opens in new window)<\/span><\/a><\/li><li class=\"share-print\"><a rel=\"nofollow noopener noreferrer\" data-shared=\"\" class=\"share-print sd-button share-icon no-text\" href=\"https:\/\/bukkleader.hu\/old\/tobb-lehetoseget-kap-a-videkfejlesztes-2014%e2%88%922020-kozott\/\" target=\"_blank\" title=\"Click to print\"><span><\/span><span class=\"sharing-screen-reader-text\">Click to print (Opens in new window)<\/span><\/a><\/li><li class=\"share-email\"><a rel=\"nofollow noopener noreferrer\" data-shared=\"\" class=\"share-email sd-button share-icon no-text\" href=\"https:\/\/bukkleader.hu\/old\/tobb-lehetoseget-kap-a-videkfejlesztes-2014%e2%88%922020-kozott\/?share=email\" target=\"_blank\" title=\"Click to email this to a friend\"><span><\/span><span class=\"sharing-screen-reader-text\">Click to email this to a friend (Opens in new window)<\/span><\/a><\/li><li class=\"share-end\"><\/li><\/ul><\/div><\/div><\/div>","protected":false},"author":1,"featured_media":244,"comment_status":"open","ping_status":"closed","sticky":false,"template":"","format":"standard","meta":{"_bbp_topic_count":0,"_bbp_reply_count":0,"_bbp_total_topic_count":0,"_bbp_total_reply_count":0,"_bbp_voice_count":0,"_bbp_anonymous_reply_count":0,"_bbp_topic_count_hidden":0,"_bbp_reply_count_hidden":0,"_bbp_forum_subforum_count":0,"spay_email":"","jetpack_publicize_message":"","jetpack_is_tweetstorm":false,"jetpack_publicize_feature_enabled":true},"categories":[1],"tags":[],"jetpack_featured_media_url":"https:\/\/bukkleader.hu\/old\/wp-content\/uploads\/2015\/09\/magyar-cimer.jpg","jetpack_publicize_connections":[],"jetpack_sharing_enabled":true,"jetpack-related-posts":[{"id":282,"url":"https:\/\/bukkleader.hu\/old\/a-videkfejlesztesi-miniszterium-megkezdte-a-2014-2020-idoszak-tervezeset\/","url_meta":{"origin":243,"position":0},"title":"A Vid\u00e9kfejleszt\u00e9si Miniszt\u00e9rium megkezdte a 2014-2020 id\u0151szak tervez\u00e9s\u00e9t","date":"2012-12-12","format":false,"excerpt":"\u201eA vid\u00e9kfejleszt\u00e9si t\u00e1rca \u00e9s a 2014-2020-as tervez\u00e9s koordin\u00e1ci\u00f3j\u00e1\u00e9rt felel\u0151s NAKVI r\u00e9gi\u00f3s f\u00f3rumokon tal\u00e1lkozott a megy\u00e9k, valamint a LEADER Helyi Akci\u00f3csoportok k\u00e9pvisel\u0151ivel, hogy egy\u00fctt jel\u00f6lj\u00e9k ki a k\u00f6vetkez\u0151 programoz\u00e1si id\u0151szak ir\u00e1nyait \u00e9s egyeztess\u00e9k elk\u00e9pzel\u00e9seiket.\u201d Tov\u00e1bb a teljes cikkhez a www.umvp.eu weboldalra >>","rel":"","context":"In &quot;H\u00edreink, k\u00f6zlem\u00e9nyeink&quot;","img":{"alt_text":"Vid\u00e9kfejleszt\u00e9si Miniszt\u00e9rium","src":"https:\/\/i2.wp.com\/bukkleader.hu\/old\/wp-content\/uploads\/2015\/09\/384-2-vfm-w.jpg?resize=350%2C200&ssl=1","width":350,"height":200},"classes":[]},{"id":379,"url":"https:\/\/bukkleader.hu\/old\/figyelem-jogszabaly-modositasok\/","url_meta":{"origin":243,"position":1},"title":"FIGYELEM! Jogszab\u00e1ly m\u00f3dos\u00edt\u00e1sok","date":"2014-04-07","format":false,"excerpt":"2014. \u00e1prilis 03-ai d\u00e1tummal megjelent a Magyar K\u00f6zl\u00f6ny 2014. \u00e9vi 50. sz\u00e1m\u00e1ban az agr\u00e1r-szaktan\u00e1csad\u00e1ssal kapcsolatos \u00e9s az Eur\u00f3pai Mez\u0151gazdas\u00e1gi Vid\u00e9kfejleszt\u00e9si Alapb\u00f3l finansz\u00edrozott egyes agr\u00e1rt\u00e1mogat\u00e1si t\u00e1rgy\u00fa miniszteri rendeletek m\u00f3dos\u00edt\u00e1s\u00e1r\u00f3l sz\u00f3l\u00f3 32\/2014. (IV. 3.) VM rendelet, amely t\u00f6bbek k\u00f6z\u00f6tt tartalmazza: az Eur\u00f3pai Mez\u0151gazdas\u00e1gi Vid\u00e9kfejleszt\u00e9si Alapb\u00f3l a Helyi Vid\u00e9kfejleszt\u00e9si Strat\u00e9gi\u00e1k LEADER fejezet\u00e9nek v\u00e9grehajt\u00e1s\u00e1hoz\u2026","rel":"","context":"In &quot;H\u00edreink, k\u00f6zlem\u00e9nyeink&quot;","img":{"alt_text":"paragrafus","src":"https:\/\/i0.wp.com\/bukkleader.hu\/old\/wp-content\/uploads\/2012\/06\/paragrafus384w.jpg?resize=350%2C200&ssl=1","width":350,"height":200},"classes":[]},{"id":398,"url":"https:\/\/bukkleader.hu\/old\/figyelem-tobb-emva-jogcimrendelet-modositasra-kerult\/","url_meta":{"origin":243,"position":2},"title":"Figyelem! T\u00f6bb EMVA jogc\u00edmrendelet m\u00f3dos\u00edt\u00e1sra ker\u00fclt","date":"2014-09-23","format":false,"excerpt":"2014. szeptember 15-\u00e9n megjelent az 1\/2014. (IX. 15.) MVM\u00a0rendelet Az Eur\u00f3pai Mez\u0151gazdas\u00e1gi Vid\u00e9kfejleszt\u00e9si Alapb\u00f3l finansz\u00edrozott egyes agr\u00e1rt\u00e1mogat\u00e1si t\u00e1rgy\u00fa miniszteri rendeletek m\u00f3dos\u00edt\u00e1s\u00e1r\u00f3l. A rendelet t\u00f6bbek k\u00f6z\u00f6tt tartalmazza:\u00a0A\u00a0LEADER Helyi Akci\u00f3csoportok feladat ell\u00e1t\u00e1s\u00e1hoz az\u00a0Eur\u00f3pai Mez\u0151gazdas\u00e1gi Vid\u00e9kfejleszt\u00e9si Alapb\u00f3l ny\u00fajtand\u00f3 vid\u00e9kfejleszt\u00e9si t\u00e1mogat\u00e1s r\u00e9szletes felt\u00e9teleir\u0151l sz\u00f3l\u00f330\/2012. (III. 24.) VM\u00a0rendelet m\u00f3dos\u00edt\u00e1s\u00e1t, az\u00a0Eur\u00f3pai Mez\u0151gazdas\u00e1gi Vid\u00e9kfejleszt\u00e9si Alapb\u00f3l a\u00a0mikrov\u00e1llalkoz\u00e1sok l\u00e9trehoz\u00e1s\u00e1ra\u2026","rel":"","context":"In &quot;H\u00edreink, k\u00f6zlem\u00e9nyeink&quot;","img":{"alt_text":"paragrafus","src":"https:\/\/i0.wp.com\/bukkleader.hu\/old\/wp-content\/uploads\/2012\/06\/paragrafus384w.jpg?resize=350%2C200&ssl=1","width":350,"height":200},"classes":[]},{"id":396,"url":"https:\/\/bukkleader.hu\/old\/3500-milliard-forint-a-videknek-2014-2020-kozott\/","url_meta":{"origin":243,"position":3},"title":"3500 milli\u00e1rd forint a vid\u00e9knek 2014-2020 k\u00f6z\u00f6tt","date":"2014-08-15","format":false,"excerpt":"\"A 2014-2020-as eur\u00f3pai uni\u00f3s id\u0151szak vid\u00e9kfejleszt\u00e9si lehet\u0151s\u00e9geir\u0151l tartottak szakmai f\u00f3rumot Zselickislakon, ahol hangs\u00falyozt\u00e1k: a f\u0151 c\u00e9l a n\u00e9pess\u00e9g \u00e9s a munkahelyek megtart\u00e1sa, valamint a gazdas\u00e1gfejleszt\u00e9s. A k\u00f6vetkez\u0151 h\u00e9t \u00e9vben vid\u00e9kfejleszt\u00e9sre kevesebb, de a k\u00f6zvetlen t\u00e1mogat\u00e1sokkal \u00f6sszess\u00e9g\u00e9ben t\u00f6bb forr\u00e1s jut a vid\u00e9k t\u00e1mogat\u00e1s\u00e1ra, mint a megel\u0151z\u0151 ciklusban.\" Tov\u00e1bb a teljes cikkhez\u2026","rel":"","context":"In &quot;H\u00edreink, k\u00f6zlem\u00e9nyeink&quot;","img":{"alt_text":"eu z\u00e1szl\u00f3","src":"https:\/\/i0.wp.com\/bukkleader.hu\/old\/wp-content\/uploads\/2012\/06\/eu-zaszlo384w.jpg?resize=350%2C200&ssl=1","width":350,"height":200},"classes":[]},{"id":469,"url":"https:\/\/bukkleader.hu\/old\/tervezesi-terulet-jovahagyas\/","url_meta":{"origin":243,"position":4},"title":"Tervez\u00e9si ter\u00fclet j\u00f3v\u00e1hagy\u00e1s","date":"2015-10-09","format":false,"excerpt":"Az Eur\u00f3pai Mez\u0151gazdas\u00e1gi Vid\u00e9kfejleszt\u00e9si Alap t\u00e1rsfinansz\u00edroz\u00e1s\u00e1ban megval\u00f3sul\u00f3 Vid\u00e9kfejleszt\u00e9si Program Ir\u00e1ny\u00edt\u00f3 Hat\u00f3s\u00e1ga 2015. szeptember 25-\u00e9n j\u00f3v\u00e1hagyta a B\u00fckk-T\u00e9rs\u00e9gi LEADER Egyes\u00fclet illet\u00e9kess\u00e9gi ter\u00fclet\u00e9t, a 2014 -2020 k\u00f6z\u00f6tti programoz\u00e1si id\u0151szakra.A dokumentum olvas\u00e1sa itt:\u00a0IH_tervez\u00e9si_ter\u00fclet_j\u00f3v\u00e1hagy\u00e1s itt >>\u00a0","rel":"","context":"In &quot;H\u00edreink, k\u00f6zlem\u00e9nyeink&quot;","img":{"alt_text":"Magyarorsz\u00e1g Korm\u00e1nya","src":"https:\/\/i1.wp.com\/bukkleader.hu\/old\/wp-content\/uploads\/2015\/10\/kormany-w.jpg?resize=350%2C200&ssl=1","width":350,"height":200},"classes":[]},{"id":953,"url":"https:\/\/bukkleader.hu\/old\/elerheto-kedvezmenyezettek-tajekoztatasi-kotelezettsegei\/","url_meta":{"origin":243,"position":5},"title":"El\u00e9rhet\u0151 a Kedvezm\u00e9nyezettek t\u00e1j\u00e9koztat\u00e1si k\u00f6telezetts\u00e9gei &#8211; \u00datmutat\u00f3 a VP vonatkoz\u00e1s\u00e1ban","date":"2016-06-14","format":false,"excerpt":"El\u00e9rhet\u0151 a Kedvezm\u00e9nyezettek t\u00e1j\u00e9koztat\u00e1si k\u00f6telezetts\u00e9gei c\u00edm\u0171 \u00fatmutat\u00f3 a Vid\u00e9kfejleszt\u00e9si Program vonatkoz\u00e1s\u00e1ban2016 j\u00fanius 14.\u00a0Megjelent honlapunkon a \u201eVid\u00e9kfejleszt\u00e9si Program 2014-2020 \u2013 Kedvezm\u00e9nyezettek t\u00e1j\u00e9koztat\u00e1si k\u00f6telezetts\u00e9gei\u201d c\u00edm\u0171 \u00fatmutat\u00f3, mely 2016. m\u00e1jus 2-t\u0151l hat\u00e1lyos. A k\u00e9zik\u00f6nyv mag\u00e1ba foglalja az ezzel kapcsolatos kommunik\u00e1ci\u00f3 valamennyi vizu\u00e1lis k\u00f6vetelm\u00e9ny\u00e9t. Minden Vid\u00e9kfejleszt\u00e9si Programot \u00e9rint\u0151 projekt eset\u00e9ben a VP KTK 2020\u2026","rel":"","context":"In &quot;H\u00edreink, k\u00f6zlem\u00e9nyeink&quot;","img":{"alt_text":"","src":"https:\/\/i2.wp.com\/bukkleader.hu\/old\/wp-content\/uploads\/2016\/06\/\u00faj-k\u00e9p.jpg?resize=350%2C200&ssl=1","width":350,"height":200},"classes":[]}],"_links":{"self":[{"href":"https:\/\/bukkleader.hu\/old\/wp-json\/wp\/v2\/posts\/243"}],"collection":[{"href":"https:\/\/bukkleader.hu\/old\/wp-json\/wp\/v2\/posts"}],"about":[{"href":"https:\/\/bukkleader.hu\/old\/wp-json\/wp\/v2\/types\/post"}],"author":[{"embeddable":true,"href":"https:\/\/bukkleader.hu\/old\/wp-json\/wp\/v2\/users\/1"}],"replies":[{"embeddable":true,"href":"https:\/\/bukkleader.hu\/old\/wp-json\/wp\/v2\/comments?post=243"}],"version-history":[{"count":1,"href":"https:\/\/bukkleader.hu\/old\/wp-json\/wp\/v2\/posts\/243\/revisions"}],"predecessor-version":[{"id":245,"href":"https:\/\/bukkleader.hu\/old\/wp-json\/wp\/v2\/posts\/243\/revisions\/245"}],"wp:featuredmedia":[{"embeddable":true,"href":"https:\/\/bukkleader.hu\/old\/wp-json\/wp\/v2\/media\/244"}],"wp:attachment":[{"href":"https:\/\/bukkleader.hu\/old\/wp-json\/wp\/v2\/media?parent=243"}],"wp:term":[{"taxonomy":"category","embeddable":true,"href":"https:\/\/bukkleader.hu\/old\/wp-json\/wp\/v2\/categories?post=243"},{"taxonomy":"post_tag","embeddable":true,"href":"https:\/\/bukkleader.hu\/old\/wp-json\/wp\/v2\/tags?post=243"}],"curies":[{"name":"wp","href":"https:\/\/api.w.org\/{rel}","templated":true}]}}