{"id":2425,"date":"2020-02-10T09:07:53","date_gmt":"2020-02-10T08:07:53","guid":{"rendered":"https:\/\/bukkleader.hu\/old\/?p=2425"},"modified":"2020-02-10T09:07:53","modified_gmt":"2020-02-10T08:07:53","slug":"figyelem-marciusban-is-lesznek-forumok","status":"publish","type":"post","link":"https:\/\/bukkleader.hu\/old\/figyelem-marciusban-is-lesznek-forumok\/","title":{"rendered":"Figyelem! M\u00e1rciusban is lesznek f\u00f3rumok"},"content":{"rendered":"<p>T\u00e1j\u00e9koztatjuk a <strong>Turisztikai szolg\u00e1ltat\u00e1sok fejleszt\u00e9se<\/strong> c\u00edm\u0171 felh\u00edv\u00e1sra t\u00e1mogat\u00e1si k\u00e9relmet beny\u00fajtani sz\u00e1nd\u00e9koz\u00f3kat, hogy <strong>m\u00e1rciusban Cser\u00e9pv\u00e1ralj\u00e1n, Saj\u00f3kereszt\u00farban \u00e9s Hern\u00e1dkakban vagy Hern\u00e1dn\u00e9metiben<\/strong> is szervez\u00fcnk f\u00f3rumot. Az id\u0151pontok \u00e9s helysz\u00ednek szervez\u00e9s alatt vannak.<\/p>\n<div class=\"sharedaddy sd-sharing-enabled\"><div class=\"robots-nocontent sd-block sd-social sd-social-icon sd-sharing\"><h3 class=\"sd-title\">Share this:<\/h3><div class=\"sd-content\"><ul><li class=\"share-facebook\"><a rel=\"nofollow noopener noreferrer\" data-shared=\"sharing-facebook-2425\" class=\"share-facebook sd-button share-icon no-text\" href=\"https:\/\/bukkleader.hu\/old\/figyelem-marciusban-is-lesznek-forumok\/?share=facebook\" target=\"_blank\" title=\"Click to share on Facebook\"><span><\/span><span class=\"sharing-screen-reader-text\">Click to share on Facebook (Opens in new window)<\/span><\/a><\/li><li class=\"share-twitter\"><a rel=\"nofollow noopener noreferrer\" data-shared=\"sharing-twitter-2425\" class=\"share-twitter sd-button share-icon no-text\" href=\"https:\/\/bukkleader.hu\/old\/figyelem-marciusban-is-lesznek-forumok\/?share=twitter\" target=\"_blank\" title=\"Click to share on Twitter\"><span><\/span><span class=\"sharing-screen-reader-text\">Click to share on Twitter (Opens in new window)<\/span><\/a><\/li><li class=\"share-print\"><a rel=\"nofollow noopener noreferrer\" data-shared=\"\" class=\"share-print sd-button share-icon no-text\" href=\"https:\/\/bukkleader.hu\/old\/figyelem-marciusban-is-lesznek-forumok\/\" target=\"_blank\" title=\"Click to print\"><span><\/span><span class=\"sharing-screen-reader-text\">Click to print (Opens in new window)<\/span><\/a><\/li><li class=\"share-email\"><a rel=\"nofollow noopener noreferrer\" data-shared=\"\" class=\"share-email sd-button share-icon no-text\" href=\"https:\/\/bukkleader.hu\/old\/figyelem-marciusban-is-lesznek-forumok\/?share=email\" target=\"_blank\" title=\"Click to email this to a friend\"><span><\/span><span class=\"sharing-screen-reader-text\">Click to email this to a friend (Opens in new window)<\/span><\/a><\/li><li class=\"share-end\"><\/li><\/ul><\/div><\/div><\/div>","protected":false},"excerpt":{"rendered":"<p>T\u00e1j\u00e9koztatjuk a Turisztikai szolg\u00e1ltat\u00e1sok fejleszt\u00e9se c\u00edm\u0171 felh\u00edv\u00e1sra t\u00e1mogat\u00e1si k\u00e9relmet beny\u00fajtani sz\u00e1nd\u00e9koz\u00f3kat, hogy m\u00e1rciusban Cser\u00e9pv\u00e1ralj\u00e1n, Saj\u00f3kereszt\u00farban \u00e9s Hern\u00e1dkakban vagy Hern\u00e1dn\u00e9metiben is szervez\u00fcnk f\u00f3rumot. Az id\u0151pontok \u00e9s helysz\u00ednek szervez\u00e9s alatt vannak.<\/p>\n<div class=\"sharedaddy sd-sharing-enabled\"><div class=\"robots-nocontent sd-block sd-social sd-social-icon sd-sharing\"><h3 class=\"sd-title\">Share this:<\/h3><div class=\"sd-content\"><ul><li class=\"share-facebook\"><a rel=\"nofollow noopener noreferrer\" data-shared=\"sharing-facebook-2425\" class=\"share-facebook sd-button share-icon no-text\" href=\"https:\/\/bukkleader.hu\/old\/figyelem-marciusban-is-lesznek-forumok\/?share=facebook\" target=\"_blank\" title=\"Click to share on Facebook\"><span><\/span><span class=\"sharing-screen-reader-text\">Click to share on Facebook (Opens in new window)<\/span><\/a><\/li><li class=\"share-twitter\"><a rel=\"nofollow noopener noreferrer\" data-shared=\"sharing-twitter-2425\" class=\"share-twitter sd-button share-icon no-text\" href=\"https:\/\/bukkleader.hu\/old\/figyelem-marciusban-is-lesznek-forumok\/?share=twitter\" target=\"_blank\" title=\"Click to share on Twitter\"><span><\/span><span class=\"sharing-screen-reader-text\">Click to share on Twitter (Opens in new window)<\/span><\/a><\/li><li class=\"share-print\"><a rel=\"nofollow noopener noreferrer\" data-shared=\"\" class=\"share-print sd-button share-icon no-text\" href=\"https:\/\/bukkleader.hu\/old\/figyelem-marciusban-is-lesznek-forumok\/\" target=\"_blank\" title=\"Click to print\"><span><\/span><span class=\"sharing-screen-reader-text\">Click to print (Opens in new window)<\/span><\/a><\/li><li class=\"share-email\"><a rel=\"nofollow noopener noreferrer\" data-shared=\"\" class=\"share-email sd-button share-icon no-text\" href=\"https:\/\/bukkleader.hu\/old\/figyelem-marciusban-is-lesznek-forumok\/?share=email\" target=\"_blank\" title=\"Click to email this to a friend\"><span><\/span><span class=\"sharing-screen-reader-text\">Click to email this to a friend (Opens in new window)<\/span><\/a><\/li><li class=\"share-end\"><\/li><\/ul><\/div><\/div><\/div>","protected":false},"author":4,"featured_media":1403,"comment_status":"open","ping_status":"closed","sticky":false,"template":"","format":"standard","meta":{"_bbp_topic_count":0,"_bbp_reply_count":0,"_bbp_total_topic_count":0,"_bbp_total_reply_count":0,"_bbp_voice_count":0,"_bbp_anonymous_reply_count":0,"_bbp_topic_count_hidden":0,"_bbp_reply_count_hidden":0,"_bbp_forum_subforum_count":0,"spay_email":"","jetpack_publicize_message":"","jetpack_is_tweetstorm":false,"jetpack_publicize_feature_enabled":true},"categories":[1],"tags":[],"jetpack_featured_media_url":"https:\/\/bukkleader.hu\/old\/wp-content\/uploads\/2017\/11\/Cser\u00e9pv\u00e1ralja-1-1.jpg","jetpack_publicize_connections":[],"jetpack_sharing_enabled":true,"jetpack-related-posts":[{"id":373,"url":"https:\/\/bukkleader.hu\/old\/2014-marcius-19-ig-kotelezo-monitoring-adatszolgaltatas\/","url_meta":{"origin":2425,"position":0},"title":"2014. m\u00e1rcius 19-ig K\u00d6TELEZ\u0150 MONITORING ADATSZOLG\u00c1LTAT\u00c1S","date":"2014-02-28","format":false,"excerpt":"Az Eur\u00f3pai Mez\u0151gazdas\u00e1gi Vid\u00e9kfejleszt\u00e9si Alap (EMVA) \u00e9s az Eur\u00f3pai Hal\u00e1szati Alap (EHA) keret\u00e9ben t\u00e1mogat\u00e1st elnyert \u00fcgyfelek a 26\/2014. (II. 17.) sz. \u00e9s a 27\/2014. (II. 17.) sz. MVH k\u00f6zlem\u00e9nyek alapj\u00e1n 2014. febru\u00e1r 17. \u2013 2014. m\u00e1rcius 19. id\u0151szakban monitoring adatszolg\u00e1ltat\u00e1sra k\u00f6telezettek. Az adatszolg\u00e1ltat\u00e1s kiz\u00e1r\u00f3lag elektronikus \u00faton, \u00fcgyf\u00e9lkapun kereszt\u00fclteljes\u00edthet\u0151. Meghatalmaz\u00e1s r\u00f6gz\u00edt\u00e9s\u00e9hez\u2026","rel":"","context":"In &quot;H\u00edreink, k\u00f6zlem\u00e9nyeink&quot;","img":{"alt_text":"mhv-logo","src":"https:\/\/i2.wp.com\/bukkleader.hu\/old\/wp-content\/uploads\/2015\/09\/mvh-logo-w.jpg?resize=350%2C200&ssl=1","width":350,"height":200},"classes":[]},{"id":4260,"url":"https:\/\/bukkleader.hu\/old\/szakmai-beszamolo-2020-januar-1-2020-marcius-31-idoszak-tevekenysegerol\/","url_meta":{"origin":2425,"position":1},"title":"Szakmai besz\u00e1mol\u00f3 2020. janu\u00e1r 1. \u2013 2020. m\u00e1rcius 31. id\u0151szak tev\u00e9kenys\u00e9g\u00e9r\u0151l","date":"2020-04-20","format":false,"excerpt":"Szakmai besz\u00e1mol\u00f3 2020. janu\u00e1r 1. \u2013 2020. m\u00e1rcius 31. id\u0151szak tev\u00e9kenys\u00e9g\u00e9r\u0151l. Megtekinthet\u0151 itt >>","rel":"","context":"In &quot;2020&quot;","img":{"alt_text":"","src":"","width":0,"height":0},"classes":[]},{"id":5848,"url":"https:\/\/bukkleader.hu\/old\/szakmai-beszamolo-2021-januar-1-2021-marcius-31-idoszak-tevekenysegerol\/","url_meta":{"origin":2425,"position":2},"title":"Szakmai besz\u00e1mol\u00f3 2021. janu\u00e1r 1. \u2013 2021. m\u00e1rcius 31. id\u0151szak tev\u00e9kenys\u00e9g\u00e9r\u0151l","date":"2021-04-14","format":false,"excerpt":"Szakmai besz\u00e1mol\u00f3 2021. janu\u00e1r 1. \u2013 2021. m\u00e1rcius 31. id\u0151szak tev\u00e9kenys\u00e9g\u00e9r\u0151l. Megtekinthet\u0151 itt >>","rel":"","context":"In &quot;2021&quot;","img":{"alt_text":"","src":"","width":0,"height":0},"classes":[]},{"id":8790,"url":"https:\/\/bukkleader.hu\/old\/szakmai-beszamolo-2022-januar-1-2022-marcius-31-idoszak-tevekenysegerol\/","url_meta":{"origin":2425,"position":3},"title":"Szakmai besz\u00e1mol\u00f3 2022. janu\u00e1r 1. &#8211; 2022. m\u00e1rcius 31. id\u0151szak tev\u00e9kenys\u00e9g\u00e9r\u0151l","date":"2022-04-08","format":false,"excerpt":"Szakmai besz\u00e1mol\u00f3 2022. janu\u00e1r 1. - 2022. m\u00e1rcius 31. id\u0151szak tev\u00e9kenys\u00e9g\u00e9r\u0151l. Megtekinthet\u0151 itt >>","rel":"","context":"In &quot;2022&quot;","img":{"alt_text":"","src":"","width":0,"height":0},"classes":[]},{"id":2051,"url":"https:\/\/bukkleader.hu\/old\/szakmai-beszamolo-2019-januar-1-2018-marcius-31-idoszak-tevekenysegerol\/","url_meta":{"origin":2425,"position":4},"title":"Szakmai besz\u00e1mol\u00f3 2019. janu\u00e1r 1. \u2013 2019. m\u00e1rcius 31.  id\u0151szak tev\u00e9kenys\u00e9g\u00e9r\u0151l","date":"2019-05-28","format":false,"excerpt":"Szakmai besz\u00e1mol\u00f3 2019. janu\u00e1r 1. \u2013 2019. m\u00e1rcius 31. id\u0151szak tev\u00e9kenys\u00e9g\u00e9r\u0151l. Megtekinthet\u0151 itt >>","rel":"","context":"In &quot;2019&quot;","img":{"alt_text":"","src":"","width":0,"height":0},"classes":[]},{"id":106,"url":"https:\/\/bukkleader.hu\/old\/2013-januar-01-2013-marcius-31-idoszak\/","url_meta":{"origin":2425,"position":5},"title":"2013. janu\u00e1r 01. &#8211; 2013. m\u00e1rcius 31. id\u0151szak","date":"2013-04-01","format":false,"excerpt":"A B\u00fckk-T\u00e9rs\u00e9gi LEADER Egyes\u00fclet munkaszervezet\u00e9nek legfontosabb feladatai a 2013.01.01. \u2013 03.31. id\u0151szakban a HACS-hoz be\u00e9rkezett EMVA III. falumeg\u00faj\u00edt\u00e1s \u00e9s \u2013fejleszt\u00e9s p\u00e1ly\u00e1zatok \u00fcgyint\u00e9z\u00e9se, a szakmai kapcsolat\u00e9p\u00edt\u00e9s \u00e9s az 2014-2020 id\u0151szak EU-s tervez\u00e9s\u00e9vel kapcsolatos egyeztet\u00e9seken val\u00f3 r\u00e9szv\u00e9tel voltak.A vid\u00e9kfejleszt\u00e9si k\u00f6z\u00f6ss\u00e9g min\u00e9l sz\u00e9lesebb k\u00f6r\u0171 t\u00e1j\u00e9koztat\u00e1sa \u00e9rdek\u00e9ben a t\u00e1mogat\u00e1si id\u0151szakban t\u00f6bb szakmai f\u00f3rumot tartottunk,\u2026","rel":"","context":"In &quot;Munkabesz\u00e1mol\u00f3k&quot;","img":{"alt_text":"","src":"","width":0,"height":0},"classes":[]}],"_links":{"self":[{"href":"https:\/\/bukkleader.hu\/old\/wp-json\/wp\/v2\/posts\/2425"}],"collection":[{"href":"https:\/\/bukkleader.hu\/old\/wp-json\/wp\/v2\/posts"}],"about":[{"href":"https:\/\/bukkleader.hu\/old\/wp-json\/wp\/v2\/types\/post"}],"author":[{"embeddable":true,"href":"https:\/\/bukkleader.hu\/old\/wp-json\/wp\/v2\/users\/4"}],"replies":[{"embeddable":true,"href":"https:\/\/bukkleader.hu\/old\/wp-json\/wp\/v2\/comments?post=2425"}],"version-history":[{"count":1,"href":"https:\/\/bukkleader.hu\/old\/wp-json\/wp\/v2\/posts\/2425\/revisions"}],"predecessor-version":[{"id":2426,"href":"https:\/\/bukkleader.hu\/old\/wp-json\/wp\/v2\/posts\/2425\/revisions\/2426"}],"wp:featuredmedia":[{"embeddable":true,"href":"https:\/\/bukkleader.hu\/old\/wp-json\/wp\/v2\/media\/1403"}],"wp:attachment":[{"href":"https:\/\/bukkleader.hu\/old\/wp-json\/wp\/v2\/media?parent=2425"}],"wp:term":[{"taxonomy":"category","embeddable":true,"href":"https:\/\/bukkleader.hu\/old\/wp-json\/wp\/v2\/categories?post=2425"},{"taxonomy":"post_tag","embeddable":true,"href":"https:\/\/bukkleader.hu\/old\/wp-json\/wp\/v2\/tags?post=2425"}],"curies":[{"name":"wp","href":"https:\/\/api.w.org\/{rel}","templated":true}]}}