{"id":241,"date":"2012-09-19T10:10:29","date_gmt":"2012-09-19T08:10:29","guid":{"rendered":"https:\/\/bukkleader.hu\/old\/new\/?p=241"},"modified":"2015-09-22T10:10:56","modified_gmt":"2015-09-22T08:10:56","slug":"szerkesztheto-formaban-letolthetok-a-daranyi-ignac-terv-arculati-elemei","status":"publish","type":"post","link":"https:\/\/bukkleader.hu\/old\/szerkesztheto-formaban-letolthetok-a-daranyi-ignac-terv-arculati-elemei\/","title":{"rendered":"Szerkeszthet\u0151 form\u00e1ban let\u00f6lthet\u0151k a Dar\u00e1nyi Ign\u00e1c Terv arculati elemei"},"content":{"rendered":"<p style=\"text-align: justify;\"><strong>Kedvezm\u00e9nyezettek figyelm\u00e9be: Szerkeszthet\u0151 form\u00e1ban let\u00f6lthet\u0151k a Dar\u00e1nyi Ign\u00e1c Terv arculati elemei<\/strong> <!--more--><\/p>\n<p style=\"text-align: justify;\">A <a href=\"http:\/\/www.umvp.eu\/\" target=\"_blank\">www.umvp.eu<\/a> weboldal Arculati anyagai k\u00f6z\u00f6tt, az al\u00e1bbi linken let\u00f6lthet\u0151 <span class=\"style212\">a Dar\u00e1nyi Ign\u00e1c Terv arculati \u00fatmutat\u00f3ja \u00e9s a kedvezm\u00e9nyezettek t\u00e1j\u00e9koztat\u00e1si \u00e9s nyilv\u00e1noss\u00e1gi k\u00f6telezetts\u00e9g\u00e9nek teljes\u00edt\u00e9s\u00e9hez haszn\u00e1land\u00f3 arculati elemek<\/span>: <a href=\"http:\/\/www.umvp.eu\/?q=kedvezmenyezettek-figyelmebe-frissitve\" target=\"_blank\">http:\/\/www.umvp.eu\/?q=kedvezmenyezettek-figyelmebe-frissitve<\/a><\/p>\n<div class=\"sharedaddy sd-sharing-enabled\"><div class=\"robots-nocontent sd-block sd-social sd-social-icon sd-sharing\"><h3 class=\"sd-title\">Share this:<\/h3><div class=\"sd-content\"><ul><li class=\"share-facebook\"><a rel=\"nofollow noopener noreferrer\" data-shared=\"sharing-facebook-241\" class=\"share-facebook sd-button share-icon no-text\" href=\"https:\/\/bukkleader.hu\/old\/szerkesztheto-formaban-letolthetok-a-daranyi-ignac-terv-arculati-elemei\/?share=facebook\" target=\"_blank\" title=\"Click to share on Facebook\"><span><\/span><span class=\"sharing-screen-reader-text\">Click to share on Facebook (Opens in new window)<\/span><\/a><\/li><li class=\"share-twitter\"><a rel=\"nofollow noopener noreferrer\" data-shared=\"sharing-twitter-241\" class=\"share-twitter sd-button share-icon no-text\" href=\"https:\/\/bukkleader.hu\/old\/szerkesztheto-formaban-letolthetok-a-daranyi-ignac-terv-arculati-elemei\/?share=twitter\" target=\"_blank\" title=\"Click to share on Twitter\"><span><\/span><span class=\"sharing-screen-reader-text\">Click to share on Twitter (Opens in new window)<\/span><\/a><\/li><li class=\"share-print\"><a rel=\"nofollow noopener noreferrer\" data-shared=\"\" class=\"share-print sd-button share-icon no-text\" href=\"https:\/\/bukkleader.hu\/old\/szerkesztheto-formaban-letolthetok-a-daranyi-ignac-terv-arculati-elemei\/\" target=\"_blank\" title=\"Click to print\"><span><\/span><span class=\"sharing-screen-reader-text\">Click to print (Opens in new window)<\/span><\/a><\/li><li class=\"share-email\"><a rel=\"nofollow noopener noreferrer\" data-shared=\"\" class=\"share-email sd-button share-icon no-text\" href=\"https:\/\/bukkleader.hu\/old\/szerkesztheto-formaban-letolthetok-a-daranyi-ignac-terv-arculati-elemei\/?share=email\" target=\"_blank\" title=\"Click to email this to a friend\"><span><\/span><span class=\"sharing-screen-reader-text\">Click to email this to a friend (Opens in new window)<\/span><\/a><\/li><li class=\"share-end\"><\/li><\/ul><\/div><\/div><\/div>","protected":false},"excerpt":{"rendered":"<p>Kedvezm\u00e9nyezettek figyelm\u00e9be: Szerkeszthet\u0151 form\u00e1ban let\u00f6lthet\u0151k a Dar\u00e1nyi Ign\u00e1c Terv arculati elemei<\/p>\n<div class=\"sharedaddy sd-sharing-enabled\"><div class=\"robots-nocontent sd-block sd-social sd-social-icon sd-sharing\"><h3 class=\"sd-title\">Share this:<\/h3><div class=\"sd-content\"><ul><li class=\"share-facebook\"><a rel=\"nofollow noopener noreferrer\" data-shared=\"sharing-facebook-241\" class=\"share-facebook sd-button share-icon no-text\" href=\"https:\/\/bukkleader.hu\/old\/szerkesztheto-formaban-letolthetok-a-daranyi-ignac-terv-arculati-elemei\/?share=facebook\" target=\"_blank\" title=\"Click to share on Facebook\"><span><\/span><span class=\"sharing-screen-reader-text\">Click to share on Facebook (Opens in new window)<\/span><\/a><\/li><li class=\"share-twitter\"><a rel=\"nofollow noopener noreferrer\" data-shared=\"sharing-twitter-241\" class=\"share-twitter sd-button share-icon no-text\" href=\"https:\/\/bukkleader.hu\/old\/szerkesztheto-formaban-letolthetok-a-daranyi-ignac-terv-arculati-elemei\/?share=twitter\" target=\"_blank\" title=\"Click to share on Twitter\"><span><\/span><span class=\"sharing-screen-reader-text\">Click to share on Twitter (Opens in new window)<\/span><\/a><\/li><li class=\"share-print\"><a rel=\"nofollow noopener noreferrer\" data-shared=\"\" class=\"share-print sd-button share-icon no-text\" href=\"https:\/\/bukkleader.hu\/old\/szerkesztheto-formaban-letolthetok-a-daranyi-ignac-terv-arculati-elemei\/\" target=\"_blank\" title=\"Click to print\"><span><\/span><span class=\"sharing-screen-reader-text\">Click to print (Opens in new window)<\/span><\/a><\/li><li class=\"share-email\"><a rel=\"nofollow noopener noreferrer\" data-shared=\"\" class=\"share-email sd-button share-icon no-text\" href=\"https:\/\/bukkleader.hu\/old\/szerkesztheto-formaban-letolthetok-a-daranyi-ignac-terv-arculati-elemei\/?share=email\" target=\"_blank\" title=\"Click to email this to a friend\"><span><\/span><span class=\"sharing-screen-reader-text\">Click to email this to a friend (Opens in new window)<\/span><\/a><\/li><li class=\"share-end\"><\/li><\/ul><\/div><\/div><\/div>","protected":false},"author":1,"featured_media":121,"comment_status":"open","ping_status":"closed","sticky":false,"template":"","format":"standard","meta":{"_bbp_topic_count":0,"_bbp_reply_count":0,"_bbp_total_topic_count":0,"_bbp_total_reply_count":0,"_bbp_voice_count":0,"_bbp_anonymous_reply_count":0,"_bbp_topic_count_hidden":0,"_bbp_reply_count_hidden":0,"_bbp_forum_subforum_count":0,"spay_email":"","jetpack_publicize_message":"","jetpack_is_tweetstorm":false,"jetpack_publicize_feature_enabled":true},"categories":[1],"tags":[],"jetpack_featured_media_url":"https:\/\/bukkleader.hu\/old\/wp-content\/uploads\/2015\/08\/384-1-daranyi-ignac-terv.jpg","jetpack_publicize_connections":[],"jetpack_sharing_enabled":true,"jetpack-related-posts":[{"id":219,"url":"https:\/\/bukkleader.hu\/old\/megujult-a-daranyi-ignac-terv\/","url_meta":{"origin":241,"position":0},"title":"Meg\u00fajult a Dar\u00e1nyi Ign\u00e1c Terv","date":"2012-08-22","format":false,"excerpt":"Kedvezm\u00e9nyezettek figyelm\u00e9be: Meg\u00fajult a Dar\u00e1nyi Ign\u00e1c Terv \u2013 \u00daj Magyarorsz\u00e1g Vid\u00e9kfejleszt\u00e9si Program arculataMegjelent a 97\/2012 (VIII. 15.) IH K\u00f6zlem\u00e9ny \u201eA Dar\u00e1nyi Ign\u00e1c Terv \u00daj Magyarorsz\u00e1g Vid\u00e9kfejleszt\u00e9si Program keret\u00e9ben t\u00e1mogat\u00e1sban r\u00e9szes\u00fclt kedvezm\u00e9nyezettek t\u00e1j\u00e9koztat\u00e1si \u00e9s nyilv\u00e1noss\u00e1gra vonatkoz\u00f3 k\u00f6telezetts\u00e9geir\u0151l\u201d. A k\u00f6zlem\u00e9ny \u00e9s mell\u00e9kleteinek (arculati k\u00e9zik\u00f6nyv \u00e9s a kapcsol\u00f3d\u00f3 vektorgrafikus \u00e1llom\u00e1ny\u00fa f\u00e1jlok) let\u00f6lt\u00e9se >>","rel":"","context":"In &quot;H\u00edreink, k\u00f6zlem\u00e9nyeink&quot;","img":{"alt_text":"","src":"","width":0,"height":0},"classes":[]},{"id":363,"url":"https:\/\/bukkleader.hu\/old\/megjelent-a-kistersegi-kozlekedesi-szolgaltatasok-fejlesztese-soran-alkalmazando-gepjarmu-katalogusrol-szolo-ih-kozlemeny\/","url_meta":{"origin":241,"position":1},"title":"Megjelent a kist\u00e9rs\u00e9gi k\u00f6zleked\u00e9si szolg\u00e1ltat\u00e1sok fejleszt\u00e9se sor\u00e1n alkalmazand\u00f3 g\u00e9pj\u00e1rm\u0171 katal\u00f3gusr\u00f3l sz\u00f3l\u00f3 IH k\u00f6zlem\u00e9ny","date":"2013-11-18","format":false,"excerpt":"Megjelent az EMVA t\u00e1rsfinansz\u00edroz\u00e1s\u00fa int\u00e9zked\u00e9sek Ir\u00e1ny\u00edt\u00f3 Hat\u00f3s\u00e1g\u00e1nak a 289\/2013. (XI. 14.) k\u00f6zlem\u00e9nye az Eur\u00f3pai Mez\u0151gazdas\u00e1gi Vid\u00e9kfejleszt\u00e9si Alapb\u00f3l ny\u00fajtand\u00f3, a vid\u00e9ki gazdas\u00e1g \u00e9s a lakoss\u00e1g sz\u00e1m\u00e1ra ny\u00fajtott alapszolg\u00e1ltat\u00e1sok fejleszt\u00e9s\u00e9re 2013-t\u00f3l ig\u00e9nybe vehet\u0151 t\u00e1mogat\u00e1sok r\u00e9szletes felt\u00e9teleir\u0151l sz\u00f3l\u00f3 103\/2013. (XI. 08.) VM rendeletr\u0151l, valamint a kist\u00e9rs\u00e9gi k\u00f6zleked\u00e9si szolg\u00e1ltat\u00e1sok fejleszt\u00e9se keret\u00e9ben a k\u00f6telez\u0151 arculati\u2026","rel":"","context":"In &quot;H\u00edreink, k\u00f6zlem\u00e9nyeink&quot;","img":{"alt_text":"384-1-daranyi-ignac-terv","src":"https:\/\/i1.wp.com\/bukkleader.hu\/old\/wp-content\/uploads\/2015\/09\/384-1-daranyi-ignac-terv.jpg?resize=350%2C200&ssl=1","width":350,"height":200},"classes":[]},{"id":273,"url":"https:\/\/bukkleader.hu\/old\/2012-masodik-felevi-palyazati-lehetosegek\/","url_meta":{"origin":241,"position":2},"title":"2012. m\u00e1sodik f\u00e9l\u00e9vi p\u00e1ly\u00e1zati lehet\u0151s\u00e9gek","date":"2012-11-30","format":false,"excerpt":"2012. m\u00e1sodik f\u00e9l\u00e9v\u00e9ben a Dar\u00e1nyi Ign\u00e1c Terv \u2013 \u00daj Magyarorsz\u00e1g Vid\u00e9kfejleszt\u00e9si Program keret\u00e9ben \u00fajabb EMVA III. \u00e9s LEADER vid\u00e9kfejleszt\u00e9si t\u00e1mogat\u00e1sok elnyer\u00e9s\u00e9re ny\u00edlnak lehet\u0151s\u00e9gek. A B\u00fckk-T\u00e9rs\u00e9gi LEADER Egyes\u00fclet ter\u00fclet\u00e9r\u0151l a 2012. okt\u00f3ber 15. \u2013 november 30. id\u0151szakban EMVA III. falumeg\u00faj\u00edt\u00e1s \u00e9s \u2013fejleszt\u00e9sre, valamint \u00e9v v\u00e9g\u00e9n \u2013 2013. elej\u00e9n a Helyi Vid\u00e9kfejleszt\u00e9si\u2026","rel":"","context":"In &quot;H\u00edreink, k\u00f6zlem\u00e9nyeink&quot;","img":{"alt_text":"384-1-daranyi-ignac-terv","src":"https:\/\/i1.wp.com\/bukkleader.hu\/old\/wp-content\/uploads\/2015\/09\/384-1-daranyi-ignac-terv.jpg?resize=350%2C200&ssl=1","width":350,"height":200},"classes":[]},{"id":308,"url":"https:\/\/bukkleader.hu\/old\/az-emva-iv-leader-program-harmadik-benyujtasi-korenek-koncepcioja\/","url_meta":{"origin":241,"position":3},"title":"Az EMVA IV. LEADER Program harmadik beny\u00fajt\u00e1si k\u00f6r\u00e9nek koncepci\u00f3ja","date":"2013-02-19","format":false,"excerpt":"2013. tavasz\u00e1t\u00f3l, a Dar\u00e1nyi Ign\u00e1c Terv \u2013 \u00daj Magyarorsz\u00e1g Vid\u00e9kfejleszt\u00e9si Program keret\u00e9ben \u00fajabb EMVA IV. - LEADER vid\u00e9kfejleszt\u00e9si t\u00e1mogat\u00e1sok elnyer\u00e9s\u00e9re ny\u00edlnak lehet\u0151s\u00e9gek.A B\u00fckk-T\u00e9rs\u00e9gi LEADER Egyes\u00fclet ter\u00fclet\u00e9r\u0151l a Helyi Vid\u00e9kfejleszt\u00e9si Strat\u00e9gia k\u00f6z\u00f6s fel\u00fclvizsg\u00e1lata sor\u00e1n kialak\u00edtand\u00f3 LEADER c\u00e9lter\u00fcletekre ny\u00fajthat\u00f3k be p\u00e1ly\u00e1zatok. A program v\u00e9grehajt\u00e1s\u00e1ban az Ir\u00e1ny\u00edt\u00f3 Hat\u00f3s\u00e1g el\u0151zetes t\u00e1j\u00e9koztat\u00e1sa szerint az al\u00e1bbi\u2026","rel":"","context":"In &quot;H\u00edreink, k\u00f6zlem\u00e9nyeink&quot;","img":{"alt_text":"bukk-leader-logo-w","src":"https:\/\/i2.wp.com\/bukkleader.hu\/old\/wp-content\/uploads\/2015\/09\/bukk-leader-logo-w.jpg?resize=350%2C200&ssl=1","width":350,"height":200},"classes":[]},{"id":2491,"url":"https:\/\/bukkleader.hu\/old\/tajekoztatas-a-tamogatott-rendezvenyek-elhalasztasanak-kotelezettsegerol-es-lehetosegerol\/","url_meta":{"origin":241,"position":4},"title":"T\u00e1j\u00e9koztat\u00e1s a t\u00e1mogatott rendezv\u00e9nyek elhalaszt\u00e1s\u00e1nak k\u00f6telezetts\u00e9g\u00e9r\u0151l \u00e9s lehet\u0151s\u00e9g\u00e9r\u0151l","date":"2020-03-16","format":false,"excerpt":"Tisztelt Kedvezm\u00e9nyezettek! Felh\u00edvjuk a figyelm\u00fcket arra, hogy a Magyar K\u00f6zl\u00f6ny 2020. \u00e9vi 40. sz\u00e1m\u00e1ban megjelent\u00a0az \u00e9let- \u00e9s vagyonbiztons\u00e1got vesz\u00e9lyeztet\u0151 t\u00f6meges megbeteged\u00e9st okoz\u00f3 hum\u00e1n j\u00e1rv\u00e1ny megel\u0151z\u00e9se, illetve k\u00f6vetkezm\u00e9nyeinek elh\u00e1r\u00edt\u00e1sa, a magyar \u00e1llampolg\u00e1rok eg\u00e9szs\u00e9g\u00e9nek \u00e9s \u00e9let\u00e9nek meg\u00f3v\u00e1sa \u00e9rdek\u00e9ben elrendelt vesz\u00e9lyhelyzet sor\u00e1n teend\u0151 int\u00e9zked\u00e9sekr\u0151l sz\u00f3l\u00f3 41\/2020. (III. 11.) Korm. rendelet 4.\u00a7 d) pontj\u00e1ban\u2026","rel":"","context":"In &quot;H\u00edreink, k\u00f6zlem\u00e9nyeink&quot;","img":{"alt_text":"","src":"https:\/\/i2.wp.com\/bukkleader.hu\/old\/wp-content\/uploads\/2017\/12\/danger.png?resize=350%2C200&ssl=1","width":350,"height":200},"classes":[]},{"id":2104,"url":"https:\/\/bukkleader.hu\/old\/2104-2\/","url_meta":{"origin":241,"position":5},"title":"Rendezv\u00e9nyek bejelent\u00e9s\u00e9hez haszn\u00e1lhat\u00f3 sablon","date":"2019-07-10","format":false,"excerpt":"Tisztelt Kedvezm\u00e9nyezettek! Felh\u00edvom a figyelm\u00fcket amennyiben nyertes p\u00e1ly\u00e1zatukban bemutat\u00f3k, rendezv\u00e9nyek, ki\u00e1ll\u00edt\u00e1sok szervez\u00e9se \u00e9s lebonyol\u00edt\u00e1sa tev\u00e9kenys\u00e9get is megval\u00f3s\u00edtanak, akkor az al\u00e1bbiakban a felh\u00edv\u00e1sokb\u00f3l kiemelt bejelent\u00e9si k\u00f6telezetts\u00e9g\u00fck van:\u00a0 1) A kedvezm\u00e9nyezett az \u00e1ltala szervezett rendezv\u00e9ny vonatkoz\u00e1s\u00e1ban k\u00f6teles a rendezv\u00e9ny t\u00e9m\u00e1j\u00e1t, helysz\u00edn\u00e9t \u00e9s id\u0151pontj\u00e1t, a rendezv\u00e9ny megval\u00f3s\u00edt\u00e1si id\u0151pontj\u00e1t megel\u0151z\u0151 30. napig a rendezv\u00e9ny\u2026","rel":"","context":"In &quot;Dokumentumok&quot;","img":{"alt_text":"","src":"https:\/\/i2.wp.com\/bukkleader.hu\/old\/wp-content\/uploads\/2016\/06\/\u00faj-k\u00e9p.jpg?resize=350%2C200&ssl=1","width":350,"height":200},"classes":[]}],"_links":{"self":[{"href":"https:\/\/bukkleader.hu\/old\/wp-json\/wp\/v2\/posts\/241"}],"collection":[{"href":"https:\/\/bukkleader.hu\/old\/wp-json\/wp\/v2\/posts"}],"about":[{"href":"https:\/\/bukkleader.hu\/old\/wp-json\/wp\/v2\/types\/post"}],"author":[{"embeddable":true,"href":"https:\/\/bukkleader.hu\/old\/wp-json\/wp\/v2\/users\/1"}],"replies":[{"embeddable":true,"href":"https:\/\/bukkleader.hu\/old\/wp-json\/wp\/v2\/comments?post=241"}],"version-history":[{"count":1,"href":"https:\/\/bukkleader.hu\/old\/wp-json\/wp\/v2\/posts\/241\/revisions"}],"predecessor-version":[{"id":242,"href":"https:\/\/bukkleader.hu\/old\/wp-json\/wp\/v2\/posts\/241\/revisions\/242"}],"wp:featuredmedia":[{"embeddable":true,"href":"https:\/\/bukkleader.hu\/old\/wp-json\/wp\/v2\/media\/121"}],"wp:attachment":[{"href":"https:\/\/bukkleader.hu\/old\/wp-json\/wp\/v2\/media?parent=241"}],"wp:term":[{"taxonomy":"category","embeddable":true,"href":"https:\/\/bukkleader.hu\/old\/wp-json\/wp\/v2\/categories?post=241"},{"taxonomy":"post_tag","embeddable":true,"href":"https:\/\/bukkleader.hu\/old\/wp-json\/wp\/v2\/tags?post=241"}],"curies":[{"name":"wp","href":"https:\/\/api.w.org\/{rel}","templated":true}]}}