{"id":2378,"date":"2020-01-08T15:25:50","date_gmt":"2020-01-08T14:25:50","guid":{"rendered":"https:\/\/bukkleader.hu\/old\/?p=2378"},"modified":"2020-01-09T14:51:44","modified_gmt":"2020-01-09T13:51:44","slug":"negy-evszak-a-venhegyen-programsorozat-tel-tematikus-nap-hernadnemetiben","status":"publish","type":"post","link":"https:\/\/bukkleader.hu\/old\/negy-evszak-a-venhegyen-programsorozat-tel-tematikus-nap-hernadnemetiben\/","title":{"rendered":"&#8220;N\u00e9gy \u00e9vszak a V\u00e9nhegyen&#8221; programsorozat &#8220;T\u00c9L&#8221; tematikus nap Hern\u00e1dn\u00e9metiben"},"content":{"rendered":"<p>Az &#8220;<strong>\u00c1ltal\u00e1nos Iskol\u00e1\u00e9rt&#8221; Alap\u00edtv\u00e1ny\u00a0(Hern\u00e1dn\u00e9meti)<\/strong> tisztelettel megh\u00edvja \u00d6n\u00f6ket\u00a0<strong>2020. febru\u00e1r 7-\u00e9n (p\u00e9ntek)<\/strong>\u00a0tartand\u00f3, LEADER t\u00e1mogat\u00e1ssal megval\u00f3sul\u00f3 <strong>&#8220;a<\/strong>\u00a0<b>N\u00e9gy \u00e9vszak a V\u00e9nhegyen&#8221; programsorozat &#8220;T\u00c9L&#8221; tematikus napj\u00e1ra<\/b>, melynek r\u00e9szletes programja al\u00e1bb olvashat\u00f3.<\/p>\n<p>&nbsp;<\/p>\n<p><img data-attachment-id=\"2379\" data-permalink=\"https:\/\/bukkleader.hu\/old\/negy-evszak-a-venhegyen-programsorozat-tel-tematikus-nap-hernadnemetiben\/negyevszak1\/\" data-orig-file=\"https:\/\/bukkleader.hu\/old\/wp-content\/uploads\/2020\/01\/Negyevszak1.jpg\" data-orig-size=\"1241,1755\" data-comments-opened=\"1\" data-image-meta=\"{&quot;aperture&quot;:&quot;0&quot;,&quot;credit&quot;:&quot;&quot;,&quot;camera&quot;:&quot;&quot;,&quot;caption&quot;:&quot;&quot;,&quot;created_timestamp&quot;:&quot;0&quot;,&quot;copyright&quot;:&quot;&quot;,&quot;focal_length&quot;:&quot;0&quot;,&quot;iso&quot;:&quot;0&quot;,&quot;shutter_speed&quot;:&quot;0&quot;,&quot;title&quot;:&quot;&quot;,&quot;orientation&quot;:&quot;0&quot;}\" data-image-title=\"Negyevszak1\" data-image-description=\"\" data-image-caption=\"\" data-medium-file=\"https:\/\/bukkleader.hu\/old\/wp-content\/uploads\/2020\/01\/Negyevszak1-212x300.jpg\" data-large-file=\"https:\/\/bukkleader.hu\/old\/wp-content\/uploads\/2020\/01\/Negyevszak1-724x1024.jpg\" loading=\"lazy\" class=\"aligncenter size-full wp-image-2379\" src=\"https:\/\/bukkleader.hu\/old\/wp-content\/uploads\/2020\/01\/Negyevszak1.jpg\" alt=\"\" width=\"1241\" height=\"1755\" srcset=\"https:\/\/bukkleader.hu\/old\/wp-content\/uploads\/2020\/01\/Negyevszak1.jpg 1241w, https:\/\/bukkleader.hu\/old\/wp-content\/uploads\/2020\/01\/Negyevszak1-212x300.jpg 212w, https:\/\/bukkleader.hu\/old\/wp-content\/uploads\/2020\/01\/Negyevszak1-768x1086.jpg 768w, https:\/\/bukkleader.hu\/old\/wp-content\/uploads\/2020\/01\/Negyevszak1-724x1024.jpg 724w\" sizes=\"(max-width: 1241px) 100vw, 1241px\" \/><\/p>\n<p><img data-attachment-id=\"2380\" data-permalink=\"https:\/\/bukkleader.hu\/old\/negy-evszak-a-venhegyen-programsorozat-tel-tematikus-nap-hernadnemetiben\/negyevszak2\/\" data-orig-file=\"https:\/\/bukkleader.hu\/old\/wp-content\/uploads\/2020\/01\/Negyevszak2.jpg\" data-orig-size=\"1241,1755\" data-comments-opened=\"1\" data-image-meta=\"{&quot;aperture&quot;:&quot;0&quot;,&quot;credit&quot;:&quot;&quot;,&quot;camera&quot;:&quot;&quot;,&quot;caption&quot;:&quot;&quot;,&quot;created_timestamp&quot;:&quot;0&quot;,&quot;copyright&quot;:&quot;&quot;,&quot;focal_length&quot;:&quot;0&quot;,&quot;iso&quot;:&quot;0&quot;,&quot;shutter_speed&quot;:&quot;0&quot;,&quot;title&quot;:&quot;&quot;,&quot;orientation&quot;:&quot;0&quot;}\" data-image-title=\"Negyevszak2\" data-image-description=\"\" data-image-caption=\"\" data-medium-file=\"https:\/\/bukkleader.hu\/old\/wp-content\/uploads\/2020\/01\/Negyevszak2-212x300.jpg\" data-large-file=\"https:\/\/bukkleader.hu\/old\/wp-content\/uploads\/2020\/01\/Negyevszak2-724x1024.jpg\" loading=\"lazy\" class=\"aligncenter size-full wp-image-2380\" src=\"https:\/\/bukkleader.hu\/old\/wp-content\/uploads\/2020\/01\/Negyevszak2.jpg\" alt=\"\" width=\"1241\" height=\"1755\" srcset=\"https:\/\/bukkleader.hu\/old\/wp-content\/uploads\/2020\/01\/Negyevszak2.jpg 1241w, https:\/\/bukkleader.hu\/old\/wp-content\/uploads\/2020\/01\/Negyevszak2-212x300.jpg 212w, https:\/\/bukkleader.hu\/old\/wp-content\/uploads\/2020\/01\/Negyevszak2-768x1086.jpg 768w, https:\/\/bukkleader.hu\/old\/wp-content\/uploads\/2020\/01\/Negyevszak2-724x1024.jpg 724w\" sizes=\"(max-width: 1241px) 100vw, 1241px\" \/><\/p>\n<div class=\"sharedaddy sd-sharing-enabled\"><div class=\"robots-nocontent sd-block sd-social sd-social-icon sd-sharing\"><h3 class=\"sd-title\">Share this:<\/h3><div class=\"sd-content\"><ul><li class=\"share-facebook\"><a rel=\"nofollow noopener noreferrer\" data-shared=\"sharing-facebook-2378\" class=\"share-facebook sd-button share-icon no-text\" href=\"https:\/\/bukkleader.hu\/old\/negy-evszak-a-venhegyen-programsorozat-tel-tematikus-nap-hernadnemetiben\/?share=facebook\" target=\"_blank\" title=\"Click to share on Facebook\"><span><\/span><span class=\"sharing-screen-reader-text\">Click to share on Facebook (Opens in new window)<\/span><\/a><\/li><li class=\"share-twitter\"><a rel=\"nofollow noopener noreferrer\" data-shared=\"sharing-twitter-2378\" class=\"share-twitter sd-button share-icon no-text\" href=\"https:\/\/bukkleader.hu\/old\/negy-evszak-a-venhegyen-programsorozat-tel-tematikus-nap-hernadnemetiben\/?share=twitter\" target=\"_blank\" title=\"Click to share on Twitter\"><span><\/span><span class=\"sharing-screen-reader-text\">Click to share on Twitter (Opens in new window)<\/span><\/a><\/li><li class=\"share-print\"><a rel=\"nofollow noopener noreferrer\" data-shared=\"\" class=\"share-print sd-button share-icon no-text\" href=\"https:\/\/bukkleader.hu\/old\/negy-evszak-a-venhegyen-programsorozat-tel-tematikus-nap-hernadnemetiben\/\" target=\"_blank\" title=\"Click to print\"><span><\/span><span class=\"sharing-screen-reader-text\">Click to print (Opens in new window)<\/span><\/a><\/li><li class=\"share-email\"><a rel=\"nofollow noopener noreferrer\" data-shared=\"\" class=\"share-email sd-button share-icon no-text\" href=\"https:\/\/bukkleader.hu\/old\/negy-evszak-a-venhegyen-programsorozat-tel-tematikus-nap-hernadnemetiben\/?share=email\" target=\"_blank\" title=\"Click to email this to a friend\"><span><\/span><span class=\"sharing-screen-reader-text\">Click to email this to a friend (Opens in new window)<\/span><\/a><\/li><li class=\"share-end\"><\/li><\/ul><\/div><\/div><\/div>","protected":false},"excerpt":{"rendered":"<p>Az &#8220;\u00c1ltal\u00e1nos Iskol\u00e1\u00e9rt&#8221; Alap\u00edtv\u00e1ny\u00a0(Hern\u00e1dn\u00e9meti) tisztelettel megh\u00edvja \u00d6n\u00f6ket\u00a02020. febru\u00e1r 7-\u00e9n (p\u00e9ntek)\u00a0tartand\u00f3, LEADER t\u00e1mogat\u00e1ssal megval\u00f3sul\u00f3 &#8220;a\u00a0N\u00e9gy \u00e9vszak a V\u00e9nhegyen&#8221; programsorozat &#8220;T\u00c9L&#8221; tematikus napj\u00e1ra, melynek r\u00e9szletes programja al\u00e1bb olvashat\u00f3. &nbsp;<\/p>\n<div class=\"sharedaddy sd-sharing-enabled\"><div class=\"robots-nocontent sd-block sd-social sd-social-icon sd-sharing\"><h3 class=\"sd-title\">Share this:<\/h3><div class=\"sd-content\"><ul><li class=\"share-facebook\"><a rel=\"nofollow noopener noreferrer\" data-shared=\"sharing-facebook-2378\" class=\"share-facebook sd-button share-icon no-text\" href=\"https:\/\/bukkleader.hu\/old\/negy-evszak-a-venhegyen-programsorozat-tel-tematikus-nap-hernadnemetiben\/?share=facebook\" target=\"_blank\" title=\"Click to share on Facebook\"><span><\/span><span class=\"sharing-screen-reader-text\">Click to share on Facebook (Opens in new window)<\/span><\/a><\/li><li class=\"share-twitter\"><a rel=\"nofollow noopener noreferrer\" data-shared=\"sharing-twitter-2378\" class=\"share-twitter sd-button share-icon no-text\" href=\"https:\/\/bukkleader.hu\/old\/negy-evszak-a-venhegyen-programsorozat-tel-tematikus-nap-hernadnemetiben\/?share=twitter\" target=\"_blank\" title=\"Click to share on Twitter\"><span><\/span><span class=\"sharing-screen-reader-text\">Click to share on Twitter (Opens in new window)<\/span><\/a><\/li><li class=\"share-print\"><a rel=\"nofollow noopener noreferrer\" data-shared=\"\" class=\"share-print sd-button share-icon no-text\" href=\"https:\/\/bukkleader.hu\/old\/negy-evszak-a-venhegyen-programsorozat-tel-tematikus-nap-hernadnemetiben\/\" target=\"_blank\" title=\"Click to print\"><span><\/span><span class=\"sharing-screen-reader-text\">Click to print (Opens in new window)<\/span><\/a><\/li><li class=\"share-email\"><a rel=\"nofollow noopener noreferrer\" data-shared=\"\" class=\"share-email sd-button share-icon no-text\" href=\"https:\/\/bukkleader.hu\/old\/negy-evszak-a-venhegyen-programsorozat-tel-tematikus-nap-hernadnemetiben\/?share=email\" target=\"_blank\" title=\"Click to email this to a friend\"><span><\/span><span class=\"sharing-screen-reader-text\">Click to email this to a friend (Opens in new window)<\/span><\/a><\/li><li class=\"share-end\"><\/li><\/ul><\/div><\/div><\/div>","protected":false},"author":4,"featured_media":2383,"comment_status":"open","ping_status":"closed","sticky":false,"template":"","format":"standard","meta":{"_bbp_topic_count":0,"_bbp_reply_count":0,"_bbp_total_topic_count":0,"_bbp_total_reply_count":0,"_bbp_voice_count":0,"_bbp_anonymous_reply_count":0,"_bbp_topic_count_hidden":0,"_bbp_reply_count_hidden":0,"_bbp_forum_subforum_count":0,"spay_email":"","jetpack_publicize_message":"","jetpack_is_tweetstorm":false,"jetpack_publicize_feature_enabled":true},"categories":[1,31,29],"tags":[],"jetpack_featured_media_url":"https:\/\/bukkleader.hu\/old\/wp-content\/uploads\/2020\/01\/Negyevszakpic.jpg","jetpack_publicize_connections":[],"jetpack_sharing_enabled":true,"jetpack-related-posts":[{"id":2719,"url":"https:\/\/bukkleader.hu\/old\/negy-evszak-a-venhegyen-tavasz-tematikus-nap-hernadnemetiben-leader-tamogatassal\/","url_meta":{"origin":2378,"position":0},"title":"N\u00e9gy \u00e9vszak a V\u00e9nhegyen &#8211; TAVASZ tematikus nap Hern\u00e1dn\u00e9metiben LEADER t\u00e1mogat\u00e1ssal &#8211; 2020.09.01.","date":"2020-08-19","format":false,"excerpt":"Az \"\u00c1ltal\u00e1nos Iskol\u00e1\u00e9rt\" Alap\u00edtv\u00e1ny\u00a0tisztelettel megh\u00edvja \u00d6n\u00f6ket\u00a02020. szeptember 1-j\u00e9n\u00a0(kedd) Hern\u00e1dn\u00e9metiben tartand\u00f3, LEADER t\u00e1mogat\u00e1ssal megval\u00f3sul\u00f3 N\u00e9gy \u00e9vszak a V\u00e9nhegyen programsorozata TAVASZ tematikus napj\u00e1ra. A r\u00e9szletes program:","rel":"","context":"In &quot;H\u00edreink, k\u00f6zlem\u00e9nyeink&quot;","img":{"alt_text":"","src":"https:\/\/i1.wp.com\/bukkleader.hu\/old\/wp-content\/uploads\/2020\/08\/tavasz.jpg?resize=350%2C200&ssl=1","width":350,"height":200},"classes":[]},{"id":2729,"url":"https:\/\/bukkleader.hu\/old\/negy-evszak-a-venhegyen-nyar-tematikus-nap-hernadnemetiben-leader-tamogatassal-2020-09-01\/","url_meta":{"origin":2378,"position":1},"title":"N\u00e9gy \u00e9vszak a V\u00e9nhegyen &#8211; NY\u00c1R tematikus nap Hern\u00e1dn\u00e9metiben LEADER t\u00e1mogat\u00e1ssal &#8211; 2020.09.01.","date":"2020-08-19","format":false,"excerpt":"Az \"\u00c1ltal\u00e1nos Iskol\u00e1\u00e9rt\" Alap\u00edtv\u00e1ny\u00a0tisztelettel megh\u00edvja \u00d6n\u00f6ket\u00a02020. szeptember 1-j\u00e9n\u00a0(kedd) Hern\u00e1dn\u00e9metiben tartand\u00f3, LEADER t\u00e1mogat\u00e1ssal megval\u00f3sul\u00f3 N\u00e9gy \u00e9vszak a V\u00e9nhegyen programsorozata NY\u00c1R tematikus napj\u00e1ra. A r\u00e9szletes program:","rel":"","context":"In &quot;H\u00edreink, k\u00f6zlem\u00e9nyeink&quot;","img":{"alt_text":"","src":"https:\/\/i2.wp.com\/bukkleader.hu\/old\/wp-content\/uploads\/2020\/08\/nyar.jpg?resize=350%2C200&ssl=1","width":350,"height":200},"classes":[]},{"id":2732,"url":"https:\/\/bukkleader.hu\/old\/negy-evszak-a-venhegyen-osz-tematikus-nap-hernadnemetiben-leader-tamogatassal-2020-09-19\/","url_meta":{"origin":2378,"position":2},"title":"N\u00e9gy \u00e9vszak a V\u00e9nhegyen &#8211; \u0150SZ tematikus nap Hern\u00e1dn\u00e9metiben LEADER t\u00e1mogat\u00e1ssal &#8211; 2020.09.19.","date":"2020-08-19","format":false,"excerpt":"Az \"\u00c1ltal\u00e1nos Iskol\u00e1\u00e9rt\" Alap\u00edtv\u00e1ny\u00a0tisztelettel megh\u00edvja \u00d6n\u00f6ket\u00a02020. szeptember 19-\u00e9n\u00a0(szombat) Hern\u00e1dn\u00e9metiben tartand\u00f3, LEADER t\u00e1mogat\u00e1ssal megval\u00f3sul\u00f3 N\u00e9gy \u00e9vszak a V\u00e9nhegyen programsorozata \u0150SZ tematikus napj\u00e1ra. A r\u00e9szletes program:","rel":"","context":"In &quot;H\u00edreink, k\u00f6zlem\u00e9nyeink&quot;","img":{"alt_text":"","src":"https:\/\/i1.wp.com\/bukkleader.hu\/old\/wp-content\/uploads\/2020\/08\/osz.jpg?resize=350%2C200&ssl=1","width":350,"height":200},"classes":[]},{"id":8428,"url":"https:\/\/bukkleader.hu\/old\/leader-tudomka-pont-kialakitasa-rendezveny-2021-09-03-hernadnemeti\/","url_meta":{"origin":2378,"position":3},"title":"LEADER Tudomka Pont kialak\u00edt\u00e1sa rendezv\u00e9ny 2021. 09. 03. Hern\u00e1dn\u00e9meti","date":"2021-09-02","format":false,"excerpt":"A Hagyom\u00e1nyteremt\u0151 M\u0171v\u00e9szeti \u00e9s Oktat\u00e1si Nonprofit Kft. tisztelettel megh\u00edvja \u00d6n\u00f6ket a LEADER Tudomka Pont kialak\u00edt\u00e1sa megnevez\u00e9s\u0171 rendezv\u00e9ny\u00e9re. A megh\u00edv\u00f3 \u00e9s a program let\u00f6lthet\u0151 pdf-ben itt.\u00a0","rel":"","context":"In &quot;H\u00edreink, k\u00f6zlem\u00e9nyeink&quot;","img":{"alt_text":"","src":"https:\/\/i1.wp.com\/bukkleader.hu\/old\/wp-content\/uploads\/2021\/09\/gy\u00f3gyn\u00f6v\u00e9ny-2.jpg?resize=350%2C200&ssl=1","width":350,"height":200},"classes":[]},{"id":546,"url":"https:\/\/bukkleader.hu\/old\/meghivo-helyi-fejlesztesi-strategia-tervezesi-forumra-hernadnemeti\/","url_meta":{"origin":2378,"position":4},"title":"Megh\u00edv\u00f3 Helyi Fejleszt\u00e9si Strat\u00e9gia tervez\u00e9si f\u00f3rumra &#8211; Hern\u00e1dn\u00e9meti","date":"2015-11-04","format":false,"excerpt":"A B\u00fckk-T\u00e9rs\u00e9gi LEADER Egyes\u00fclet Helyi Fejleszt\u00e9si Strat\u00e9gia tervez\u00e9si f\u00f3rumot tart Hern\u00e1dn\u00e9metiben, a mell\u00e9kelt megh\u00edv\u00f3 szerint.Minden \u00e9rdekl\u0151d\u0151t v\u00e1runk!Megh\u00edv\u00f3 let\u00f6lt\u00e9se itt>>","rel":"","context":"In &quot;H\u00edreink, k\u00f6zlem\u00e9nyeink&quot;","img":{"alt_text":"Hern\u00e1dn\u00e9meti","src":"https:\/\/i1.wp.com\/bukkleader.hu\/old\/wp-content\/uploads\/2015\/11\/hernadnemeti-w.jpg?resize=350%2C200&ssl=1","width":350,"height":200},"classes":[]},{"id":8695,"url":"https:\/\/bukkleader.hu\/old\/leader-tematikus-kozpont-rendezvenye-repashuta-2022-02-10\/","url_meta":{"origin":2378,"position":5},"title":"LEADER TEMATIKUS K\u00d6ZPONT rendezv\u00e9nye &#8211; R\u00e9p\u00e1shuta, 2022.02.10.","date":"2022-02-07","format":false,"excerpt":"A \"BEITI-B\u00fckkaljai\" Kft. tisztelettel megh\u00edvja \u00d6n\u00f6ket a B\u00dcKK LEADER TUDOMKA- RES hasznos\u00edt\u00e1s a vid\u00e9ki lak\u00f3k\u00f6rnyezetben \u2013 TEMATIKUS K\u00d6ZPONT rendezv\u00e9ny\u00e9re. A megh\u00edv\u00f3 pdf-ben let\u00f6lthet\u0151 itt.","rel":"","context":"In &quot;H\u00edreink, k\u00f6zlem\u00e9nyeink&quot;","img":{"alt_text":"","src":"https:\/\/i1.wp.com\/bukkleader.hu\/old\/wp-content\/uploads\/2015\/11\/operat\u00edv-programok-2..jpg?resize=350%2C200&ssl=1","width":350,"height":200},"classes":[]}],"_links":{"self":[{"href":"https:\/\/bukkleader.hu\/old\/wp-json\/wp\/v2\/posts\/2378"}],"collection":[{"href":"https:\/\/bukkleader.hu\/old\/wp-json\/wp\/v2\/posts"}],"about":[{"href":"https:\/\/bukkleader.hu\/old\/wp-json\/wp\/v2\/types\/post"}],"author":[{"embeddable":true,"href":"https:\/\/bukkleader.hu\/old\/wp-json\/wp\/v2\/users\/4"}],"replies":[{"embeddable":true,"href":"https:\/\/bukkleader.hu\/old\/wp-json\/wp\/v2\/comments?post=2378"}],"version-history":[{"count":1,"href":"https:\/\/bukkleader.hu\/old\/wp-json\/wp\/v2\/posts\/2378\/revisions"}],"predecessor-version":[{"id":2382,"href":"https:\/\/bukkleader.hu\/old\/wp-json\/wp\/v2\/posts\/2378\/revisions\/2382"}],"wp:featuredmedia":[{"embeddable":true,"href":"https:\/\/bukkleader.hu\/old\/wp-json\/wp\/v2\/media\/2383"}],"wp:attachment":[{"href":"https:\/\/bukkleader.hu\/old\/wp-json\/wp\/v2\/media?parent=2378"}],"wp:term":[{"taxonomy":"category","embeddable":true,"href":"https:\/\/bukkleader.hu\/old\/wp-json\/wp\/v2\/categories?post=2378"},{"taxonomy":"post_tag","embeddable":true,"href":"https:\/\/bukkleader.hu\/old\/wp-json\/wp\/v2\/tags?post=2378"}],"curies":[{"name":"wp","href":"https:\/\/api.w.org\/{rel}","templated":true}]}}