{"id":225,"date":"2015-09-22T08:07:20","date_gmt":"2015-09-22T06:07:20","guid":{"rendered":"https:\/\/bukkleader.hu\/old\/new\/?p=225"},"modified":"2015-09-23T10:30:45","modified_gmt":"2015-09-23T08:30:45","slug":"mvh-ertesites","status":"publish","type":"post","link":"https:\/\/bukkleader.hu\/old\/mvh-ertesites\/","title":{"rendered":"MVH \u00e9rtes\u00edt\u00e9s &#8211; enged\u00e9lyek beny\u00fajt\u00e1si hat\u00e1rideje 2015.09.30."},"content":{"rendered":"<p><em>Tisztelt P\u00e1ly\u00e1z\u00f3!<\/em><\/p>\n<p style=\"text-align: justify;\"> Felh\u00edvjuk sz\u00edves figyelm\u00e9t, hogy az EMVA-b\u00f3l t\u00e1rsfinansz\u00edrozott beruh\u00e1z\u00e1si jogc\u00edmek eset\u00e9n a j\u00f3v\u00e1hagyott, enged\u00e9lyk\u00f6teles tev\u00e9kenys\u00e9ghez kapcsol\u00f3d\u00f3 beruh\u00e1z\u00e1sokhoz sz\u00fcks\u00e9ges joger\u0151s enged\u00e9lyeket (haszn\u00e1latbav\u00e9teli enged\u00e9ly, m\u0171k\u00f6d\u00e9si enged\u00e9ly, egy\u00e9b, a jogszab\u00e1ly \u00e1ltal k\u00f6telez\u0151en beny\u00fajtand\u00f3 enged\u00e9ly) \u00e9s min\u0151s\u00edt\u00e9st igazol\u00f3 dokumentumokat (falusi sz\u00e1ll\u00e1shelyek 4 napraforg\u00f3s min\u0151s\u00edt\u00e9se, lovas szolg\u00e1ltat\u00f3k 3 patk\u00f3s min\u0151s\u00edt\u00e9se) 2015. szeptember 30-ig be kell ny\u00fajtania az MVH-hoz!<!--more--><br \/> Javasoljuk, hogy az enged\u00e9lyek hat\u00e1rid\u0151ben t\u00f6rt\u00e9n\u0151 megszerz\u00e9se \u00e9rdek\u00e9ben mihamarabb vegye fel a kapcsolatot az illet\u00e9kes elj\u00e1r\u00f3 hat\u00f3s\u00e1gokkal illetve az igazol\u00e1sokat ki\u00e1ll\u00edt\u00f3 szervekkel. Az MVH k\u00f6zvetlen\u00fcl is k\u00e9rte az illet\u00e9kes hat\u00f3s\u00e1gok \u00e9s szervek egy\u00fcttm\u0171k\u00f6d\u00e9s\u00e9t az enged\u00e9lyez\u00e9si elj\u00e1r\u00e1sok miel\u0151bbi lefolytat\u00e1s\u00e1nak \u00e9rdek\u00e9ben.<\/p>\n<p style=\"text-align: justify;\"> K\u00e9rj\u00fck, ford\u00edtson kiemelt figyelmet a hi\u00e1nyz\u00f3 enged\u00e9lyek hat\u00e1rid\u0151ben t\u00f6rt\u00e9n\u0151 beny\u00fajt\u00e1s\u00e1ra!<\/p>\n<p style=\"text-align: justify;\"> \u00dcdv\u00f6zlettel: \u00a0<\/p>\n<p style=\"text-align: justify;\">MVH<\/p>\n<div class=\"sharedaddy sd-sharing-enabled\"><div class=\"robots-nocontent sd-block sd-social sd-social-icon sd-sharing\"><h3 class=\"sd-title\">Share this:<\/h3><div class=\"sd-content\"><ul><li class=\"share-facebook\"><a rel=\"nofollow noopener noreferrer\" data-shared=\"sharing-facebook-225\" class=\"share-facebook sd-button share-icon no-text\" href=\"https:\/\/bukkleader.hu\/old\/mvh-ertesites\/?share=facebook\" target=\"_blank\" title=\"Click to share on Facebook\"><span><\/span><span class=\"sharing-screen-reader-text\">Click to share on Facebook (Opens in new window)<\/span><\/a><\/li><li class=\"share-twitter\"><a rel=\"nofollow noopener noreferrer\" data-shared=\"sharing-twitter-225\" class=\"share-twitter sd-button share-icon no-text\" href=\"https:\/\/bukkleader.hu\/old\/mvh-ertesites\/?share=twitter\" target=\"_blank\" title=\"Click to share on Twitter\"><span><\/span><span class=\"sharing-screen-reader-text\">Click to share on Twitter (Opens in new window)<\/span><\/a><\/li><li class=\"share-print\"><a rel=\"nofollow noopener noreferrer\" data-shared=\"\" class=\"share-print sd-button share-icon no-text\" href=\"https:\/\/bukkleader.hu\/old\/mvh-ertesites\/\" target=\"_blank\" title=\"Click to print\"><span><\/span><span class=\"sharing-screen-reader-text\">Click to print (Opens in new window)<\/span><\/a><\/li><li class=\"share-email\"><a rel=\"nofollow noopener noreferrer\" data-shared=\"\" class=\"share-email sd-button share-icon no-text\" href=\"https:\/\/bukkleader.hu\/old\/mvh-ertesites\/?share=email\" target=\"_blank\" title=\"Click to email this to a friend\"><span><\/span><span class=\"sharing-screen-reader-text\">Click to email this to a friend (Opens in new window)<\/span><\/a><\/li><li class=\"share-end\"><\/li><\/ul><\/div><\/div><\/div>","protected":false},"excerpt":{"rendered":"<p>Tisztelt P\u00e1ly\u00e1z\u00f3! Felh\u00edvjuk sz\u00edves figyelm\u00e9t, hogy az EMVA-b\u00f3l t\u00e1rsfinansz\u00edrozott beruh\u00e1z\u00e1si jogc\u00edmek eset\u00e9n a j\u00f3v\u00e1hagyott, enged\u00e9lyk\u00f6teles tev\u00e9kenys\u00e9ghez kapcsol\u00f3d\u00f3 beruh\u00e1z\u00e1sokhoz sz\u00fcks\u00e9ges joger\u0151s enged\u00e9lyeket (haszn\u00e1latbav\u00e9teli enged\u00e9ly, m\u0171k\u00f6d\u00e9si enged\u00e9ly, egy\u00e9b, a jogszab\u00e1ly \u00e1ltal k\u00f6telez\u0151en beny\u00fajtand\u00f3 enged\u00e9ly) \u00e9s min\u0151s\u00edt\u00e9st igazol\u00f3 dokumentumokat (falusi sz\u00e1ll\u00e1shelyek 4 napraforg\u00f3s min\u0151s\u00edt\u00e9se, lovas szolg\u00e1ltat\u00f3k 3 patk\u00f3s min\u0151s\u00edt\u00e9se) 2015. szeptember 30-ig be kell ny\u00fajtania az MVH-hoz!<\/p>\n<div class=\"sharedaddy sd-sharing-enabled\"><div class=\"robots-nocontent sd-block sd-social sd-social-icon sd-sharing\"><h3 class=\"sd-title\">Share this:<\/h3><div class=\"sd-content\"><ul><li class=\"share-facebook\"><a rel=\"nofollow noopener noreferrer\" data-shared=\"sharing-facebook-225\" class=\"share-facebook sd-button share-icon no-text\" href=\"https:\/\/bukkleader.hu\/old\/mvh-ertesites\/?share=facebook\" target=\"_blank\" title=\"Click to share on Facebook\"><span><\/span><span class=\"sharing-screen-reader-text\">Click to share on Facebook (Opens in new window)<\/span><\/a><\/li><li class=\"share-twitter\"><a rel=\"nofollow noopener noreferrer\" data-shared=\"sharing-twitter-225\" class=\"share-twitter sd-button share-icon no-text\" href=\"https:\/\/bukkleader.hu\/old\/mvh-ertesites\/?share=twitter\" target=\"_blank\" title=\"Click to share on Twitter\"><span><\/span><span class=\"sharing-screen-reader-text\">Click to share on Twitter (Opens in new window)<\/span><\/a><\/li><li class=\"share-print\"><a rel=\"nofollow noopener noreferrer\" data-shared=\"\" class=\"share-print sd-button share-icon no-text\" href=\"https:\/\/bukkleader.hu\/old\/mvh-ertesites\/\" target=\"_blank\" title=\"Click to print\"><span><\/span><span class=\"sharing-screen-reader-text\">Click to print (Opens in new window)<\/span><\/a><\/li><li class=\"share-email\"><a rel=\"nofollow noopener noreferrer\" data-shared=\"\" class=\"share-email sd-button share-icon no-text\" href=\"https:\/\/bukkleader.hu\/old\/mvh-ertesites\/?share=email\" target=\"_blank\" title=\"Click to email this to a friend\"><span><\/span><span class=\"sharing-screen-reader-text\">Click to email this to a friend (Opens in new window)<\/span><\/a><\/li><li class=\"share-end\"><\/li><\/ul><\/div><\/div><\/div>","protected":false},"author":1,"featured_media":262,"comment_status":"open","ping_status":"closed","sticky":false,"template":"","format":"standard","meta":{"_bbp_topic_count":0,"_bbp_reply_count":0,"_bbp_total_topic_count":0,"_bbp_total_reply_count":0,"_bbp_voice_count":0,"_bbp_anonymous_reply_count":0,"_bbp_topic_count_hidden":0,"_bbp_reply_count_hidden":0,"_bbp_forum_subforum_count":0,"spay_email":"","jetpack_publicize_message":"","jetpack_is_tweetstorm":false,"jetpack_publicize_feature_enabled":true},"categories":[1],"tags":[],"jetpack_featured_media_url":"https:\/\/bukkleader.hu\/old\/wp-content\/uploads\/2015\/09\/mvh-logo-w.jpg","jetpack_publicize_connections":[],"jetpack_sharing_enabled":true,"jetpack-related-posts":[{"id":2536,"url":"https:\/\/bukkleader.hu\/old\/tajekoztato-a-veszelyhelyzet-miatt-bekovetkezo-hatranyos-kovetkezmenyek-egyhitese-erdekeben-hozott-intezkedesekrol\/","url_meta":{"origin":225,"position":0},"title":"T\u00e1j\u00e9koztat\u00f3 a vesz\u00e9lyhelyzet miatt bek\u00f6vetkez\u0151 h\u00e1tr\u00e1nyos k\u00f6vetkezm\u00e9nyek egyh\u00edt\u00e9se \u00e9rdek\u00e9ben hozott int\u00e9zked\u00e9sekr\u0151l","date":"2020-04-22","format":false,"excerpt":"T\u00c1J\u00c9KOZTAT\u00d3 A VESZ\u00c9LYHELYZET MIATT BEK\u00d6VETKEZ\u0150 H\u00c1TR\u00c1NYOS K\u00d6VETKEZM\u00c9NYEK ENYH\u00cdT\u00c9SE \u00c9RDEK\u00c9BEN HOZOTT FEJLESZT\u00c9SPOLTIKAI INT\u00c9ZKED\u00c9SEKR\u0150L AZ EUR\u00d3PAI MEZ\u0150GAZDAS\u00c1GI VID\u00c9KFEJLESZT\u00c9SI ALAPB\u00d3L MEGVAL\u00d3SUL\u00d3 BERUH\u00c1Z\u00c1SI T\u00cdPUS\u00da PROJEKTEK KAPCS\u00c1N Tisztelt T\u00e1mogat\u00e1st Ig\u00e9nyl\u0151 \u00e9s Kedvezm\u00e9nyezett! A koronav\u00edrus-j\u00e1rv\u00e1ny okozta vesz\u00e9lyhelyzet megnehez\u00edti a projektek v\u00e9grehajt\u00e1s\u00e1t, sok esetben a t\u00e1mogat\u00e1si szerz\u0151d\u00e9sben v\u00e1llalt k\u00f6telezetts\u00e9gek nem teljes\u00edthet\u0151ek. Az Innov\u00e1ci\u00f3s \u00e9s Technol\u00f3giai Miniszt\u00e9rium a\u2026","rel":"","context":"In &quot;H\u00edreink, k\u00f6zlem\u00e9nyeink&quot;","img":{"alt_text":"magyar-cimer","src":"https:\/\/i0.wp.com\/bukkleader.hu\/old\/wp-content\/uploads\/2015\/09\/magyar-cimer.jpg?resize=350%2C200&ssl=1","width":350,"height":200},"classes":[]},{"id":434,"url":"https:\/\/bukkleader.hu\/old\/mvh-ellenorzesekkel-kapcsolatos-elnoki-level\/","url_meta":{"origin":225,"position":1},"title":"MVH ellen\u0151rz\u00e9sekkel kapcsolatos eln\u00f6ki lev\u00e9l","date":"2015-07-30","format":false,"excerpt":"Az MVH \u00fcgyfelein\u00e9l folytatott EMVA beruh\u00e1z\u00e1sos helysz\u00edni vizsg\u00e1latok eredm\u00e9nyes \u00e9s z\u00f6kken\u0151mentes v\u00e9grehajt\u00e1sa az elk\u00f6vetkez\u0151 h\u00f3napokban m\u00e9g hangs\u00falyosabb lesz.\u00a0Az ellen\u0151rz\u00e9sekkel kapcsolatos t\u00e9vhitek eloszlat\u00e1sa \u00e9rdek\u00e9ben \u00e9s a m\u00e9g hat\u00e9konyabb t\u00e1j\u00e9koztat\u00e1s \u00e9rdek\u00e9ben egy r\u00f6vid \u00f6sszefoglal\u00f3 anyagot \u00e1ll\u00edtott \u00f6ssze az MVH illet\u00e9kes f\u0151oszt\u00e1lya. A lev\u00e9l egy r\u00f6vid kivonata mindazon inform\u00e1ci\u00f3knak amely megtal\u00e1lhat\u00f3k az MVH\u2026","rel":"","context":"In &quot;H\u00edreink, k\u00f6zlem\u00e9nyeink&quot;","img":{"alt_text":"mhv-logo","src":"https:\/\/i2.wp.com\/bukkleader.hu\/old\/wp-content\/uploads\/2015\/09\/mvh-logo-w.jpg?resize=350%2C200&ssl=1","width":350,"height":200},"classes":[]},{"id":436,"url":"https:\/\/bukkleader.hu\/old\/projektgazdak-figyelem\/","url_meta":{"origin":225,"position":2},"title":"PROJEKTGAZD\u00c1K, FIGYELEM!","date":"2015-08-14","format":false,"excerpt":"Hamarosan lej\u00e1rnak az Eur\u00f3pai Mez\u0151gazdas\u00e1gi Vid\u00e9kfejleszt\u00e9si Alapb\u00f3l t\u00e1rsfinansz\u00edrozott, egyes beruh\u00e1z\u00e1si jogc\u00edmekre vonatkoz\u00f3\u00a0megval\u00f3s\u00edt\u00e1si, illetve kifizet\u00e9si k\u00e9relem beny\u00fajt\u00e1si hat\u00e1rid\u0151k. A vonatkoz\u00f3 jogc\u00edmekr\u0151l \u00e9s hat\u00e1rid\u0151kr\u0151l az MVH kimutat\u00e1st, t\u00e1j\u00e9koztat\u00f3t k\u00e9sz\u00edtett, melyet aj\u00e1nlunk minden projektgazda figyelm\u00e9be. A t\u00e1j\u00e9koztat\u00f3 let\u00f6lt\u00e9se >>","rel":"","context":"In &quot;H\u00edreink, k\u00f6zlem\u00e9nyeink&quot;","img":{"alt_text":"felki\u00e1llt\u00f3 jel","src":"https:\/\/i0.wp.com\/bukkleader.hu\/old\/wp-content\/uploads\/2012\/06\/felkialto-jel384w.jpg?resize=350%2C200&ssl=1","width":350,"height":200},"classes":[]},{"id":371,"url":"https:\/\/bukkleader.hu\/old\/kifizetesi-kerelem-benyujtasi-idoszak-2014-februar-01-2014-majus-31\/","url_meta":{"origin":225,"position":3},"title":"Kifizet\u00e9si k\u00e9relem beny\u00fajt\u00e1si id\u0151szak: 2014. febru\u00e1r 01. \u2013 2014. m\u00e1jus 31.","date":"2014-02-28","format":false,"excerpt":"A HACS illet\u00e9kess\u00e9gi k\u00f6r\u00e9be tartoz\u00f3, t\u00e1mogatott int\u00e9zked\u00e9sek vonatkoz\u00e1s\u00e1ban a 2014. febru\u00e1r 01. \u2013 2014. m\u00e1jus 31. id\u0151szakban beny\u00fajthat\u00f3k a megval\u00f3s\u00edtott vagy megval\u00f3s\u00edt\u00e1s alatt \u00e1ll\u00f3 projektek kifizet\u00e9si k\u00e9relmei, az al\u00e1bbi el\u0151\u00edr\u00e1sok alapj\u00e1n:A Helyi Vid\u00e9kfejleszt\u00e9si Strat\u00e9gi\u00e1k LEADER fejezet\u00e9nek v\u00e9grehajt\u00e1s\u00e1hoz ny\u00fajtand\u00f3 t\u00e1mogat\u00e1s: 13\/2014. (I.22.) sz\u00e1m\u00fa MVH K\u00f6zlem\u00e9ny >>A turisztikai tev\u00e9kenys\u00e9gek \u00f6szt\u00f6nz\u00e9s\u00e9hez ny\u00fajtand\u00f3 t\u00e1mogat\u00e1s:\u2026","rel":"","context":"In &quot;H\u00edreink, k\u00f6zlem\u00e9nyeink&quot;","img":{"alt_text":"felki\u00e1llt\u00f3 jel","src":"https:\/\/i0.wp.com\/bukkleader.hu\/old\/wp-content\/uploads\/2012\/06\/felkialto-jel384w.jpg?resize=350%2C200&ssl=1","width":350,"height":200},"classes":[]},{"id":367,"url":"https:\/\/bukkleader.hu\/old\/2014-januar-15-ig-nyujthatok-be-a-turisztikai-palyazatok\/","url_meta":{"origin":225,"position":4},"title":"2014. janu\u00e1r 15-ig ny\u00fajthat\u00f3k be a turisztikai p\u00e1ly\u00e1zatok","date":"2013-12-18","format":false,"excerpt":"Az EMVA t\u00e1rsfinansz\u00edroz\u00e1s\u00fa int\u00e9zked\u00e9sek Ir\u00e1ny\u00edt\u00f3 Hat\u00f3s\u00e1g\u00e1nak 304\/2013. (XII. 16.) k\u00f6zlem\u00e9nye szerint \u201eAz Eur\u00f3pai Mez\u0151gazdas\u00e1gi Vid\u00e9kfejleszt\u00e9si Alapb\u00f3l a turisztikai tev\u00e9kenys\u00e9gek \u00f6szt\u00f6nz\u00e9s\u00e9hez a LEADER Helyi Akci\u00f3csoportok k\u00f6zrem\u0171k\u00f6d\u00e9s\u00e9vel 2013-ban ny\u00fajtand\u00f3 t\u00e1mogat\u00e1sok r\u00e9szletes felt\u00e9teleir\u0151l sz\u00f3l\u00f3 104\/2013. (XI. 14.) VM rendelet 11. \u00a7 (1) bekezd\u00e9s\u00e9nek folyamatban l\u00e9v\u0151 m\u00f3dos\u00edt\u00e1sa alapj\u00e1nt\u00e1mogat\u00e1si k\u00e9relmet \u2013 2013. december 20. helyett\u2026","rel":"","context":"In &quot;H\u00edreink, k\u00f6zlem\u00e9nyeink&quot;","img":{"alt_text":"felki\u00e1llt\u00f3 jel","src":"https:\/\/i0.wp.com\/bukkleader.hu\/old\/wp-content\/uploads\/2012\/06\/felkialto-jel384w.jpg?resize=350%2C200&ssl=1","width":350,"height":200},"classes":[]},{"id":373,"url":"https:\/\/bukkleader.hu\/old\/2014-marcius-19-ig-kotelezo-monitoring-adatszolgaltatas\/","url_meta":{"origin":225,"position":5},"title":"2014. m\u00e1rcius 19-ig K\u00d6TELEZ\u0150 MONITORING ADATSZOLG\u00c1LTAT\u00c1S","date":"2014-02-28","format":false,"excerpt":"Az Eur\u00f3pai Mez\u0151gazdas\u00e1gi Vid\u00e9kfejleszt\u00e9si Alap (EMVA) \u00e9s az Eur\u00f3pai Hal\u00e1szati Alap (EHA) keret\u00e9ben t\u00e1mogat\u00e1st elnyert \u00fcgyfelek a 26\/2014. (II. 17.) sz. \u00e9s a 27\/2014. (II. 17.) sz. MVH k\u00f6zlem\u00e9nyek alapj\u00e1n 2014. febru\u00e1r 17. \u2013 2014. m\u00e1rcius 19. id\u0151szakban monitoring adatszolg\u00e1ltat\u00e1sra k\u00f6telezettek. Az adatszolg\u00e1ltat\u00e1s kiz\u00e1r\u00f3lag elektronikus \u00faton, \u00fcgyf\u00e9lkapun kereszt\u00fclteljes\u00edthet\u0151. Meghatalmaz\u00e1s r\u00f6gz\u00edt\u00e9s\u00e9hez\u2026","rel":"","context":"In &quot;H\u00edreink, k\u00f6zlem\u00e9nyeink&quot;","img":{"alt_text":"mhv-logo","src":"https:\/\/i2.wp.com\/bukkleader.hu\/old\/wp-content\/uploads\/2015\/09\/mvh-logo-w.jpg?resize=350%2C200&ssl=1","width":350,"height":200},"classes":[]}],"_links":{"self":[{"href":"https:\/\/bukkleader.hu\/old\/wp-json\/wp\/v2\/posts\/225"}],"collection":[{"href":"https:\/\/bukkleader.hu\/old\/wp-json\/wp\/v2\/posts"}],"about":[{"href":"https:\/\/bukkleader.hu\/old\/wp-json\/wp\/v2\/types\/post"}],"author":[{"embeddable":true,"href":"https:\/\/bukkleader.hu\/old\/wp-json\/wp\/v2\/users\/1"}],"replies":[{"embeddable":true,"href":"https:\/\/bukkleader.hu\/old\/wp-json\/wp\/v2\/comments?post=225"}],"version-history":[{"count":3,"href":"https:\/\/bukkleader.hu\/old\/wp-json\/wp\/v2\/posts\/225\/revisions"}],"predecessor-version":[{"id":452,"href":"https:\/\/bukkleader.hu\/old\/wp-json\/wp\/v2\/posts\/225\/revisions\/452"}],"wp:featuredmedia":[{"embeddable":true,"href":"https:\/\/bukkleader.hu\/old\/wp-json\/wp\/v2\/media\/262"}],"wp:attachment":[{"href":"https:\/\/bukkleader.hu\/old\/wp-json\/wp\/v2\/media?parent=225"}],"wp:term":[{"taxonomy":"category","embeddable":true,"href":"https:\/\/bukkleader.hu\/old\/wp-json\/wp\/v2\/categories?post=225"},{"taxonomy":"post_tag","embeddable":true,"href":"https:\/\/bukkleader.hu\/old\/wp-json\/wp\/v2\/tags?post=225"}],"curies":[{"name":"wp","href":"https:\/\/api.w.org\/{rel}","templated":true}]}}