{"id":2232,"date":"2019-09-09T09:21:34","date_gmt":"2019-09-09T07:21:34","guid":{"rendered":"https:\/\/bukkleader.hu\/old\/?p=2232"},"modified":"2019-09-09T09:21:34","modified_gmt":"2019-09-09T07:21:34","slug":"megjelent-a-falu-es-tanyagondnoki-szolgalat-tamogatasa-palyazat","status":"publish","type":"post","link":"https:\/\/bukkleader.hu\/old\/megjelent-a-falu-es-tanyagondnoki-szolgalat-tamogatasa-palyazat\/","title":{"rendered":"Megjelent a \u201eFalu \u00e9s tanyagondnoki szolg\u00e1lat t\u00e1mogat\u00e1sa\u201d p\u00e1ly\u00e1zat!"},"content":{"rendered":"<p style=\"font-weight: 400;\">Megjelent a \u201eFalu \u00e9s tanyagondnoki szolg\u00e1lat t\u00e1mogat\u00e1sa\u201d c\u00edm\u0171 p\u00e1ly\u00e1zati felh\u00edv\u00e1s, melynek keret\u00e9ben\u00a0<strong>\u00faj g\u00e9pj\u00e1rm\u0171vek beszerz\u00e9se \u00e9s \u00fczembe helyez\u00e9se, valamint r\u00e9gi g\u00e9pj\u00e1rm\u0171vek cser\u00e9j\u00e9re<\/strong>\u00a0lesz lehet\u0151s\u00e9g. A projektre maxim\u00e1lisan ig\u00e9nyelhet\u0151 t\u00e1mogat\u00e1si \u00f6sszeg\u00a0<strong>15 milli\u00f3 forint.<\/strong>\u00a0A p\u00e1ly\u00e1zatok beny\u00fajt\u00e1s\u00e1ra\u00a0<strong>2019. szeptember 9. \u00e9s 2019. szeptember 30.<\/strong>\u00a0k\u00f6z\u00f6tt van lehet\u0151s\u00e9g.<\/p>\n<p style=\"font-weight: 400;\">A p\u00e1ly\u00e1zati felh\u00edv\u00e1s az al\u00e1bbi helyr\u0151l let\u00f6lthet\u0151:<\/p>\n<p><a href=\"https:\/\/e-kerelem.mvh.allamkincstar.gov.hu\/enter\/mfpbongeszo\/mfpBongeszoLite.xhtml;jsessionid=vbwDRT7pD22Lr-qRBmDfd84EdQq2LDwlERb7rvVO.mvhntr07:mvhntr07_enter05\" target=\"_blank\" rel=\"noopener\" data-saferedirecturl=\"https:\/\/www.google.com\/url?q=https:\/\/e-kerelem.mvh.allamkincstar.gov.hu\/enter\/mfpbongeszo\/mfpBongeszoLite.xhtml;jsessionid%3DvbwDRT7pD22Lr-qRBmDfd84EdQq2LDwlERb7rvVO.mvhntr07:mvhntr07_enter05&amp;source=gmail&amp;ust=1568098234413000&amp;usg=AFQjCNEbShpusMXJdb6V9WQK5Qtj3_16hw\">https:\/\/e-kerelem.mvh.allamkincstar.gov.hu\/enter\/mfpbongeszo\/mfpBongeszoLite.xhtml;jsessionid=vbwDRT7pD22Lr-qRBmDfd84EdQq2LDwlERb7rvVO.mvhntr07:mvhntr07_enter05<\/a><\/p>\n<div class=\"sharedaddy sd-sharing-enabled\"><div class=\"robots-nocontent sd-block sd-social sd-social-icon sd-sharing\"><h3 class=\"sd-title\">Share this:<\/h3><div class=\"sd-content\"><ul><li class=\"share-facebook\"><a rel=\"nofollow noopener noreferrer\" data-shared=\"sharing-facebook-2232\" class=\"share-facebook sd-button share-icon no-text\" href=\"https:\/\/bukkleader.hu\/old\/megjelent-a-falu-es-tanyagondnoki-szolgalat-tamogatasa-palyazat\/?share=facebook\" target=\"_blank\" title=\"Click to share on Facebook\"><span><\/span><span class=\"sharing-screen-reader-text\">Click to share on Facebook (Opens in new window)<\/span><\/a><\/li><li class=\"share-twitter\"><a rel=\"nofollow noopener noreferrer\" data-shared=\"sharing-twitter-2232\" class=\"share-twitter sd-button share-icon no-text\" href=\"https:\/\/bukkleader.hu\/old\/megjelent-a-falu-es-tanyagondnoki-szolgalat-tamogatasa-palyazat\/?share=twitter\" target=\"_blank\" title=\"Click to share on Twitter\"><span><\/span><span class=\"sharing-screen-reader-text\">Click to share on Twitter (Opens in new window)<\/span><\/a><\/li><li class=\"share-print\"><a rel=\"nofollow noopener noreferrer\" data-shared=\"\" class=\"share-print sd-button share-icon no-text\" href=\"https:\/\/bukkleader.hu\/old\/megjelent-a-falu-es-tanyagondnoki-szolgalat-tamogatasa-palyazat\/\" target=\"_blank\" title=\"Click to print\"><span><\/span><span class=\"sharing-screen-reader-text\">Click to print (Opens in new window)<\/span><\/a><\/li><li class=\"share-email\"><a rel=\"nofollow noopener noreferrer\" data-shared=\"\" class=\"share-email sd-button share-icon no-text\" href=\"https:\/\/bukkleader.hu\/old\/megjelent-a-falu-es-tanyagondnoki-szolgalat-tamogatasa-palyazat\/?share=email\" target=\"_blank\" title=\"Click to email this to a friend\"><span><\/span><span class=\"sharing-screen-reader-text\">Click to email this to a friend (Opens in new window)<\/span><\/a><\/li><li class=\"share-end\"><\/li><\/ul><\/div><\/div><\/div>","protected":false},"excerpt":{"rendered":"<p>Megjelent a \u201eFalu \u00e9s tanyagondnoki szolg\u00e1lat t\u00e1mogat\u00e1sa\u201d c\u00edm\u0171 p\u00e1ly\u00e1zati felh\u00edv\u00e1s, melynek keret\u00e9ben\u00a0\u00faj g\u00e9pj\u00e1rm\u0171vek beszerz\u00e9se \u00e9s \u00fczembe helyez\u00e9se, valamint r\u00e9gi g\u00e9pj\u00e1rm\u0171vek cser\u00e9j\u00e9re\u00a0lesz lehet\u0151s\u00e9g. A projektre maxim\u00e1lisan ig\u00e9nyelhet\u0151 t\u00e1mogat\u00e1si \u00f6sszeg\u00a015 milli\u00f3 forint.\u00a0A p\u00e1ly\u00e1zatok beny\u00fajt\u00e1s\u00e1ra\u00a02019. szeptember 9. \u00e9s 2019. szeptember 30.\u00a0k\u00f6z\u00f6tt van lehet\u0151s\u00e9g. A p\u00e1ly\u00e1zati felh\u00edv\u00e1s az al\u00e1bbi helyr\u0151l let\u00f6lthet\u0151: https:\/\/e-kerelem.mvh.allamkincstar.gov.hu\/enter\/mfpbongeszo\/mfpBongeszoLite.xhtml;jsessionid=vbwDRT7pD22Lr-qRBmDfd84EdQq2LDwlERb7rvVO.mvhntr07:mvhntr07_enter05<\/p>\n<div class=\"sharedaddy sd-sharing-enabled\"><div class=\"robots-nocontent sd-block sd-social sd-social-icon sd-sharing\"><h3 class=\"sd-title\">Share this:<\/h3><div class=\"sd-content\"><ul><li class=\"share-facebook\"><a rel=\"nofollow noopener noreferrer\" data-shared=\"sharing-facebook-2232\" class=\"share-facebook sd-button share-icon no-text\" href=\"https:\/\/bukkleader.hu\/old\/megjelent-a-falu-es-tanyagondnoki-szolgalat-tamogatasa-palyazat\/?share=facebook\" target=\"_blank\" title=\"Click to share on Facebook\"><span><\/span><span class=\"sharing-screen-reader-text\">Click to share on Facebook (Opens in new window)<\/span><\/a><\/li><li class=\"share-twitter\"><a rel=\"nofollow noopener noreferrer\" data-shared=\"sharing-twitter-2232\" class=\"share-twitter sd-button share-icon no-text\" href=\"https:\/\/bukkleader.hu\/old\/megjelent-a-falu-es-tanyagondnoki-szolgalat-tamogatasa-palyazat\/?share=twitter\" target=\"_blank\" title=\"Click to share on Twitter\"><span><\/span><span class=\"sharing-screen-reader-text\">Click to share on Twitter (Opens in new window)<\/span><\/a><\/li><li class=\"share-print\"><a rel=\"nofollow noopener noreferrer\" data-shared=\"\" class=\"share-print sd-button share-icon no-text\" href=\"https:\/\/bukkleader.hu\/old\/megjelent-a-falu-es-tanyagondnoki-szolgalat-tamogatasa-palyazat\/\" target=\"_blank\" title=\"Click to print\"><span><\/span><span class=\"sharing-screen-reader-text\">Click to print (Opens in new window)<\/span><\/a><\/li><li class=\"share-email\"><a rel=\"nofollow noopener noreferrer\" data-shared=\"\" class=\"share-email sd-button share-icon no-text\" href=\"https:\/\/bukkleader.hu\/old\/megjelent-a-falu-es-tanyagondnoki-szolgalat-tamogatasa-palyazat\/?share=email\" target=\"_blank\" title=\"Click to email this to a friend\"><span><\/span><span class=\"sharing-screen-reader-text\">Click to email this to a friend (Opens in new window)<\/span><\/a><\/li><li class=\"share-end\"><\/li><\/ul><\/div><\/div><\/div>","protected":false},"author":4,"featured_media":1775,"comment_status":"open","ping_status":"closed","sticky":false,"template":"","format":"standard","meta":{"_bbp_topic_count":0,"_bbp_reply_count":0,"_bbp_total_topic_count":0,"_bbp_total_reply_count":0,"_bbp_voice_count":0,"_bbp_anonymous_reply_count":0,"_bbp_topic_count_hidden":0,"_bbp_reply_count_hidden":0,"_bbp_forum_subforum_count":0,"spay_email":"","jetpack_publicize_message":"","jetpack_is_tweetstorm":false,"jetpack_publicize_feature_enabled":true},"categories":[1],"tags":[],"jetpack_featured_media_url":"https:\/\/bukkleader.hu\/old\/wp-content\/uploads\/2018\/08\/p\u00e1ly\u00e1zati-felh\u00edv\u00e1s.jpg","jetpack_publicize_connections":[],"jetpack_sharing_enabled":true,"jetpack-related-posts":[{"id":1900,"url":"https:\/\/bukkleader.hu\/old\/tisztelt-palyazok-valtozas-a-helyi-palyazati-felhivasok-benyujtasanak-hataridejeben\/","url_meta":{"origin":2232,"position":0},"title":"Tisztelt P\u00e1ly\u00e1z\u00f3k! V\u00e1ltoz\u00e1s a helyi p\u00e1ly\u00e1zati felh\u00edv\u00e1sok beny\u00fajt\u00e1s\u00e1nak hat\u00e1ridej\u00e9ben!","date":"2018-12-13","format":false,"excerpt":"Tisztelt P\u00e1ly\u00e1z\u00f3k! V\u00e1ltoz\u00e1s a helyi p\u00e1ly\u00e1zati felh\u00edv\u00e1sok beny\u00fajt\u00e1s\u00e1nak hat\u00e1ridej\u00e9ben! A B\u00fckk-T\u00e9rs\u00e9gi LEADER Egyes\u00fclet helyi felh\u00edv\u00e1sai 2018. 12. 11-t\u0151l, az al\u00e1bbiak szerint m\u00f3dosultak: \u00a0\u00a0\u00a0 VP6-19.2.1.-15-1-17 (Leader Tudomka Pont) \u00a0\u00a0\u00a0\u00a0VP6-19.2.1.-15-2-17 (Leader Tudomka Falu) \u00a0\u00a0\u00a0\u00a0VP6-19.2.1.-15-3-17 (Leader Tudomka Tematikus K\u00f6zpontok) \u00a0\u00a0\u00a0\u00a0VP6-19.2.1.-15-5-17 (A m\u00falt-, a jelen \u00e9s a j\u00f6v\u0151 mesters\u00e9geinek fejleszt\u00e9se)) \u00a0\u00a0\u00a0\u00a0VP6-19.2.1.-15-7-17 (Saj\u00f3-, hern\u00e1d-v\u00f6lgyi bolg\u00e1rkert\u00e9szet)\u2026","rel":"","context":"In &quot;H\u00edreink, k\u00f6zlem\u00e9nyeink&quot;","img":{"alt_text":"","src":"https:\/\/i0.wp.com\/bukkleader.hu\/old\/wp-content\/uploads\/2018\/12\/hat\u00e1rid\u0151-modos\u00edt\u00e1s-2.jpg?resize=350%2C200&ssl=1","width":350,"height":200},"classes":[]},{"id":1973,"url":"https:\/\/bukkleader.hu\/old\/palyazok-figyelmebe-2019-03-31-en-zarulnak-a-helyi-felhivasokra-a-palyazatok-benyujtasa\/","url_meta":{"origin":2232,"position":1},"title":"P\u00e1ly\u00e1z\u00f3k figyelm\u00e9be! 2019.03.31-\u00e9n z\u00e1rulnak a helyi felh\u00edv\u00e1sokra a p\u00e1ly\u00e1zatok beny\u00fajt\u00e1sa","date":"2019-03-01","format":false,"excerpt":"Tisztelt P\u00e1ly\u00e1z\u00f3k! A B\u00fckk-T\u00e9rs\u00e9gi LEADER Egyes\u00fclet helyi felh\u00edv\u00e1sai 2019. 03. 31-\u00e9n lez\u00e1rulnak. Ezen id\u0151pontig az al\u00e1bbi felh\u00edv\u00e1sokra lehet m\u00e9g p\u00e1ly\u00e1zatot beny\u00fajtani: VP6-19.2.1.-15-1-17 (Leader Tudomka Pont) VP6-19.2.1.-15-2-17 (Leader Tudomka Falu) VP6-19.2.1.-15-3-17 (Leader Tudomka Tematikus K\u00f6zpontok) VP6-19.2.1.-15-5-17 (A m\u00falt-, a jelen \u00e9s a j\u00f6v\u0151 mesters\u00e9geinek fejleszt\u00e9se)) VP6-19.2.1.-15-7-17 (Saj\u00f3-, Hern\u00e1d-v\u00f6lgyi bolg\u00e1rkert\u00e9szet) VP6-19.2.1.-15-8-17 (Temetkez\u00e9si\u2026","rel":"","context":"In &quot;H\u00edreink, k\u00f6zlem\u00e9nyeink&quot;","img":{"alt_text":"","src":"https:\/\/i2.wp.com\/bukkleader.hu\/old\/wp-content\/uploads\/2017\/12\/danger.png?resize=350%2C200&ssl=1","width":350,"height":200},"classes":[]},{"id":353,"url":"https:\/\/bukkleader.hu\/old\/palyazati-lehetoseg-a-videki-gazdasag-es-a-lakossag-szamara-nyujtott-alapszolgaltatasok-fejlesztesere\/","url_meta":{"origin":2232,"position":2},"title":"P\u00e1ly\u00e1zati lehet\u0151s\u00e9g \u201ea vid\u00e9ki gazdas\u00e1g \u00e9s a lakoss\u00e1g sz\u00e1m\u00e1ra ny\u00fajtott alapszolg\u00e1ltat\u00e1sok fejleszt\u00e9s\u00e9re\u201d","date":"2013-11-14","format":false,"excerpt":"Megjelent a vid\u00e9kfejleszt\u00e9si miniszter 103\/2013. (XI. 8.) VM rendelete az Eur\u00f3pai Mez\u0151gazdas\u00e1gi Vid\u00e9kfejleszt\u00e9si Alapb\u00f3l ny\u00fajtand\u00f3, a vid\u00e9ki gazdas\u00e1g \u00e9s a lakoss\u00e1g sz\u00e1m\u00e1ra ny\u00fajtott alapszolg\u00e1ltat\u00e1sok fejleszt\u00e9s\u00e9re 2013-t\u00f3l ig\u00e9nybe vehet\u0151 t\u00e1mogat\u00e1sok r\u00e9szletes felt\u00e9teleir\u0151l. A rendelet alapj\u00e1n t\u00e1mogat\u00e1s vehet\u0151 ig\u00e9nybe t\u00f6bbek k\u00f6z\u00f6tt a\u00a0kist\u00e9rs\u00e9gi k\u00f6zleked\u00e9si szolg\u00e1ltat\u00e1s fejleszt\u00e9s\u00e9re falu- \u00e9s tanyagondnoki szolg\u00e1ltat\u00e1s ell\u00e1t\u00e1s\u00e1hoz kapcsol\u00f3d\u00f3an(1. c\u00e9lter\u00fclet).\u2026","rel":"","context":"In &quot;H\u00edreink, k\u00f6zlem\u00e9nyeink&quot;","img":{"alt_text":"elektromos-auto2-w","src":"https:\/\/i1.wp.com\/bukkleader.hu\/old\/wp-content\/uploads\/2015\/09\/elektromos-auto2-w.jpg?resize=350%2C200&ssl=1","width":350,"height":200},"classes":[]},{"id":5762,"url":"https:\/\/bukkleader.hu\/old\/tajekoztatas-uj-mezogazdasagi-es-videkfejlesztesi-palyazati-lehetosegekrol-nem-leader\/","url_meta":{"origin":2232,"position":3},"title":"T\u00e1j\u00e9koztat\u00e1s \u00faj mez\u0151gazdas\u00e1gi \u00e9s vid\u00e9kfejleszt\u00e9si p\u00e1ly\u00e1zati lehet\u0151s\u00e9gekr\u0151l (nem LEADER)","date":"2021-02-11","format":false,"excerpt":"Tisztelt \u00dcgyfeleink! Engedj\u00e9k meg, hogy tov\u00e1bb\u00edtsuk \u00d6n\u00f6k fel\u00e9 a\u00a0Magyar Nemzeti Vid\u00e9ki H\u00e1l\u00f3zat t\u00e1j\u00e9koztat\u00e1s\u00e1t a k\u00f6zelj\u00f6v\u0151ben megny\u00edl\u00f3 mez\u0151gazdas\u00e1gi \u00e9s vid\u00e9kfejleszt\u00e9si p\u00e1ly\u00e1zati lehet\u0151s\u00e9gekr\u0151l: P\u00e1ly\u00e1zati azonos\u00edt\u00f3 P\u00e1ly\u00e1zat c\u00edme El\u00e9rhet\u0151s\u00e9ge \u00a0 MAHOP-2.2.1-2016 Az akvakult\u00far\u00e1ba t\u00f6rt\u00e9n\u0151 termel\u00e9si c\u00e9l\u00fa beruh\u00e1z\u00e1sok t\u00e1mogat\u00e1sa https:\/\/www.palyazat.gov.hu\/mahop-22-2016-az-akvakultrba-trtn-termelsi-cl-beruhzsok-tmogatsa-1 VP2-4.1.3.7-20 Csemetekertek g\u00e9pbeszerz\u00e9se https:\/\/www.palyazat.gov.hu\/vp2-4137-20-csemetekertek-gpbeszerzse \u00a0 VP2-6.3.1-20 Mez\u0151gazdas\u00e1gi kis\u00fczemek t\u00e1mogat\u00e1sa https:\/\/www.palyazat.gov.hu\/vp2-631-20-mezgazdasgi-kiszemek-tmogatsa-1 \u00a0 VP3-17.1.1-16 Mez\u0151gazdas\u00e1gi biztos\u00edt\u00e1s\u2026","rel":"","context":"In &quot;H\u00edreink, k\u00f6zlem\u00e9nyeink&quot;","img":{"alt_text":"384-5-mnvh_logo","src":"https:\/\/i2.wp.com\/bukkleader.hu\/old\/wp-content\/uploads\/2015\/09\/384-5-mnvh_logo.jpg?resize=350%2C200&ssl=1","width":350,"height":200},"classes":[]},{"id":5996,"url":"https:\/\/bukkleader.hu\/old\/uj-palyazati-lehetoseg\/","url_meta":{"origin":2232,"position":4},"title":"\u00daj p\u00e1ly\u00e1zati lehet\u0151s\u00e9g!","date":"2021-06-25","format":false,"excerpt":"Tisztelt P\u00e1ly\u00e1z\u00f3ink! Hamarosan megjelenik a B\u00fckk-T\u00e9rs\u00e9gi LEADER Egyes\u00fclet \u00e1ltal meghirdetett, a Helyi fejleszt\u00e9sek t\u00e1mogat\u00e1sa c\u00edm\u0171, VP6-19.2.1-15-10-21 k\u00f3dsz\u00e1m\u00fa helyi felh\u00edv\u00e1s, mely keret\u00e9ben a v\u00e1llalkoz\u00f3i-, a civil- \u00e9s az \u00f6nkorm\u00e1nyzati szf\u00e9ra is megval\u00f3s\u00edthatja fejleszt\u00e9si elk\u00e9pzel\u00e9s\u00e9t. Az \u00faj helyi felh\u00edv\u00e1s min\u00e9l sz\u00e9lesebb k\u00f6rben val\u00f3 megismertet\u00e9se \u00e9rdek\u00e9ben t\u00e1j\u00e9koztat\u00f3 f\u00f3rumokat tartunk, melyek helysz\u00ednei \u00e9s id\u0151pontjai\u2026","rel":"","context":"In &quot;H\u00edreink, k\u00f6zlem\u00e9nyeink&quot;","img":{"alt_text":"","src":"https:\/\/i1.wp.com\/bukkleader.hu\/old\/wp-content\/uploads\/2017\/10\/LEADER-logo-Jul09-32.jpg?resize=350%2C200&ssl=1","width":350,"height":200},"classes":[]},{"id":102,"url":"https:\/\/bukkleader.hu\/old\/2012-julius-01-2012-szeptember-30-idoszak\/","url_meta":{"origin":2232,"position":5},"title":"2012. j\u00falius 01. \u2013 2012. szeptember 30. id\u0151szak","date":"2012-10-01","format":false,"excerpt":"A B\u00fckk-T\u00e9rs\u00e9gi LEADER Egyes\u00fclet legfontosabb feladatai a 2012.07.01. \u2013 09.30. id\u0151szakban az EMVA III. falumeg\u00faj\u00edt\u00e1s \u00e9s \u2013fejleszt\u00e9s jogc\u00edm el\u0151k\u00e9sz\u00edt\u00e9se, a szakmai kapcsolat\u00e9p\u00edt\u00e9s \u00e9s az 2014-2020 id\u0151szak EU-s tervez\u00e9s\u00e9be val\u00f3 bekapcsol\u00f3d\u00e1s voltak. Munk\u00e1nkr\u00f3l 1 t\u00e9rs\u00e9gi \u00fajs\u00e1gban, 2 szakmai kiadv\u00e1nyban \u00e9s 3 weboldalon jelent meg tud\u00f3s\u00edt\u00e1s.A t\u00e1mogat\u00e1si id\u0151szakban t\u00e1rgyal\u00e1sokat folytattunk a Nemzeti\u2026","rel":"","context":"In &quot;Munkabesz\u00e1mol\u00f3k&quot;","img":{"alt_text":"","src":"","width":0,"height":0},"classes":[]}],"_links":{"self":[{"href":"https:\/\/bukkleader.hu\/old\/wp-json\/wp\/v2\/posts\/2232"}],"collection":[{"href":"https:\/\/bukkleader.hu\/old\/wp-json\/wp\/v2\/posts"}],"about":[{"href":"https:\/\/bukkleader.hu\/old\/wp-json\/wp\/v2\/types\/post"}],"author":[{"embeddable":true,"href":"https:\/\/bukkleader.hu\/old\/wp-json\/wp\/v2\/users\/4"}],"replies":[{"embeddable":true,"href":"https:\/\/bukkleader.hu\/old\/wp-json\/wp\/v2\/comments?post=2232"}],"version-history":[{"count":1,"href":"https:\/\/bukkleader.hu\/old\/wp-json\/wp\/v2\/posts\/2232\/revisions"}],"predecessor-version":[{"id":2233,"href":"https:\/\/bukkleader.hu\/old\/wp-json\/wp\/v2\/posts\/2232\/revisions\/2233"}],"wp:featuredmedia":[{"embeddable":true,"href":"https:\/\/bukkleader.hu\/old\/wp-json\/wp\/v2\/media\/1775"}],"wp:attachment":[{"href":"https:\/\/bukkleader.hu\/old\/wp-json\/wp\/v2\/media?parent=2232"}],"wp:term":[{"taxonomy":"category","embeddable":true,"href":"https:\/\/bukkleader.hu\/old\/wp-json\/wp\/v2\/categories?post=2232"},{"taxonomy":"post_tag","embeddable":true,"href":"https:\/\/bukkleader.hu\/old\/wp-json\/wp\/v2\/tags?post=2232"}],"curies":[{"name":"wp","href":"https:\/\/api.w.org\/{rel}","templated":true}]}}