{"id":2220,"date":"2019-08-28T10:16:14","date_gmt":"2019-08-28T08:16:14","guid":{"rendered":"https:\/\/bukkleader.hu\/old\/?p=2220"},"modified":"2019-08-29T10:20:20","modified_gmt":"2019-08-29T08:20:20","slug":"huszar-hagyomanyok-orzese-a-bukk-tersegben-program-kisgyorben-leader-tamogatassal","status":"publish","type":"post","link":"https:\/\/bukkleader.hu\/old\/huszar-hagyomanyok-orzese-a-bukk-tersegben-program-kisgyorben-leader-tamogatassal\/","title":{"rendered":"&#8220;Husz\u00e1r hagyom\u00e1nyok \u0151rz\u00e9se a B\u00fckk t\u00e9rs\u00e9gben\u201d program Kisgy\u0151rben LEADER t\u00e1mogat\u00e1ssal"},"content":{"rendered":"<p>A <strong>Borsod-Aba\u00faj-Zempl\u00e9n Megyei Husz\u00e1r \u00e9s Lovas Hagyom\u00e1ny\u0151rz\u0151 Egyes\u00fclet<\/strong> tisztelettel megh\u00edvja \u00d6n\u00f6ket <strong>2019. szeptember 27-29-\u00e9n<\/strong> (p\u00e9ntek-vas\u00e1rnap) tartand\u00f3, LEADER t\u00e1mogat\u00e1ssal megval\u00f3sul\u00f3 <strong>&#8220;Husz\u00e1r hagyom\u00e1nyok \u0151rz\u00e9se a B\u00fckk t\u00e9rs\u00e9gben\u201d<\/strong> c\u00edm\u0171 programj\u00e1ra. A r\u00e9szletes program innen <strong><span style=\"color: #0000ff;\"><a style=\"color: #0000ff;\" href=\"https:\/\/bukkleader.hu\/old\/wp-content\/uploads\/2019\/08\/Meghivo_es_program.pdf\" target=\"_blank\" rel=\"noopener\">let\u00f6lthet\u0151<\/a><\/span><\/strong>.<img data-attachment-id=\"2222\" data-permalink=\"https:\/\/bukkleader.hu\/old\/huszar-hagyomanyok-orzese-a-bukk-tersegben-program-kisgyorben-leader-tamogatassal\/meghivo_es_program_page-0001\/\" data-orig-file=\"https:\/\/bukkleader.hu\/old\/wp-content\/uploads\/2019\/08\/Meghivo_es_program_page-0001.jpg\" data-orig-size=\"1241,1755\" data-comments-opened=\"1\" data-image-meta=\"{&quot;aperture&quot;:&quot;0&quot;,&quot;credit&quot;:&quot;&quot;,&quot;camera&quot;:&quot;&quot;,&quot;caption&quot;:&quot;&quot;,&quot;created_timestamp&quot;:&quot;0&quot;,&quot;copyright&quot;:&quot;&quot;,&quot;focal_length&quot;:&quot;0&quot;,&quot;iso&quot;:&quot;0&quot;,&quot;shutter_speed&quot;:&quot;0&quot;,&quot;title&quot;:&quot;&quot;,&quot;orientation&quot;:&quot;0&quot;}\" data-image-title=\"Meghivo_es_program_page-0001\" data-image-description=\"\" data-image-caption=\"\" data-medium-file=\"https:\/\/bukkleader.hu\/old\/wp-content\/uploads\/2019\/08\/Meghivo_es_program_page-0001-212x300.jpg\" data-large-file=\"https:\/\/bukkleader.hu\/old\/wp-content\/uploads\/2019\/08\/Meghivo_es_program_page-0001-724x1024.jpg\" loading=\"lazy\" class=\"aligncenter size-full wp-image-2222\" src=\"https:\/\/bukkleader.hu\/old\/wp-content\/uploads\/2019\/08\/Meghivo_es_program_page-0001.jpg\" alt=\"\" width=\"1241\" height=\"1755\" srcset=\"https:\/\/bukkleader.hu\/old\/wp-content\/uploads\/2019\/08\/Meghivo_es_program_page-0001.jpg 1241w, https:\/\/bukkleader.hu\/old\/wp-content\/uploads\/2019\/08\/Meghivo_es_program_page-0001-212x300.jpg 212w, https:\/\/bukkleader.hu\/old\/wp-content\/uploads\/2019\/08\/Meghivo_es_program_page-0001-768x1086.jpg 768w, https:\/\/bukkleader.hu\/old\/wp-content\/uploads\/2019\/08\/Meghivo_es_program_page-0001-724x1024.jpg 724w\" sizes=\"(max-width: 1241px) 100vw, 1241px\" \/><\/p>\n<div class=\"sharedaddy sd-sharing-enabled\"><div class=\"robots-nocontent sd-block sd-social sd-social-icon sd-sharing\"><h3 class=\"sd-title\">Share this:<\/h3><div class=\"sd-content\"><ul><li class=\"share-facebook\"><a rel=\"nofollow noopener noreferrer\" data-shared=\"sharing-facebook-2220\" class=\"share-facebook sd-button share-icon no-text\" href=\"https:\/\/bukkleader.hu\/old\/huszar-hagyomanyok-orzese-a-bukk-tersegben-program-kisgyorben-leader-tamogatassal\/?share=facebook\" target=\"_blank\" title=\"Click to share on Facebook\"><span><\/span><span class=\"sharing-screen-reader-text\">Click to share on Facebook (Opens in new window)<\/span><\/a><\/li><li class=\"share-twitter\"><a rel=\"nofollow noopener noreferrer\" data-shared=\"sharing-twitter-2220\" class=\"share-twitter sd-button share-icon no-text\" href=\"https:\/\/bukkleader.hu\/old\/huszar-hagyomanyok-orzese-a-bukk-tersegben-program-kisgyorben-leader-tamogatassal\/?share=twitter\" target=\"_blank\" title=\"Click to share on Twitter\"><span><\/span><span class=\"sharing-screen-reader-text\">Click to share on Twitter (Opens in new window)<\/span><\/a><\/li><li class=\"share-print\"><a rel=\"nofollow noopener noreferrer\" data-shared=\"\" class=\"share-print sd-button share-icon no-text\" href=\"https:\/\/bukkleader.hu\/old\/huszar-hagyomanyok-orzese-a-bukk-tersegben-program-kisgyorben-leader-tamogatassal\/\" target=\"_blank\" title=\"Click to print\"><span><\/span><span class=\"sharing-screen-reader-text\">Click to print (Opens in new window)<\/span><\/a><\/li><li class=\"share-email\"><a rel=\"nofollow noopener noreferrer\" data-shared=\"\" class=\"share-email sd-button share-icon no-text\" href=\"https:\/\/bukkleader.hu\/old\/huszar-hagyomanyok-orzese-a-bukk-tersegben-program-kisgyorben-leader-tamogatassal\/?share=email\" target=\"_blank\" title=\"Click to email this to a friend\"><span><\/span><span class=\"sharing-screen-reader-text\">Click to email this to a friend (Opens in new window)<\/span><\/a><\/li><li class=\"share-end\"><\/li><\/ul><\/div><\/div><\/div>","protected":false},"excerpt":{"rendered":"<p>A Borsod-Aba\u00faj-Zempl\u00e9n Megyei Husz\u00e1r \u00e9s Lovas Hagyom\u00e1ny\u0151rz\u0151 Egyes\u00fclet tisztelettel megh\u00edvja \u00d6n\u00f6ket 2019. szeptember 27-29-\u00e9n (p\u00e9ntek-vas\u00e1rnap) tartand\u00f3, LEADER t\u00e1mogat\u00e1ssal megval\u00f3sul\u00f3 &#8220;Husz\u00e1r hagyom\u00e1nyok \u0151rz\u00e9se a B\u00fckk t\u00e9rs\u00e9gben\u201d c\u00edm\u0171 programj\u00e1ra. A r\u00e9szletes program innen let\u00f6lthet\u0151.<\/p>\n<div class=\"sharedaddy sd-sharing-enabled\"><div class=\"robots-nocontent sd-block sd-social sd-social-icon sd-sharing\"><h3 class=\"sd-title\">Share this:<\/h3><div class=\"sd-content\"><ul><li class=\"share-facebook\"><a rel=\"nofollow noopener noreferrer\" data-shared=\"sharing-facebook-2220\" class=\"share-facebook sd-button share-icon no-text\" href=\"https:\/\/bukkleader.hu\/old\/huszar-hagyomanyok-orzese-a-bukk-tersegben-program-kisgyorben-leader-tamogatassal\/?share=facebook\" target=\"_blank\" title=\"Click to share on Facebook\"><span><\/span><span class=\"sharing-screen-reader-text\">Click to share on Facebook (Opens in new window)<\/span><\/a><\/li><li class=\"share-twitter\"><a rel=\"nofollow noopener noreferrer\" data-shared=\"sharing-twitter-2220\" class=\"share-twitter sd-button share-icon no-text\" href=\"https:\/\/bukkleader.hu\/old\/huszar-hagyomanyok-orzese-a-bukk-tersegben-program-kisgyorben-leader-tamogatassal\/?share=twitter\" target=\"_blank\" title=\"Click to share on Twitter\"><span><\/span><span class=\"sharing-screen-reader-text\">Click to share on Twitter (Opens in new window)<\/span><\/a><\/li><li class=\"share-print\"><a rel=\"nofollow noopener noreferrer\" data-shared=\"\" class=\"share-print sd-button share-icon no-text\" href=\"https:\/\/bukkleader.hu\/old\/huszar-hagyomanyok-orzese-a-bukk-tersegben-program-kisgyorben-leader-tamogatassal\/\" target=\"_blank\" title=\"Click to print\"><span><\/span><span class=\"sharing-screen-reader-text\">Click to print (Opens in new window)<\/span><\/a><\/li><li class=\"share-email\"><a rel=\"nofollow noopener noreferrer\" data-shared=\"\" class=\"share-email sd-button share-icon no-text\" href=\"https:\/\/bukkleader.hu\/old\/huszar-hagyomanyok-orzese-a-bukk-tersegben-program-kisgyorben-leader-tamogatassal\/?share=email\" target=\"_blank\" title=\"Click to email this to a friend\"><span><\/span><span class=\"sharing-screen-reader-text\">Click to email this to a friend (Opens in new window)<\/span><\/a><\/li><li class=\"share-end\"><\/li><\/ul><\/div><\/div><\/div>","protected":false},"author":4,"featured_media":2223,"comment_status":"open","ping_status":"closed","sticky":false,"template":"","format":"standard","meta":{"_bbp_topic_count":0,"_bbp_reply_count":0,"_bbp_total_topic_count":0,"_bbp_total_reply_count":0,"_bbp_voice_count":0,"_bbp_anonymous_reply_count":0,"_bbp_topic_count_hidden":0,"_bbp_reply_count_hidden":0,"_bbp_forum_subforum_count":0,"spay_email":"","jetpack_publicize_message":"","jetpack_is_tweetstorm":false,"jetpack_publicize_feature_enabled":true},"categories":[1,31,29],"tags":[],"jetpack_featured_media_url":"https:\/\/bukkleader.hu\/old\/wp-content\/uploads\/2019\/08\/huszarok.jpg","jetpack_publicize_connections":[],"jetpack_sharing_enabled":true,"jetpack-related-posts":[{"id":2679,"url":"https:\/\/bukkleader.hu\/old\/huszar-levente-kadet-tabor-kisgyorben-leader-tamogatassal\/","url_meta":{"origin":2220,"position":0},"title":"Husz\u00e1r levente\/kad\u00e9t t\u00e1bor Kisgy\u0151rben LEADER t\u00e1mogat\u00e1ssal","date":"2020-07-11","format":false,"excerpt":"A Borsod-Aba\u00faj-Zempl\u00e9n Megyei Husz\u00e1r \u00e9s Lovas Hagyom\u00e1ny\u0151rz\u0151 Egyes\u00fclet tisztelettel megh\u00edvja \u00d6n\u00f6ket 2020. augusztus 7-8-9-\u00e9n (p\u00e9ntek-vas\u00e1rnap) tartand\u00f3, LEADER t\u00e1mogat\u00e1ssal megval\u00f3sul\u00f3 \"4. BORSODI HUSZ\u00c1R Levente\/kad\u00e9t t\u00e1bor\" c\u00edm\u0171 programj\u00e1ra. A r\u00e9szletes program:","rel":"","context":"In &quot;H\u00edreink, k\u00f6zlem\u00e9nyeink&quot;","img":{"alt_text":"","src":"https:\/\/i0.wp.com\/bukkleader.hu\/old\/wp-content\/uploads\/2019\/08\/huszarok.jpg?resize=350%2C200&ssl=1","width":350,"height":200},"classes":[]},{"id":2760,"url":"https:\/\/bukkleader.hu\/old\/5-borsodi-huszar-levente-kadet-tabor-kisgyorben-leader-tamogatassal-2020-09-25-27\/","url_meta":{"origin":2220,"position":1},"title":"5. BORSODI HUSZ\u00c1R Levente\/kad\u00e9t t\u00e1bor Kisgy\u0151rben LEADER t\u00e1mogat\u00e1ssal &#8211; 2020.09.25-27.","date":"2020-08-24","format":false,"excerpt":"A\u00a0Borsod-Aba\u00faj-Zempl\u00e9n Megyei Husz\u00e1r \u00e9s Lovas Hagyom\u00e1ny\u0151rz\u0151 Egyes\u00fclet\u00a0tisztelettel megh\u00edvja \u00d6n\u00f6ket\u00a02020. szeptember 25-26-27-\u00e9n\u00a0(p\u00e9ntek-vas\u00e1rnap) tartand\u00f3, LEADER t\u00e1mogat\u00e1ssal megval\u00f3sul\u00f3 \u201c5. BORSODI HUSZ\u00c1R Levente\/kad\u00e9t t\u00e1bor\u201d c\u00edm\u0171 programj\u00e1ra. A r\u00e9szletes program:","rel":"","context":"In &quot;H\u00edreink, k\u00f6zlem\u00e9nyeink&quot;","img":{"alt_text":"","src":"https:\/\/i0.wp.com\/bukkleader.hu\/old\/wp-content\/uploads\/2019\/08\/huszarok.jpg?resize=350%2C200&ssl=1","width":350,"height":200},"classes":[]},{"id":2656,"url":"https:\/\/bukkleader.hu\/old\/hagyomany-termeszetkozelseg-es-turizmus-malyinkaban-rendezveny-leader-tamogatassal\/","url_meta":{"origin":2220,"position":2},"title":"&#8220;Hagyom\u00e1ny, Term\u00e9szetk\u00f6zels\u00e9g \u00e9s Turizmus M\u00e1lyink\u00e1ban&#8221; rendezv\u00e9ny LEADER t\u00e1mogat\u00e1ssal","date":"2020-06-10","format":false,"excerpt":"A K\u00e9k-Kreat\u00fara Nonprofit Kft (M\u00e1lyinka)\u00a0tisztelettel megh\u00edvja \u00d6n\u00f6ket\u00a02020. j\u00falius 11-12-\u00e9n (szombat-vas\u00e1rnap)\u00a0tartand\u00f3, LEADER t\u00e1mogat\u00e1ssal megval\u00f3sul\u00f3\u00a0\"Hagyom\u00e1ny, Term\u00e9szetk\u00f6zels\u00e9g \u00e9s Turizmus M\u00e1lyink\u00e1ban\" c\u00edm\u0171 rendezv\u00e9ny\u00e9re. R\u00e9szletes program:","rel":"","context":"In &quot;H\u00edreink, k\u00f6zlem\u00e9nyeink&quot;","img":{"alt_text":"","src":"https:\/\/i2.wp.com\/bukkleader.hu\/old\/wp-content\/uploads\/2016\/11\/m\u00e1lyinka.jpg?resize=350%2C200&ssl=1","width":350,"height":200},"classes":[]},{"id":3973,"url":"https:\/\/bukkleader.hu\/old\/sajo-hernad-volgyi-bolgarkerteszeti-hagyomanyok-apolasanak-fejlesztese-leader-tamogatassal-megvalosult-projekt-zaro-rendezvenye-2020-11-27\/","url_meta":{"origin":2220,"position":3},"title":"&#8220;Saj\u00f3-Hern\u00e1d V\u00f6lgyi bolg\u00e1rkert\u00e9szeti hagyom\u00e1nyok \u00e1pol\u00e1s\u00e1nak fejleszt\u00e9se&#8221; LEADER t\u00e1mogat\u00e1ssal megval\u00f3sult projekt z\u00e1r\u00f3 rendezv\u00e9nye \u2013 2020.11.27. (ELMARAD)","date":"2020-10-27","format":false,"excerpt":"Figyelem! A 2020. november 11-\u00e9n \u00e9letbe l\u00e9p\u0151, a Covid-19 j\u00e1rv\u00e1nnyal kapcsolatos int\u00e9zked\u00e9sek miatt az al\u00e1bbi program elmarad. K\u00e9rem, hogy tov\u00e1bbi inform\u00e1ci\u00f3\u00e9rt\u00a0 a programmal kapcsolatban k\u00eds\u00e9rj\u00e9k figyelemmel honlapunkat! *** Saj\u00f3kereszt\u00far K\u00f6zs\u00e9g \u00d6nkorm\u00e1nyzata tisztelettel megh\u00edvja \u00d6n\u00f6ket \u201eSaj\u00f3-Hern\u00e1d V\u00f6lgyi bolg\u00e1rkert\u00e9szeti hagyom\u00e1nyok \u00e1pol\u00e1s\u00e1nak fejleszt\u00e9se VP6-19.2.1-15-7-17\u201d c\u00edm\u0171 p\u00e1ly\u00e1zata z\u00e1r\u00f3 rendezv\u00e9ny\u00e9re, amelyre 2020. november 27-\u00e9n (p\u00e9ntek)\u2026","rel":"","context":"In &quot;Bolg\u00e1rkert\u00e9szeti hagyom\u00e1nyok rendezv\u00e9nyei&quot;","img":{"alt_text":"","src":"https:\/\/i1.wp.com\/bukkleader.hu\/old\/wp-content\/uploads\/2020\/10\/elmarad.jpg?resize=350%2C200&ssl=1","width":350,"height":200},"classes":[]},{"id":5977,"url":"https:\/\/bukkleader.hu\/old\/nem-motorizalt-turizmus-fejlesztese-a-bukk-miskolc-tersegi-leader-egyesulet-teruleten-rendezveny-bukkabranyban-leader-tamogatassal-2021-07-24\/","url_meta":{"origin":2220,"position":4},"title":"\u201cNem motoriz\u00e1lt turizmus fejleszt\u00e9se a B\u00fckk-Miskolc T\u00e9rs\u00e9gi LEADER Egyes\u00fclet ter\u00fclet\u00e9n\u201d rendezv\u00e9ny B\u00fckk\u00e1br\u00e1nyban LEADER t\u00e1mogat\u00e1ssal \u2013 2021.07.24.","date":"2021-06-24","format":false,"excerpt":"A B\u00fckki Lovas Postakocsi Egyes\u00fclet tisztelettel megh\u00edvja \u00d6n\u00f6ket\u00a02021. j\u00falius 24-\u00e9n\u00a0(szombat) B\u00fckk\u00e1br\u00e1nyban tartand\u00f3, LEADER t\u00e1mogat\u00e1ssal megval\u00f3sul\u00f3\u00a0\u201cNem motoriz\u00e1lt turizmus fejleszt\u00e9se a B\u00fckk-Miskolc T\u00e9rs\u00e9gi LEADER Egyes\u00fclet ter\u00fclet\u00e9n\u201d\u00a0c\u00edm\u0171 rendezv\u00e9ny\u00e9re. A r\u00e9szletes program (a megh\u00edv\u00f3 \u00e9s a program PDF-ben let\u00f6lthet\u0151 itt):","rel":"","context":"In &quot;H\u00edreink, k\u00f6zlem\u00e9nyeink&quot;","img":{"alt_text":"","src":"https:\/\/i2.wp.com\/bukkleader.hu\/old\/wp-content\/uploads\/2020\/10\/l\u00f3.jpg?resize=350%2C200&ssl=1","width":350,"height":200},"classes":[]},{"id":8328,"url":"https:\/\/bukkleader.hu\/old\/nem-motorizalt-turizmus-fejlesztese-a-bukk-miskolc-tersegi-leader-egyesulet-teruleten-rendezveny-2021-08-28-kisgyor\/","url_meta":{"origin":2220,"position":5},"title":"\u201cNem motoriz\u00e1lt turizmus fejleszt\u00e9se a B\u00fckk-Miskolc T\u00e9rs\u00e9gi LEADER Egyes\u00fclet ter\u00fclet\u00e9n\u201d rendezv\u00e9ny \u2013 2021.08.28. Kisgy\u0151r","date":"2021-07-28","format":false,"excerpt":"A\u00a0B\u00fckki Lovas Postakocsi Egyes\u00fclet\u00a0tisztelettel megh\u00edvja \u00d6n\u00f6ket\u00a02021. 08. 28-\u00e1n Kisgy\u0151rben\u00a0tartand\u00f3, LEADER t\u00e1mogat\u00e1ssal megval\u00f3sul\u00f3\u00a0\u201cNem motoriz\u00e1lt turizmus fejleszt\u00e9se a B\u00fckk-Miskolc T\u00e9rs\u00e9gi LEADER Egyes\u00fclet ter\u00fclet\u00e9n\u201d\u00a0c\u00edm\u0171 rendezv\u00e9ny\u00e9re. A r\u00e9szletes program (a megh\u00edv\u00f3 \u00e9s a program PDF-ben let\u00f6lthet\u0151 itt):","rel":"","context":"In &quot;H\u00edreink, k\u00f6zlem\u00e9nyeink&quot;","img":{"alt_text":"","src":"https:\/\/i2.wp.com\/bukkleader.hu\/old\/wp-content\/uploads\/2020\/10\/l\u00f3.jpg?resize=350%2C200&ssl=1","width":350,"height":200},"classes":[]}],"_links":{"self":[{"href":"https:\/\/bukkleader.hu\/old\/wp-json\/wp\/v2\/posts\/2220"}],"collection":[{"href":"https:\/\/bukkleader.hu\/old\/wp-json\/wp\/v2\/posts"}],"about":[{"href":"https:\/\/bukkleader.hu\/old\/wp-json\/wp\/v2\/types\/post"}],"author":[{"embeddable":true,"href":"https:\/\/bukkleader.hu\/old\/wp-json\/wp\/v2\/users\/4"}],"replies":[{"embeddable":true,"href":"https:\/\/bukkleader.hu\/old\/wp-json\/wp\/v2\/comments?post=2220"}],"version-history":[{"count":3,"href":"https:\/\/bukkleader.hu\/old\/wp-json\/wp\/v2\/posts\/2220\/revisions"}],"predecessor-version":[{"id":2226,"href":"https:\/\/bukkleader.hu\/old\/wp-json\/wp\/v2\/posts\/2220\/revisions\/2226"}],"wp:featuredmedia":[{"embeddable":true,"href":"https:\/\/bukkleader.hu\/old\/wp-json\/wp\/v2\/media\/2223"}],"wp:attachment":[{"href":"https:\/\/bukkleader.hu\/old\/wp-json\/wp\/v2\/media?parent=2220"}],"wp:term":[{"taxonomy":"category","embeddable":true,"href":"https:\/\/bukkleader.hu\/old\/wp-json\/wp\/v2\/categories?post=2220"},{"taxonomy":"post_tag","embeddable":true,"href":"https:\/\/bukkleader.hu\/old\/wp-json\/wp\/v2\/tags?post=2220"}],"curies":[{"name":"wp","href":"https:\/\/api.w.org\/{rel}","templated":true}]}}