{"id":222,"date":"2012-08-22T14:01:31","date_gmt":"2012-08-22T12:01:31","guid":{"rendered":"https:\/\/bukkleader.hu\/old\/new\/?p=222"},"modified":"2015-09-22T11:18:45","modified_gmt":"2015-09-22T09:18:45","slug":"elektronikus-uton-is-benyujthatok-a-leader-kifizetesi-kerelmek","status":"publish","type":"post","link":"https:\/\/bukkleader.hu\/old\/elektronikus-uton-is-benyujthatok-a-leader-kifizetesi-kerelmek\/","title":{"rendered":"Elektronikus \u00faton is beny\u00fajthat\u00f3k a LEADER kifizet\u00e9si k\u00e9relmek"},"content":{"rendered":"<p>Megjelent a <a href=\"http:\/\/mvh.gov.hu\/portal\/MVHPortal\/default\/mainmenu\/tamogatasok\/MVHJogcimKeresoPortletWindow?tamogatas_id=1000099&amp;mutat=T%C3%A1mogat%C3%A1s%2Br%C3%A9szletei&amp;tartalom_id=1032519\" target=\"_blank\">128\/2012. (VIII. 06.) MVH k\u00f6zlem\u00e9ny<\/a> az Eur\u00f3pai Mez\u0151gazdas\u00e1gi Vid\u00e9kfejleszt\u00e9si Alapb\u00f3l a Helyi Vid\u00e9kfejleszt\u00e9si Strat\u00e9gi\u00e1k LEADER fejezet\u00e9nek v\u00e9grehajt\u00e1s\u00e1hoz ny\u00fajtand\u00f3 t\u00e1mogat\u00e1s kifizet\u00e9s\u00e9nek ig\u00e9nyl\u00e9s\u00e9r\u0151l sz\u00f3l\u00f3 107\/2012. (VII. 20.) sz\u00e1m\u00fa MVH k\u00f6zlem\u00e9ny m\u00f3dos\u00edt\u00e1s\u00e1r\u00f3l.<strong> A k\u00f6zlem\u00e9ny szerint a kifizet\u00e9si k\u00e9relmek elektronikus m\u00f3don t\u00f6rt\u00e9n\u0151 beny\u00fajt\u00e1s\u00e1hoz rendelkez\u00e9sre \u00e1ll a megfelel\u0151 fel\u00fclet, \u00edgy <span class=\"style212\">a kifizet\u00e9si k\u00e9relmek elektronikus \u00faton is beny\u00fajthat\u00f3ak<\/span><\/strong>.<\/p>\n<p><a href=\"http:\/\/mvh.gov.hu\/portal\/MVHPortal\/default\/mainmenu\/tamogatasok\/MVHJogcimKeresoPortletWindow?tamogatas_id=1000099&amp;mutat=T%C3%A1mogat%C3%A1s%2Br%C3%A9szletei&amp;tartalom_id=1032519\" target=\"_blank\">Az MVH k\u00f6zlem\u00e9ny let\u00f6lt\u00e9se &gt;&gt;<\/a><\/p>\n<div class=\"sharedaddy sd-sharing-enabled\"><div class=\"robots-nocontent sd-block sd-social sd-social-icon sd-sharing\"><h3 class=\"sd-title\">Share this:<\/h3><div class=\"sd-content\"><ul><li class=\"share-facebook\"><a rel=\"nofollow noopener noreferrer\" data-shared=\"sharing-facebook-222\" class=\"share-facebook sd-button share-icon no-text\" href=\"https:\/\/bukkleader.hu\/old\/elektronikus-uton-is-benyujthatok-a-leader-kifizetesi-kerelmek\/?share=facebook\" target=\"_blank\" title=\"Click to share on Facebook\"><span><\/span><span class=\"sharing-screen-reader-text\">Click to share on Facebook (Opens in new window)<\/span><\/a><\/li><li class=\"share-twitter\"><a rel=\"nofollow noopener noreferrer\" data-shared=\"sharing-twitter-222\" class=\"share-twitter sd-button share-icon no-text\" href=\"https:\/\/bukkleader.hu\/old\/elektronikus-uton-is-benyujthatok-a-leader-kifizetesi-kerelmek\/?share=twitter\" target=\"_blank\" title=\"Click to share on Twitter\"><span><\/span><span class=\"sharing-screen-reader-text\">Click to share on Twitter (Opens in new window)<\/span><\/a><\/li><li class=\"share-print\"><a rel=\"nofollow noopener noreferrer\" data-shared=\"\" class=\"share-print sd-button share-icon no-text\" href=\"https:\/\/bukkleader.hu\/old\/elektronikus-uton-is-benyujthatok-a-leader-kifizetesi-kerelmek\/\" target=\"_blank\" title=\"Click to print\"><span><\/span><span class=\"sharing-screen-reader-text\">Click to print (Opens in new window)<\/span><\/a><\/li><li class=\"share-email\"><a rel=\"nofollow noopener noreferrer\" data-shared=\"\" class=\"share-email sd-button share-icon no-text\" href=\"https:\/\/bukkleader.hu\/old\/elektronikus-uton-is-benyujthatok-a-leader-kifizetesi-kerelmek\/?share=email\" target=\"_blank\" title=\"Click to email this to a friend\"><span><\/span><span class=\"sharing-screen-reader-text\">Click to email this to a friend (Opens in new window)<\/span><\/a><\/li><li class=\"share-end\"><\/li><\/ul><\/div><\/div><\/div>","protected":false},"excerpt":{"rendered":"<p>Megjelent a 128\/2012. (VIII. 06.) MVH k\u00f6zlem\u00e9ny az Eur\u00f3pai Mez\u0151gazdas\u00e1gi Vid\u00e9kfejleszt\u00e9si Alapb\u00f3l a Helyi Vid\u00e9kfejleszt\u00e9si Strat\u00e9gi\u00e1k LEADER fejezet\u00e9nek v\u00e9grehajt\u00e1s\u00e1hoz ny\u00fajtand\u00f3 t\u00e1mogat\u00e1s kifizet\u00e9s\u00e9nek ig\u00e9nyl\u00e9s\u00e9r\u0151l sz\u00f3l\u00f3 107\/2012. (VII. 20.) sz\u00e1m\u00fa MVH k\u00f6zlem\u00e9ny m\u00f3dos\u00edt\u00e1s\u00e1r\u00f3l. A k\u00f6zlem\u00e9ny szerint a kifizet\u00e9si k\u00e9relmek elektronikus m\u00f3don t\u00f6rt\u00e9n\u0151 beny\u00fajt\u00e1s\u00e1hoz rendelkez\u00e9sre \u00e1ll a megfelel\u0151 fel\u00fclet, \u00edgy a kifizet\u00e9si k\u00e9relmek elektronikus \u00faton is beny\u00fajthat\u00f3ak. Az [&hellip;]<\/p>\n<div class=\"sharedaddy sd-sharing-enabled\"><div class=\"robots-nocontent sd-block sd-social sd-social-icon sd-sharing\"><h3 class=\"sd-title\">Share this:<\/h3><div class=\"sd-content\"><ul><li class=\"share-facebook\"><a rel=\"nofollow noopener noreferrer\" data-shared=\"sharing-facebook-222\" class=\"share-facebook sd-button share-icon no-text\" href=\"https:\/\/bukkleader.hu\/old\/elektronikus-uton-is-benyujthatok-a-leader-kifizetesi-kerelmek\/?share=facebook\" target=\"_blank\" title=\"Click to share on Facebook\"><span><\/span><span class=\"sharing-screen-reader-text\">Click to share on Facebook (Opens in new window)<\/span><\/a><\/li><li class=\"share-twitter\"><a rel=\"nofollow noopener noreferrer\" data-shared=\"sharing-twitter-222\" class=\"share-twitter sd-button share-icon no-text\" href=\"https:\/\/bukkleader.hu\/old\/elektronikus-uton-is-benyujthatok-a-leader-kifizetesi-kerelmek\/?share=twitter\" target=\"_blank\" title=\"Click to share on Twitter\"><span><\/span><span class=\"sharing-screen-reader-text\">Click to share on Twitter (Opens in new window)<\/span><\/a><\/li><li class=\"share-print\"><a rel=\"nofollow noopener noreferrer\" data-shared=\"\" class=\"share-print sd-button share-icon no-text\" href=\"https:\/\/bukkleader.hu\/old\/elektronikus-uton-is-benyujthatok-a-leader-kifizetesi-kerelmek\/\" target=\"_blank\" title=\"Click to print\"><span><\/span><span class=\"sharing-screen-reader-text\">Click to print (Opens in new window)<\/span><\/a><\/li><li class=\"share-email\"><a rel=\"nofollow noopener noreferrer\" data-shared=\"\" class=\"share-email sd-button share-icon no-text\" href=\"https:\/\/bukkleader.hu\/old\/elektronikus-uton-is-benyujthatok-a-leader-kifizetesi-kerelmek\/?share=email\" target=\"_blank\" title=\"Click to email this to a friend\"><span><\/span><span class=\"sharing-screen-reader-text\">Click to email this to a friend (Opens in new window)<\/span><\/a><\/li><li class=\"share-end\"><\/li><\/ul><\/div><\/div><\/div>","protected":false},"author":1,"featured_media":262,"comment_status":"open","ping_status":"closed","sticky":false,"template":"","format":"standard","meta":{"_bbp_topic_count":0,"_bbp_reply_count":0,"_bbp_total_topic_count":0,"_bbp_total_reply_count":0,"_bbp_voice_count":0,"_bbp_anonymous_reply_count":0,"_bbp_topic_count_hidden":0,"_bbp_reply_count_hidden":0,"_bbp_forum_subforum_count":0,"spay_email":"","jetpack_publicize_message":"","jetpack_is_tweetstorm":false,"jetpack_publicize_feature_enabled":true},"categories":[1],"tags":[],"jetpack_featured_media_url":"https:\/\/bukkleader.hu\/old\/wp-content\/uploads\/2015\/09\/mvh-logo-w.jpg","jetpack_publicize_connections":[],"jetpack_sharing_enabled":true,"jetpack-related-posts":[{"id":303,"url":"https:\/\/bukkleader.hu\/old\/2013-februar-01-tol-2013-majus-31-ig-nyujthatok-be-a-leader-kifizetesi-kerelmek\/","url_meta":{"origin":222,"position":0},"title":"2013. febru\u00e1r 01-t\u0151l 2013. m\u00e1jus 31-ig ny\u00fajthat\u00f3k be a LEADER kifizet\u00e9si k\u00e9relmek","date":"2013-01-31","format":false,"excerpt":"Megjelent a 19\/2013. (I.22.) sz\u00e1m\u00fa MVH k\u00f6zlem\u00e9ny az Eur\u00f3pai Mez\u0151gazdas\u00e1gi Vid\u00e9kfejleszt\u00e9si Alapb\u00f3l a Helyi Vid\u00e9kfejleszt\u00e9si Strat\u00e9gi\u00e1k LEADER fejezet\u00e9nek v\u00e9grehajt\u00e1s\u00e1hoz ny\u00fajtand\u00f3 t\u00e1mogat\u00e1s kifizet\u00e9s\u00e9nek ig\u00e9nyl\u00e9s\u00e9r\u0151l. A k\u00f6zlem\u00e9ny szerint az EMVA IV. \u2013 LEADER kifizet\u00e9si k\u00e9relmek 2013. febru\u00e1r 01. \u2013 2013. m\u00e1jus 31. id\u0151szakban elektronikus \u00faton ny\u00fajthat\u00f3k be.Az MVH k\u00f6zlem\u00e9ny \u00e9s az azzal\u2026","rel":"","context":"In &quot;H\u00edreink, k\u00f6zlem\u00e9nyeink&quot;","img":{"alt_text":"mhv-logo","src":"https:\/\/i2.wp.com\/bukkleader.hu\/old\/wp-content\/uploads\/2015\/09\/mvh-logo-w.jpg?resize=350%2C200&ssl=1","width":350,"height":200},"classes":[]},{"id":202,"url":"https:\/\/bukkleader.hu\/old\/mvh-kozlemeny\/","url_meta":{"origin":222,"position":1},"title":"MVH k\u00f6zlem\u00e9ny","date":"2012-08-01","format":false,"excerpt":"Megjelent a LEADER p\u00e1ly\u00e1zatok elsz\u00e1mol\u00e1s\u00e1ra vonatkoz\u00f3 MVH k\u00f6zlem\u00e9nyMegjelent a 107\/2012. (VII. 20.) sz\u00e1m\u00fa MVH K\u00f6zlem\u00e9ny az Eur\u00f3pai Mez\u0151gazdas\u00e1gi Vid\u00e9kfejleszt\u00e9si Alapb\u00f3l a Helyi Vid\u00e9kfejleszt\u00e9si Strat\u00e9gi\u00e1k LEADER fejezet\u00e9nek v\u00e9grehajt\u00e1s\u00e1hoz ny\u00fajtand\u00f3 t\u00e1mogat\u00e1s kifizet\u00e9s\u00e9nek ig\u00e9nyl\u00e9s\u00e9r\u0151l.A k\u00f6zlem\u00e9ny \u00e9s mell\u00e9kleteinek let\u00f6lt\u00e9se >>\u00a0 A k\u00f6zlem\u00e9ny m\u00f3dos\u00edt\u00e1s\u00e1nak let\u00f6lt\u00e9se >>","rel":"","context":"In &quot;H\u00edreink, k\u00f6zlem\u00e9nyeink&quot;","img":{"alt_text":"","src":"","width":0,"height":0},"classes":[]},{"id":288,"url":"https:\/\/bukkleader.hu\/old\/figyelem-december-31-en-lejar-az-egyes-kifizetesi-kerelmek-benyujtasanak-modositott-hatarideje\/","url_meta":{"origin":222,"position":2},"title":"FIGYELEM! December 31-\u00e9n lej\u00e1r az egyes kifizet\u00e9si k\u00e9relmek beny\u00fajt\u00e1s\u00e1nak m\u00f3dos\u00edtott hat\u00e1rideje","date":"2012-12-12","format":false,"excerpt":"A 76\/2012. (VII. 27.) VM rendelet alapj\u00e1n az egyes jogc\u00edmeken megv\u00e1ltoztak az els\u0151 kifizet\u00e9si k\u00e9relem beny\u00fajt\u00e1s\u00e1ra vonatkoz\u00f3 szab\u00e1lyok az el\u0151\u00edrt felt\u00e9telek teljes\u00fcl\u00e9se mellett. \u00a0A m\u00f3dos\u00edt\u00e1s \u00e9rtelm\u00e9ben az \u00fcgyf\u00e9l 2012. december 31-\u00e9ig ny\u00fajthatja be els\u0151 kifizet\u00e9si k\u00e9relmet, amellyel olyan kiad\u00e1s is elsz\u00e1mol\u00e1sra ker\u00fcl, amely nem min\u0151s\u00fcl egy\u00e9b elsz\u00e1molhat\u00f3 kiad\u00e1snak, amennyiben azels\u0151\u2026","rel":"","context":"In &quot;H\u00edreink, k\u00f6zlem\u00e9nyeink&quot;","img":{"alt_text":"felki\u00e1llt\u00f3 jel","src":"https:\/\/i0.wp.com\/bukkleader.hu\/old\/wp-content\/uploads\/2012\/06\/felkialto-jel384w.jpg?resize=350%2C200&ssl=1","width":350,"height":200},"classes":[]},{"id":371,"url":"https:\/\/bukkleader.hu\/old\/kifizetesi-kerelem-benyujtasi-idoszak-2014-februar-01-2014-majus-31\/","url_meta":{"origin":222,"position":3},"title":"Kifizet\u00e9si k\u00e9relem beny\u00fajt\u00e1si id\u0151szak: 2014. febru\u00e1r 01. \u2013 2014. m\u00e1jus 31.","date":"2014-02-28","format":false,"excerpt":"A HACS illet\u00e9kess\u00e9gi k\u00f6r\u00e9be tartoz\u00f3, t\u00e1mogatott int\u00e9zked\u00e9sek vonatkoz\u00e1s\u00e1ban a 2014. febru\u00e1r 01. \u2013 2014. m\u00e1jus 31. id\u0151szakban beny\u00fajthat\u00f3k a megval\u00f3s\u00edtott vagy megval\u00f3s\u00edt\u00e1s alatt \u00e1ll\u00f3 projektek kifizet\u00e9si k\u00e9relmei, az al\u00e1bbi el\u0151\u00edr\u00e1sok alapj\u00e1n:A Helyi Vid\u00e9kfejleszt\u00e9si Strat\u00e9gi\u00e1k LEADER fejezet\u00e9nek v\u00e9grehajt\u00e1s\u00e1hoz ny\u00fajtand\u00f3 t\u00e1mogat\u00e1s: 13\/2014. (I.22.) sz\u00e1m\u00fa MVH K\u00f6zlem\u00e9ny >>A turisztikai tev\u00e9kenys\u00e9gek \u00f6szt\u00f6nz\u00e9s\u00e9hez ny\u00fajtand\u00f3 t\u00e1mogat\u00e1s:\u2026","rel":"","context":"In &quot;H\u00edreink, k\u00f6zlem\u00e9nyeink&quot;","img":{"alt_text":"felki\u00e1llt\u00f3 jel","src":"https:\/\/i0.wp.com\/bukkleader.hu\/old\/wp-content\/uploads\/2012\/06\/felkialto-jel384w.jpg?resize=350%2C200&ssl=1","width":350,"height":200},"classes":[]},{"id":2091,"url":"https:\/\/bukkleader.hu\/old\/segedletek-eloleg-igenyleshez\/","url_meta":{"origin":222,"position":4},"title":"Seg\u00e9dletek el\u0151leg ig\u00e9nyl\u00e9shez","date":"2019-07-04","format":false,"excerpt":"Tisztelt P\u00e1ly\u00e1z\u00f3k! T\u00e1j\u00e9koztatjuk \u00d6n\u00f6ket, hogy azon T\u00e1mogat\u00f3i Okirattal rendelkez\u0151 p\u00e1ly\u00e1z\u00f3inkat, akik a projekt megval\u00f3s\u00edt\u00e1s\u00e1hoz\u00a0el\u0151leget szeretn\u00e9nek ig\u00e9nyelni\u00a0illetve\u00a0kifizet\u00e9si k\u00e9relmet beny\u00fajtani, a seg\u00e9dletek az al\u00e1bbi linken \u00e9rhet\u0151k el: https:\/\/www.mvh.allamkincstar.gov.hu\/tamogatasok-listazo\/-\/tamogatas\/5746072\/tajekoztatok Javasoljuk, hogy az al\u00e1bbi linken tal\u00e1lhat\u00f3 t\u00e1j\u00e9koztat\u00f3t (b\u00e1r az nem a LEADER felh\u00edv\u00e1sokhoz k\u00e9sz\u00fclt, de hasznos) is n\u00e9zz\u00e9k \u00e1t, annak \u00e9rdek\u00e9ben, hogy minden, az\u2026","rel":"","context":"In &quot;Dokumentumok&quot;","img":{"alt_text":"","src":"https:\/\/i0.wp.com\/bukkleader.hu\/old\/wp-content\/uploads\/2018\/12\/hat\u00e1rid\u0151-modos\u00edt\u00e1s-2.jpg?resize=350%2C200&ssl=1","width":350,"height":200},"classes":[]},{"id":312,"url":"https:\/\/bukkleader.hu\/old\/felhivas-emva-projektgazdak-reszere-monitoring-adatszolgaltatasi-kotelezettseggel-kapcsolatban\/","url_meta":{"origin":222,"position":5},"title":"Felh\u00edv\u00e1s EMVA projektgazd\u00e1k r\u00e9sz\u00e9re monitoring adatszolg\u00e1ltat\u00e1si k\u00f6telezetts\u00e9ggel kapcsolatban","date":"2013-03-05","format":false,"excerpt":"Az 18\/2009. (III. 6.) FVM rendelet szerinti, az Eur\u00f3pai Mez\u0151gazdas\u00e1gi Vid\u00e9kfejleszt\u00e9si Alapb\u00f3l (EMVA) \u00e9s az Eur\u00f3pai Hal\u00e1szati Alapb\u00f3l (EHA) t\u00e1mogatott int\u00e9zked\u00e9sek 2013. \u00e9vi, m\u00e1rcius 12-i hat\u00e1ridej\u0171 monitoring adatszolg\u00e1ltat\u00e1s teljes\u00edt\u00e9s\u00e9nek r\u00e9szletes szab\u00e1lyait a\u00a041\/2013. (II. 12.) sz\u00e1m\u00fa MVH k\u00f6zlem\u00e9ny \u00e1llap\u00edtja meg. A k\u00f6zlem\u00e9ny let\u00f6lt\u00e9se >> Mivel a k\u00f6zlem\u00e9ny II.5. pontja (2. oldal)\u2026","rel":"","context":"In &quot;H\u00edreink, k\u00f6zlem\u00e9nyeink&quot;","img":{"alt_text":"elektronikus-ugyintezes-w","src":"https:\/\/i2.wp.com\/bukkleader.hu\/old\/wp-content\/uploads\/2015\/09\/elektronikus-ugyintezes-w.jpg?resize=350%2C200&ssl=1","width":350,"height":200},"classes":[]}],"_links":{"self":[{"href":"https:\/\/bukkleader.hu\/old\/wp-json\/wp\/v2\/posts\/222"}],"collection":[{"href":"https:\/\/bukkleader.hu\/old\/wp-json\/wp\/v2\/posts"}],"about":[{"href":"https:\/\/bukkleader.hu\/old\/wp-json\/wp\/v2\/types\/post"}],"author":[{"embeddable":true,"href":"https:\/\/bukkleader.hu\/old\/wp-json\/wp\/v2\/users\/1"}],"replies":[{"embeddable":true,"href":"https:\/\/bukkleader.hu\/old\/wp-json\/wp\/v2\/comments?post=222"}],"version-history":[{"count":1,"href":"https:\/\/bukkleader.hu\/old\/wp-json\/wp\/v2\/posts\/222\/revisions"}],"predecessor-version":[{"id":223,"href":"https:\/\/bukkleader.hu\/old\/wp-json\/wp\/v2\/posts\/222\/revisions\/223"}],"wp:featuredmedia":[{"embeddable":true,"href":"https:\/\/bukkleader.hu\/old\/wp-json\/wp\/v2\/media\/262"}],"wp:attachment":[{"href":"https:\/\/bukkleader.hu\/old\/wp-json\/wp\/v2\/media?parent=222"}],"wp:term":[{"taxonomy":"category","embeddable":true,"href":"https:\/\/bukkleader.hu\/old\/wp-json\/wp\/v2\/categories?post=222"},{"taxonomy":"post_tag","embeddable":true,"href":"https:\/\/bukkleader.hu\/old\/wp-json\/wp\/v2\/tags?post=222"}],"curies":[{"name":"wp","href":"https:\/\/api.w.org\/{rel}","templated":true}]}}