{"id":2214,"date":"2019-08-29T09:50:35","date_gmt":"2019-08-29T07:50:35","guid":{"rendered":"https:\/\/bukkleader.hu\/old\/?p=2214"},"modified":"2019-08-29T09:50:35","modified_gmt":"2019-08-29T07:50:35","slug":"mihaly-napi-vasar-bocson-leader-tamogatassal","status":"publish","type":"post","link":"https:\/\/bukkleader.hu\/old\/mihaly-napi-vasar-bocson-leader-tamogatassal\/","title":{"rendered":"&#8220;Mih\u00e1ly napi v\u00e1s\u00e1r&#8221; B\u0151cs\u00f6n LEADER t\u00e1mogat\u00e1ssal"},"content":{"rendered":"<p>A <strong>R\u00f3zsafa Hagyom\u00e1ny\u0151rz\u0151 Egyes\u00fclet<\/strong> (B\u0151cs) tisztelettel megh\u00edvja \u00d6n\u00f6ket <strong>2019. szeptember 28-\u00e1n<\/strong> (szombat) tartand\u00f3, LEADER t\u00e1mogat\u00e1ssal megval\u00f3sul\u00f3 <strong>\u201cMih\u00e1ly napi v\u00e1s\u00e1r\u201d<\/strong> c\u00edm\u0171 rendezv\u00e9ny\u00e9re. A r\u00e9szletes program innen <strong><span style=\"color: #0000ff;\"><a style=\"color: #0000ff;\" href=\"https:\/\/bukkleader.hu\/old\/wp-content\/uploads\/2019\/08\/Mih\u00e1ly-napi-program.pdf\" target=\"_blank\" rel=\"noopener\">let\u00f6lthet\u0151<\/a><\/span><\/strong>.<img data-attachment-id=\"2216\" data-permalink=\"https:\/\/bukkleader.hu\/old\/mihaly-napi-vasar-bocson-leader-tamogatassal\/meghivo-normal_page-0001\/\" data-orig-file=\"https:\/\/bukkleader.hu\/old\/wp-content\/uploads\/2019\/08\/Megh\u00edv\u00f3-Norm\u00e1l_page-0001.jpg\" data-orig-size=\"1241,1755\" data-comments-opened=\"1\" data-image-meta=\"{&quot;aperture&quot;:&quot;0&quot;,&quot;credit&quot;:&quot;&quot;,&quot;camera&quot;:&quot;&quot;,&quot;caption&quot;:&quot;&quot;,&quot;created_timestamp&quot;:&quot;0&quot;,&quot;copyright&quot;:&quot;&quot;,&quot;focal_length&quot;:&quot;0&quot;,&quot;iso&quot;:&quot;0&quot;,&quot;shutter_speed&quot;:&quot;0&quot;,&quot;title&quot;:&quot;&quot;,&quot;orientation&quot;:&quot;0&quot;}\" data-image-title=\"Megh\u00edv\u00f3 Norm\u00e1l_page-0001\" data-image-description=\"\" data-image-caption=\"\" data-medium-file=\"https:\/\/bukkleader.hu\/old\/wp-content\/uploads\/2019\/08\/Megh\u00edv\u00f3-Norm\u00e1l_page-0001-212x300.jpg\" data-large-file=\"https:\/\/bukkleader.hu\/old\/wp-content\/uploads\/2019\/08\/Megh\u00edv\u00f3-Norm\u00e1l_page-0001-724x1024.jpg\" loading=\"lazy\" class=\"aligncenter size-full wp-image-2216\" src=\"https:\/\/bukkleader.hu\/old\/wp-content\/uploads\/2019\/08\/Megh\u00edv\u00f3-Norm\u00e1l_page-0001.jpg\" alt=\"\" width=\"1241\" height=\"1755\" srcset=\"https:\/\/bukkleader.hu\/old\/wp-content\/uploads\/2019\/08\/Megh\u00edv\u00f3-Norm\u00e1l_page-0001.jpg 1241w, https:\/\/bukkleader.hu\/old\/wp-content\/uploads\/2019\/08\/Megh\u00edv\u00f3-Norm\u00e1l_page-0001-212x300.jpg 212w, https:\/\/bukkleader.hu\/old\/wp-content\/uploads\/2019\/08\/Megh\u00edv\u00f3-Norm\u00e1l_page-0001-768x1086.jpg 768w, https:\/\/bukkleader.hu\/old\/wp-content\/uploads\/2019\/08\/Megh\u00edv\u00f3-Norm\u00e1l_page-0001-724x1024.jpg 724w\" sizes=\"(max-width: 1241px) 100vw, 1241px\" \/><\/p>\n<p><img data-attachment-id=\"2215\" data-permalink=\"https:\/\/bukkleader.hu\/old\/mihaly-napi-vasar-bocson-leader-tamogatassal\/meghivo-izes_page-0001\/\" data-orig-file=\"https:\/\/bukkleader.hu\/old\/wp-content\/uploads\/2019\/08\/Megh\u00edv\u00f3-\u00cdzes_page-0001.jpg\" data-orig-size=\"1241,1755\" data-comments-opened=\"1\" data-image-meta=\"{&quot;aperture&quot;:&quot;0&quot;,&quot;credit&quot;:&quot;&quot;,&quot;camera&quot;:&quot;&quot;,&quot;caption&quot;:&quot;&quot;,&quot;created_timestamp&quot;:&quot;0&quot;,&quot;copyright&quot;:&quot;&quot;,&quot;focal_length&quot;:&quot;0&quot;,&quot;iso&quot;:&quot;0&quot;,&quot;shutter_speed&quot;:&quot;0&quot;,&quot;title&quot;:&quot;&quot;,&quot;orientation&quot;:&quot;0&quot;}\" data-image-title=\"Megh\u00edv\u00f3 \u00cdzes_page-0001\" data-image-description=\"\" data-image-caption=\"\" data-medium-file=\"https:\/\/bukkleader.hu\/old\/wp-content\/uploads\/2019\/08\/Megh\u00edv\u00f3-\u00cdzes_page-0001-212x300.jpg\" data-large-file=\"https:\/\/bukkleader.hu\/old\/wp-content\/uploads\/2019\/08\/Megh\u00edv\u00f3-\u00cdzes_page-0001-724x1024.jpg\" loading=\"lazy\" class=\"aligncenter size-full wp-image-2215\" src=\"https:\/\/bukkleader.hu\/old\/wp-content\/uploads\/2019\/08\/Megh\u00edv\u00f3-\u00cdzes_page-0001.jpg\" alt=\"\" width=\"1241\" height=\"1755\" srcset=\"https:\/\/bukkleader.hu\/old\/wp-content\/uploads\/2019\/08\/Megh\u00edv\u00f3-\u00cdzes_page-0001.jpg 1241w, https:\/\/bukkleader.hu\/old\/wp-content\/uploads\/2019\/08\/Megh\u00edv\u00f3-\u00cdzes_page-0001-212x300.jpg 212w, https:\/\/bukkleader.hu\/old\/wp-content\/uploads\/2019\/08\/Megh\u00edv\u00f3-\u00cdzes_page-0001-768x1086.jpg 768w, https:\/\/bukkleader.hu\/old\/wp-content\/uploads\/2019\/08\/Megh\u00edv\u00f3-\u00cdzes_page-0001-724x1024.jpg 724w\" sizes=\"(max-width: 1241px) 100vw, 1241px\" \/><\/p>\n<div class=\"sharedaddy sd-sharing-enabled\"><div class=\"robots-nocontent sd-block sd-social sd-social-icon sd-sharing\"><h3 class=\"sd-title\">Share this:<\/h3><div class=\"sd-content\"><ul><li class=\"share-facebook\"><a rel=\"nofollow noopener noreferrer\" data-shared=\"sharing-facebook-2214\" class=\"share-facebook sd-button share-icon no-text\" href=\"https:\/\/bukkleader.hu\/old\/mihaly-napi-vasar-bocson-leader-tamogatassal\/?share=facebook\" target=\"_blank\" title=\"Click to share on Facebook\"><span><\/span><span class=\"sharing-screen-reader-text\">Click to share on Facebook (Opens in new window)<\/span><\/a><\/li><li class=\"share-twitter\"><a rel=\"nofollow noopener noreferrer\" data-shared=\"sharing-twitter-2214\" class=\"share-twitter sd-button share-icon no-text\" href=\"https:\/\/bukkleader.hu\/old\/mihaly-napi-vasar-bocson-leader-tamogatassal\/?share=twitter\" target=\"_blank\" title=\"Click to share on Twitter\"><span><\/span><span class=\"sharing-screen-reader-text\">Click to share on Twitter (Opens in new window)<\/span><\/a><\/li><li class=\"share-print\"><a rel=\"nofollow noopener noreferrer\" data-shared=\"\" class=\"share-print sd-button share-icon no-text\" href=\"https:\/\/bukkleader.hu\/old\/mihaly-napi-vasar-bocson-leader-tamogatassal\/\" target=\"_blank\" title=\"Click to print\"><span><\/span><span class=\"sharing-screen-reader-text\">Click to print (Opens in new window)<\/span><\/a><\/li><li class=\"share-email\"><a rel=\"nofollow noopener noreferrer\" data-shared=\"\" class=\"share-email sd-button share-icon no-text\" href=\"https:\/\/bukkleader.hu\/old\/mihaly-napi-vasar-bocson-leader-tamogatassal\/?share=email\" target=\"_blank\" title=\"Click to email this to a friend\"><span><\/span><span class=\"sharing-screen-reader-text\">Click to email this to a friend (Opens in new window)<\/span><\/a><\/li><li class=\"share-end\"><\/li><\/ul><\/div><\/div><\/div>","protected":false},"excerpt":{"rendered":"<p>A R\u00f3zsafa Hagyom\u00e1ny\u0151rz\u0151 Egyes\u00fclet (B\u0151cs) tisztelettel megh\u00edvja \u00d6n\u00f6ket 2019. szeptember 28-\u00e1n (szombat) tartand\u00f3, LEADER t\u00e1mogat\u00e1ssal megval\u00f3sul\u00f3 \u201cMih\u00e1ly napi v\u00e1s\u00e1r\u201d c\u00edm\u0171 rendezv\u00e9ny\u00e9re. A r\u00e9szletes program innen let\u00f6lthet\u0151.<\/p>\n<div class=\"sharedaddy sd-sharing-enabled\"><div class=\"robots-nocontent sd-block sd-social sd-social-icon sd-sharing\"><h3 class=\"sd-title\">Share this:<\/h3><div class=\"sd-content\"><ul><li class=\"share-facebook\"><a rel=\"nofollow noopener noreferrer\" data-shared=\"sharing-facebook-2214\" class=\"share-facebook sd-button share-icon no-text\" href=\"https:\/\/bukkleader.hu\/old\/mihaly-napi-vasar-bocson-leader-tamogatassal\/?share=facebook\" target=\"_blank\" title=\"Click to share on Facebook\"><span><\/span><span class=\"sharing-screen-reader-text\">Click to share on Facebook (Opens in new window)<\/span><\/a><\/li><li class=\"share-twitter\"><a rel=\"nofollow noopener noreferrer\" data-shared=\"sharing-twitter-2214\" class=\"share-twitter sd-button share-icon no-text\" href=\"https:\/\/bukkleader.hu\/old\/mihaly-napi-vasar-bocson-leader-tamogatassal\/?share=twitter\" target=\"_blank\" title=\"Click to share on Twitter\"><span><\/span><span class=\"sharing-screen-reader-text\">Click to share on Twitter (Opens in new window)<\/span><\/a><\/li><li class=\"share-print\"><a rel=\"nofollow noopener noreferrer\" data-shared=\"\" class=\"share-print sd-button share-icon no-text\" href=\"https:\/\/bukkleader.hu\/old\/mihaly-napi-vasar-bocson-leader-tamogatassal\/\" target=\"_blank\" title=\"Click to print\"><span><\/span><span class=\"sharing-screen-reader-text\">Click to print (Opens in new window)<\/span><\/a><\/li><li class=\"share-email\"><a rel=\"nofollow noopener noreferrer\" data-shared=\"\" class=\"share-email sd-button share-icon no-text\" href=\"https:\/\/bukkleader.hu\/old\/mihaly-napi-vasar-bocson-leader-tamogatassal\/?share=email\" target=\"_blank\" title=\"Click to email this to a friend\"><span><\/span><span class=\"sharing-screen-reader-text\">Click to email this to a friend (Opens in new window)<\/span><\/a><\/li><li class=\"share-end\"><\/li><\/ul><\/div><\/div><\/div>","protected":false},"author":4,"featured_media":2218,"comment_status":"open","ping_status":"closed","sticky":false,"template":"","format":"standard","meta":{"_bbp_topic_count":0,"_bbp_reply_count":0,"_bbp_total_topic_count":0,"_bbp_total_reply_count":0,"_bbp_voice_count":0,"_bbp_anonymous_reply_count":0,"_bbp_topic_count_hidden":0,"_bbp_reply_count_hidden":0,"_bbp_forum_subforum_count":0,"spay_email":"","jetpack_publicize_message":"","jetpack_is_tweetstorm":false,"jetpack_publicize_feature_enabled":true},"categories":[1,30,29],"tags":[],"jetpack_featured_media_url":"https:\/\/bukkleader.hu\/old\/wp-content\/uploads\/2019\/08\/bocs_neptanc2.jpg","jetpack_publicize_connections":[],"jetpack_sharing_enabled":true,"jetpack-related-posts":[{"id":2123,"url":"https:\/\/bukkleader.hu\/old\/kozepkori-piac-es-vasar-sajokereszturban-leader-tamogatassal\/","url_meta":{"origin":2214,"position":0},"title":"K\u00f6z\u00e9pkori piac \u00e9s v\u00e1s\u00e1r Saj\u00f3kereszt\u00farban LEADER t\u00e1mogat\u00e1ssal","date":"2019-07-16","format":false,"excerpt":"Tisztelt \u00c9rdekl\u0151d\u0151k! Saj\u00f3kereszt\u00far K\u00f6zs\u00e9g \u00d6nkorm\u00e1nyzata tisztelettel megh\u00edvja \u00d6n\u00f6ket 2019. augusztus 17-18-\u00e1n tartand\u00f3, LEADER t\u00e1mogat\u00e1ssal megval\u00f3sul\u00f3 K\u00f6z\u00e9pkori Piac \u00e9s V\u00e1s\u00e1r Saj\u00f3kereszt\u00farban c\u00edm\u0171 rendezv\u00e9ny\u00e9re. A r\u00e9szletes program innen let\u00f6lthet\u0151.\u00a0 \u00a0 \u00a0 \u00a0 \u00a0","rel":"","context":"In &quot;H\u00edreink, k\u00f6zlem\u00e9nyeink&quot;","img":{"alt_text":"","src":"https:\/\/i0.wp.com\/bukkleader.hu\/old\/wp-content\/uploads\/2019\/07\/kozepkorivasar.jpg?resize=350%2C200&ssl=1","width":350,"height":200},"classes":[]},{"id":5865,"url":"https:\/\/bukkleader.hu\/old\/kozepkori-kezmuves-vasar-dedestapolcsanyban-leader-tamogatassal-2021-05-22-23\/","url_meta":{"origin":2214,"position":1},"title":"K\u00f6z\u00e9pkori K\u00e9zm\u0171ves V\u00e1s\u00e1r D\u00e9destapolcs\u00e1nyban LEADER t\u00e1mogat\u00e1ssal 2021.05.22-23.","date":"2021-04-20","format":false,"excerpt":"Figyelem! A rendezv\u00e9ny id\u0151pontja megv\u00e1ltozott. R\u00e9szletek itt. *** D\u00e9destapolcs\u00e1ny K\u00f6zs\u00e9g \u00d6nkorm\u00e1nyzata tisztelettel megh\u00edvja \u00d6n\u00f6ket 2021. m\u00e1jus 22-23-\u00e1n (szombat-vas\u00e1rnap) D\u00e9destapolcs\u00e1nyban tartand\u00f3, LEADER t\u00e1mogat\u00e1ssal megval\u00f3sul\u00f3 \u201eK\u00f6z\u00e9pkori K\u00e9zm\u0171ves V\u00e1s\u00e1r\u201d c\u00edm\u0171 rendezv\u00e9ny\u00e9re az al\u00e1bbiak szerint (a program PDF-ben let\u00f6lthet\u0151 itt):","rel":"","context":"In &quot;H\u00edreink, k\u00f6zlem\u00e9nyeink&quot;","img":{"alt_text":"","src":"https:\/\/i2.wp.com\/bukkleader.hu\/old\/wp-content\/uploads\/2016\/12\/D\u00e9destapolcs\u00e1ny.jpg?resize=350%2C200&ssl=1","width":350,"height":200},"classes":[]},{"id":2176,"url":"https:\/\/bukkleader.hu\/old\/2176-2\/","url_meta":{"origin":2214,"position":2},"title":"B\u0151cs Tudomka Falu program LEADER t\u00e1mogat\u00e1ssal","date":"2019-08-13","format":false,"excerpt":"Tisztelt \u00c9rdekl\u0151d\u0151k! B\u0151cs K\u00f6zs\u00e9g \u00d6nkorm\u00e1nyzata tisztelettel megh\u00edvja \u00d6n\u00f6ket 2019. augusztus 17-\u00e9n tartand\u00f3, LEADER t\u00e1mogat\u00e1ssal megval\u00f3sul\u00f3 \"B\u0151cs Tudomka Falu program\" c\u00edm\u0171 rendezv\u00e9ny\u00e9re. A r\u00e9szletes program innen let\u00f6lthet\u0151.","rel":"","context":"In &quot;H\u00edreink, k\u00f6zlem\u00e9nyeink&quot;","img":{"alt_text":"","src":"https:\/\/i0.wp.com\/bukkleader.hu\/old\/wp-content\/uploads\/2019\/08\/bocs_neptanc.jpg?resize=350%2C200&ssl=1","width":350,"height":200},"classes":[]},{"id":5931,"url":"https:\/\/bukkleader.hu\/old\/figyelem-idopont-valtozas-a-kozepkori-kezmuves-vasar-dedestapolcsanyban-2021-05-29-30-an-kerul-megrendezesre\/","url_meta":{"origin":2214,"position":3},"title":"Figyelem! Id\u0151pont v\u00e1ltoz\u00e1s! A K\u00f6z\u00e9pkori K\u00e9zm\u0171ves V\u00e1s\u00e1r D\u00e9destapolcs\u00e1nyban 2021.05.29-30-\u00e1n ker\u00fcl megrendez\u00e9sre!","date":"2021-05-21","format":false,"excerpt":"Figyelem! A\u00a0honlapunkon 2021.04.30-\u00e1n meghirdetett d\u00e9destapolcs\u00e1nyi \u201eK\u00f6z\u00e9pkori K\u00e9zm\u0171ves V\u00e1s\u00e1r\u201d c\u00edm\u0171 rendezv\u00e9ny id\u0151pontj\u00e1ban \u00e9s programj\u00e1ban v\u00e1ltoz\u00e1s \u00e1llt be az al\u00e1bbiak szerint (a megh\u00edv\u00f3 \u00e9s a program PDF f\u00e1jlban let\u00f6lthet\u0151 itt \u00e9s itt): \u00a0","rel":"","context":"In &quot;H\u00edreink, k\u00f6zlem\u00e9nyeink&quot;","img":{"alt_text":"","src":"https:\/\/i2.wp.com\/bukkleader.hu\/old\/wp-content\/uploads\/2016\/12\/D\u00e9destapolcs\u00e1ny.jpg?resize=350%2C200&ssl=1","width":350,"height":200},"classes":[]},{"id":110,"url":"https:\/\/bukkleader.hu\/old\/2013-julius-01-2013-szeptember-30-idoszak\/","url_meta":{"origin":2214,"position":4},"title":"2013. j\u00falius 01. &#8211; 2013. szeptember 30. id\u0151szak","date":"2013-10-01","format":false,"excerpt":"A B\u00fckk-T\u00e9rs\u00e9gi LEADER Egyes\u00fclet munkaszervezet\u00e9nek legfontosabb feladata a 2013.07.01. \u2013 09.30. id\u0151szakban a beny\u00fajtott LEADER p\u00e1ly\u00e1zatok \u00fcgyint\u00e9z\u00e9se volt. A LEADER p\u00e1ly\u00e1zatok a HACS ter\u00fclet\u00e9r\u0151l az Ir\u00e1ny\u00edt\u00f3 Hat\u00f3s\u00e1g d\u00f6nt\u00e9s\u00e9nek megfelel\u0151en 2013.09.24-t\u0151l egy napig \u00fajra beny\u00fajthat\u00f3k voltak, szolg\u00e1ltat\u00e1sfejleszt\u00e9s kateg\u00f3ri\u00e1ban. \u00cdgy a 2013.09. h\u00f3napban rendelkez\u00e9sre \u00e1ll\u00f3 LEADER fejleszt\u00e9si forr\u00e1saink tekintet\u00e9ben \u00f6sszesen mintegy 150\u2026","rel":"","context":"In &quot;Munkabesz\u00e1mol\u00f3k&quot;","img":{"alt_text":"","src":"","width":0,"height":0},"classes":[]},{"id":334,"url":"https:\/\/bukkleader.hu\/old\/e-mobilitasi-informacios-nap\/","url_meta":{"origin":2214,"position":5},"title":"E-mobilit\u00e1si inform\u00e1ci\u00f3s nap","date":"2013-09-08","format":false,"excerpt":"E-mobilit\u00e1si inform\u00e1ci\u00f3s nap \u00e9s Nissan LEAF tesztvezet\u00e9si lehet\u0151s\u00e9g B\u0151cs\u00f6n, 2013. szeptember 11-\u00e9nA B\u00fckk-T\u00e9rs\u00e9gi LEADER Egyes\u00fclet a B\u0151csi \u00d6nkorm\u00e1nyzattal egy\u00fcttm\u0171k\u00f6d\u00e9sben 2013. szeptember 11-\u00e9n, 10:00 \u00f3rai kezdettel a b\u0151csi Faluh\u00e1zban (R\u00e1k\u00f3czi u. 25.) megrendezi \"Az elektromos aut\u00f3z\u00e1s szerepe \u00e9s lehet\u0151s\u00e9gei a vid\u00e9k meg\u00fajul\u00e1s\u00e1ban\" c. inform\u00e1ci\u00f3s napot. Az inform\u00e1ci\u00f3s napon az Egyes\u00fclet bemutatja\u2026","rel":"","context":"In &quot;H\u00edreink, k\u00f6zlem\u00e9nyeink&quot;","img":{"alt_text":"elektromos-auto-w","src":"https:\/\/i0.wp.com\/bukkleader.hu\/old\/wp-content\/uploads\/2015\/09\/elektromos-auto-w.jpg?resize=350%2C200&ssl=1","width":350,"height":200},"classes":[]}],"_links":{"self":[{"href":"https:\/\/bukkleader.hu\/old\/wp-json\/wp\/v2\/posts\/2214"}],"collection":[{"href":"https:\/\/bukkleader.hu\/old\/wp-json\/wp\/v2\/posts"}],"about":[{"href":"https:\/\/bukkleader.hu\/old\/wp-json\/wp\/v2\/types\/post"}],"author":[{"embeddable":true,"href":"https:\/\/bukkleader.hu\/old\/wp-json\/wp\/v2\/users\/4"}],"replies":[{"embeddable":true,"href":"https:\/\/bukkleader.hu\/old\/wp-json\/wp\/v2\/comments?post=2214"}],"version-history":[{"count":1,"href":"https:\/\/bukkleader.hu\/old\/wp-json\/wp\/v2\/posts\/2214\/revisions"}],"predecessor-version":[{"id":2219,"href":"https:\/\/bukkleader.hu\/old\/wp-json\/wp\/v2\/posts\/2214\/revisions\/2219"}],"wp:featuredmedia":[{"embeddable":true,"href":"https:\/\/bukkleader.hu\/old\/wp-json\/wp\/v2\/media\/2218"}],"wp:attachment":[{"href":"https:\/\/bukkleader.hu\/old\/wp-json\/wp\/v2\/media?parent=2214"}],"wp:term":[{"taxonomy":"category","embeddable":true,"href":"https:\/\/bukkleader.hu\/old\/wp-json\/wp\/v2\/categories?post=2214"},{"taxonomy":"post_tag","embeddable":true,"href":"https:\/\/bukkleader.hu\/old\/wp-json\/wp\/v2\/tags?post=2214"}],"curies":[{"name":"wp","href":"https:\/\/api.w.org\/{rel}","templated":true}]}}