{"id":2206,"date":"2019-08-29T09:18:01","date_gmt":"2019-08-29T07:18:01","guid":{"rendered":"https:\/\/bukkleader.hu\/old\/?p=2206"},"modified":"2019-08-29T09:18:01","modified_gmt":"2019-08-29T07:18:01","slug":"multat-a-jelennek-rendezveny-cserepvaraljan-leader-tamogatassal","status":"publish","type":"post","link":"https:\/\/bukkleader.hu\/old\/multat-a-jelennek-rendezveny-cserepvaraljan-leader-tamogatassal\/","title":{"rendered":"&#8220;M\u00faltat A Jelennek!&#8221; rendezv\u00e9ny Cser\u00e9pv\u00e1ralj\u00e1n LEADER t\u00e1mogat\u00e1ssal"},"content":{"rendered":"<p><strong>Cser\u00e9pv\u00e1ralja K\u00f6zs\u00e9g \u00d6nkorm\u00e1nyzata<\/strong> tisztelettel megh\u00edvja \u00d6n\u00f6ket <strong>2019. szeptember 28-\u00e1n<\/strong> (szombat) tartand\u00f3, LEADER t\u00e1mogat\u00e1ssal megval\u00f3sul\u00f3 <strong>\u201cM\u00faltat A Jelennek!\u201d<\/strong> c\u00edm\u0171 rendezv\u00e9ny\u00e9re. A r\u00e9szletes program innen <span style=\"color: #0000ff;\"><strong><a style=\"color: #0000ff;\" href=\"https:\/\/bukkleader.hu\/old\/wp-content\/uploads\/2019\/08\/Rendezv\u00e9nyprogram-M\u00faltat-a-jelennek.pdf\" target=\"_blank\" rel=\"noopener\">let\u00f6lthet\u0151<\/a><\/strong><\/span>.<\/p>\n<p><img data-attachment-id=\"2208\" data-permalink=\"https:\/\/bukkleader.hu\/old\/multat-a-jelennek-rendezveny-cserepvaraljan-leader-tamogatassal\/meghivo_multat-a-jelennek\/\" data-orig-file=\"https:\/\/bukkleader.hu\/old\/wp-content\/uploads\/2019\/08\/Megh\u00edv\u00f3_M\u00faltat-a-Jelennek.jpg\" data-orig-size=\"1240,1754\" data-comments-opened=\"1\" data-image-meta=\"{&quot;aperture&quot;:&quot;0&quot;,&quot;credit&quot;:&quot;&quot;,&quot;camera&quot;:&quot;&quot;,&quot;caption&quot;:&quot;&quot;,&quot;created_timestamp&quot;:&quot;0&quot;,&quot;copyright&quot;:&quot;&quot;,&quot;focal_length&quot;:&quot;0&quot;,&quot;iso&quot;:&quot;0&quot;,&quot;shutter_speed&quot;:&quot;0&quot;,&quot;title&quot;:&quot;&quot;,&quot;orientation&quot;:&quot;0&quot;}\" data-image-title=\"Megh\u00edv\u00f3_M\u00faltat a Jelennek\" data-image-description=\"\" data-image-caption=\"\" data-medium-file=\"https:\/\/bukkleader.hu\/old\/wp-content\/uploads\/2019\/08\/Megh\u00edv\u00f3_M\u00faltat-a-Jelennek-212x300.jpg\" data-large-file=\"https:\/\/bukkleader.hu\/old\/wp-content\/uploads\/2019\/08\/Megh\u00edv\u00f3_M\u00faltat-a-Jelennek-724x1024.jpg\" loading=\"lazy\" class=\"aligncenter size-full wp-image-2208\" src=\"https:\/\/bukkleader.hu\/old\/wp-content\/uploads\/2019\/08\/Megh\u00edv\u00f3_M\u00faltat-a-Jelennek.jpg\" alt=\"\" width=\"1240\" height=\"1754\" srcset=\"https:\/\/bukkleader.hu\/old\/wp-content\/uploads\/2019\/08\/Megh\u00edv\u00f3_M\u00faltat-a-Jelennek.jpg 1240w, https:\/\/bukkleader.hu\/old\/wp-content\/uploads\/2019\/08\/Megh\u00edv\u00f3_M\u00faltat-a-Jelennek-212x300.jpg 212w, https:\/\/bukkleader.hu\/old\/wp-content\/uploads\/2019\/08\/Megh\u00edv\u00f3_M\u00faltat-a-Jelennek-768x1086.jpg 768w, https:\/\/bukkleader.hu\/old\/wp-content\/uploads\/2019\/08\/Megh\u00edv\u00f3_M\u00faltat-a-Jelennek-724x1024.jpg 724w\" sizes=\"(max-width: 1240px) 100vw, 1240px\" \/><\/p>\n<div class=\"sharedaddy sd-sharing-enabled\"><div class=\"robots-nocontent sd-block sd-social sd-social-icon sd-sharing\"><h3 class=\"sd-title\">Share this:<\/h3><div class=\"sd-content\"><ul><li class=\"share-facebook\"><a rel=\"nofollow noopener noreferrer\" data-shared=\"sharing-facebook-2206\" class=\"share-facebook sd-button share-icon no-text\" href=\"https:\/\/bukkleader.hu\/old\/multat-a-jelennek-rendezveny-cserepvaraljan-leader-tamogatassal\/?share=facebook\" target=\"_blank\" title=\"Click to share on Facebook\"><span><\/span><span class=\"sharing-screen-reader-text\">Click to share on Facebook (Opens in new window)<\/span><\/a><\/li><li class=\"share-twitter\"><a rel=\"nofollow noopener noreferrer\" data-shared=\"sharing-twitter-2206\" class=\"share-twitter sd-button share-icon no-text\" href=\"https:\/\/bukkleader.hu\/old\/multat-a-jelennek-rendezveny-cserepvaraljan-leader-tamogatassal\/?share=twitter\" target=\"_blank\" title=\"Click to share on Twitter\"><span><\/span><span class=\"sharing-screen-reader-text\">Click to share on Twitter (Opens in new window)<\/span><\/a><\/li><li class=\"share-print\"><a rel=\"nofollow noopener noreferrer\" data-shared=\"\" class=\"share-print sd-button share-icon no-text\" href=\"https:\/\/bukkleader.hu\/old\/multat-a-jelennek-rendezveny-cserepvaraljan-leader-tamogatassal\/\" target=\"_blank\" title=\"Click to print\"><span><\/span><span class=\"sharing-screen-reader-text\">Click to print (Opens in new window)<\/span><\/a><\/li><li class=\"share-email\"><a rel=\"nofollow noopener noreferrer\" data-shared=\"\" class=\"share-email sd-button share-icon no-text\" href=\"https:\/\/bukkleader.hu\/old\/multat-a-jelennek-rendezveny-cserepvaraljan-leader-tamogatassal\/?share=email\" target=\"_blank\" title=\"Click to email this to a friend\"><span><\/span><span class=\"sharing-screen-reader-text\">Click to email this to a friend (Opens in new window)<\/span><\/a><\/li><li class=\"share-end\"><\/li><\/ul><\/div><\/div><\/div>","protected":false},"excerpt":{"rendered":"<p>Cser\u00e9pv\u00e1ralja K\u00f6zs\u00e9g \u00d6nkorm\u00e1nyzata tisztelettel megh\u00edvja \u00d6n\u00f6ket 2019. szeptember 28-\u00e1n (szombat) tartand\u00f3, LEADER t\u00e1mogat\u00e1ssal megval\u00f3sul\u00f3 \u201cM\u00faltat A Jelennek!\u201d c\u00edm\u0171 rendezv\u00e9ny\u00e9re. A r\u00e9szletes program innen let\u00f6lthet\u0151.<\/p>\n<div class=\"sharedaddy sd-sharing-enabled\"><div class=\"robots-nocontent sd-block sd-social sd-social-icon sd-sharing\"><h3 class=\"sd-title\">Share this:<\/h3><div class=\"sd-content\"><ul><li class=\"share-facebook\"><a rel=\"nofollow noopener noreferrer\" data-shared=\"sharing-facebook-2206\" class=\"share-facebook sd-button share-icon no-text\" href=\"https:\/\/bukkleader.hu\/old\/multat-a-jelennek-rendezveny-cserepvaraljan-leader-tamogatassal\/?share=facebook\" target=\"_blank\" title=\"Click to share on Facebook\"><span><\/span><span class=\"sharing-screen-reader-text\">Click to share on Facebook (Opens in new window)<\/span><\/a><\/li><li class=\"share-twitter\"><a rel=\"nofollow noopener noreferrer\" data-shared=\"sharing-twitter-2206\" class=\"share-twitter sd-button share-icon no-text\" href=\"https:\/\/bukkleader.hu\/old\/multat-a-jelennek-rendezveny-cserepvaraljan-leader-tamogatassal\/?share=twitter\" target=\"_blank\" title=\"Click to share on Twitter\"><span><\/span><span class=\"sharing-screen-reader-text\">Click to share on Twitter (Opens in new window)<\/span><\/a><\/li><li class=\"share-print\"><a rel=\"nofollow noopener noreferrer\" data-shared=\"\" class=\"share-print sd-button share-icon no-text\" href=\"https:\/\/bukkleader.hu\/old\/multat-a-jelennek-rendezveny-cserepvaraljan-leader-tamogatassal\/\" target=\"_blank\" title=\"Click to print\"><span><\/span><span class=\"sharing-screen-reader-text\">Click to print (Opens in new window)<\/span><\/a><\/li><li class=\"share-email\"><a rel=\"nofollow noopener noreferrer\" data-shared=\"\" class=\"share-email sd-button share-icon no-text\" href=\"https:\/\/bukkleader.hu\/old\/multat-a-jelennek-rendezveny-cserepvaraljan-leader-tamogatassal\/?share=email\" target=\"_blank\" title=\"Click to email this to a friend\"><span><\/span><span class=\"sharing-screen-reader-text\">Click to email this to a friend (Opens in new window)<\/span><\/a><\/li><li class=\"share-end\"><\/li><\/ul><\/div><\/div><\/div>","protected":false},"author":4,"featured_media":2212,"comment_status":"open","ping_status":"closed","sticky":false,"template":"","format":"standard","meta":{"_bbp_topic_count":0,"_bbp_reply_count":0,"_bbp_total_topic_count":0,"_bbp_total_reply_count":0,"_bbp_voice_count":0,"_bbp_anonymous_reply_count":0,"_bbp_topic_count_hidden":0,"_bbp_reply_count_hidden":0,"_bbp_forum_subforum_count":0,"spay_email":"","jetpack_publicize_message":"","jetpack_is_tweetstorm":false,"jetpack_publicize_feature_enabled":true},"categories":[1,31,29],"tags":[],"jetpack_featured_media_url":"https:\/\/bukkleader.hu\/old\/wp-content\/uploads\/2019\/08\/Cserepvaralja2-1.jpg","jetpack_publicize_connections":[],"jetpack_sharing_enabled":true,"jetpack-related-posts":[{"id":2927,"url":"https:\/\/bukkleader.hu\/old\/gazdalkodj-okosan-rendezveny-cserepvaraljan-leader-tamogatassal-2020-10-17\/","url_meta":{"origin":2206,"position":0},"title":"\u201cGazd\u00e1lkodj okosan\u201d rendezv\u00e9ny Cser\u00e9pv\u00e1ralj\u00e1n LEADER t\u00e1mogat\u00e1ssal \u2013 2020.10.17.","date":"2020-09-16","format":false,"excerpt":"A Cser\u00e9pv\u00e1ralj\u00e1\u00e9rt Alap\u00edtv\u00e1ny tisztelettel megh\u00edvja \u00d6n\u00f6ket 2020. okt\u00f3ber 17-\u00e9n (szombat) Cser\u00e9pv\u00e1ralj\u00e1n tartand\u00f3, LEADER t\u00e1mogat\u00e1ssal megval\u00f3sul\u00f3 \u201cGazd\u00e1lkodj okosan\u201d c\u00edm\u0171 rendezv\u00e9ny\u00e9re. A r\u00e9szletes program: \u00a0","rel":"","context":"In &quot;H\u00edreink, k\u00f6zlem\u00e9nyeink&quot;","img":{"alt_text":"","src":"https:\/\/i2.wp.com\/bukkleader.hu\/old\/wp-content\/uploads\/2017\/11\/Cser\u00e9pv\u00e1ralja-1-1.jpg?resize=350%2C200&ssl=1","width":350,"height":200},"classes":[]},{"id":2931,"url":"https:\/\/bukkleader.hu\/old\/mestersegek-haza-rendezveny-cserepvaraljan-leader-tamogatassal-2020-10-17\/","url_meta":{"origin":2206,"position":1},"title":"\u201cMesters\u00e9gek h\u00e1za\u201d rendezv\u00e9ny Cser\u00e9pv\u00e1ralj\u00e1n LEADER t\u00e1mogat\u00e1ssal \u2013 2020.10.17.","date":"2020-09-16","format":false,"excerpt":"A Cser\u00e9pv\u00e1ralja J\u00f6v\u0151j\u00e9\u00e9rt Alap\u00edtv\u00e1ny tisztelettel megh\u00edvja \u00d6n\u00f6ket 2020. okt\u00f3ber 17-\u00e9n (szombat) Cser\u00e9pv\u00e1ralj\u00e1n tartand\u00f3, LEADER t\u00e1mogat\u00e1ssal megval\u00f3sul\u00f3 \u201cMesters\u00e9gek h\u00e1za\u201d c\u00edm\u0171 rendezv\u00e9ny\u00e9re. A r\u00e9szletes program:","rel":"","context":"In &quot;H\u00edreink, k\u00f6zlem\u00e9nyeink&quot;","img":{"alt_text":"","src":"https:\/\/i1.wp.com\/bukkleader.hu\/old\/wp-content\/uploads\/2020\/09\/fazekas.jpg?resize=350%2C200&ssl=1","width":350,"height":200},"classes":[]},{"id":5951,"url":"https:\/\/bukkleader.hu\/old\/gazdalkodj-okosan-rendezveny-cserepvaraljan-leader-tamogatassal-masodik-interaktiv-bemutato-2021-07-24\/","url_meta":{"origin":2206,"position":2},"title":"\u201cGazd\u00e1lkodj okosan\u201d rendezv\u00e9ny Cser\u00e9pv\u00e1ralj\u00e1n LEADER t\u00e1mogat\u00e1ssal (m\u00e1sodik interakt\u00edv bemutat\u00f3) \u2013 2021.07.24.","date":"2021-06-22","format":false,"excerpt":"A\u00a0Cser\u00e9pv\u00e1ralj\u00e1\u00e9rt Alap\u00edtv\u00e1ny\u00a0tisztelettel megh\u00edvja \u00d6n\u00f6ket\u00a02021. j\u00falius 24-\u00e9n\u00a0(szombat)\u00a0Cser\u00e9pv\u00e1ralj\u00e1n\u00a0tartand\u00f3, LEADER t\u00e1mogat\u00e1ssal megval\u00f3sul\u00f3\u00a0\u201cGazd\u00e1lkodj okosan\u201d\u00a0c\u00edm\u0171 rendezv\u00e9nysorozata m\u00e1sodik interakt\u00edv bemutat\u00f3j\u00e1ra. A r\u00e9szletes program (a megh\u00edv\u00f3 \u00e9s a program PDF-ben let\u00f6lthet\u0151 itt \u00e9s itt): \u00a0 \u00a0","rel":"","context":"In &quot;H\u00edreink, k\u00f6zlem\u00e9nyeink&quot;","img":{"alt_text":"","src":"https:\/\/i2.wp.com\/bukkleader.hu\/old\/wp-content\/uploads\/2020\/10\/l\u00f3.jpg?resize=350%2C200&ssl=1","width":350,"height":200},"classes":[]},{"id":5957,"url":"https:\/\/bukkleader.hu\/old\/gazdalkodj-okosan-rendezveny-cserepvaraljan-leader-tamogatassal-harmadik-interaktiv-bemutato-2021-07-31\/","url_meta":{"origin":2206,"position":3},"title":"\u201cGazd\u00e1lkodj okosan\u201d rendezv\u00e9ny Cser\u00e9pv\u00e1ralj\u00e1n LEADER t\u00e1mogat\u00e1ssal (harmadik interakt\u00edv bemutat\u00f3) \u2013 2021.07.31.","date":"2021-06-22","format":false,"excerpt":"A\u00a0Cser\u00e9pv\u00e1ralj\u00e1\u00e9rt Alap\u00edtv\u00e1ny\u00a0tisztelettel megh\u00edvja \u00d6n\u00f6ket\u00a02021. j\u00falius 31-\u00e9n\u00a0(szombat)\u00a0Cser\u00e9pv\u00e1ralj\u00e1n\u00a0tartand\u00f3, LEADER t\u00e1mogat\u00e1ssal megval\u00f3sul\u00f3\u00a0\u201cGazd\u00e1lkodj okosan\u201d\u00a0c\u00edm\u0171 rendezv\u00e9nysorozata harmadik interakt\u00edv bemutat\u00f3j\u00e1ra. A r\u00e9szletes program (a megh\u00edv\u00f3 \u00e9s a program PDF-ben let\u00f6lthet\u0151 itt \u00e9s itt): \u00a0","rel":"","context":"In &quot;H\u00edreink, k\u00f6zlem\u00e9nyeink&quot;","img":{"alt_text":"","src":"https:\/\/i1.wp.com\/bukkleader.hu\/old\/wp-content\/uploads\/2020\/10\/allatok2.jpg?resize=350%2C200&ssl=1","width":350,"height":200},"classes":[]},{"id":5963,"url":"https:\/\/bukkleader.hu\/old\/mestersegek-haza-rendezveny-cserepvaraljan-leader-tamogatassal-masodik-interaktiv-bemutato-2021-07-24\/","url_meta":{"origin":2206,"position":4},"title":"\u201cMesters\u00e9gek h\u00e1za\u201d rendezv\u00e9ny Cser\u00e9pv\u00e1ralj\u00e1n LEADER t\u00e1mogat\u00e1ssal (m\u00e1sodik interakt\u00edv bemutat\u00f3) \u2013 2021.07.24.","date":"2021-06-22","format":false,"excerpt":"A\u00a0Cser\u00e9pv\u00e1ralja J\u00f6v\u0151j\u00e9\u00e9rt Alap\u00edtv\u00e1ny\u00a0tisztelettel megh\u00edvja \u00d6n\u00f6ket\u00a02021. j\u00falius 24-\u00e9n\u00a0(szombat)\u00a0Cser\u00e9pv\u00e1ralj\u00e1n\u00a0tartand\u00f3, LEADER t\u00e1mogat\u00e1ssal megval\u00f3sul\u00f3\u00a0\u201cMesters\u00e9gek h\u00e1za\u201d\u00a0c\u00edm\u0171 rendezv\u00e9nysorozata m\u00e1sodik interakt\u00edv bemutat\u00f3j\u00e1ra. A r\u00e9szletes program (a megh\u00edv\u00f3 \u00e9s a program PDF-ben let\u00f6lthet\u0151 itt \u00e9s itt): \u00a0","rel":"","context":"In &quot;H\u00edreink, k\u00f6zlem\u00e9nyeink&quot;","img":{"alt_text":"","src":"https:\/\/i1.wp.com\/bukkleader.hu\/old\/wp-content\/uploads\/2020\/09\/fazekas.jpg?resize=350%2C200&ssl=1","width":350,"height":200},"classes":[]},{"id":5970,"url":"https:\/\/bukkleader.hu\/old\/mestersegek-haza-rendezveny-cserepvaraljan-leader-tamogatassal-harmadik-interaktiv-bemutato-2021-07-31\/","url_meta":{"origin":2206,"position":5},"title":"\u201cMesters\u00e9gek h\u00e1za\u201d rendezv\u00e9ny Cser\u00e9pv\u00e1ralj\u00e1n LEADER t\u00e1mogat\u00e1ssal (harmadik interakt\u00edv bemutat\u00f3) \u2013 2021.07.31.","date":"2021-06-22","format":false,"excerpt":"A\u00a0Cser\u00e9pv\u00e1ralja J\u00f6v\u0151j\u00e9\u00e9rt Alap\u00edtv\u00e1ny\u00a0tisztelettel megh\u00edvja \u00d6n\u00f6ket\u00a02021. j\u00falius 31-\u00e9n\u00a0(szombat)\u00a0Cser\u00e9pv\u00e1ralj\u00e1n\u00a0tartand\u00f3, LEADER t\u00e1mogat\u00e1ssal megval\u00f3sul\u00f3\u00a0\u201cMesters\u00e9gek h\u00e1za\u201d\u00a0c\u00edm\u0171 rendezv\u00e9nysorozata harmadik interakt\u00edv bemutat\u00f3j\u00e1ra. A r\u00e9szletes program (a megh\u00edv\u00f3 \u00e9s a program PDF-ben let\u00f6lthet\u0151 itt \u00e9s itt):","rel":"","context":"In &quot;H\u00edreink, k\u00f6zlem\u00e9nyeink&quot;","img":{"alt_text":"","src":"https:\/\/i0.wp.com\/bukkleader.hu\/old\/wp-content\/uploads\/2020\/10\/szoves.jpg?resize=350%2C200&ssl=1","width":350,"height":200},"classes":[]}],"_links":{"self":[{"href":"https:\/\/bukkleader.hu\/old\/wp-json\/wp\/v2\/posts\/2206"}],"collection":[{"href":"https:\/\/bukkleader.hu\/old\/wp-json\/wp\/v2\/posts"}],"about":[{"href":"https:\/\/bukkleader.hu\/old\/wp-json\/wp\/v2\/types\/post"}],"author":[{"embeddable":true,"href":"https:\/\/bukkleader.hu\/old\/wp-json\/wp\/v2\/users\/4"}],"replies":[{"embeddable":true,"href":"https:\/\/bukkleader.hu\/old\/wp-json\/wp\/v2\/comments?post=2206"}],"version-history":[{"count":1,"href":"https:\/\/bukkleader.hu\/old\/wp-json\/wp\/v2\/posts\/2206\/revisions"}],"predecessor-version":[{"id":2213,"href":"https:\/\/bukkleader.hu\/old\/wp-json\/wp\/v2\/posts\/2206\/revisions\/2213"}],"wp:featuredmedia":[{"embeddable":true,"href":"https:\/\/bukkleader.hu\/old\/wp-json\/wp\/v2\/media\/2212"}],"wp:attachment":[{"href":"https:\/\/bukkleader.hu\/old\/wp-json\/wp\/v2\/media?parent=2206"}],"wp:term":[{"taxonomy":"category","embeddable":true,"href":"https:\/\/bukkleader.hu\/old\/wp-json\/wp\/v2\/categories?post=2206"},{"taxonomy":"post_tag","embeddable":true,"href":"https:\/\/bukkleader.hu\/old\/wp-json\/wp\/v2\/tags?post=2206"}],"curies":[{"name":"wp","href":"https:\/\/api.w.org\/{rel}","templated":true}]}}