{"id":2199,"date":"2019-08-16T15:02:29","date_gmt":"2019-08-16T13:02:29","guid":{"rendered":"https:\/\/bukkleader.hu\/old\/?p=2199"},"modified":"2019-08-21T08:44:07","modified_gmt":"2019-08-21T06:44:07","slug":"geszti-szerelem-napok-borsodgeszten-leader-tamogatassal","status":"publish","type":"post","link":"https:\/\/bukkleader.hu\/old\/geszti-szerelem-napok-borsodgeszten-leader-tamogatassal\/","title":{"rendered":"&#8220;Geszti Szerelem Napok&#8221; Borsodgeszten LEADER t\u00e1mogat\u00e1ssal"},"content":{"rendered":"<p><strong>Borsodgeszt K\u00f6zs\u00e9g \u00d6nkorm\u00e1nyzata<\/strong> tisztelettel megh\u00edvja \u00d6n\u00f6ket <strong>2019. szeptember 21-22-\u00e9n<\/strong> tartand\u00f3, LEADER t\u00e1mogat\u00e1ssal megval\u00f3sul\u00f3 <strong>&#8220;Geszti Szerelem Napok&#8221;<\/strong> c\u00edm\u0171 rendezv\u00e9ny\u00e9re. A r\u00e9szletes program innen <span style=\"color: #0000ff;\"><strong><a style=\"color: #0000ff;\" href=\"https:\/\/bukkleader.hu\/old\/wp-content\/uploads\/2019\/08\/Program_Geszti-Szerelem.pdf\" target=\"_blank\" rel=\"noopener\">let\u00f6lthet\u0151<\/a><\/strong><\/span>.\u00a0<\/p>\n<p><img data-attachment-id=\"2200\" data-permalink=\"https:\/\/bukkleader.hu\/old\/geszti-szerelem-napok-borsodgeszten-leader-tamogatassal\/meghivo_geszti-szerelem\/\" data-orig-file=\"https:\/\/bukkleader.hu\/old\/wp-content\/uploads\/2019\/08\/Megh\u00edv\u00f3_Geszti-Szerelem.jpg\" data-orig-size=\"1241,1754\" data-comments-opened=\"1\" data-image-meta=\"{&quot;aperture&quot;:&quot;0&quot;,&quot;credit&quot;:&quot;&quot;,&quot;camera&quot;:&quot;&quot;,&quot;caption&quot;:&quot;&quot;,&quot;created_timestamp&quot;:&quot;0&quot;,&quot;copyright&quot;:&quot;&quot;,&quot;focal_length&quot;:&quot;0&quot;,&quot;iso&quot;:&quot;0&quot;,&quot;shutter_speed&quot;:&quot;0&quot;,&quot;title&quot;:&quot;&quot;,&quot;orientation&quot;:&quot;0&quot;}\" data-image-title=\"Megh\u00edv\u00f3_Geszti Szerelem\" data-image-description=\"\" data-image-caption=\"\" data-medium-file=\"https:\/\/bukkleader.hu\/old\/wp-content\/uploads\/2019\/08\/Megh\u00edv\u00f3_Geszti-Szerelem-212x300.jpg\" data-large-file=\"https:\/\/bukkleader.hu\/old\/wp-content\/uploads\/2019\/08\/Megh\u00edv\u00f3_Geszti-Szerelem-725x1024.jpg\" loading=\"lazy\" class=\"alignnone size-full wp-image-2200\" src=\"https:\/\/bukkleader.hu\/old\/wp-content\/uploads\/2019\/08\/Megh\u00edv\u00f3_Geszti-Szerelem.jpg\" alt=\"\" width=\"1241\" height=\"1754\" srcset=\"https:\/\/bukkleader.hu\/old\/wp-content\/uploads\/2019\/08\/Megh\u00edv\u00f3_Geszti-Szerelem.jpg 1241w, https:\/\/bukkleader.hu\/old\/wp-content\/uploads\/2019\/08\/Megh\u00edv\u00f3_Geszti-Szerelem-212x300.jpg 212w, https:\/\/bukkleader.hu\/old\/wp-content\/uploads\/2019\/08\/Megh\u00edv\u00f3_Geszti-Szerelem-768x1085.jpg 768w, https:\/\/bukkleader.hu\/old\/wp-content\/uploads\/2019\/08\/Megh\u00edv\u00f3_Geszti-Szerelem-725x1024.jpg 725w\" sizes=\"(max-width: 1241px) 100vw, 1241px\" \/><\/p>\n<div class=\"sharedaddy sd-sharing-enabled\"><div class=\"robots-nocontent sd-block sd-social sd-social-icon sd-sharing\"><h3 class=\"sd-title\">Share this:<\/h3><div class=\"sd-content\"><ul><li class=\"share-facebook\"><a rel=\"nofollow noopener noreferrer\" data-shared=\"sharing-facebook-2199\" class=\"share-facebook sd-button share-icon no-text\" href=\"https:\/\/bukkleader.hu\/old\/geszti-szerelem-napok-borsodgeszten-leader-tamogatassal\/?share=facebook\" target=\"_blank\" title=\"Click to share on Facebook\"><span><\/span><span class=\"sharing-screen-reader-text\">Click to share on Facebook (Opens in new window)<\/span><\/a><\/li><li class=\"share-twitter\"><a rel=\"nofollow noopener noreferrer\" data-shared=\"sharing-twitter-2199\" class=\"share-twitter sd-button share-icon no-text\" href=\"https:\/\/bukkleader.hu\/old\/geszti-szerelem-napok-borsodgeszten-leader-tamogatassal\/?share=twitter\" target=\"_blank\" title=\"Click to share on Twitter\"><span><\/span><span class=\"sharing-screen-reader-text\">Click to share on Twitter (Opens in new window)<\/span><\/a><\/li><li class=\"share-print\"><a rel=\"nofollow noopener noreferrer\" data-shared=\"\" class=\"share-print sd-button share-icon no-text\" href=\"https:\/\/bukkleader.hu\/old\/geszti-szerelem-napok-borsodgeszten-leader-tamogatassal\/\" target=\"_blank\" title=\"Click to print\"><span><\/span><span class=\"sharing-screen-reader-text\">Click to print (Opens in new window)<\/span><\/a><\/li><li class=\"share-email\"><a rel=\"nofollow noopener noreferrer\" data-shared=\"\" class=\"share-email sd-button share-icon no-text\" href=\"https:\/\/bukkleader.hu\/old\/geszti-szerelem-napok-borsodgeszten-leader-tamogatassal\/?share=email\" target=\"_blank\" title=\"Click to email this to a friend\"><span><\/span><span class=\"sharing-screen-reader-text\">Click to email this to a friend (Opens in new window)<\/span><\/a><\/li><li class=\"share-end\"><\/li><\/ul><\/div><\/div><\/div>","protected":false},"excerpt":{"rendered":"<p>Borsodgeszt K\u00f6zs\u00e9g \u00d6nkorm\u00e1nyzata tisztelettel megh\u00edvja \u00d6n\u00f6ket 2019. szeptember 21-22-\u00e9n tartand\u00f3, LEADER t\u00e1mogat\u00e1ssal megval\u00f3sul\u00f3 &#8220;Geszti Szerelem Napok&#8221; c\u00edm\u0171 rendezv\u00e9ny\u00e9re. A r\u00e9szletes program innen let\u00f6lthet\u0151.\u00a0<\/p>\n<div class=\"sharedaddy sd-sharing-enabled\"><div class=\"robots-nocontent sd-block sd-social sd-social-icon sd-sharing\"><h3 class=\"sd-title\">Share this:<\/h3><div class=\"sd-content\"><ul><li class=\"share-facebook\"><a rel=\"nofollow noopener noreferrer\" data-shared=\"sharing-facebook-2199\" class=\"share-facebook sd-button share-icon no-text\" href=\"https:\/\/bukkleader.hu\/old\/geszti-szerelem-napok-borsodgeszten-leader-tamogatassal\/?share=facebook\" target=\"_blank\" title=\"Click to share on Facebook\"><span><\/span><span class=\"sharing-screen-reader-text\">Click to share on Facebook (Opens in new window)<\/span><\/a><\/li><li class=\"share-twitter\"><a rel=\"nofollow noopener noreferrer\" data-shared=\"sharing-twitter-2199\" class=\"share-twitter sd-button share-icon no-text\" href=\"https:\/\/bukkleader.hu\/old\/geszti-szerelem-napok-borsodgeszten-leader-tamogatassal\/?share=twitter\" target=\"_blank\" title=\"Click to share on Twitter\"><span><\/span><span class=\"sharing-screen-reader-text\">Click to share on Twitter (Opens in new window)<\/span><\/a><\/li><li class=\"share-print\"><a rel=\"nofollow noopener noreferrer\" data-shared=\"\" class=\"share-print sd-button share-icon no-text\" href=\"https:\/\/bukkleader.hu\/old\/geszti-szerelem-napok-borsodgeszten-leader-tamogatassal\/\" target=\"_blank\" title=\"Click to print\"><span><\/span><span class=\"sharing-screen-reader-text\">Click to print (Opens in new window)<\/span><\/a><\/li><li class=\"share-email\"><a rel=\"nofollow noopener noreferrer\" data-shared=\"\" class=\"share-email sd-button share-icon no-text\" href=\"https:\/\/bukkleader.hu\/old\/geszti-szerelem-napok-borsodgeszten-leader-tamogatassal\/?share=email\" target=\"_blank\" title=\"Click to email this to a friend\"><span><\/span><span class=\"sharing-screen-reader-text\">Click to email this to a friend (Opens in new window)<\/span><\/a><\/li><li class=\"share-end\"><\/li><\/ul><\/div><\/div><\/div>","protected":false},"author":4,"featured_media":2202,"comment_status":"open","ping_status":"closed","sticky":false,"template":"","format":"standard","meta":{"_bbp_topic_count":0,"_bbp_reply_count":0,"_bbp_total_topic_count":0,"_bbp_total_reply_count":0,"_bbp_voice_count":0,"_bbp_anonymous_reply_count":0,"_bbp_topic_count_hidden":0,"_bbp_reply_count_hidden":0,"_bbp_forum_subforum_count":0,"spay_email":"","jetpack_publicize_message":"","jetpack_is_tweetstorm":false,"jetpack_publicize_feature_enabled":true},"categories":[1,31,29],"tags":[],"jetpack_featured_media_url":"https:\/\/bukkleader.hu\/old\/wp-content\/uploads\/2019\/08\/szuret.jpg","jetpack_publicize_connections":[],"jetpack_sharing_enabled":true,"jetpack-related-posts":[{"id":2214,"url":"https:\/\/bukkleader.hu\/old\/mihaly-napi-vasar-bocson-leader-tamogatassal\/","url_meta":{"origin":2199,"position":0},"title":"&#8220;Mih\u00e1ly napi v\u00e1s\u00e1r&#8221; B\u0151cs\u00f6n LEADER t\u00e1mogat\u00e1ssal","date":"2019-08-29","format":false,"excerpt":"A R\u00f3zsafa Hagyom\u00e1ny\u0151rz\u0151 Egyes\u00fclet (B\u0151cs) tisztelettel megh\u00edvja \u00d6n\u00f6ket 2019. szeptember 28-\u00e1n (szombat) tartand\u00f3, LEADER t\u00e1mogat\u00e1ssal megval\u00f3sul\u00f3 \u201cMih\u00e1ly napi v\u00e1s\u00e1r\u201d c\u00edm\u0171 rendezv\u00e9ny\u00e9re. A r\u00e9szletes program innen let\u00f6lthet\u0151.","rel":"","context":"In &quot;H\u00edreink, k\u00f6zlem\u00e9nyeink&quot;","img":{"alt_text":"","src":"https:\/\/i0.wp.com\/bukkleader.hu\/old\/wp-content\/uploads\/2019\/08\/bocs_neptanc2.jpg?resize=350%2C200&ssl=1","width":350,"height":200},"classes":[]},{"id":5872,"url":"https:\/\/bukkleader.hu\/old\/a-malyi-termeszetvedelmi-egyesulet-online-tudasatado-rendezvenye-leader-tamogatassal-2021-05-25\/","url_meta":{"origin":2199,"position":1},"title":"A M\u00e1lyi Term\u00e9szetv\u00e9delmi Egyes\u00fclet online tud\u00e1s\u00e1tad\u00f3 rendezv\u00e9nye LEADER t\u00e1mogat\u00e1ssal &#8211; 2021.05.25.","date":"2021-04-22","format":false,"excerpt":"A M\u00e1lyi Term\u00e9szetv\u00e9delmi Egyes\u00fclet tisztelettel megh\u00edvja \u00d6n\u00f6ket 2021. m\u00e1jus 25-\u00e9n (kedd) online tartand\u00f3, LEADER t\u00e1mogat\u00e1ssal megval\u00f3sul\u00f3 \u201e\u00c9leteket ment\u00fcnk minden nap\u201d c\u00edm\u0171 tud\u00e1s\u00e1tad\u00f3 rendezv\u00e9ny\u00e9re az al\u00e1bbiak szerint (a program PDF-ben let\u00f6lthet\u0151 itt):","rel":"","context":"In &quot;H\u00edreink, k\u00f6zlem\u00e9nyeink&quot;","img":{"alt_text":"","src":"https:\/\/i2.wp.com\/bukkleader.hu\/old\/wp-content\/uploads\/2021\/04\/Madaronline1_page-0001.jpg?resize=350%2C200&ssl=1","width":350,"height":200},"classes":[]},{"id":5884,"url":"https:\/\/bukkleader.hu\/old\/a-malyi-termeszetvedelmi-egyesulet-online-tudasatado-rendezvenye-leader-tamogatassal-2021-05-26\/","url_meta":{"origin":2199,"position":2},"title":"A M\u00e1lyi Term\u00e9szetv\u00e9delmi Egyes\u00fclet online tud\u00e1s\u00e1tad\u00f3 rendezv\u00e9nye LEADER t\u00e1mogat\u00e1ssal &#8211; 2021.05.26.","date":"2021-04-22","format":false,"excerpt":"A M\u00e1lyi Term\u00e9szetv\u00e9delmi Egyes\u00fclet tisztelettel megh\u00edvja \u00d6n\u00f6ket 2021. m\u00e1jus 26-\u00e1n (szerda) online tartand\u00f3, LEADER t\u00e1mogat\u00e1ssal megval\u00f3sul\u00f3 \u201e\u00c9leteket ment\u00fcnk minden nap\u201d c\u00edm\u0171 tud\u00e1s\u00e1tad\u00f3 rendezv\u00e9ny\u00e9re az al\u00e1bbiak szerint (a program PDF-ben let\u00f6lthet\u0151 itt):","rel":"","context":"In &quot;H\u00edreink, k\u00f6zlem\u00e9nyeink&quot;","img":{"alt_text":"","src":"https:\/\/i2.wp.com\/bukkleader.hu\/old\/wp-content\/uploads\/2021\/04\/Madaronline2_page-0001.jpg?resize=350%2C200&ssl=1","width":350,"height":200},"classes":[]},{"id":5889,"url":"https:\/\/bukkleader.hu\/old\/a-malyi-termeszetvedelmi-egyesulet-online-tudasatado-rendezvenye-leader-tamogatassal-2021-05-27\/","url_meta":{"origin":2199,"position":3},"title":"A M\u00e1lyi Term\u00e9szetv\u00e9delmi Egyes\u00fclet online tud\u00e1s\u00e1tad\u00f3 rendezv\u00e9nye LEADER t\u00e1mogat\u00e1ssal &#8211; 2021.05.27.","date":"2021-04-22","format":false,"excerpt":"A M\u00e1lyi Term\u00e9szetv\u00e9delmi Egyes\u00fclet tisztelettel megh\u00edvja \u00d6n\u00f6ket 2021. m\u00e1jus 27-\u00e9n (cs\u00fct\u00f6rt\u00f6k) online tartand\u00f3, LEADER t\u00e1mogat\u00e1ssal megval\u00f3sul\u00f3 \u201e\u00c9leteket ment\u00fcnk minden nap\u201d c\u00edm\u0171 tud\u00e1s\u00e1tad\u00f3 rendezv\u00e9ny\u00e9re az al\u00e1bbiak szerint (a program PDF-ben let\u00f6lthet\u0151 itt):","rel":"","context":"In &quot;H\u00edreink, k\u00f6zlem\u00e9nyeink&quot;","img":{"alt_text":"","src":"https:\/\/i2.wp.com\/bukkleader.hu\/old\/wp-content\/uploads\/2021\/04\/madarmento.jpg?resize=350%2C200&ssl=1","width":350,"height":200},"classes":[]},{"id":2719,"url":"https:\/\/bukkleader.hu\/old\/negy-evszak-a-venhegyen-tavasz-tematikus-nap-hernadnemetiben-leader-tamogatassal\/","url_meta":{"origin":2199,"position":4},"title":"N\u00e9gy \u00e9vszak a V\u00e9nhegyen &#8211; TAVASZ tematikus nap Hern\u00e1dn\u00e9metiben LEADER t\u00e1mogat\u00e1ssal &#8211; 2020.09.01.","date":"2020-08-19","format":false,"excerpt":"Az \"\u00c1ltal\u00e1nos Iskol\u00e1\u00e9rt\" Alap\u00edtv\u00e1ny\u00a0tisztelettel megh\u00edvja \u00d6n\u00f6ket\u00a02020. szeptember 1-j\u00e9n\u00a0(kedd) Hern\u00e1dn\u00e9metiben tartand\u00f3, LEADER t\u00e1mogat\u00e1ssal megval\u00f3sul\u00f3 N\u00e9gy \u00e9vszak a V\u00e9nhegyen programsorozata TAVASZ tematikus napj\u00e1ra. A r\u00e9szletes program:","rel":"","context":"In &quot;H\u00edreink, k\u00f6zlem\u00e9nyeink&quot;","img":{"alt_text":"","src":"https:\/\/i1.wp.com\/bukkleader.hu\/old\/wp-content\/uploads\/2020\/08\/tavasz.jpg?resize=350%2C200&ssl=1","width":350,"height":200},"classes":[]},{"id":2729,"url":"https:\/\/bukkleader.hu\/old\/negy-evszak-a-venhegyen-nyar-tematikus-nap-hernadnemetiben-leader-tamogatassal-2020-09-01\/","url_meta":{"origin":2199,"position":5},"title":"N\u00e9gy \u00e9vszak a V\u00e9nhegyen &#8211; NY\u00c1R tematikus nap Hern\u00e1dn\u00e9metiben LEADER t\u00e1mogat\u00e1ssal &#8211; 2020.09.01.","date":"2020-08-19","format":false,"excerpt":"Az \"\u00c1ltal\u00e1nos Iskol\u00e1\u00e9rt\" Alap\u00edtv\u00e1ny\u00a0tisztelettel megh\u00edvja \u00d6n\u00f6ket\u00a02020. szeptember 1-j\u00e9n\u00a0(kedd) Hern\u00e1dn\u00e9metiben tartand\u00f3, LEADER t\u00e1mogat\u00e1ssal megval\u00f3sul\u00f3 N\u00e9gy \u00e9vszak a V\u00e9nhegyen programsorozata NY\u00c1R tematikus napj\u00e1ra. A r\u00e9szletes program:","rel":"","context":"In &quot;H\u00edreink, k\u00f6zlem\u00e9nyeink&quot;","img":{"alt_text":"","src":"https:\/\/i2.wp.com\/bukkleader.hu\/old\/wp-content\/uploads\/2020\/08\/nyar.jpg?resize=350%2C200&ssl=1","width":350,"height":200},"classes":[]}],"_links":{"self":[{"href":"https:\/\/bukkleader.hu\/old\/wp-json\/wp\/v2\/posts\/2199"}],"collection":[{"href":"https:\/\/bukkleader.hu\/old\/wp-json\/wp\/v2\/posts"}],"about":[{"href":"https:\/\/bukkleader.hu\/old\/wp-json\/wp\/v2\/types\/post"}],"author":[{"embeddable":true,"href":"https:\/\/bukkleader.hu\/old\/wp-json\/wp\/v2\/users\/4"}],"replies":[{"embeddable":true,"href":"https:\/\/bukkleader.hu\/old\/wp-json\/wp\/v2\/comments?post=2199"}],"version-history":[{"count":1,"href":"https:\/\/bukkleader.hu\/old\/wp-json\/wp\/v2\/posts\/2199\/revisions"}],"predecessor-version":[{"id":2203,"href":"https:\/\/bukkleader.hu\/old\/wp-json\/wp\/v2\/posts\/2199\/revisions\/2203"}],"wp:featuredmedia":[{"embeddable":true,"href":"https:\/\/bukkleader.hu\/old\/wp-json\/wp\/v2\/media\/2202"}],"wp:attachment":[{"href":"https:\/\/bukkleader.hu\/old\/wp-json\/wp\/v2\/media?parent=2199"}],"wp:term":[{"taxonomy":"category","embeddable":true,"href":"https:\/\/bukkleader.hu\/old\/wp-json\/wp\/v2\/categories?post=2199"},{"taxonomy":"post_tag","embeddable":true,"href":"https:\/\/bukkleader.hu\/old\/wp-json\/wp\/v2\/tags?post=2199"}],"curies":[{"name":"wp","href":"https:\/\/api.w.org\/{rel}","templated":true}]}}