{"id":2191,"date":"2019-08-14T10:33:15","date_gmt":"2019-08-14T08:33:15","guid":{"rendered":"https:\/\/bukkleader.hu\/old\/?p=2191"},"modified":"2019-08-14T10:33:15","modified_gmt":"2019-08-14T08:33:15","slug":"kotelezo-tajekoztatas-es-nyilvanossag-biztositasa","status":"publish","type":"post","link":"https:\/\/bukkleader.hu\/old\/kotelezo-tajekoztatas-es-nyilvanossag-biztositasa\/","title":{"rendered":"K\u00f6telez\u0151 t\u00e1j\u00e9koztat\u00e1s \u00e9s nyilv\u00e1noss\u00e1g biztos\u00edt\u00e1sa"},"content":{"rendered":"<h2><img data-attachment-id=\"1448\" data-permalink=\"https:\/\/bukkleader.hu\/old\/leader-felhivasok\/kotelezo-tajekoztatas-es-nyilvanossag-biztositasa\/btle_logo-2\/\" data-orig-file=\"https:\/\/bukkleader.hu\/old\/wp-content\/uploads\/2017\/12\/btle_logo.jpg\" data-orig-size=\"609,608\" data-comments-opened=\"1\" data-image-meta=\"{&quot;aperture&quot;:&quot;0&quot;,&quot;credit&quot;:&quot;&quot;,&quot;camera&quot;:&quot;&quot;,&quot;caption&quot;:&quot;&quot;,&quot;created_timestamp&quot;:&quot;0&quot;,&quot;copyright&quot;:&quot;&quot;,&quot;focal_length&quot;:&quot;0&quot;,&quot;iso&quot;:&quot;0&quot;,&quot;shutter_speed&quot;:&quot;0&quot;,&quot;title&quot;:&quot;&quot;,&quot;orientation&quot;:&quot;0&quot;}\" data-image-title=\"btle_logo\" data-image-description=\"\" data-image-caption=\"\" data-medium-file=\"https:\/\/bukkleader.hu\/old\/wp-content\/uploads\/2017\/12\/btle_logo-300x300.jpg\" data-large-file=\"https:\/\/bukkleader.hu\/old\/wp-content\/uploads\/2017\/12\/btle_logo.jpg\" loading=\"lazy\" class=\"wp-image-1448 alignleft\" src=\"https:\/\/bukkleader.hu\/old\/wp-content\/uploads\/2017\/12\/btle_logo.jpg\" alt=\"btle_logo\" width=\"300\" height=\"299\" srcset=\"https:\/\/bukkleader.hu\/old\/wp-content\/uploads\/2017\/12\/btle_logo.jpg 609w, https:\/\/bukkleader.hu\/old\/wp-content\/uploads\/2017\/12\/btle_logo-150x150.jpg 150w, https:\/\/bukkleader.hu\/old\/wp-content\/uploads\/2017\/12\/btle_logo-300x300.jpg 300w, https:\/\/bukkleader.hu\/old\/wp-content\/uploads\/2017\/12\/btle_logo-118x118.jpg 118w, https:\/\/bukkleader.hu\/old\/wp-content\/uploads\/2017\/12\/btle_logo-50x50.jpg 50w\" sizes=\"(max-width: 300px) 100vw, 300px\" \/>Vid\u00e9kfejleszt\u00e9si Program Kedvezm\u00e9nyezettek t\u00e1j\u00e9koztat\u00e1si k\u00f6telezetts\u00e9gei 2014-2020. 2.1.<\/h2>\n<p>\n<strong><a class=\"btn\" href=\"https:\/\/bukkleader.hu\/old\/wp-content\/uploads\/2019\/08\/KTK_2.1_vegleges-1.pdf\" target=\"_blank\" rel=\"noopener\">A dokumentum olvas\u00e1sa, let\u00f6lt\u00e9se itt&gt;&gt;<\/a><\/strong><\/p>\n<div class=\"sharedaddy sd-sharing-enabled\"><div class=\"robots-nocontent sd-block sd-social sd-social-icon sd-sharing\"><h3 class=\"sd-title\">Share this:<\/h3><div class=\"sd-content\"><ul><li class=\"share-facebook\"><a rel=\"nofollow noopener noreferrer\" data-shared=\"sharing-facebook-2191\" class=\"share-facebook sd-button share-icon no-text\" href=\"https:\/\/bukkleader.hu\/old\/kotelezo-tajekoztatas-es-nyilvanossag-biztositasa\/?share=facebook\" target=\"_blank\" title=\"Click to share on Facebook\"><span><\/span><span class=\"sharing-screen-reader-text\">Click to share on Facebook (Opens in new window)<\/span><\/a><\/li><li class=\"share-twitter\"><a rel=\"nofollow noopener noreferrer\" data-shared=\"sharing-twitter-2191\" class=\"share-twitter sd-button share-icon no-text\" href=\"https:\/\/bukkleader.hu\/old\/kotelezo-tajekoztatas-es-nyilvanossag-biztositasa\/?share=twitter\" target=\"_blank\" title=\"Click to share on Twitter\"><span><\/span><span class=\"sharing-screen-reader-text\">Click to share on Twitter (Opens in new window)<\/span><\/a><\/li><li class=\"share-print\"><a rel=\"nofollow noopener noreferrer\" data-shared=\"\" class=\"share-print sd-button share-icon no-text\" href=\"https:\/\/bukkleader.hu\/old\/kotelezo-tajekoztatas-es-nyilvanossag-biztositasa\/\" target=\"_blank\" title=\"Click to print\"><span><\/span><span class=\"sharing-screen-reader-text\">Click to print (Opens in new window)<\/span><\/a><\/li><li class=\"share-email\"><a rel=\"nofollow noopener noreferrer\" data-shared=\"\" class=\"share-email sd-button share-icon no-text\" href=\"https:\/\/bukkleader.hu\/old\/kotelezo-tajekoztatas-es-nyilvanossag-biztositasa\/?share=email\" target=\"_blank\" title=\"Click to email this to a friend\"><span><\/span><span class=\"sharing-screen-reader-text\">Click to email this to a friend (Opens in new window)<\/span><\/a><\/li><li class=\"share-end\"><\/li><\/ul><\/div><\/div><\/div>","protected":false},"excerpt":{"rendered":"<p>Vid\u00e9kfejleszt\u00e9si Program Kedvezm\u00e9nyezettek t\u00e1j\u00e9koztat\u00e1si k\u00f6telezetts\u00e9gei 2014-2020. 2.1. A dokumentum olvas\u00e1sa, let\u00f6lt\u00e9se itt&gt;&gt;<\/p>\n<div class=\"sharedaddy sd-sharing-enabled\"><div class=\"robots-nocontent sd-block sd-social sd-social-icon sd-sharing\"><h3 class=\"sd-title\">Share this:<\/h3><div class=\"sd-content\"><ul><li class=\"share-facebook\"><a rel=\"nofollow noopener noreferrer\" data-shared=\"sharing-facebook-2191\" class=\"share-facebook sd-button share-icon no-text\" href=\"https:\/\/bukkleader.hu\/old\/kotelezo-tajekoztatas-es-nyilvanossag-biztositasa\/?share=facebook\" target=\"_blank\" title=\"Click to share on Facebook\"><span><\/span><span class=\"sharing-screen-reader-text\">Click to share on Facebook (Opens in new window)<\/span><\/a><\/li><li class=\"share-twitter\"><a rel=\"nofollow noopener noreferrer\" data-shared=\"sharing-twitter-2191\" class=\"share-twitter sd-button share-icon no-text\" href=\"https:\/\/bukkleader.hu\/old\/kotelezo-tajekoztatas-es-nyilvanossag-biztositasa\/?share=twitter\" target=\"_blank\" title=\"Click to share on Twitter\"><span><\/span><span class=\"sharing-screen-reader-text\">Click to share on Twitter (Opens in new window)<\/span><\/a><\/li><li class=\"share-print\"><a rel=\"nofollow noopener noreferrer\" data-shared=\"\" class=\"share-print sd-button share-icon no-text\" href=\"https:\/\/bukkleader.hu\/old\/kotelezo-tajekoztatas-es-nyilvanossag-biztositasa\/\" target=\"_blank\" title=\"Click to print\"><span><\/span><span class=\"sharing-screen-reader-text\">Click to print (Opens in new window)<\/span><\/a><\/li><li class=\"share-email\"><a rel=\"nofollow noopener noreferrer\" data-shared=\"\" class=\"share-email sd-button share-icon no-text\" href=\"https:\/\/bukkleader.hu\/old\/kotelezo-tajekoztatas-es-nyilvanossag-biztositasa\/?share=email\" target=\"_blank\" title=\"Click to email this to a friend\"><span><\/span><span class=\"sharing-screen-reader-text\">Click to email this to a friend (Opens in new window)<\/span><\/a><\/li><li class=\"share-end\"><\/li><\/ul><\/div><\/div><\/div>","protected":false},"author":4,"featured_media":0,"comment_status":"open","ping_status":"closed","sticky":false,"template":"","format":"standard","meta":{"_bbp_topic_count":0,"_bbp_reply_count":0,"_bbp_total_topic_count":0,"_bbp_total_reply_count":0,"_bbp_voice_count":0,"_bbp_anonymous_reply_count":0,"_bbp_topic_count_hidden":0,"_bbp_reply_count_hidden":0,"_bbp_forum_subforum_count":0,"spay_email":"","jetpack_publicize_message":"","jetpack_is_tweetstorm":false,"jetpack_publicize_feature_enabled":true},"categories":[28],"tags":[],"jetpack_featured_media_url":"","jetpack_publicize_connections":[],"jetpack_sharing_enabled":true,"jetpack-related-posts":[{"id":953,"url":"https:\/\/bukkleader.hu\/old\/elerheto-kedvezmenyezettek-tajekoztatasi-kotelezettsegei\/","url_meta":{"origin":2191,"position":0},"title":"El\u00e9rhet\u0151 a Kedvezm\u00e9nyezettek t\u00e1j\u00e9koztat\u00e1si k\u00f6telezetts\u00e9gei &#8211; \u00datmutat\u00f3 a VP vonatkoz\u00e1s\u00e1ban","date":"2016-06-14","format":false,"excerpt":"El\u00e9rhet\u0151 a Kedvezm\u00e9nyezettek t\u00e1j\u00e9koztat\u00e1si k\u00f6telezetts\u00e9gei c\u00edm\u0171 \u00fatmutat\u00f3 a Vid\u00e9kfejleszt\u00e9si Program vonatkoz\u00e1s\u00e1ban2016 j\u00fanius 14.\u00a0Megjelent honlapunkon a \u201eVid\u00e9kfejleszt\u00e9si Program 2014-2020 \u2013 Kedvezm\u00e9nyezettek t\u00e1j\u00e9koztat\u00e1si k\u00f6telezetts\u00e9gei\u201d c\u00edm\u0171 \u00fatmutat\u00f3, mely 2016. m\u00e1jus 2-t\u0151l hat\u00e1lyos. A k\u00e9zik\u00f6nyv mag\u00e1ba foglalja az ezzel kapcsolatos kommunik\u00e1ci\u00f3 valamennyi vizu\u00e1lis k\u00f6vetelm\u00e9ny\u00e9t. Minden Vid\u00e9kfejleszt\u00e9si Programot \u00e9rint\u0151 projekt eset\u00e9ben a VP KTK 2020\u2026","rel":"","context":"In &quot;H\u00edreink, k\u00f6zlem\u00e9nyeink&quot;","img":{"alt_text":"","src":"https:\/\/i2.wp.com\/bukkleader.hu\/old\/wp-content\/uploads\/2016\/06\/\u00faj-k\u00e9p.jpg?resize=350%2C200&ssl=1","width":350,"height":200},"classes":[]},{"id":5852,"url":"https:\/\/bukkleader.hu\/old\/tajekoztatas-a-magyar-allamkincstar-honlapjan-elerheto-a-veszhelyzettel-osszefuggo-hasznos-informaciokrol\/","url_meta":{"origin":2191,"position":1},"title":"T\u00e1j\u00e9koztat\u00e1s a projekt megval\u00f3s\u00edt\u00e1shoz kapcsol\u00f3d\u00f3 hat\u00e1rid\u0151k v\u00e1ltoz\u00e1sair\u00f3l a vesz\u00e9lyhelyzettel \u00f6sszef\u00fcgg\u00e9sben","date":"2021-04-15","format":false,"excerpt":"Tisztelt Kedvezm\u00e9nyezettek! A Magyar \u00c1llamkincst\u00e1r t\u00e1j\u00e9koztat\u00e1sa alapj\u00e1n a https:\/\/www.mvh.allamkincstar.gov.hu\/ internetes honlap T\u00e1mogat\u00e1sok\/Vid\u00e9kfejleszt\u00e9si Program 2014-2020 men\u00fcpontj\u00e1ban a Hasznos inform\u00e1ci\u00f3k beruh\u00e1z\u00e1si int\u00e9zked\u00e9sekhez pontb\u00f3l, illetve a https:\/\/www.mvh.allamkincstar.gov.hu\/hasznos-informaciok-beruhazasi-intezkedesekhez linken kereszt\u00fcl el\u00e9rhet\u0151\u00a0 R\u00f6vid t\u00e1j\u00e9koztat\u00f3k k\u00f6z\u00f6tt \u00faj tartalom jelent meg \u00a0T\u00e1j\u00e9koztat\u00e1s a projekt megval\u00f3s\u00edt\u00e1shoz kapcsol\u00f3d\u00f3 hat\u00e1rid\u0151k v\u00e1ltoz\u00e1sair\u00f3l a vesz\u00e9lyhelyzettel \u00f6sszef\u00fcgg\u00e9sben c\u00edmmel, amelyet az al\u00e1bbikban itt is\u2026","rel":"","context":"In &quot;H\u00edreink, k\u00f6zlem\u00e9nyeink&quot;","img":{"alt_text":"magyar-cimer","src":"https:\/\/i0.wp.com\/bukkleader.hu\/old\/wp-content\/uploads\/2015\/09\/magyar-cimer1.jpg?resize=350%2C200&ssl=1","width":350,"height":200},"classes":[]},{"id":5906,"url":"https:\/\/bukkleader.hu\/old\/tajekoztatas-a-tenylegesen-megvalosult-tevekenysegekkel-tetelekkel-es-igazoltan-felmerult-koltsegekkel-kapcsolatos-elszamolas-fontossagarol-es-a-tamogatas-kifizetesevel-zarult-kifizetesi-igenyles-kapc\/","url_meta":{"origin":2191,"position":2},"title":"A Magyar \u00c1llamkincst\u00e1r t\u00e1j\u00e9koztat\u00e1sa az elsz\u00e1mol\u00e1sokkal kapcsolatban","date":"2021-04-29","format":false,"excerpt":"Tisztelt Kedvezm\u00e9nyezettek! A Magyar \u00c1llamkincst\u00e1r t\u00e1j\u00e9koztat\u00e1sa alapj\u00e1n a https:\/\/www.mvh.allamkincstar.gov.hu\/ internetes honlap T\u00e1mogat\u00e1sok\/Vid\u00e9kfejleszt\u00e9si Program 2014-2020 men\u00fcpontj\u00e1ban a Hasznos inform\u00e1ci\u00f3k beruh\u00e1z\u00e1si int\u00e9zked\u00e9sekhez pontb\u00f3l, illetve a https:\/\/www.mvh.allamkincstar.gov.hu\/hasznos-informaciok-beruhazasi-intezkedesekhez linken kereszt\u00fcl el\u00e9rhet\u0151 R\u00f6vid t\u00e1j\u00e9koztat\u00f3k k\u00f6z\u00f6tt \u00faj tartalom jelent meg T\u00e1j\u00e9koztat\u00e1s a t\u00e9nylegesen megval\u00f3sult tev\u00e9kenys\u00e9gekkel\/t\u00e9telekkel \u00e9s igazoltan felmer\u00fclt k\u00f6lts\u00e9gekkel kapcsolatos elsz\u00e1mol\u00e1s fontoss\u00e1g\u00e1r\u00f3l \u00e9s a t\u00e1mogat\u00e1s kifizet\u00e9s\u00e9vel\u2026","rel":"","context":"In &quot;H\u00edreink, k\u00f6zlem\u00e9nyeink&quot;","img":{"alt_text":"magyar-cimer","src":"https:\/\/i0.wp.com\/bukkleader.hu\/old\/wp-content\/uploads\/2015\/09\/magyar-cimer.jpg?resize=350%2C200&ssl=1","width":350,"height":200},"classes":[]},{"id":2077,"url":"https:\/\/bukkleader.hu\/old\/tajekoztatas-eloleg-es-kifizetesi-kerelem-benyujtasanak-lehetosegerol\/","url_meta":{"origin":2191,"position":3},"title":"T\u00e1j\u00e9koztat\u00e1s el\u0151leg- \u00e9s kifizet\u00e9si k\u00e9relem beny\u00fajt\u00e1s\u00e1nak lehet\u0151s\u00e9g\u00e9r\u0151l","date":"2019-06-14","format":false,"excerpt":"Tisztelt P\u00e1ly\u00e1z\u00f3k! T\u00e1j\u00e9koztatjuk \u00d6n\u00f6ket, hogy a LEADER helyi felh\u00edv\u00e1sok kapcs\u00e1n lehet\u0151s\u00e9g van el\u0151leg- \u00e9s kifizet\u00e9si k\u00e9relem beny\u00fajt\u00e1s\u00e1ra, melyhez a seg\u00e9dletek az al\u00e1bbi linken \u00e9rhet\u0151ek el: https:\/\/www.mvh.allamkincstar.gov.hu\/tamogatasok-listazo\/-\/tamogatas\/5746072\/tajekoztatok.","rel":"","context":"In &quot;Dokumentumok&quot;","img":{"alt_text":"","src":"https:\/\/i2.wp.com\/bukkleader.hu\/old\/wp-content\/uploads\/2017\/12\/danger.png?resize=350%2C200&ssl=1","width":350,"height":200},"classes":[]},{"id":2503,"url":"https:\/\/bukkleader.hu\/old\/tajekoztatas-szabadsagolasokrol\/","url_meta":{"origin":2191,"position":4},"title":"T\u00e1j\u00e9koztat\u00e1s szabads\u00e1gol\u00e1sokr\u00f3l","date":"2020-04-09","format":false,"excerpt":"Tisztelt \u00dcgyfeleink! T\u00e1j\u00e9koztatjuk \u00d6n\u00f6ket, hogy 2020. \u00e1prilis 14. \u00e9s 17. k\u00f6z\u00f6tt irod\u00e1nk dolgoz\u00f3i szabads\u00e1gon lesznek.\u00a0 S\u00fcrg\u0151s esetben, munkanapokon 8:00 \u00e9s 16:00 \u00f3ra k\u00f6z\u00f6tt a munkaszervezet vezet\u0151je, Dr. Nagyn\u00e9 Mile Erzs\u00e9bet el\u00e9rhet\u0151 a 06\/30-565-2882 telefonsz\u00e1mon. E-mailen \u00e9rkezett k\u00e9rd\u00e9sekre munkanapokon 15:00 \u00e9s 16:00 \u00f3ra k\u00f6z\u00f6tt v\u00e1laszolunk.\u00a0 Meg\u00e9rt\u00e9s\u00fcket k\u00f6sz\u00f6nj\u00fck! \u00a0","rel":"","context":"In &quot;H\u00edreink, k\u00f6zlem\u00e9nyeink&quot;","img":{"alt_text":"","src":"https:\/\/i2.wp.com\/bukkleader.hu\/old\/wp-content\/uploads\/2016\/11\/b\u00fckkzserc.jpg?resize=350%2C200&ssl=1","width":350,"height":200},"classes":[]},{"id":5786,"url":"https:\/\/bukkleader.hu\/old\/a-leader-tudomka-tematikus-kozpont-tajekoztatasa-digitalis-tanrendre-torteno-atallasrol-kepzes-elmaradasarol\/","url_meta":{"origin":2191,"position":5},"title":"A LEADER Tudomka Tematikus K\u00f6zpont t\u00e1j\u00e9koztat\u00e1sa digit\u00e1lis tanrendre t\u00f6rt\u00e9n\u0151 \u00e1t\u00e1ll\u00e1sr\u00f3l, k\u00e9pz\u00e9s elmarad\u00e1s\u00e1r\u00f3l","date":"2021-03-08","format":false,"excerpt":"A B\u00fckki Lovas Postakocsi Egyes\u00fclet, mint LEADER Tudomka Tematikus K\u00f6zpont az al\u00e1bbiakr\u00f3l t\u00e1j\u00e9koztatja az \u00e1ltala szervezett k\u00e9pz\u00e9sek ir\u00e1nt \u00e9rdekl\u0151d\u0151ket: \u00a0 Tekintettel a mai napt\u00f3l (2021.03.08.) hat\u00e1lyos korl\u00e1toz\u00f3 rendelkez\u00e9sekre a B\u00fckki Lovas Postakocsi Egyes\u00fclet, LEADER Tudomka Tematikus K\u00f6zpontja \u00e1ltal szervezett b\u00fckkaranyosi (2021.03.08-\u00e1n 09.00 \u00f3r\u00e1t\u00f3l), valamint m\u00e1lyi (2021.03.09-\u00e9n 09.00 \u00f3r\u00e1t\u00f3l) helysz\u00edni tud\u00e1s\u00e1tad\u00e1sok\u2026","rel":"","context":"In &quot;H\u00edreink, k\u00f6zlem\u00e9nyeink&quot;","img":{"alt_text":"","src":"https:\/\/i2.wp.com\/bukkleader.hu\/old\/wp-content\/uploads\/2016\/06\/\u00faj-k\u00e9p.jpg?resize=350%2C200&ssl=1","width":350,"height":200},"classes":[]}],"_links":{"self":[{"href":"https:\/\/bukkleader.hu\/old\/wp-json\/wp\/v2\/posts\/2191"}],"collection":[{"href":"https:\/\/bukkleader.hu\/old\/wp-json\/wp\/v2\/posts"}],"about":[{"href":"https:\/\/bukkleader.hu\/old\/wp-json\/wp\/v2\/types\/post"}],"author":[{"embeddable":true,"href":"https:\/\/bukkleader.hu\/old\/wp-json\/wp\/v2\/users\/4"}],"replies":[{"embeddable":true,"href":"https:\/\/bukkleader.hu\/old\/wp-json\/wp\/v2\/comments?post=2191"}],"version-history":[{"count":1,"href":"https:\/\/bukkleader.hu\/old\/wp-json\/wp\/v2\/posts\/2191\/revisions"}],"predecessor-version":[{"id":2192,"href":"https:\/\/bukkleader.hu\/old\/wp-json\/wp\/v2\/posts\/2191\/revisions\/2192"}],"wp:attachment":[{"href":"https:\/\/bukkleader.hu\/old\/wp-json\/wp\/v2\/media?parent=2191"}],"wp:term":[{"taxonomy":"category","embeddable":true,"href":"https:\/\/bukkleader.hu\/old\/wp-json\/wp\/v2\/categories?post=2191"},{"taxonomy":"post_tag","embeddable":true,"href":"https:\/\/bukkleader.hu\/old\/wp-json\/wp\/v2\/tags?post=2191"}],"curies":[{"name":"wp","href":"https:\/\/api.w.org\/{rel}","templated":true}]}}