{"id":219,"date":"2012-08-22T13:57:01","date_gmt":"2012-08-22T11:57:01","guid":{"rendered":"https:\/\/bukkleader.hu\/old\/new\/?p=219"},"modified":"2015-09-22T09:49:57","modified_gmt":"2015-09-22T07:49:57","slug":"megujult-a-daranyi-ignac-terv","status":"publish","type":"post","link":"https:\/\/bukkleader.hu\/old\/megujult-a-daranyi-ignac-terv\/","title":{"rendered":"Meg\u00fajult a Dar\u00e1nyi Ign\u00e1c Terv"},"content":{"rendered":"<p style=\"text-align: left;\"><strong>Kedvezm\u00e9nyezettek figyelm\u00e9be: Meg\u00fajult a Dar\u00e1nyi Ign\u00e1c Terv \u2013 \u00daj Magyarorsz\u00e1g Vid\u00e9kfejleszt\u00e9si Program arculata<\/strong><\/p>\n<p><!--more--><\/p>\n<p style=\"text-align: justify;\">Megjelent a 97\/2012 (VIII. 15.) IH K\u00f6zlem\u00e9ny \u201eA Dar\u00e1nyi Ign\u00e1c Terv \u00daj Magyarorsz\u00e1g Vid\u00e9kfejleszt\u00e9si Program keret\u00e9ben t\u00e1mogat\u00e1sban r\u00e9szes\u00fclt <strong class=\"style212\">kedvezm\u00e9nyezettek t\u00e1j\u00e9koztat\u00e1si \u00e9s nyilv\u00e1noss\u00e1gra vonatkoz\u00f3 k\u00f6telezetts\u00e9geir\u0151l<\/strong>\u201d. A k\u00f6zlem\u00e9ny \u00e9s mell\u00e9kleteinek (arculati k\u00e9zik\u00f6nyv \u00e9s a kapcsol\u00f3d\u00f3 vektorgrafikus \u00e1llom\u00e1ny\u00fa f\u00e1jlok)<a href=\"http:\/\/www.kormany.hu\/download\/1\/e2\/a0000\/97-2012%20IH%20kozlemeny.zip#!DocumentBrowse\" target=\"_blank\"> let\u00f6lt\u00e9se &gt;&gt;<\/a><\/p>\n<div class=\"sharedaddy sd-sharing-enabled\"><div class=\"robots-nocontent sd-block sd-social sd-social-icon sd-sharing\"><h3 class=\"sd-title\">Share this:<\/h3><div class=\"sd-content\"><ul><li class=\"share-facebook\"><a rel=\"nofollow noopener noreferrer\" data-shared=\"sharing-facebook-219\" class=\"share-facebook sd-button share-icon no-text\" href=\"https:\/\/bukkleader.hu\/old\/megujult-a-daranyi-ignac-terv\/?share=facebook\" target=\"_blank\" title=\"Click to share on Facebook\"><span><\/span><span class=\"sharing-screen-reader-text\">Click to share on Facebook (Opens in new window)<\/span><\/a><\/li><li class=\"share-twitter\"><a rel=\"nofollow noopener noreferrer\" data-shared=\"sharing-twitter-219\" class=\"share-twitter sd-button share-icon no-text\" href=\"https:\/\/bukkleader.hu\/old\/megujult-a-daranyi-ignac-terv\/?share=twitter\" target=\"_blank\" title=\"Click to share on Twitter\"><span><\/span><span class=\"sharing-screen-reader-text\">Click to share on Twitter (Opens in new window)<\/span><\/a><\/li><li class=\"share-print\"><a rel=\"nofollow noopener noreferrer\" data-shared=\"\" class=\"share-print sd-button share-icon no-text\" href=\"https:\/\/bukkleader.hu\/old\/megujult-a-daranyi-ignac-terv\/\" target=\"_blank\" title=\"Click to print\"><span><\/span><span class=\"sharing-screen-reader-text\">Click to print (Opens in new window)<\/span><\/a><\/li><li class=\"share-email\"><a rel=\"nofollow noopener noreferrer\" data-shared=\"\" class=\"share-email sd-button share-icon no-text\" href=\"https:\/\/bukkleader.hu\/old\/megujult-a-daranyi-ignac-terv\/?share=email\" target=\"_blank\" title=\"Click to email this to a friend\"><span><\/span><span class=\"sharing-screen-reader-text\">Click to email this to a friend (Opens in new window)<\/span><\/a><\/li><li class=\"share-end\"><\/li><\/ul><\/div><\/div><\/div>","protected":false},"excerpt":{"rendered":"<p>Kedvezm\u00e9nyezettek figyelm\u00e9be: Meg\u00fajult a Dar\u00e1nyi Ign\u00e1c Terv \u2013 \u00daj Magyarorsz\u00e1g Vid\u00e9kfejleszt\u00e9si Program arculata<\/p>\n<div class=\"sharedaddy sd-sharing-enabled\"><div class=\"robots-nocontent sd-block sd-social sd-social-icon sd-sharing\"><h3 class=\"sd-title\">Share this:<\/h3><div class=\"sd-content\"><ul><li class=\"share-facebook\"><a rel=\"nofollow noopener noreferrer\" data-shared=\"sharing-facebook-219\" class=\"share-facebook sd-button share-icon no-text\" href=\"https:\/\/bukkleader.hu\/old\/megujult-a-daranyi-ignac-terv\/?share=facebook\" target=\"_blank\" title=\"Click to share on Facebook\"><span><\/span><span class=\"sharing-screen-reader-text\">Click to share on Facebook (Opens in new window)<\/span><\/a><\/li><li class=\"share-twitter\"><a rel=\"nofollow noopener noreferrer\" data-shared=\"sharing-twitter-219\" class=\"share-twitter sd-button share-icon no-text\" href=\"https:\/\/bukkleader.hu\/old\/megujult-a-daranyi-ignac-terv\/?share=twitter\" target=\"_blank\" title=\"Click to share on Twitter\"><span><\/span><span class=\"sharing-screen-reader-text\">Click to share on Twitter (Opens in new window)<\/span><\/a><\/li><li class=\"share-print\"><a rel=\"nofollow noopener noreferrer\" data-shared=\"\" class=\"share-print sd-button share-icon no-text\" href=\"https:\/\/bukkleader.hu\/old\/megujult-a-daranyi-ignac-terv\/\" target=\"_blank\" title=\"Click to print\"><span><\/span><span class=\"sharing-screen-reader-text\">Click to print (Opens in new window)<\/span><\/a><\/li><li class=\"share-email\"><a rel=\"nofollow noopener noreferrer\" data-shared=\"\" class=\"share-email sd-button share-icon no-text\" href=\"https:\/\/bukkleader.hu\/old\/megujult-a-daranyi-ignac-terv\/?share=email\" target=\"_blank\" title=\"Click to email this to a friend\"><span><\/span><span class=\"sharing-screen-reader-text\">Click to email this to a friend (Opens in new window)<\/span><\/a><\/li><li class=\"share-end\"><\/li><\/ul><\/div><\/div><\/div>","protected":false},"author":1,"featured_media":121,"comment_status":"open","ping_status":"closed","sticky":false,"template":"","format":"standard","meta":{"_bbp_topic_count":0,"_bbp_reply_count":0,"_bbp_total_topic_count":0,"_bbp_total_reply_count":0,"_bbp_voice_count":0,"_bbp_anonymous_reply_count":0,"_bbp_topic_count_hidden":0,"_bbp_reply_count_hidden":0,"_bbp_forum_subforum_count":0,"spay_email":"","jetpack_publicize_message":"","jetpack_is_tweetstorm":false,"jetpack_publicize_feature_enabled":true},"categories":[1],"tags":[],"jetpack_featured_media_url":"https:\/\/bukkleader.hu\/old\/wp-content\/uploads\/2015\/08\/384-1-daranyi-ignac-terv.jpg","jetpack_publicize_connections":[],"jetpack_sharing_enabled":true,"jetpack-related-posts":[{"id":241,"url":"https:\/\/bukkleader.hu\/old\/szerkesztheto-formaban-letolthetok-a-daranyi-ignac-terv-arculati-elemei\/","url_meta":{"origin":219,"position":0},"title":"Szerkeszthet\u0151 form\u00e1ban let\u00f6lthet\u0151k a Dar\u00e1nyi Ign\u00e1c Terv arculati elemei","date":"2012-09-19","format":false,"excerpt":"Kedvezm\u00e9nyezettek figyelm\u00e9be: Szerkeszthet\u0151 form\u00e1ban let\u00f6lthet\u0151k a Dar\u00e1nyi Ign\u00e1c Terv arculati elemei A www.umvp.eu weboldal Arculati anyagai k\u00f6z\u00f6tt, az al\u00e1bbi linken let\u00f6lthet\u0151 a Dar\u00e1nyi Ign\u00e1c Terv arculati \u00fatmutat\u00f3ja \u00e9s a kedvezm\u00e9nyezettek t\u00e1j\u00e9koztat\u00e1si \u00e9s nyilv\u00e1noss\u00e1gi k\u00f6telezetts\u00e9g\u00e9nek teljes\u00edt\u00e9s\u00e9hez haszn\u00e1land\u00f3 arculati elemek: http:\/\/www.umvp.eu\/?q=kedvezmenyezettek-figyelmebe-frissitve","rel":"","context":"In &quot;H\u00edreink, k\u00f6zlem\u00e9nyeink&quot;","img":{"alt_text":"","src":"","width":0,"height":0},"classes":[]},{"id":273,"url":"https:\/\/bukkleader.hu\/old\/2012-masodik-felevi-palyazati-lehetosegek\/","url_meta":{"origin":219,"position":1},"title":"2012. m\u00e1sodik f\u00e9l\u00e9vi p\u00e1ly\u00e1zati lehet\u0151s\u00e9gek","date":"2012-11-30","format":false,"excerpt":"2012. m\u00e1sodik f\u00e9l\u00e9v\u00e9ben a Dar\u00e1nyi Ign\u00e1c Terv \u2013 \u00daj Magyarorsz\u00e1g Vid\u00e9kfejleszt\u00e9si Program keret\u00e9ben \u00fajabb EMVA III. \u00e9s LEADER vid\u00e9kfejleszt\u00e9si t\u00e1mogat\u00e1sok elnyer\u00e9s\u00e9re ny\u00edlnak lehet\u0151s\u00e9gek. A B\u00fckk-T\u00e9rs\u00e9gi LEADER Egyes\u00fclet ter\u00fclet\u00e9r\u0151l a 2012. okt\u00f3ber 15. \u2013 november 30. id\u0151szakban EMVA III. falumeg\u00faj\u00edt\u00e1s \u00e9s \u2013fejleszt\u00e9sre, valamint \u00e9v v\u00e9g\u00e9n \u2013 2013. elej\u00e9n a Helyi Vid\u00e9kfejleszt\u00e9si\u2026","rel":"","context":"In &quot;H\u00edreink, k\u00f6zlem\u00e9nyeink&quot;","img":{"alt_text":"384-1-daranyi-ignac-terv","src":"https:\/\/i1.wp.com\/bukkleader.hu\/old\/wp-content\/uploads\/2015\/09\/384-1-daranyi-ignac-terv.jpg?resize=350%2C200&ssl=1","width":350,"height":200},"classes":[]},{"id":308,"url":"https:\/\/bukkleader.hu\/old\/az-emva-iv-leader-program-harmadik-benyujtasi-korenek-koncepcioja\/","url_meta":{"origin":219,"position":2},"title":"Az EMVA IV. LEADER Program harmadik beny\u00fajt\u00e1si k\u00f6r\u00e9nek koncepci\u00f3ja","date":"2013-02-19","format":false,"excerpt":"2013. tavasz\u00e1t\u00f3l, a Dar\u00e1nyi Ign\u00e1c Terv \u2013 \u00daj Magyarorsz\u00e1g Vid\u00e9kfejleszt\u00e9si Program keret\u00e9ben \u00fajabb EMVA IV. - LEADER vid\u00e9kfejleszt\u00e9si t\u00e1mogat\u00e1sok elnyer\u00e9s\u00e9re ny\u00edlnak lehet\u0151s\u00e9gek.A B\u00fckk-T\u00e9rs\u00e9gi LEADER Egyes\u00fclet ter\u00fclet\u00e9r\u0151l a Helyi Vid\u00e9kfejleszt\u00e9si Strat\u00e9gia k\u00f6z\u00f6s fel\u00fclvizsg\u00e1lata sor\u00e1n kialak\u00edtand\u00f3 LEADER c\u00e9lter\u00fcletekre ny\u00fajthat\u00f3k be p\u00e1ly\u00e1zatok. A program v\u00e9grehajt\u00e1s\u00e1ban az Ir\u00e1ny\u00edt\u00f3 Hat\u00f3s\u00e1g el\u0151zetes t\u00e1j\u00e9koztat\u00e1sa szerint az al\u00e1bbi\u2026","rel":"","context":"In &quot;H\u00edreink, k\u00f6zlem\u00e9nyeink&quot;","img":{"alt_text":"bukk-leader-logo-w","src":"https:\/\/i2.wp.com\/bukkleader.hu\/old\/wp-content\/uploads\/2015\/09\/bukk-leader-logo-w.jpg?resize=350%2C200&ssl=1","width":350,"height":200},"classes":[]},{"id":363,"url":"https:\/\/bukkleader.hu\/old\/megjelent-a-kistersegi-kozlekedesi-szolgaltatasok-fejlesztese-soran-alkalmazando-gepjarmu-katalogusrol-szolo-ih-kozlemeny\/","url_meta":{"origin":219,"position":3},"title":"Megjelent a kist\u00e9rs\u00e9gi k\u00f6zleked\u00e9si szolg\u00e1ltat\u00e1sok fejleszt\u00e9se sor\u00e1n alkalmazand\u00f3 g\u00e9pj\u00e1rm\u0171 katal\u00f3gusr\u00f3l sz\u00f3l\u00f3 IH k\u00f6zlem\u00e9ny","date":"2013-11-18","format":false,"excerpt":"Megjelent az EMVA t\u00e1rsfinansz\u00edroz\u00e1s\u00fa int\u00e9zked\u00e9sek Ir\u00e1ny\u00edt\u00f3 Hat\u00f3s\u00e1g\u00e1nak a 289\/2013. (XI. 14.) k\u00f6zlem\u00e9nye az Eur\u00f3pai Mez\u0151gazdas\u00e1gi Vid\u00e9kfejleszt\u00e9si Alapb\u00f3l ny\u00fajtand\u00f3, a vid\u00e9ki gazdas\u00e1g \u00e9s a lakoss\u00e1g sz\u00e1m\u00e1ra ny\u00fajtott alapszolg\u00e1ltat\u00e1sok fejleszt\u00e9s\u00e9re 2013-t\u00f3l ig\u00e9nybe vehet\u0151 t\u00e1mogat\u00e1sok r\u00e9szletes felt\u00e9teleir\u0151l sz\u00f3l\u00f3 103\/2013. (XI. 08.) VM rendeletr\u0151l, valamint a kist\u00e9rs\u00e9gi k\u00f6zleked\u00e9si szolg\u00e1ltat\u00e1sok fejleszt\u00e9se keret\u00e9ben a k\u00f6telez\u0151 arculati\u2026","rel":"","context":"In &quot;H\u00edreink, k\u00f6zlem\u00e9nyeink&quot;","img":{"alt_text":"384-1-daranyi-ignac-terv","src":"https:\/\/i1.wp.com\/bukkleader.hu\/old\/wp-content\/uploads\/2015\/09\/384-1-daranyi-ignac-terv.jpg?resize=350%2C200&ssl=1","width":350,"height":200},"classes":[]},{"id":5919,"url":"https:\/\/bukkleader.hu\/old\/figyelem-a-magyar-allamkincstar-uj-kozlemenye-a-kifizetesi-igenylessel-kapcsolatban\/","url_meta":{"origin":219,"position":4},"title":"FIGYELEM! A Magyar \u00c1llamkincst\u00e1r \u00faj k\u00f6zlem\u00e9nye a kifizet\u00e9si ig\u00e9nyl\u00e9ssel kapcsolatban","date":"2021-05-07","format":false,"excerpt":"Tisztelt Kedvezm\u00e9nyezettek! T\u00e1j\u00e9koztatjuk \u00d6n\u00f6ket, hogy a Magyar \u00c1llamkincst\u00e1r k\u00fcls\u0151 honlapj\u00e1n k\u00f6zz\u00e9t\u00e9telre ker\u00fclt a 30\/2021. (V. 5.) Kincst\u00e1r K\u00f6zlem\u00e9ny a Vid\u00e9kfejleszt\u00e9si Program keret\u00e9ben ny\u00fajtand\u00f3 t\u00e1mogat\u00e1s ig\u00e9nybev\u00e9tele ir\u00e1nti kifizet\u00e9si ig\u00e9nyl\u00e9ssel kapcsolatos \u00e1ltal\u00e1nos t\u00e1j\u00e9koztat\u00e1sr\u00f3l. A k\u00f6zlem\u00e9ny hat\u00e1lyba l\u00e9p\u00e9s\u00e9vel egyidej\u0171leg hat\u00e1ly\u00e1t veszti a Vid\u00e9kfejleszt\u00e9si Program keret\u00e9ben ny\u00fajtand\u00f3 t\u00e1mogat\u00e1s ig\u00e9nybev\u00e9tele ir\u00e1nti kifizet\u00e9si ig\u00e9nyl\u00e9ssel kapcsolatos \u00e1ltal\u00e1nos\u2026","rel":"","context":"In &quot;H\u00edreink, k\u00f6zlem\u00e9nyeink&quot;","img":{"alt_text":"magyar-cimer","src":"https:\/\/i0.wp.com\/bukkleader.hu\/old\/wp-content\/uploads\/2015\/09\/magyar-cimer.jpg?resize=350%2C200&ssl=1","width":350,"height":200},"classes":[]},{"id":953,"url":"https:\/\/bukkleader.hu\/old\/elerheto-kedvezmenyezettek-tajekoztatasi-kotelezettsegei\/","url_meta":{"origin":219,"position":5},"title":"El\u00e9rhet\u0151 a Kedvezm\u00e9nyezettek t\u00e1j\u00e9koztat\u00e1si k\u00f6telezetts\u00e9gei &#8211; \u00datmutat\u00f3 a VP vonatkoz\u00e1s\u00e1ban","date":"2016-06-14","format":false,"excerpt":"El\u00e9rhet\u0151 a Kedvezm\u00e9nyezettek t\u00e1j\u00e9koztat\u00e1si k\u00f6telezetts\u00e9gei c\u00edm\u0171 \u00fatmutat\u00f3 a Vid\u00e9kfejleszt\u00e9si Program vonatkoz\u00e1s\u00e1ban2016 j\u00fanius 14.\u00a0Megjelent honlapunkon a \u201eVid\u00e9kfejleszt\u00e9si Program 2014-2020 \u2013 Kedvezm\u00e9nyezettek t\u00e1j\u00e9koztat\u00e1si k\u00f6telezetts\u00e9gei\u201d c\u00edm\u0171 \u00fatmutat\u00f3, mely 2016. m\u00e1jus 2-t\u0151l hat\u00e1lyos. A k\u00e9zik\u00f6nyv mag\u00e1ba foglalja az ezzel kapcsolatos kommunik\u00e1ci\u00f3 valamennyi vizu\u00e1lis k\u00f6vetelm\u00e9ny\u00e9t. Minden Vid\u00e9kfejleszt\u00e9si Programot \u00e9rint\u0151 projekt eset\u00e9ben a VP KTK 2020\u2026","rel":"","context":"In &quot;H\u00edreink, k\u00f6zlem\u00e9nyeink&quot;","img":{"alt_text":"","src":"https:\/\/i2.wp.com\/bukkleader.hu\/old\/wp-content\/uploads\/2016\/06\/\u00faj-k\u00e9p.jpg?resize=350%2C200&ssl=1","width":350,"height":200},"classes":[]}],"_links":{"self":[{"href":"https:\/\/bukkleader.hu\/old\/wp-json\/wp\/v2\/posts\/219"}],"collection":[{"href":"https:\/\/bukkleader.hu\/old\/wp-json\/wp\/v2\/posts"}],"about":[{"href":"https:\/\/bukkleader.hu\/old\/wp-json\/wp\/v2\/types\/post"}],"author":[{"embeddable":true,"href":"https:\/\/bukkleader.hu\/old\/wp-json\/wp\/v2\/users\/1"}],"replies":[{"embeddable":true,"href":"https:\/\/bukkleader.hu\/old\/wp-json\/wp\/v2\/comments?post=219"}],"version-history":[{"count":3,"href":"https:\/\/bukkleader.hu\/old\/wp-json\/wp\/v2\/posts\/219\/revisions"}],"predecessor-version":[{"id":234,"href":"https:\/\/bukkleader.hu\/old\/wp-json\/wp\/v2\/posts\/219\/revisions\/234"}],"wp:featuredmedia":[{"embeddable":true,"href":"https:\/\/bukkleader.hu\/old\/wp-json\/wp\/v2\/media\/121"}],"wp:attachment":[{"href":"https:\/\/bukkleader.hu\/old\/wp-json\/wp\/v2\/media?parent=219"}],"wp:term":[{"taxonomy":"category","embeddable":true,"href":"https:\/\/bukkleader.hu\/old\/wp-json\/wp\/v2\/categories?post=219"},{"taxonomy":"post_tag","embeddable":true,"href":"https:\/\/bukkleader.hu\/old\/wp-json\/wp\/v2\/tags?post=219"}],"curies":[{"name":"wp","href":"https:\/\/api.w.org\/{rel}","templated":true}]}}