{"id":2183,"date":"2019-08-13T12:29:02","date_gmt":"2019-08-13T10:29:02","guid":{"rendered":"https:\/\/bukkleader.hu\/old\/?p=2183"},"modified":"2019-08-14T09:06:38","modified_gmt":"2019-08-14T07:06:38","slug":"a-mult-jelen-es-a-jovo-mestersegeinek-fejlesztese-cimu-intezkedesunk-nyertes-palyazoinak-figyelmebe","status":"publish","type":"post","link":"https:\/\/bukkleader.hu\/old\/a-mult-jelen-es-a-jovo-mestersegeinek-fejlesztese-cimu-intezkedesunk-nyertes-palyazoinak-figyelmebe\/","title":{"rendered":"&#8220;A m\u00falt, jelen, \u00e9s a j\u00f6v\u0151 mesters\u00e9geinek fejleszt\u00e9se&#8221; c\u00edm\u0171 int\u00e9zked\u00e9s\u00fcnk nyertes p\u00e1ly\u00e1z\u00f3inak figyelm\u00e9be!"},"content":{"rendered":"<p>&#8220;A m\u00falt, jelen, \u00e9s a j\u00f6v\u0151 mesters\u00e9geinek fejleszt\u00e9se&#8221; (VP6-19.2.1.-15-5-17) c\u00edmmel ki\u00edrt helyi felh\u00edv\u00e1sunk nyertes p\u00e1ly\u00e1z\u00f3i a t\u00e1mogat\u00e1si k\u00e9relem 6. sz\u00e1m\u00fa mell\u00e9klet\u00e9ben v\u00e1llalt\u00e1k, hogy a t\u00e1mogat\u00e1ssal \u00e9rintett term\u00e9keikkel\/szolg\u00e1ltat\u00e1saikkal vagy azok n\u00e9pszer\u0171s\u00edt\u00e9s\u00e9vel r\u00e9szt vesznek LEADER Tudomka programokon 2 vagy 3 alkalommal (a p\u00e1ly\u00e1z\u00f3 egy\u00e9ni v\u00e1llal\u00e1s\u00e1t\u00f3l f\u00fcgg\u0151en). <strong>Felh\u00edvjuk a figyelm\u00fcket, hogy ezt a v\u00e1llal\u00e1st (ak\u00e1rcsak a t\u00f6bbi nyilatkozatban tett v\u00e1llal\u00e1st!) a kifizet\u00e9si k\u00e9relmek beny\u00fajt\u00e1s\u00e1n\u00e1l szigor\u00faan ellen\u0151rizni fogja a Korm\u00e1nyhivatal!<\/strong><\/p>\n<p><strong>A p\u00e1ly\u00e1zati felh\u00edv\u00e1s 13. sz\u00e1m\u00fa mell\u00e9klete (Jogk\u00f6vetkezm\u00e9nyek) szerint: <span style=\"color: #ff0000;\">Amennyiben a projekt v\u00e9grehajt\u00e1s\u00e1ra rendelkez\u00e9sre \u00e1ll\u00f3 id\u0151tartam alatt, vagy a projektmegval\u00f3sul\u00e1s befejez\u00e9s\u00e9t k\u00f6vet\u0151 ellen\u0151rz\u00e9sek sor\u00e1n meg\u00e1llap\u00edt\u00e1st nyer, hogy a Kedvezm\u00e9nyezett a tartalmi \u00e9rt\u00e9kel\u00e9si szempontok sor\u00e1n v\u00e1llalt k\u00f6telezetts\u00e9geinek nem tett eleget, akkor az adott \u00e9rt\u00e9kel\u00e9si szempont vonatkoz\u00e1s\u00e1ban szempontonk\u00e9nt a j\u00f3v\u00e1hagyott t\u00e1mogat\u00e1si \u00f6sszeg 2%-\u00e1nak megfelel\u0151 \u00f6sszeget int\u00e9zked\u00e9sben val\u00f3 jogosulatlan r\u00e9szv\u00e9tel jogc\u00edm\u00e9n k\u00f6teles visszafizetni.<\/span><\/strong><\/p>\n<p>Ez\u00e9rt k\u00e9rj\u00fck az \u00e9rintett p\u00e1ly\u00e1z\u00f3inkat, hogy <strong>honlapunkon figyelj\u00e9k a LEADER Tudomka rendezv\u00e9nyeket<\/strong> (<strong><span style=\"color: #0000ff;\"><a style=\"color: #0000ff;\" href=\"https:\/\/bukkleader.hu\/old\/tamogatott-rendezvenyek\/\" target=\"_blank\" rel=\"noopener\">l\u00e1sd ezt a men\u00fcpontot<\/a><\/span><\/strong>) \u00e9s jelenjenek meg rajtuk!<strong> Ezeket a r\u00e9szv\u00e9teleket igazolni, dokument\u00e1lni sz\u00fcks\u00e9ges<\/strong> olyan d\u00e1tumozott <strong>fot\u00f3kkal<\/strong>, amelyeken beazonos\u00edthat\u00f3 a t\u00e1mogat\u00e1st ig\u00e9nyl\u0151, a rendezv\u00e9ny, valamint az a t\u00e9ny, hogy a t\u00e1mogat\u00e1ssal \u00e9rintett term\u00e9kkel\/szolg\u00e1ltat\u00e1ssal vagy azok n\u00e9pszer\u0171s\u00edt\u00e9s\u00e9vel jelentek meg.<\/p>\n<div class=\"sharedaddy sd-sharing-enabled\"><div class=\"robots-nocontent sd-block sd-social sd-social-icon sd-sharing\"><h3 class=\"sd-title\">Share this:<\/h3><div class=\"sd-content\"><ul><li class=\"share-facebook\"><a rel=\"nofollow noopener noreferrer\" data-shared=\"sharing-facebook-2183\" class=\"share-facebook sd-button share-icon no-text\" href=\"https:\/\/bukkleader.hu\/old\/a-mult-jelen-es-a-jovo-mestersegeinek-fejlesztese-cimu-intezkedesunk-nyertes-palyazoinak-figyelmebe\/?share=facebook\" target=\"_blank\" title=\"Click to share on Facebook\"><span><\/span><span class=\"sharing-screen-reader-text\">Click to share on Facebook (Opens in new window)<\/span><\/a><\/li><li class=\"share-twitter\"><a rel=\"nofollow noopener noreferrer\" data-shared=\"sharing-twitter-2183\" class=\"share-twitter sd-button share-icon no-text\" href=\"https:\/\/bukkleader.hu\/old\/a-mult-jelen-es-a-jovo-mestersegeinek-fejlesztese-cimu-intezkedesunk-nyertes-palyazoinak-figyelmebe\/?share=twitter\" target=\"_blank\" title=\"Click to share on Twitter\"><span><\/span><span class=\"sharing-screen-reader-text\">Click to share on Twitter (Opens in new window)<\/span><\/a><\/li><li class=\"share-print\"><a rel=\"nofollow noopener noreferrer\" data-shared=\"\" class=\"share-print sd-button share-icon no-text\" href=\"https:\/\/bukkleader.hu\/old\/a-mult-jelen-es-a-jovo-mestersegeinek-fejlesztese-cimu-intezkedesunk-nyertes-palyazoinak-figyelmebe\/\" target=\"_blank\" title=\"Click to print\"><span><\/span><span class=\"sharing-screen-reader-text\">Click to print (Opens in new window)<\/span><\/a><\/li><li class=\"share-email\"><a rel=\"nofollow noopener noreferrer\" data-shared=\"\" class=\"share-email sd-button share-icon no-text\" href=\"https:\/\/bukkleader.hu\/old\/a-mult-jelen-es-a-jovo-mestersegeinek-fejlesztese-cimu-intezkedesunk-nyertes-palyazoinak-figyelmebe\/?share=email\" target=\"_blank\" title=\"Click to email this to a friend\"><span><\/span><span class=\"sharing-screen-reader-text\">Click to email this to a friend (Opens in new window)<\/span><\/a><\/li><li class=\"share-end\"><\/li><\/ul><\/div><\/div><\/div>","protected":false},"excerpt":{"rendered":"<p>&#8220;A m\u00falt, jelen, \u00e9s a j\u00f6v\u0151 mesters\u00e9geinek fejleszt\u00e9se&#8221; (VP6-19.2.1.-15-5-17) c\u00edmmel ki\u00edrt helyi felh\u00edv\u00e1sunk nyertes p\u00e1ly\u00e1z\u00f3i a t\u00e1mogat\u00e1si k\u00e9relem 6. sz\u00e1m\u00fa mell\u00e9klet\u00e9ben v\u00e1llalt\u00e1k, hogy a t\u00e1mogat\u00e1ssal \u00e9rintett term\u00e9keikkel\/szolg\u00e1ltat\u00e1saikkal vagy azok n\u00e9pszer\u0171s\u00edt\u00e9s\u00e9vel r\u00e9szt vesznek LEADER Tudomka programokon 2 vagy 3 alkalommal (a p\u00e1ly\u00e1z\u00f3 egy\u00e9ni v\u00e1llal\u00e1s\u00e1t\u00f3l f\u00fcgg\u0151en). Felh\u00edvjuk a figyelm\u00fcket, hogy ezt a v\u00e1llal\u00e1st (ak\u00e1rcsak a t\u00f6bbi nyilatkozatban [&hellip;]<\/p>\n<div class=\"sharedaddy sd-sharing-enabled\"><div class=\"robots-nocontent sd-block sd-social sd-social-icon sd-sharing\"><h3 class=\"sd-title\">Share this:<\/h3><div class=\"sd-content\"><ul><li class=\"share-facebook\"><a rel=\"nofollow noopener noreferrer\" data-shared=\"sharing-facebook-2183\" class=\"share-facebook sd-button share-icon no-text\" href=\"https:\/\/bukkleader.hu\/old\/a-mult-jelen-es-a-jovo-mestersegeinek-fejlesztese-cimu-intezkedesunk-nyertes-palyazoinak-figyelmebe\/?share=facebook\" target=\"_blank\" title=\"Click to share on Facebook\"><span><\/span><span class=\"sharing-screen-reader-text\">Click to share on Facebook (Opens in new window)<\/span><\/a><\/li><li class=\"share-twitter\"><a rel=\"nofollow noopener noreferrer\" data-shared=\"sharing-twitter-2183\" class=\"share-twitter sd-button share-icon no-text\" href=\"https:\/\/bukkleader.hu\/old\/a-mult-jelen-es-a-jovo-mestersegeinek-fejlesztese-cimu-intezkedesunk-nyertes-palyazoinak-figyelmebe\/?share=twitter\" target=\"_blank\" title=\"Click to share on Twitter\"><span><\/span><span class=\"sharing-screen-reader-text\">Click to share on Twitter (Opens in new window)<\/span><\/a><\/li><li class=\"share-print\"><a rel=\"nofollow noopener noreferrer\" data-shared=\"\" class=\"share-print sd-button share-icon no-text\" href=\"https:\/\/bukkleader.hu\/old\/a-mult-jelen-es-a-jovo-mestersegeinek-fejlesztese-cimu-intezkedesunk-nyertes-palyazoinak-figyelmebe\/\" target=\"_blank\" title=\"Click to print\"><span><\/span><span class=\"sharing-screen-reader-text\">Click to print (Opens in new window)<\/span><\/a><\/li><li class=\"share-email\"><a rel=\"nofollow noopener noreferrer\" data-shared=\"\" class=\"share-email sd-button share-icon no-text\" href=\"https:\/\/bukkleader.hu\/old\/a-mult-jelen-es-a-jovo-mestersegeinek-fejlesztese-cimu-intezkedesunk-nyertes-palyazoinak-figyelmebe\/?share=email\" target=\"_blank\" title=\"Click to email this to a friend\"><span><\/span><span class=\"sharing-screen-reader-text\">Click to email this to a friend (Opens in new window)<\/span><\/a><\/li><li class=\"share-end\"><\/li><\/ul><\/div><\/div><\/div>","protected":false},"author":4,"featured_media":2186,"comment_status":"open","ping_status":"closed","sticky":false,"template":"","format":"standard","meta":{"_bbp_topic_count":0,"_bbp_reply_count":0,"_bbp_total_topic_count":0,"_bbp_total_reply_count":0,"_bbp_voice_count":0,"_bbp_anonymous_reply_count":0,"_bbp_topic_count_hidden":0,"_bbp_reply_count_hidden":0,"_bbp_forum_subforum_count":0,"spay_email":"","jetpack_publicize_message":"","jetpack_is_tweetstorm":false,"jetpack_publicize_feature_enabled":true},"categories":[1],"tags":[],"jetpack_featured_media_url":"https:\/\/bukkleader.hu\/old\/wp-content\/uploads\/2019\/08\/warning-icon-free-28_384x384.jpg","jetpack_publicize_connections":[],"jetpack_sharing_enabled":true,"jetpack-related-posts":[{"id":1984,"url":"https:\/\/bukkleader.hu\/old\/palyazok-figyelmebe-modosul-az-5-szamu-helyi-felhivas\/","url_meta":{"origin":2183,"position":0},"title":"P\u00e1ly\u00e1z\u00f3k figyelm\u00e9be! M\u00f3dosul az 5. sz\u00e1m\u00fa helyi felh\u00edv\u00e1s!","date":"2019-03-12","format":false,"excerpt":"Tisztelt P\u00e1ly\u00e1z\u00f3k! A B\u00fckk-T\u00e9rs\u00e9gi LEADER Egyes\u00fclet helyi felh\u00edv\u00e1sa 2019. 03. 11-t\u0151l, az al\u00e1bbiak szerint v\u00e1ltozott: \u00a0\u00a0\u00a0 VP6-19.2.1.-15-5-17 (A m\u00falt-, a jelen \u00e9s a j\u00f6v\u0151 mesters\u00e9geinek fejleszt\u00e9se) \u00a0\u00a0\u00a0\u00a0A jogosultak k\u00f6re kib\u0151v\u00fclt az ad\u00f3sz\u00e1mmal rendelkez\u0151 mag\u00e1nszem\u00e9lyekkel (GFO 233).\u00a0 \u00a0\u00a0\u00a0 A k\u00e9relmek beny\u00fajt\u00e1s\u00e1nak hat\u00e1rideje nem v\u00e1ltozott, tov\u00e1bbra is 2019. 03. 31. \u00a0\u00a0\u00a0 K\u00e9rj\u00fck\u2026","rel":"","context":"In &quot;H\u00edreink, k\u00f6zlem\u00e9nyeink&quot;","img":{"alt_text":"","src":"https:\/\/i2.wp.com\/bukkleader.hu\/old\/wp-content\/uploads\/2017\/12\/danger.png?resize=350%2C200&ssl=1","width":350,"height":200},"classes":[]},{"id":1483,"url":"https:\/\/bukkleader.hu\/old\/tisztelt-palyazok-modosultak-2018-01-02-tol-benyujthato-helyi-felhivasok\/","url_meta":{"origin":2183,"position":1},"title":"Tisztelt P\u00e1ly\u00e1z\u00f3k! M\u00f3dosultak a 2018.01.02-t\u00f3l beny\u00fajthat\u00f3 helyi felh\u00edv\u00e1sok.","date":"2017-12-21","format":false,"excerpt":"A M\u00daLT, JELEN, \u00c9S A J\u00d6V\u0150 MESTERS\u00c9GEINEK FEJLESZT\u00c9SE (VP6-19.2.1.-15-5-17) helyi felh\u00edv\u00e1s eset\u00e9ben:\u00a0\u00a04.1. T\u00e1mogat\u00e1st ig\u00e9nyl\u0151k k\u00f6re\u00a01.b. alpontja m\u00f3dosult, a 4.2. T\u00e1mogat\u00e1sban nem r\u00e9szes\u00edthet\u0151k k\u00f6re kieg\u00e9sz\u00fclt az e) alponttal valamint a 6.1. Csatoland\u00f3 mell\u00e9kletek k\u00f6z\u00fcl\u00a0 \"A felh\u00edv\u00e1s\u00a04.4.2.\/3. pontj\u00e1hoz tartoz\u00f3 Tartalmi \u00e9rt\u00e9kel\u00e9si szempontokat al\u00e1t\u00e1maszt\u00f3 igazol\u00e1sok, nyilatkozatok, dokumentumok\" e) alpontja m\u00f3dosult. A B\u00dcKKI \u00c9S\u2026","rel":"","context":"In &quot;H\u00edreink, k\u00f6zlem\u00e9nyeink&quot;","img":{"alt_text":"","src":"https:\/\/i2.wp.com\/bukkleader.hu\/old\/wp-content\/uploads\/2017\/12\/danger.png?resize=350%2C200&ssl=1","width":350,"height":200},"classes":[]},{"id":1685,"url":"https:\/\/bukkleader.hu\/old\/mikrovallalkozasok-figyelmebe-helyi-tamogatasi-kerelmek-tovabbi-benyujtasa\/","url_meta":{"origin":2183,"position":2},"title":"Mikrov\u00e1llalkoz\u00e1sok figyelm\u00e9be! Helyi t\u00e1mogat\u00e1si k\u00e9relmek tov\u00e1bbi beny\u00fajt\u00e1sa!","date":"2018-04-03","format":false,"excerpt":"T\u00e1j\u00e9koztatjuk\u00a0Tisztelt P\u00e1ly\u00e1z\u00f3inkat, hogy a M\u00falt, jelen \u00e9s a j\u00f6v\u0151 mesters\u00e9geinek fejleszt\u00e9se (VP6-19.2.1.-15-5-17) elnevez\u00e9s\u0171 helyi felh\u00edv\u00e1sra tov\u00e1bbra is lehet t\u00e1mogat\u00e1si k\u00e9relmet beny\u00fajtani, mert a 2018. 03. 31.-i szakaszz\u00e1r\u00e1skor nem f\u00fcggesztett\u00fck fel jelen felh\u00edv\u00e1sra a k\u00e9relem beny\u00fajt\u00e1s\u00e1t.","rel":"","context":"In &quot;H\u00edreink, k\u00f6zlem\u00e9nyeink&quot;","img":{"alt_text":"","src":"https:\/\/i1.wp.com\/bukkleader.hu\/old\/wp-content\/uploads\/2018\/04\/mesters\u00e9gek-2.jpg?resize=350%2C200&ssl=1","width":350,"height":200},"classes":[]},{"id":1973,"url":"https:\/\/bukkleader.hu\/old\/palyazok-figyelmebe-2019-03-31-en-zarulnak-a-helyi-felhivasokra-a-palyazatok-benyujtasa\/","url_meta":{"origin":2183,"position":3},"title":"P\u00e1ly\u00e1z\u00f3k figyelm\u00e9be! 2019.03.31-\u00e9n z\u00e1rulnak a helyi felh\u00edv\u00e1sokra a p\u00e1ly\u00e1zatok beny\u00fajt\u00e1sa","date":"2019-03-01","format":false,"excerpt":"Tisztelt P\u00e1ly\u00e1z\u00f3k! A B\u00fckk-T\u00e9rs\u00e9gi LEADER Egyes\u00fclet helyi felh\u00edv\u00e1sai 2019. 03. 31-\u00e9n lez\u00e1rulnak. Ezen id\u0151pontig az al\u00e1bbi felh\u00edv\u00e1sokra lehet m\u00e9g p\u00e1ly\u00e1zatot beny\u00fajtani: VP6-19.2.1.-15-1-17 (Leader Tudomka Pont) VP6-19.2.1.-15-2-17 (Leader Tudomka Falu) VP6-19.2.1.-15-3-17 (Leader Tudomka Tematikus K\u00f6zpontok) VP6-19.2.1.-15-5-17 (A m\u00falt-, a jelen \u00e9s a j\u00f6v\u0151 mesters\u00e9geinek fejleszt\u00e9se)) VP6-19.2.1.-15-7-17 (Saj\u00f3-, Hern\u00e1d-v\u00f6lgyi bolg\u00e1rkert\u00e9szet) VP6-19.2.1.-15-8-17 (Temetkez\u00e9si\u2026","rel":"","context":"In &quot;H\u00edreink, k\u00f6zlem\u00e9nyeink&quot;","img":{"alt_text":"","src":"https:\/\/i2.wp.com\/bukkleader.hu\/old\/wp-content\/uploads\/2017\/12\/danger.png?resize=350%2C200&ssl=1","width":350,"height":200},"classes":[]},{"id":1656,"url":"https:\/\/bukkleader.hu\/old\/figyelem-szakasz-zaras\/","url_meta":{"origin":2183,"position":4},"title":"Figyelem!  Szakasz z\u00e1r\u00e1s!","date":"2018-03-19","format":false,"excerpt":"Felh\u00edvjuk Tisztelt P\u00e1ly\u00e1z\u00f3ink figyelm\u00e9t, hogy n\u00e9gy helyi felh\u00edv\u00e1sunkra a t\u00e1mogat\u00e1si k\u00e9relmek beny\u00fajt\u00e1s\u00e1nak els\u0151 szakasza\u00a02018. 03. 31.-\u00e9n z\u00e1rul. Ezen felh\u00edv\u00e1sok az al\u00e1bbiak: A\u00a0m\u00falt, jelen \u00e9s a j\u00f6v\u0151 mesters\u00e9geinek fejleszt\u00e9se\u00a0(VP6-19.2.1.-15-5-17) A B\u00fckki \u00e9s B\u00fckkl\u00e1bi r\u00e9tegvizek hasznos\u00edt\u00e1s\u00e1nak fejleszt\u00e9se\u00a0(VP6-19.2.1.-15-6-17) Saj\u00f3- Hern\u00e1d v\u00f6lgyi bolg\u00e1rkert\u00e9szeti hagyom\u00e1nyok \u00e1pol\u00e1s\u00e1nak fejleszt\u00e9se\u00a0(VP6-19.2.1.-15-7-17) Temetkez\u00e9si hagyom\u00e1nyok \u00e1pol\u00e1sa, fejleszt\u00e9se\u00a0(VP6-19.2.1.-15-8-17)","rel":"","context":"In &quot;H\u00edreink, k\u00f6zlem\u00e9nyeink&quot;","img":{"alt_text":"","src":"https:\/\/i2.wp.com\/bukkleader.hu\/old\/wp-content\/uploads\/2017\/12\/danger.png?resize=350%2C200&ssl=1","width":350,"height":200},"classes":[]},{"id":1599,"url":"https:\/\/bukkleader.hu\/old\/figyelem-modosult-mult-jelen-es-jovo-mestersegeinek-fejlesztese-felhivas\/","url_meta":{"origin":2183,"position":5},"title":"Figyelem !  M\u00f3dosult a A M\u00daLT, JELEN, \u00c9S A J\u00d6V\u0150 MESTERS\u00c9GEINEK FEJLESZT\u00c9SE felh\u00edv\u00e1s","date":"2018-03-01","format":false,"excerpt":"Figyelem ! M\u00f3dosult a\u00a0A M\u00daLT, JELEN, \u00c9S A J\u00d6V\u0150 MESTERS\u00c9GEINEK FEJLESZT\u00c9SE\u00a0(mikrov\u00e1llalkoz\u00e1sok fejleszt\u00e9se, VP6-19.2.1.-15-5-17)\u00a0felh\u00edv\u00e1s\u00a0 4.1. pontja, amely szerint: indul\u00f3 v\u00e1llalkoz\u00e1s tev\u00e9kenys\u00e9g\u00e9t a T\u00e1mogat\u00f3 Okirat\u00a0k\u00e9zbes\u00edt\u00e9s napj\u00e1t k\u00f6vet\u0151 napig sz\u00fcneteltetheti.","rel":"","context":"In &quot;H\u00edreink, k\u00f6zlem\u00e9nyeink&quot;","img":{"alt_text":"","src":"https:\/\/i1.wp.com\/bukkleader.hu\/old\/wp-content\/uploads\/2018\/03\/nyitott-f\u00fczet-5.jpg?resize=350%2C200&ssl=1","width":350,"height":200},"classes":[]}],"_links":{"self":[{"href":"https:\/\/bukkleader.hu\/old\/wp-json\/wp\/v2\/posts\/2183"}],"collection":[{"href":"https:\/\/bukkleader.hu\/old\/wp-json\/wp\/v2\/posts"}],"about":[{"href":"https:\/\/bukkleader.hu\/old\/wp-json\/wp\/v2\/types\/post"}],"author":[{"embeddable":true,"href":"https:\/\/bukkleader.hu\/old\/wp-json\/wp\/v2\/users\/4"}],"replies":[{"embeddable":true,"href":"https:\/\/bukkleader.hu\/old\/wp-json\/wp\/v2\/comments?post=2183"}],"version-history":[{"count":4,"href":"https:\/\/bukkleader.hu\/old\/wp-json\/wp\/v2\/posts\/2183\/revisions"}],"predecessor-version":[{"id":2189,"href":"https:\/\/bukkleader.hu\/old\/wp-json\/wp\/v2\/posts\/2183\/revisions\/2189"}],"wp:featuredmedia":[{"embeddable":true,"href":"https:\/\/bukkleader.hu\/old\/wp-json\/wp\/v2\/media\/2186"}],"wp:attachment":[{"href":"https:\/\/bukkleader.hu\/old\/wp-json\/wp\/v2\/media?parent=2183"}],"wp:term":[{"taxonomy":"category","embeddable":true,"href":"https:\/\/bukkleader.hu\/old\/wp-json\/wp\/v2\/categories?post=2183"},{"taxonomy":"post_tag","embeddable":true,"href":"https:\/\/bukkleader.hu\/old\/wp-json\/wp\/v2\/tags?post=2183"}],"curies":[{"name":"wp","href":"https:\/\/api.w.org\/{rel}","templated":true}]}}