{"id":2123,"date":"2019-07-16T13:01:41","date_gmt":"2019-07-16T11:01:41","guid":{"rendered":"https:\/\/bukkleader.hu\/old\/?p=2123"},"modified":"2019-07-16T13:41:28","modified_gmt":"2019-07-16T11:41:28","slug":"kozepkori-piac-es-vasar-sajokereszturban-leader-tamogatassal","status":"publish","type":"post","link":"https:\/\/bukkleader.hu\/old\/kozepkori-piac-es-vasar-sajokereszturban-leader-tamogatassal\/","title":{"rendered":"K\u00f6z\u00e9pkori piac \u00e9s v\u00e1s\u00e1r Saj\u00f3kereszt\u00farban LEADER t\u00e1mogat\u00e1ssal"},"content":{"rendered":"<p><strong>Tisztelt \u00c9rdekl\u0151d\u0151k!<\/strong><\/p>\n<p>Saj\u00f3kereszt\u00far K\u00f6zs\u00e9g \u00d6nkorm\u00e1nyzata tisztelettel megh\u00edvja \u00d6n\u00f6ket 2019. augusztus 17-18-\u00e1n tartand\u00f3, <strong>LEADER t\u00e1mogat\u00e1ssal<\/strong> megval\u00f3sul\u00f3 <strong>K\u00f6z\u00e9pkori Piac \u00e9s V\u00e1s\u00e1r Saj\u00f3kereszt\u00farban<\/strong> c\u00edm\u0171 rendezv\u00e9ny\u00e9re. A r\u00e9szletes program <span style=\"color: #0000ff;\"><strong><a style=\"color: #0000ff;\" href=\"https:\/\/bukkleader.hu\/old\/wp-content\/uploads\/2019\/07\/Saj\u00f3kereszt\u00far-Tudomka-Falu-Plak\u00e1t.jpg\" target=\"_blank\" rel=\"noopener\">innen let\u00f6lthet\u0151<\/a><\/strong>.\u00a0<\/span><\/p>\n<p>&nbsp;<\/p>\n<p>&nbsp;<\/p>\n<p><img data-attachment-id=\"2124\" data-permalink=\"https:\/\/bukkleader.hu\/old\/kozepkori-piac-es-vasar-sajokereszturban-leader-tamogatassal\/sajokeresztur-tudomka-falu-2019-08-17-28\/\" data-orig-file=\"https:\/\/bukkleader.hu\/old\/wp-content\/uploads\/2019\/07\/Saj\u00f3kereszt\u00far-Tudomka-Falu-2019.08.17-28.png\" data-orig-size=\"548,784\" data-comments-opened=\"1\" data-image-meta=\"{&quot;aperture&quot;:&quot;0&quot;,&quot;credit&quot;:&quot;&quot;,&quot;camera&quot;:&quot;&quot;,&quot;caption&quot;:&quot;&quot;,&quot;created_timestamp&quot;:&quot;0&quot;,&quot;copyright&quot;:&quot;&quot;,&quot;focal_length&quot;:&quot;0&quot;,&quot;iso&quot;:&quot;0&quot;,&quot;shutter_speed&quot;:&quot;0&quot;,&quot;title&quot;:&quot;&quot;,&quot;orientation&quot;:&quot;0&quot;}\" data-image-title=\"Saj\u00f3kereszt\u00far Tudomka Falu 2019.08.17-28\" data-image-description=\"\" data-image-caption=\"\" data-medium-file=\"https:\/\/bukkleader.hu\/old\/wp-content\/uploads\/2019\/07\/Saj\u00f3kereszt\u00far-Tudomka-Falu-2019.08.17-28-210x300.png\" data-large-file=\"https:\/\/bukkleader.hu\/old\/wp-content\/uploads\/2019\/07\/Saj\u00f3kereszt\u00far-Tudomka-Falu-2019.08.17-28.png\" loading=\"lazy\" class=\"aligncenter size-full wp-image-2124\" src=\"https:\/\/bukkleader.hu\/old\/wp-content\/uploads\/2019\/07\/Saj\u00f3kereszt\u00far-Tudomka-Falu-2019.08.17-28.png\" alt=\"\" width=\"548\" height=\"784\" srcset=\"https:\/\/bukkleader.hu\/old\/wp-content\/uploads\/2019\/07\/Saj\u00f3kereszt\u00far-Tudomka-Falu-2019.08.17-28.png 548w, https:\/\/bukkleader.hu\/old\/wp-content\/uploads\/2019\/07\/Saj\u00f3kereszt\u00far-Tudomka-Falu-2019.08.17-28-210x300.png 210w\" sizes=\"(max-width: 548px) 100vw, 548px\" \/><\/p>\n<p>&nbsp;<\/p>\n<p>&nbsp;<\/p>\n<div class=\"sharedaddy sd-sharing-enabled\"><div class=\"robots-nocontent sd-block sd-social sd-social-icon sd-sharing\"><h3 class=\"sd-title\">Share this:<\/h3><div class=\"sd-content\"><ul><li class=\"share-facebook\"><a rel=\"nofollow noopener noreferrer\" data-shared=\"sharing-facebook-2123\" class=\"share-facebook sd-button share-icon no-text\" href=\"https:\/\/bukkleader.hu\/old\/kozepkori-piac-es-vasar-sajokereszturban-leader-tamogatassal\/?share=facebook\" target=\"_blank\" title=\"Click to share on Facebook\"><span><\/span><span class=\"sharing-screen-reader-text\">Click to share on Facebook (Opens in new window)<\/span><\/a><\/li><li class=\"share-twitter\"><a rel=\"nofollow noopener noreferrer\" data-shared=\"sharing-twitter-2123\" class=\"share-twitter sd-button share-icon no-text\" href=\"https:\/\/bukkleader.hu\/old\/kozepkori-piac-es-vasar-sajokereszturban-leader-tamogatassal\/?share=twitter\" target=\"_blank\" title=\"Click to share on Twitter\"><span><\/span><span class=\"sharing-screen-reader-text\">Click to share on Twitter (Opens in new window)<\/span><\/a><\/li><li class=\"share-print\"><a rel=\"nofollow noopener noreferrer\" data-shared=\"\" class=\"share-print sd-button share-icon no-text\" href=\"https:\/\/bukkleader.hu\/old\/kozepkori-piac-es-vasar-sajokereszturban-leader-tamogatassal\/\" target=\"_blank\" title=\"Click to print\"><span><\/span><span class=\"sharing-screen-reader-text\">Click to print (Opens in new window)<\/span><\/a><\/li><li class=\"share-email\"><a rel=\"nofollow noopener noreferrer\" data-shared=\"\" class=\"share-email sd-button share-icon no-text\" href=\"https:\/\/bukkleader.hu\/old\/kozepkori-piac-es-vasar-sajokereszturban-leader-tamogatassal\/?share=email\" target=\"_blank\" title=\"Click to email this to a friend\"><span><\/span><span class=\"sharing-screen-reader-text\">Click to email this to a friend (Opens in new window)<\/span><\/a><\/li><li class=\"share-end\"><\/li><\/ul><\/div><\/div><\/div>","protected":false},"excerpt":{"rendered":"<p>Tisztelt \u00c9rdekl\u0151d\u0151k! Saj\u00f3kereszt\u00far K\u00f6zs\u00e9g \u00d6nkorm\u00e1nyzata tisztelettel megh\u00edvja \u00d6n\u00f6ket 2019. augusztus 17-18-\u00e1n tartand\u00f3, LEADER t\u00e1mogat\u00e1ssal megval\u00f3sul\u00f3 K\u00f6z\u00e9pkori Piac \u00e9s V\u00e1s\u00e1r Saj\u00f3kereszt\u00farban c\u00edm\u0171 rendezv\u00e9ny\u00e9re. A r\u00e9szletes program innen let\u00f6lthet\u0151.\u00a0 &nbsp; &nbsp; &nbsp; &nbsp;<\/p>\n<div class=\"sharedaddy sd-sharing-enabled\"><div class=\"robots-nocontent sd-block sd-social sd-social-icon sd-sharing\"><h3 class=\"sd-title\">Share this:<\/h3><div class=\"sd-content\"><ul><li class=\"share-facebook\"><a rel=\"nofollow noopener noreferrer\" data-shared=\"sharing-facebook-2123\" class=\"share-facebook sd-button share-icon no-text\" href=\"https:\/\/bukkleader.hu\/old\/kozepkori-piac-es-vasar-sajokereszturban-leader-tamogatassal\/?share=facebook\" target=\"_blank\" title=\"Click to share on Facebook\"><span><\/span><span class=\"sharing-screen-reader-text\">Click to share on Facebook (Opens in new window)<\/span><\/a><\/li><li class=\"share-twitter\"><a rel=\"nofollow noopener noreferrer\" data-shared=\"sharing-twitter-2123\" class=\"share-twitter sd-button share-icon no-text\" href=\"https:\/\/bukkleader.hu\/old\/kozepkori-piac-es-vasar-sajokereszturban-leader-tamogatassal\/?share=twitter\" target=\"_blank\" title=\"Click to share on Twitter\"><span><\/span><span class=\"sharing-screen-reader-text\">Click to share on Twitter (Opens in new window)<\/span><\/a><\/li><li class=\"share-print\"><a rel=\"nofollow noopener noreferrer\" data-shared=\"\" class=\"share-print sd-button share-icon no-text\" href=\"https:\/\/bukkleader.hu\/old\/kozepkori-piac-es-vasar-sajokereszturban-leader-tamogatassal\/\" target=\"_blank\" title=\"Click to print\"><span><\/span><span class=\"sharing-screen-reader-text\">Click to print (Opens in new window)<\/span><\/a><\/li><li class=\"share-email\"><a rel=\"nofollow noopener noreferrer\" data-shared=\"\" class=\"share-email sd-button share-icon no-text\" href=\"https:\/\/bukkleader.hu\/old\/kozepkori-piac-es-vasar-sajokereszturban-leader-tamogatassal\/?share=email\" target=\"_blank\" title=\"Click to email this to a friend\"><span><\/span><span class=\"sharing-screen-reader-text\">Click to email this to a friend (Opens in new window)<\/span><\/a><\/li><li class=\"share-end\"><\/li><\/ul><\/div><\/div><\/div>","protected":false},"author":4,"featured_media":2135,"comment_status":"open","ping_status":"closed","sticky":false,"template":"","format":"standard","meta":{"_bbp_topic_count":0,"_bbp_reply_count":0,"_bbp_total_topic_count":0,"_bbp_total_reply_count":0,"_bbp_voice_count":0,"_bbp_anonymous_reply_count":0,"_bbp_topic_count_hidden":0,"_bbp_reply_count_hidden":0,"_bbp_forum_subforum_count":0,"spay_email":"","jetpack_publicize_message":"","jetpack_is_tweetstorm":false,"jetpack_publicize_feature_enabled":true},"categories":[1,31,29],"tags":[],"jetpack_featured_media_url":"https:\/\/bukkleader.hu\/old\/wp-content\/uploads\/2019\/07\/kozepkorivasar.jpg","jetpack_publicize_connections":[],"jetpack_sharing_enabled":true,"jetpack-related-posts":[{"id":5865,"url":"https:\/\/bukkleader.hu\/old\/kozepkori-kezmuves-vasar-dedestapolcsanyban-leader-tamogatassal-2021-05-22-23\/","url_meta":{"origin":2123,"position":0},"title":"K\u00f6z\u00e9pkori K\u00e9zm\u0171ves V\u00e1s\u00e1r D\u00e9destapolcs\u00e1nyban LEADER t\u00e1mogat\u00e1ssal 2021.05.22-23.","date":"2021-04-20","format":false,"excerpt":"Figyelem! A rendezv\u00e9ny id\u0151pontja megv\u00e1ltozott. R\u00e9szletek itt. *** D\u00e9destapolcs\u00e1ny K\u00f6zs\u00e9g \u00d6nkorm\u00e1nyzata tisztelettel megh\u00edvja \u00d6n\u00f6ket 2021. m\u00e1jus 22-23-\u00e1n (szombat-vas\u00e1rnap) D\u00e9destapolcs\u00e1nyban tartand\u00f3, LEADER t\u00e1mogat\u00e1ssal megval\u00f3sul\u00f3 \u201eK\u00f6z\u00e9pkori K\u00e9zm\u0171ves V\u00e1s\u00e1r\u201d c\u00edm\u0171 rendezv\u00e9ny\u00e9re az al\u00e1bbiak szerint (a program PDF-ben let\u00f6lthet\u0151 itt):","rel":"","context":"In &quot;H\u00edreink, k\u00f6zlem\u00e9nyeink&quot;","img":{"alt_text":"","src":"https:\/\/i2.wp.com\/bukkleader.hu\/old\/wp-content\/uploads\/2016\/12\/D\u00e9destapolcs\u00e1ny.jpg?resize=350%2C200&ssl=1","width":350,"height":200},"classes":[]},{"id":5931,"url":"https:\/\/bukkleader.hu\/old\/figyelem-idopont-valtozas-a-kozepkori-kezmuves-vasar-dedestapolcsanyban-2021-05-29-30-an-kerul-megrendezesre\/","url_meta":{"origin":2123,"position":1},"title":"Figyelem! Id\u0151pont v\u00e1ltoz\u00e1s! A K\u00f6z\u00e9pkori K\u00e9zm\u0171ves V\u00e1s\u00e1r D\u00e9destapolcs\u00e1nyban 2021.05.29-30-\u00e1n ker\u00fcl megrendez\u00e9sre!","date":"2021-05-21","format":false,"excerpt":"Figyelem! A\u00a0honlapunkon 2021.04.30-\u00e1n meghirdetett d\u00e9destapolcs\u00e1nyi \u201eK\u00f6z\u00e9pkori K\u00e9zm\u0171ves V\u00e1s\u00e1r\u201d c\u00edm\u0171 rendezv\u00e9ny id\u0151pontj\u00e1ban \u00e9s programj\u00e1ban v\u00e1ltoz\u00e1s \u00e1llt be az al\u00e1bbiak szerint (a megh\u00edv\u00f3 \u00e9s a program PDF f\u00e1jlban let\u00f6lthet\u0151 itt \u00e9s itt): \u00a0","rel":"","context":"In &quot;H\u00edreink, k\u00f6zlem\u00e9nyeink&quot;","img":{"alt_text":"","src":"https:\/\/i2.wp.com\/bukkleader.hu\/old\/wp-content\/uploads\/2016\/12\/D\u00e9destapolcs\u00e1ny.jpg?resize=350%2C200&ssl=1","width":350,"height":200},"classes":[]},{"id":2214,"url":"https:\/\/bukkleader.hu\/old\/mihaly-napi-vasar-bocson-leader-tamogatassal\/","url_meta":{"origin":2123,"position":2},"title":"&#8220;Mih\u00e1ly napi v\u00e1s\u00e1r&#8221; B\u0151cs\u00f6n LEADER t\u00e1mogat\u00e1ssal","date":"2019-08-29","format":false,"excerpt":"A R\u00f3zsafa Hagyom\u00e1ny\u0151rz\u0151 Egyes\u00fclet (B\u0151cs) tisztelettel megh\u00edvja \u00d6n\u00f6ket 2019. szeptember 28-\u00e1n (szombat) tartand\u00f3, LEADER t\u00e1mogat\u00e1ssal megval\u00f3sul\u00f3 \u201cMih\u00e1ly napi v\u00e1s\u00e1r\u201d c\u00edm\u0171 rendezv\u00e9ny\u00e9re. A r\u00e9szletes program innen let\u00f6lthet\u0151.","rel":"","context":"In &quot;H\u00edreink, k\u00f6zlem\u00e9nyeink&quot;","img":{"alt_text":"","src":"https:\/\/i0.wp.com\/bukkleader.hu\/old\/wp-content\/uploads\/2019\/08\/bocs_neptanc2.jpg?resize=350%2C200&ssl=1","width":350,"height":200},"classes":[]},{"id":5769,"url":"https:\/\/bukkleader.hu\/old\/leader-tudomka-kozpont-kepzes-sajokereszturban-2021-03-26\/","url_meta":{"origin":2123,"position":3},"title":"LEADER Tudomka K\u00f6zpont k\u00e9pz\u00e9s Saj\u00f3kereszt\u00farban \u2013 2021.03.26.","date":"2021-02-24","format":false,"excerpt":"Figyelem! A 2021. m\u00e1rcius 8-\u00e1n \u00e9letbe l\u00e9p\u0151, a Covid-19 j\u00e1rv\u00e1nnyal kapcsolatos int\u00e9zked\u00e9sek miatt az al\u00e1bbi program saj\u00f3kereszt\u00fari rendezv\u00e9nye elmarad, helyette a k\u00e9pz\u00e9s ONLINE form\u00e1ban ker\u00fcl megtart\u00e1sra, amelynek r\u00e9szleteit l\u00e1sd itt. *** A B\u00fckk-hegys\u00e9gi Meg\u00fajul\u00f3 Energi\u00e1k Iskol\u00e1k Alap\u00edtv\u00e1ny, mint LEADER Tudomka K\u00f6zpont, tisztelettel megh\u00edvja \u00d6n\u00f6ket 2021. m\u00e1rcius 26-\u00e1n (p\u00e9ntek) Saj\u00f3kereszt\u00farban tartand\u00f3,\u2026","rel":"","context":"In &quot;H\u00edreink, k\u00f6zlem\u00e9nyeink&quot;","img":{"alt_text":"","src":"https:\/\/i1.wp.com\/bukkleader.hu\/old\/wp-content\/uploads\/2020\/10\/elmarad.jpg?resize=350%2C200&ssl=1","width":350,"height":200},"classes":[]},{"id":3158,"url":"https:\/\/bukkleader.hu\/old\/leader-tudomka-kozpont-kepzes-sajokereszturban-2020-11-19\/","url_meta":{"origin":2123,"position":4},"title":"LEADER Tudomka K\u00f6zpont k\u00e9pz\u00e9s Saj\u00f3kereszt\u00farban (ELMARAD) &#8211; 2020.11.19.","date":"2020-10-02","format":false,"excerpt":"Figyelem! A 2020. november 11-\u00e9n \u00e9letbe l\u00e9p\u0151, a Covid-19 j\u00e1rv\u00e1nnyal kapcsolatos int\u00e9zked\u00e9sek miatt az al\u00e1bbi program elmarad. K\u00e9rem, hogy tov\u00e1bbi inform\u00e1ci\u00f3\u00e9rt\u00a0 a programmal kapcsolatban k\u00eds\u00e9rj\u00e9k figyelemmel honlapunkat! *** A B\u00fckk-hegys\u00e9gi Meg\u00fajul\u00f3 Energi\u00e1k Iskol\u00e1k Alap\u00edtv\u00e1ny, mint LEADER Tudomka K\u00f6zpont, tisztelettel megh\u00edvja \u00d6n\u00f6ket 2020. november 19-\u00e9n (cs\u00fct\u00f6rt\u00f6k) Saj\u00f3kereszt\u00farban tartand\u00f3, LEADER t\u00e1mogat\u00e1ssal megval\u00f3sul\u00f3\u2026","rel":"","context":"In &quot;H\u00edreink, k\u00f6zlem\u00e9nyeink&quot;","img":{"alt_text":"","src":"https:\/\/i1.wp.com\/bukkleader.hu\/old\/wp-content\/uploads\/2020\/10\/elmarad.jpg?resize=350%2C200&ssl=1","width":350,"height":200},"classes":[]},{"id":5765,"url":"https:\/\/bukkleader.hu\/old\/sajo-hernad-volgyi-bolgarkerteszeti-hagyomanyok-apolasanak-fejlesztese-leader-tamogatassal-megvalosult-projekt-zaro-rendezvenye-2021-03-26\/","url_meta":{"origin":2123,"position":5},"title":"\u201cSaj\u00f3-Hern\u00e1d V\u00f6lgyi bolg\u00e1rkert\u00e9szeti hagyom\u00e1nyok \u00e1pol\u00e1s\u00e1nak fejleszt\u00e9se\u201d LEADER t\u00e1mogat\u00e1ssal megval\u00f3sult projekt z\u00e1r\u00f3 rendezv\u00e9nye \u2013 2021.03.26.","date":"2021-02-19","format":false,"excerpt":"Saj\u00f3kereszt\u00far K\u00f6zs\u00e9g \u00d6nkorm\u00e1nyzata tisztelettel megh\u00edvja \u00d6n\u00f6ket \u201eSaj\u00f3-Hern\u00e1d V\u00f6lgyi bolg\u00e1rkert\u00e9szeti hagyom\u00e1nyok \u00e1pol\u00e1s\u00e1nak fejleszt\u00e9se VP6-19.2.1-15-7-17\u201d c\u00edm\u0171 p\u00e1ly\u00e1zata z\u00e1r\u00f3 rendezv\u00e9ny\u00e9re, amelyre 2021. m\u00e1rcius 26-\u00e1n (p\u00e9ntek) ker\u00fcl sor Saj\u00f3kereszt\u00farban az al\u00e1bbiak szerint: \u00a0","rel":"","context":"In &quot;Bolg\u00e1rkert\u00e9szeti hagyom\u00e1nyok rendezv\u00e9nyei&quot;","img":{"alt_text":"","src":"https:\/\/i0.wp.com\/bukkleader.hu\/old\/wp-content\/uploads\/2016\/12\/fiatal-mez\u0151gazda.jpg?resize=350%2C200&ssl=1","width":350,"height":200},"classes":[]}],"_links":{"self":[{"href":"https:\/\/bukkleader.hu\/old\/wp-json\/wp\/v2\/posts\/2123"}],"collection":[{"href":"https:\/\/bukkleader.hu\/old\/wp-json\/wp\/v2\/posts"}],"about":[{"href":"https:\/\/bukkleader.hu\/old\/wp-json\/wp\/v2\/types\/post"}],"author":[{"embeddable":true,"href":"https:\/\/bukkleader.hu\/old\/wp-json\/wp\/v2\/users\/4"}],"replies":[{"embeddable":true,"href":"https:\/\/bukkleader.hu\/old\/wp-json\/wp\/v2\/comments?post=2123"}],"version-history":[{"count":4,"href":"https:\/\/bukkleader.hu\/old\/wp-json\/wp\/v2\/posts\/2123\/revisions"}],"predecessor-version":[{"id":2129,"href":"https:\/\/bukkleader.hu\/old\/wp-json\/wp\/v2\/posts\/2123\/revisions\/2129"}],"wp:featuredmedia":[{"embeddable":true,"href":"https:\/\/bukkleader.hu\/old\/wp-json\/wp\/v2\/media\/2135"}],"wp:attachment":[{"href":"https:\/\/bukkleader.hu\/old\/wp-json\/wp\/v2\/media?parent=2123"}],"wp:term":[{"taxonomy":"category","embeddable":true,"href":"https:\/\/bukkleader.hu\/old\/wp-json\/wp\/v2\/categories?post=2123"},{"taxonomy":"post_tag","embeddable":true,"href":"https:\/\/bukkleader.hu\/old\/wp-json\/wp\/v2\/tags?post=2123"}],"curies":[{"name":"wp","href":"https:\/\/api.w.org\/{rel}","templated":true}]}}