{"id":212,"date":"2012-08-22T13:42:04","date_gmt":"2012-08-22T11:42:04","guid":{"rendered":"https:\/\/bukkleader.hu\/old\/new\/?p=212"},"modified":"2015-09-22T09:50:33","modified_gmt":"2015-09-22T07:50:33","slug":"uj-ikszt-jogcimrendelet","status":"publish","type":"post","link":"https:\/\/bukkleader.hu\/old\/uj-ikszt-jogcimrendelet\/","title":{"rendered":"\u00daj IKSZT jogc\u00edmrendelet"},"content":{"rendered":"<h2>Megjelent az \u00faj IKSZT jogc\u00edmrendelet<\/h2>\n<p class=\"style6\" style=\"text-align: justify;\">Magyar K\u00f6zl\u00f6ny 104. sz\u00e1m\u00e1ban megjelent az Eur\u00f3pai Mez\u0151gazdas\u00e1gi Vid\u00e9kfejleszt\u00e9si Alapb\u00f3l ny\u00fajtand\u00f3, a vid\u00e9ki gazdas\u00e1g \u00e9s lakoss\u00e1g sz\u00e1m\u00e1ra ny\u00fajtott alapszolg\u00e1ltat\u00e1sok k\u00f6r\u00e9ben,\u00a0<strong class=\"style212\">az integr\u00e1lt k\u00f6z\u00f6ss\u00e9gi \u00e9s szolg\u00e1ltat\u00f3 t\u00e9r\u00a0<\/strong>kialak\u00edt\u00e1s\u00e1ra \u00e9s m\u0171k\u00f6dtet\u00e9s\u00e9re ig\u00e9nybe vehet\u0151 t\u00e1mogat\u00e1sok r\u00e9szletes felt\u00e9teleir\u0151l sz\u00f3l\u00f3&#8230;<!--more--><strong>112\/2009. (VIII. 29.) FVM rendelet m\u00f3dos\u00edt\u00e1s\u00e1r\u00f3l sz\u00f3l\u00f3 84\/2012. (VIII. 02.) VM rendelet (IKSZT jogc\u00edmrendelet)<\/strong>.<\/p>\n<p class=\"style6\" style=\"text-align: justify;\">A m\u00f3dos\u00edtott rendelet el\u00e9rhet\u0151<a href=\"http:\/\/www.ikszt.hu\/hirek\/megjelent-az-ikszt-jogcimrendelet-modositasa.html\" target=\"_blank\"> a www.ikszt.hu oldalon &gt;&gt;<\/a><\/p>\n<div class=\"sharedaddy sd-sharing-enabled\"><div class=\"robots-nocontent sd-block sd-social sd-social-icon sd-sharing\"><h3 class=\"sd-title\">Share this:<\/h3><div class=\"sd-content\"><ul><li class=\"share-facebook\"><a rel=\"nofollow noopener noreferrer\" data-shared=\"sharing-facebook-212\" class=\"share-facebook sd-button share-icon no-text\" href=\"https:\/\/bukkleader.hu\/old\/uj-ikszt-jogcimrendelet\/?share=facebook\" target=\"_blank\" title=\"Click to share on Facebook\"><span><\/span><span class=\"sharing-screen-reader-text\">Click to share on Facebook (Opens in new window)<\/span><\/a><\/li><li class=\"share-twitter\"><a rel=\"nofollow noopener noreferrer\" data-shared=\"sharing-twitter-212\" class=\"share-twitter sd-button share-icon no-text\" href=\"https:\/\/bukkleader.hu\/old\/uj-ikszt-jogcimrendelet\/?share=twitter\" target=\"_blank\" title=\"Click to share on Twitter\"><span><\/span><span class=\"sharing-screen-reader-text\">Click to share on Twitter (Opens in new window)<\/span><\/a><\/li><li class=\"share-print\"><a rel=\"nofollow noopener noreferrer\" data-shared=\"\" class=\"share-print sd-button share-icon no-text\" href=\"https:\/\/bukkleader.hu\/old\/uj-ikszt-jogcimrendelet\/\" target=\"_blank\" title=\"Click to print\"><span><\/span><span class=\"sharing-screen-reader-text\">Click to print (Opens in new window)<\/span><\/a><\/li><li class=\"share-email\"><a rel=\"nofollow noopener noreferrer\" data-shared=\"\" class=\"share-email sd-button share-icon no-text\" href=\"https:\/\/bukkleader.hu\/old\/uj-ikszt-jogcimrendelet\/?share=email\" target=\"_blank\" title=\"Click to email this to a friend\"><span><\/span><span class=\"sharing-screen-reader-text\">Click to email this to a friend (Opens in new window)<\/span><\/a><\/li><li class=\"share-end\"><\/li><\/ul><\/div><\/div><\/div>","protected":false},"excerpt":{"rendered":"<p>Megjelent az \u00faj IKSZT jogc\u00edmrendelet Magyar K\u00f6zl\u00f6ny 104. sz\u00e1m\u00e1ban megjelent az Eur\u00f3pai Mez\u0151gazdas\u00e1gi Vid\u00e9kfejleszt\u00e9si Alapb\u00f3l ny\u00fajtand\u00f3, a vid\u00e9ki gazdas\u00e1g \u00e9s lakoss\u00e1g sz\u00e1m\u00e1ra ny\u00fajtott alapszolg\u00e1ltat\u00e1sok k\u00f6r\u00e9ben,\u00a0az integr\u00e1lt k\u00f6z\u00f6ss\u00e9gi \u00e9s szolg\u00e1ltat\u00f3 t\u00e9r\u00a0kialak\u00edt\u00e1s\u00e1ra \u00e9s m\u0171k\u00f6dtet\u00e9s\u00e9re ig\u00e9nybe vehet\u0151 t\u00e1mogat\u00e1sok r\u00e9szletes felt\u00e9teleir\u0151l sz\u00f3l\u00f3&#8230;<\/p>\n<div class=\"sharedaddy sd-sharing-enabled\"><div class=\"robots-nocontent sd-block sd-social sd-social-icon sd-sharing\"><h3 class=\"sd-title\">Share this:<\/h3><div class=\"sd-content\"><ul><li class=\"share-facebook\"><a rel=\"nofollow noopener noreferrer\" data-shared=\"sharing-facebook-212\" class=\"share-facebook sd-button share-icon no-text\" href=\"https:\/\/bukkleader.hu\/old\/uj-ikszt-jogcimrendelet\/?share=facebook\" target=\"_blank\" title=\"Click to share on Facebook\"><span><\/span><span class=\"sharing-screen-reader-text\">Click to share on Facebook (Opens in new window)<\/span><\/a><\/li><li class=\"share-twitter\"><a rel=\"nofollow noopener noreferrer\" data-shared=\"sharing-twitter-212\" class=\"share-twitter sd-button share-icon no-text\" href=\"https:\/\/bukkleader.hu\/old\/uj-ikszt-jogcimrendelet\/?share=twitter\" target=\"_blank\" title=\"Click to share on Twitter\"><span><\/span><span class=\"sharing-screen-reader-text\">Click to share on Twitter (Opens in new window)<\/span><\/a><\/li><li class=\"share-print\"><a rel=\"nofollow noopener noreferrer\" data-shared=\"\" class=\"share-print sd-button share-icon no-text\" href=\"https:\/\/bukkleader.hu\/old\/uj-ikszt-jogcimrendelet\/\" target=\"_blank\" title=\"Click to print\"><span><\/span><span class=\"sharing-screen-reader-text\">Click to print (Opens in new window)<\/span><\/a><\/li><li class=\"share-email\"><a rel=\"nofollow noopener noreferrer\" data-shared=\"\" class=\"share-email sd-button share-icon no-text\" href=\"https:\/\/bukkleader.hu\/old\/uj-ikszt-jogcimrendelet\/?share=email\" target=\"_blank\" title=\"Click to email this to a friend\"><span><\/span><span class=\"sharing-screen-reader-text\">Click to email this to a friend (Opens in new window)<\/span><\/a><\/li><li class=\"share-end\"><\/li><\/ul><\/div><\/div><\/div>","protected":false},"author":1,"featured_media":213,"comment_status":"open","ping_status":"closed","sticky":false,"template":"","format":"standard","meta":{"_bbp_topic_count":0,"_bbp_reply_count":0,"_bbp_total_topic_count":0,"_bbp_total_reply_count":0,"_bbp_voice_count":0,"_bbp_anonymous_reply_count":0,"_bbp_topic_count_hidden":0,"_bbp_reply_count_hidden":0,"_bbp_forum_subforum_count":0,"spay_email":"","jetpack_publicize_message":"","jetpack_is_tweetstorm":false,"jetpack_publicize_feature_enabled":true},"categories":[1],"tags":[],"jetpack_featured_media_url":"https:\/\/bukkleader.hu\/old\/wp-content\/uploads\/2015\/09\/ikszt.logo_.jpg","jetpack_publicize_connections":[],"jetpack_sharing_enabled":true,"jetpack-related-posts":[{"id":204,"url":"https:\/\/bukkleader.hu\/old\/jogszabaly-modositasok\/","url_meta":{"origin":212,"position":0},"title":"Jogszab\u00e1ly m\u00f3dos\u00edt\u00e1sok","date":"2012-08-02","format":false,"excerpt":"FIGYELEM! Jogszab\u00e1ly m\u00f3dos\u00edt\u00e1sokA Magyar K\u00f6zl\u00f6ny 102. sz\u00e1m\u00e1ban megjelent a 76\/2012. (VII.27.) VM rendelet\u00a0az Eur\u00f3pai Mez\u0151gazdas\u00e1gi Vid\u00e9kfejleszt\u00e9si Alapb\u00f3l finansz\u00edrozott egyes agr\u00e1rt\u00e1rgy\u00fa miniszteri rendeletek m\u00f3dos\u00edt\u00e1s\u00e1r\u00f3l, amely sz\u00e1mos programbeli jogc\u00edm m\u00f3dos\u00edt\u00e1s\u00e1t \u00e9rinti, \u00edgy r\u00e9szben az EMVA III-as, IV-es tengelyes jogc\u00edmrendeleteket is. A Magyar K\u00f6zl\u00f6ny aktu\u00e1lis sz\u00e1m\u00e1nak let\u00f6lt\u00e9se >>","rel":"","context":"In &quot;H\u00edreink, k\u00f6zlem\u00e9nyeink&quot;","img":{"alt_text":"paragrafus","src":"https:\/\/i0.wp.com\/bukkleader.hu\/old\/wp-content\/uploads\/2012\/06\/paragrafus384w.jpg?resize=350%2C200&ssl=1","width":350,"height":200},"classes":[]},{"id":398,"url":"https:\/\/bukkleader.hu\/old\/figyelem-tobb-emva-jogcimrendelet-modositasra-kerult\/","url_meta":{"origin":212,"position":1},"title":"Figyelem! T\u00f6bb EMVA jogc\u00edmrendelet m\u00f3dos\u00edt\u00e1sra ker\u00fclt","date":"2014-09-23","format":false,"excerpt":"2014. szeptember 15-\u00e9n megjelent az 1\/2014. (IX. 15.) MVM\u00a0rendelet Az Eur\u00f3pai Mez\u0151gazdas\u00e1gi Vid\u00e9kfejleszt\u00e9si Alapb\u00f3l finansz\u00edrozott egyes agr\u00e1rt\u00e1mogat\u00e1si t\u00e1rgy\u00fa miniszteri rendeletek m\u00f3dos\u00edt\u00e1s\u00e1r\u00f3l. A rendelet t\u00f6bbek k\u00f6z\u00f6tt tartalmazza:\u00a0A\u00a0LEADER Helyi Akci\u00f3csoportok feladat ell\u00e1t\u00e1s\u00e1hoz az\u00a0Eur\u00f3pai Mez\u0151gazdas\u00e1gi Vid\u00e9kfejleszt\u00e9si Alapb\u00f3l ny\u00fajtand\u00f3 vid\u00e9kfejleszt\u00e9si t\u00e1mogat\u00e1s r\u00e9szletes felt\u00e9teleir\u0151l sz\u00f3l\u00f330\/2012. (III. 24.) VM\u00a0rendelet m\u00f3dos\u00edt\u00e1s\u00e1t, az\u00a0Eur\u00f3pai Mez\u0151gazdas\u00e1gi Vid\u00e9kfejleszt\u00e9si Alapb\u00f3l a\u00a0mikrov\u00e1llalkoz\u00e1sok l\u00e9trehoz\u00e1s\u00e1ra\u2026","rel":"","context":"In &quot;H\u00edreink, k\u00f6zlem\u00e9nyeink&quot;","img":{"alt_text":"paragrafus","src":"https:\/\/i0.wp.com\/bukkleader.hu\/old\/wp-content\/uploads\/2012\/06\/paragrafus384w.jpg?resize=350%2C200&ssl=1","width":350,"height":200},"classes":[]},{"id":410,"url":"https:\/\/bukkleader.hu\/old\/figyelem-jogszabaly-modositasok-2\/","url_meta":{"origin":212,"position":2},"title":"Figyelem! Jogszab\u00e1ly m\u00f3dos\u00edt\u00e1sok","date":"2014-11-25","format":false,"excerpt":"Megjelent a 8\/2014. (XI. 19.) MvM rendelet az Eur\u00f3pai Mez\u0151gazdas\u00e1gi Vid\u00e9kfejleszt\u00e9si Alapb\u00f3l finansz\u00edrozott egyes agr\u00e1rt\u00e1mogat\u00e1si t\u00e1rgy\u00fa miniszteri rendeletek m\u00f3dos\u00edt\u00e1s\u00e1r\u00f3l. A rendelet a 23\/2007. (IV. 17.) FVM rendelet (Vhr. - v\u00e9grehajt\u00e1si rendelet) valamint t\u00f6bb t\u00e1mogat\u00e1si jogc\u00edmrendelet m\u00f3dos\u00edt\u00e1s\u00e1t tartalmazza. Az MvM rendelet a Magyar K\u00f6zl\u00f6ny 2014.11.19-i, 157. sz\u00e1m\u00e1ban olvashat\u00f3, mely el\u00e9rhet\u0151 innen\u2026","rel":"","context":"In &quot;H\u00edreink, k\u00f6zlem\u00e9nyeink&quot;","img":{"alt_text":"paragrafus","src":"https:\/\/i0.wp.com\/bukkleader.hu\/old\/wp-content\/uploads\/2012\/06\/paragrafus384w.jpg?resize=350%2C200&ssl=1","width":350,"height":200},"classes":[]},{"id":191,"url":"https:\/\/bukkleader.hu\/old\/turisztikai-tevekenysegek-osztonzese\/","url_meta":{"origin":212,"position":3},"title":"Turisztikai tev\u00e9kenys\u00e9gek \u00f6szt\u00f6nz\u00e9se","date":"2012-06-12","format":false,"excerpt":"Megjelent a turisztikai tev\u00e9kenys\u00e9gek \u00f6szt\u00f6nz\u00e9s\u00e9hez az EMVA-b\u00f3l ny\u00fajtand\u00f3 t\u00e1mogat\u00e1sokr\u00f3l sz\u00f3l\u00f3 rendelet, valamint m\u00f3dosult a mikrov\u00e1llalkoz\u00e1sok fejleszt\u00e9s\u00e9re vonatkoz\u00f3 jogc\u00edmrendelet.Megjelent a 52\/2012. (VI. 8.) VM rendelet az Eur\u00f3pai Mez\u0151gazdas\u00e1gi Vid\u00e9kfejleszt\u00e9si Alapb\u00f3l a turisztikai tev\u00e9kenys\u00e9gek \u00f6szt\u00f6nz\u00e9s\u00e9heza LEADER Helyi Akci\u00f3csoportok k\u00f6zrem\u0171k\u00f6d\u00e9s\u00e9vel 2012-t\u00f5l ny\u00fajtand\u00f3 t\u00e1mogat\u00e1sok r\u00e9szletes felt\u00e9teleir\u00f5l. A rendelet 7. mell\u00e9klete szerinta B\u00fckk-T\u00e9rs\u00e9gi LEADER Egyes\u00fclet\u2026","rel":"","context":"In &quot;H\u00edreink, k\u00f6zlem\u00e9nyeink&quot;","img":{"alt_text":"paragrafus","src":"https:\/\/i0.wp.com\/bukkleader.hu\/old\/wp-content\/uploads\/2012\/06\/paragrafus384w.jpg?resize=350%2C200&ssl=1","width":350,"height":200},"classes":[]},{"id":277,"url":"https:\/\/bukkleader.hu\/old\/palyazat-ikszt-k-szolgaltatas-bovitesere\/","url_meta":{"origin":212,"position":4},"title":"P\u00e1ly\u00e1zat IKSZT-k szolg\u00e1ltat\u00e1s-b\u0151v\u00edt\u00e9s\u00e9re","date":"2012-12-11","format":false,"excerpt":"A Nemzeti Fejleszt\u00e9si \u00dcgyn\u00f6ks\u00e9g (NF\u00dc) gondoz\u00e1s\u00e1ban megjelent az IKSZT-k szolg\u00e1ltat\u00e1sb\u0151v\u00edt\u00e9s\u00e9hez kapcsol\u00f3d\u00f3 T\u00c1MOP 3.2.3.B-12\/1 jel\u0171 \u201e\u00c9p\u00edt\u0151 k\u00f6z\u00f6ss\u00e9gek\u201d - B) A korszer\u0171, t\u00f6bbfunkci\u00f3s (multifunkcion\u00e1lis) k\u00f6zm\u0171vel\u0151d\u00e9si fejleszt\u00e9seket szolg\u00e1l\u00f3 k\u00f6z\u00f6ss\u00e9gi programok, egy\u00fcttm\u0171k\u00f6d\u00e9sek, \u00faj tanul\u00e1si form\u00e1k kialakul\u00e1s\u00e1nak el\u0151seg\u00edt\u00e9se c\u00edm\u0171 \u00daj Sz\u00e9chenyi Terv p\u00e1ly\u00e1zat. A p\u00e1ly\u00e1zattal kapcsolatban r\u00e9szletes inform\u00e1ci\u00f3k az al\u00e1bbi linken olvashat\u00f3ak >>","rel":"","context":"In &quot;H\u00edreink, k\u00f6zlem\u00e9nyeink&quot;","img":{"alt_text":"ikszt.logo","src":"https:\/\/i2.wp.com\/bukkleader.hu\/old\/wp-content\/uploads\/2015\/09\/ikszt.logo_1.jpg?resize=350%2C200&ssl=1","width":350,"height":200},"classes":[]},{"id":806,"url":"https:\/\/bukkleader.hu\/old\/megjelent-az-ikszt-tamogato-palyazat\/","url_meta":{"origin":212,"position":5},"title":"Megjelent a telep\u00fcl\u00e9sk\u00e9pet meghat\u00e1roz\u00f3 \u00e9p\u00fcletek fel\u00faj\u00edt\u00e1s\u00e1t \u00e9s az  IKSZT- t t\u00e1mogat\u00f3 p\u00e1ly\u00e1zat","date":"2016-02-11","format":false,"excerpt":"LET\u00d6LT\u00c9S itt >>","rel":"","context":"In &quot;H\u00edreink, k\u00f6zlem\u00e9nyeink&quot;","img":{"alt_text":"","src":"https:\/\/i1.wp.com\/bukkleader.hu\/old\/wp-content\/uploads\/2016\/02\/telep\u00fcl\u00e9sk\u00e9p.jpg?resize=350%2C200&ssl=1","width":350,"height":200},"classes":[]}],"_links":{"self":[{"href":"https:\/\/bukkleader.hu\/old\/wp-json\/wp\/v2\/posts\/212"}],"collection":[{"href":"https:\/\/bukkleader.hu\/old\/wp-json\/wp\/v2\/posts"}],"about":[{"href":"https:\/\/bukkleader.hu\/old\/wp-json\/wp\/v2\/types\/post"}],"author":[{"embeddable":true,"href":"https:\/\/bukkleader.hu\/old\/wp-json\/wp\/v2\/users\/1"}],"replies":[{"embeddable":true,"href":"https:\/\/bukkleader.hu\/old\/wp-json\/wp\/v2\/comments?post=212"}],"version-history":[{"count":6,"href":"https:\/\/bukkleader.hu\/old\/wp-json\/wp\/v2\/posts\/212\/revisions"}],"predecessor-version":[{"id":235,"href":"https:\/\/bukkleader.hu\/old\/wp-json\/wp\/v2\/posts\/212\/revisions\/235"}],"wp:featuredmedia":[{"embeddable":true,"href":"https:\/\/bukkleader.hu\/old\/wp-json\/wp\/v2\/media\/213"}],"wp:attachment":[{"href":"https:\/\/bukkleader.hu\/old\/wp-json\/wp\/v2\/media?parent=212"}],"wp:term":[{"taxonomy":"category","embeddable":true,"href":"https:\/\/bukkleader.hu\/old\/wp-json\/wp\/v2\/categories?post=212"},{"taxonomy":"post_tag","embeddable":true,"href":"https:\/\/bukkleader.hu\/old\/wp-json\/wp\/v2\/tags?post=212"}],"curies":[{"name":"wp","href":"https:\/\/api.w.org\/{rel}","templated":true}]}}