{"id":2104,"date":"2019-07-10T15:30:03","date_gmt":"2019-07-10T13:30:03","guid":{"rendered":"https:\/\/bukkleader.hu\/old\/?p=2104"},"modified":"2019-07-18T12:03:21","modified_gmt":"2019-07-18T10:03:21","slug":"2104-2","status":"publish","type":"post","link":"https:\/\/bukkleader.hu\/old\/2104-2\/","title":{"rendered":"Rendezv\u00e9nyek bejelent\u00e9s\u00e9hez haszn\u00e1lhat\u00f3 sablon"},"content":{"rendered":"<h2><strong>Tisztelt Kedvezm\u00e9nyezettek!<\/strong><\/h2>\n<p>\nFelh\u00edvom a figyelm\u00fcket amennyiben nyertes p\u00e1ly\u00e1zatukban <strong>bemutat\u00f3k, rendezv\u00e9nyek, ki\u00e1ll\u00edt\u00e1sok szervez\u00e9se \u00e9s lebonyol\u00edt\u00e1sa tev\u00e9kenys\u00e9get is megval\u00f3s\u00edtanak<\/strong>, akkor az al\u00e1bbiakban a felh\u00edv\u00e1sokb\u00f3l kiemelt <strong>bejelent\u00e9si k\u00f6telezetts\u00e9g\u00fck van<\/strong>:\u00a0<\/p>\n<p>\n<em>1) A kedvezm\u00e9nyezett az \u00e1ltala szervezett rendezv\u00e9ny vonatkoz\u00e1s\u00e1ban k\u00f6teles a rendezv\u00e9ny t\u00e9m\u00e1j\u00e1t, helysz\u00edn\u00e9t \u00e9s id\u0151pontj\u00e1t, <strong>a rendezv\u00e9ny<\/strong><\/em><br \/>\n<em><strong>megval\u00f3s\u00edt\u00e1si id\u0151pontj\u00e1t megel\u0151z\u0151 30. napig<\/strong> a rendezv\u00e9ny helysz\u00edn\u00e9nek tekintet\u00e9ben illet\u00e9kes LEADER HACS honlapj\u00e1n k\u00f6zz\u00e9tenni. Ennek \u00e9rdek\u00e9ben\u00a0<strong>a HACS-ot a rendezv\u00e9ny el\u0151tt minimum 30 nappal \u00edr\u00e1sban t\u00e1j\u00e9koztatni sz\u00fcks\u00e9ges<\/strong> a megh\u00edv\u00f3 \u00e9s program megk\u00fcld\u00e9s\u00e9vel.<\/em><\/p>\n<p><em>A HACS fel\u00e9 a t\u00e1j\u00e9koztat\u00e1si k\u00f6telezetts\u00e9g\u00a0a HACS e-mail c\u00edm\u00e9n kereszt\u00fcl: <span style=\"color: #0000ff;\"><strong>hacs@bukkleader.hu<\/strong><\/span><\/em><\/p>\n<p><em>A projekt keret\u00e9ben megval\u00f3s\u00edtott <strong>kiadv\u00e1nyokb\u00f3l<\/strong> <strong>a kiad\u00e1st k\u00f6vet\u0151 30 napon bel\u00fcl<\/strong> az illet\u00e9kes HACS sz\u00e1m\u00e1ra egy p\u00e9ld\u00e1ny beny\u00fajt\u00e1sa k\u00f6telez\u0151. Ezt postac\u00edm\u00fcnkre k\u00e9rj\u00fck megk\u00fcldeni: <span style=\"color: #0000ff;\"><strong>3554 B\u00fckkaranyos, Nagy-ferenczi tanya<\/strong><\/span><\/em><\/p>\n<p><em>2) A kedvezm\u00e9nyezett k\u00f6teles a rendezv\u00e9ny t\u00e9m\u00e1j\u00e1r\u00f3l, helysz\u00edn\u00e9r\u0151l \u00e9s id\u0151pontj\u00e1r\u00f3l sz\u00f3l\u00f3<b>\u00a0megh\u00edv\u00f3t \u00e9s a meghirdet\u00e9s dokument\u00e1ci\u00f3j\u00e1t a rendezv\u00e9ny<\/b><b><br \/>\n<\/b><b>megval\u00f3s\u00edt\u00e1si id\u0151pontj\u00e1t megel\u0151z\u0151 harmincadik napig a k\u00f6zbens\u0151 szervezeti feladatok ell\u00e1t\u00e1sa sor\u00e1n bevont szervezetk\u00e9nt elj\u00e1r\u00f3 megyei<\/b><b><br \/>\n<\/b><b>korm\u00e1nyhivatalnak elektronikusan a\u00a0<\/b><a href=\"https:\/\/e-kerelem.mvh.allamkincstar.gov.hu\/enter\/\" target=\"_blank\" rel=\"noopener\"><span style=\"color: #0000ff;\"><strong>https:\/\/e-kerelem.mvh.allamkincstar.gov.hu\/enter\/<\/strong><\/span><\/a><b> fel\u00fcleten kereszt\u00fcl megk\u00fcldeni.<\/b><\/em><\/p>\n<p><em>3) A kedvezm\u00e9nyezett k\u00f6teles <strong>a rendezv\u00e9ny megtart\u00e1s\u00e1r\u00f3l &#8211; annak lez\u00e1r\u00e1s\u00e1t k\u00f6vet\u0151 tizen\u00f6t napon bel\u00fcl &#8211; \u00edr\u00e1sbeli eml\u00e9keztet\u0151t k\u00e9sz\u00edteni<\/strong>. Az<\/em><br \/>\n<em>eml\u00e9keztet\u0151t <strong>a rendezv\u00e9nnyel kapcsolatos t\u00e9tel elsz\u00e1mol\u00e1s\u00e1t tartalmaz\u00f3 kifizet\u00e9si ig\u00e9nyl\u00e9ssel egy\u00fctt kell megk\u00fcldeni<\/strong>. Az eml\u00e9keztet\u0151<\/em><br \/>\n<em>tartalmazza:<\/em><\/p>\n<p><em>&#8211; a rendezv\u00e9ny helysz\u00edn\u00e9t, id\u0151pontj\u00e1t,<\/em><br \/>\n<em>&#8211; a c\u00e9lcsoport megjel\u00f6l\u00e9s\u00e9t,<\/em><br \/>\n<em>&#8211; a rendezv\u00e9ny c\u00e9lj\u00e1nak \u00e9s eredm\u00e9ny\u00e9nek r\u00f6vid bemutat\u00e1s\u00e1t,<\/em><br \/>\n<em>&#8211; <strong>legal\u00e1bb t\u00edz darab<\/strong>, a rendezv\u00e9ny f\u0151bb programjait \u00e9s a rendezv\u00e9nyen elhelyezett t\u00e1j\u00e9koztat\u00e1sra \u00e9s nyilv\u00e1noss\u00e1gra vonatkoz\u00f3 k\u00f6telezetts\u00e9gek<\/em><br \/>\n<em>kihelyez\u00e9s\u00e9t bemutat\u00f3 <strong>d\u00e1tumozott fot\u00f3t<\/strong>.<\/em><\/p>\n<p><em>Azon t\u00e9telek eset\u00e9ben, amelyekre vonatkoz\u00f3an a kedvezm\u00e9nyezett nem teljes\u00edtette a bejelent\u00e9si k\u00f6telezetts\u00e9g\u00e9t, a kifizet\u00e9si ig\u00e9nyl\u00e9sben<\/em><br \/>\n<em>rendezv\u00e9nyre j\u00f3v\u00e1hagyott <strong>t\u00e1mogat\u00e1si \u00f6sszeg 5%-kal cs\u00f6kkent\u00e9sre ker\u00fcl<\/strong>.<\/em><\/p>\n<p><em>A t\u00e1mogat\u00e1s tov\u00e1bbi felt\u00e9tele, hogy a kedvezm\u00e9nyezett a rendezv\u00e9ny hely\u00e9n <strong>a t\u00e1j\u00e9koztat\u00e1sra \u00e9s nyilv\u00e1noss\u00e1gra vonatkoz\u00f3 k\u00f6telezetts\u00e9gek<\/strong><\/em><br \/>\n<em><strong>szerint elv\u00e1rt elemeket felt\u00fcntesse<\/strong>. Amennyiben a kedvezm\u00e9nyezett nem tesz eleget ezen k\u00f6telezetts\u00e9g\u00e9nek, a kifizet\u00e9si ig\u00e9nyl\u00e9sben az adott rendezv\u00e9nnyel <strong>\u00e9rintett elsz\u00e1molt t\u00e9telek \u00f6sszege 5%-kal cs\u00f6kkent\u00e9sre ker\u00fcl.<\/strong><\/em><\/p>\n<p><em><strong>Az eml\u00e9keztet\u0151 n\u00e9lk\u00fcl beny\u00fajtott rendezv\u00e9nyhez kapcsol\u00f3d\u00f3 t\u00e9telek (amennyiben hi\u00e1nyp\u00f3tl\u00e1st k\u00f6vet\u0151en sem ker\u00fcl beny\u00fajt\u00e1sra az eml\u00e9keztet\u0151) elutas\u00edt\u00e1sra ker\u00fclnek.<\/strong><\/em><\/p>\n<p>&nbsp;<\/p>\n<h3>A fentiekben r\u00e9szletezett bejelent\u00e9sekhez az al\u00e1bbi sablon haszn\u00e1lhat\u00f3:<\/h3>\n<h3>\u00a0<a href=\"https:\/\/bukkleader.hu\/old\/wp-content\/uploads\/2019\/07\/Log\u00f3s-sablon-p\u00e1ly\u00e1z\u00f3knak.docx\" target=\"_blank\" rel=\"noopener\"><strong>&gt;&gt;&gt; Rendezv\u00e9nyek bejelent\u00e9s\u00e9hez haszn\u00e1lhat\u00f3 sablon<\/strong><\/a><\/h3>\n<div class=\"sharedaddy sd-sharing-enabled\"><div class=\"robots-nocontent sd-block sd-social sd-social-icon sd-sharing\"><h3 class=\"sd-title\">Share this:<\/h3><div class=\"sd-content\"><ul><li class=\"share-facebook\"><a rel=\"nofollow noopener noreferrer\" data-shared=\"sharing-facebook-2104\" class=\"share-facebook sd-button share-icon no-text\" href=\"https:\/\/bukkleader.hu\/old\/2104-2\/?share=facebook\" target=\"_blank\" title=\"Click to share on Facebook\"><span><\/span><span class=\"sharing-screen-reader-text\">Click to share on Facebook (Opens in new window)<\/span><\/a><\/li><li class=\"share-twitter\"><a rel=\"nofollow noopener noreferrer\" data-shared=\"sharing-twitter-2104\" class=\"share-twitter sd-button share-icon no-text\" href=\"https:\/\/bukkleader.hu\/old\/2104-2\/?share=twitter\" target=\"_blank\" title=\"Click to share on Twitter\"><span><\/span><span class=\"sharing-screen-reader-text\">Click to share on Twitter (Opens in new window)<\/span><\/a><\/li><li class=\"share-print\"><a rel=\"nofollow noopener noreferrer\" data-shared=\"\" class=\"share-print sd-button share-icon no-text\" href=\"https:\/\/bukkleader.hu\/old\/2104-2\/\" target=\"_blank\" title=\"Click to print\"><span><\/span><span class=\"sharing-screen-reader-text\">Click to print (Opens in new window)<\/span><\/a><\/li><li class=\"share-email\"><a rel=\"nofollow noopener noreferrer\" data-shared=\"\" class=\"share-email sd-button share-icon no-text\" href=\"https:\/\/bukkleader.hu\/old\/2104-2\/?share=email\" target=\"_blank\" title=\"Click to email this to a friend\"><span><\/span><span class=\"sharing-screen-reader-text\">Click to email this to a friend (Opens in new window)<\/span><\/a><\/li><li class=\"share-end\"><\/li><\/ul><\/div><\/div><\/div>","protected":false},"excerpt":{"rendered":"<p>Tisztelt Kedvezm\u00e9nyezettek! Felh\u00edvom a figyelm\u00fcket amennyiben nyertes p\u00e1ly\u00e1zatukban bemutat\u00f3k, rendezv\u00e9nyek, ki\u00e1ll\u00edt\u00e1sok szervez\u00e9se \u00e9s lebonyol\u00edt\u00e1sa tev\u00e9kenys\u00e9get is megval\u00f3s\u00edtanak, akkor az al\u00e1bbiakban a felh\u00edv\u00e1sokb\u00f3l kiemelt bejelent\u00e9si k\u00f6telezetts\u00e9g\u00fck van:\u00a0 1) A kedvezm\u00e9nyezett az \u00e1ltala szervezett rendezv\u00e9ny vonatkoz\u00e1s\u00e1ban k\u00f6teles a rendezv\u00e9ny t\u00e9m\u00e1j\u00e1t, helysz\u00edn\u00e9t \u00e9s id\u0151pontj\u00e1t, a rendezv\u00e9ny megval\u00f3s\u00edt\u00e1si id\u0151pontj\u00e1t megel\u0151z\u0151 30. napig a rendezv\u00e9ny helysz\u00edn\u00e9nek tekintet\u00e9ben illet\u00e9kes LEADER HACS [&hellip;]<\/p>\n<div class=\"sharedaddy sd-sharing-enabled\"><div class=\"robots-nocontent sd-block sd-social sd-social-icon sd-sharing\"><h3 class=\"sd-title\">Share this:<\/h3><div class=\"sd-content\"><ul><li class=\"share-facebook\"><a rel=\"nofollow noopener noreferrer\" data-shared=\"sharing-facebook-2104\" class=\"share-facebook sd-button share-icon no-text\" href=\"https:\/\/bukkleader.hu\/old\/2104-2\/?share=facebook\" target=\"_blank\" title=\"Click to share on Facebook\"><span><\/span><span class=\"sharing-screen-reader-text\">Click to share on Facebook (Opens in new window)<\/span><\/a><\/li><li class=\"share-twitter\"><a rel=\"nofollow noopener noreferrer\" data-shared=\"sharing-twitter-2104\" class=\"share-twitter sd-button share-icon no-text\" href=\"https:\/\/bukkleader.hu\/old\/2104-2\/?share=twitter\" target=\"_blank\" title=\"Click to share on Twitter\"><span><\/span><span class=\"sharing-screen-reader-text\">Click to share on Twitter (Opens in new window)<\/span><\/a><\/li><li class=\"share-print\"><a rel=\"nofollow noopener noreferrer\" data-shared=\"\" class=\"share-print sd-button share-icon no-text\" href=\"https:\/\/bukkleader.hu\/old\/2104-2\/\" target=\"_blank\" title=\"Click to print\"><span><\/span><span class=\"sharing-screen-reader-text\">Click to print (Opens in new window)<\/span><\/a><\/li><li class=\"share-email\"><a rel=\"nofollow noopener noreferrer\" data-shared=\"\" class=\"share-email sd-button share-icon no-text\" href=\"https:\/\/bukkleader.hu\/old\/2104-2\/?share=email\" target=\"_blank\" title=\"Click to email this to a friend\"><span><\/span><span class=\"sharing-screen-reader-text\">Click to email this to a friend (Opens in new window)<\/span><\/a><\/li><li class=\"share-end\"><\/li><\/ul><\/div><\/div><\/div>","protected":false},"author":4,"featured_media":954,"comment_status":"open","ping_status":"closed","sticky":false,"template":"","format":"standard","meta":{"_bbp_topic_count":0,"_bbp_reply_count":0,"_bbp_total_topic_count":0,"_bbp_total_reply_count":0,"_bbp_voice_count":0,"_bbp_anonymous_reply_count":0,"_bbp_topic_count_hidden":0,"_bbp_reply_count_hidden":0,"_bbp_forum_subforum_count":0,"spay_email":"","jetpack_publicize_message":"","jetpack_is_tweetstorm":false,"jetpack_publicize_feature_enabled":true},"categories":[28,1],"tags":[],"jetpack_featured_media_url":"https:\/\/bukkleader.hu\/old\/wp-content\/uploads\/2016\/06\/\u00faj-k\u00e9p.jpg","jetpack_publicize_connections":[],"jetpack_sharing_enabled":true,"jetpack-related-posts":[{"id":2491,"url":"https:\/\/bukkleader.hu\/old\/tajekoztatas-a-tamogatott-rendezvenyek-elhalasztasanak-kotelezettsegerol-es-lehetosegerol\/","url_meta":{"origin":2104,"position":0},"title":"T\u00e1j\u00e9koztat\u00e1s a t\u00e1mogatott rendezv\u00e9nyek elhalaszt\u00e1s\u00e1nak k\u00f6telezetts\u00e9g\u00e9r\u0151l \u00e9s lehet\u0151s\u00e9g\u00e9r\u0151l","date":"2020-03-16","format":false,"excerpt":"Tisztelt Kedvezm\u00e9nyezettek! Felh\u00edvjuk a figyelm\u00fcket arra, hogy a Magyar K\u00f6zl\u00f6ny 2020. \u00e9vi 40. sz\u00e1m\u00e1ban megjelent\u00a0az \u00e9let- \u00e9s vagyonbiztons\u00e1got vesz\u00e9lyeztet\u0151 t\u00f6meges megbeteged\u00e9st okoz\u00f3 hum\u00e1n j\u00e1rv\u00e1ny megel\u0151z\u00e9se, illetve k\u00f6vetkezm\u00e9nyeinek elh\u00e1r\u00edt\u00e1sa, a magyar \u00e1llampolg\u00e1rok eg\u00e9szs\u00e9g\u00e9nek \u00e9s \u00e9let\u00e9nek meg\u00f3v\u00e1sa \u00e9rdek\u00e9ben elrendelt vesz\u00e9lyhelyzet sor\u00e1n teend\u0151 int\u00e9zked\u00e9sekr\u0151l sz\u00f3l\u00f3 41\/2020. (III. 11.) Korm. rendelet 4.\u00a7 d) pontj\u00e1ban\u2026","rel":"","context":"In &quot;H\u00edreink, k\u00f6zlem\u00e9nyeink&quot;","img":{"alt_text":"","src":"https:\/\/i2.wp.com\/bukkleader.hu\/old\/wp-content\/uploads\/2017\/12\/danger.png?resize=350%2C200&ssl=1","width":350,"height":200},"classes":[]},{"id":110,"url":"https:\/\/bukkleader.hu\/old\/2013-julius-01-2013-szeptember-30-idoszak\/","url_meta":{"origin":2104,"position":1},"title":"2013. j\u00falius 01. &#8211; 2013. szeptember 30. id\u0151szak","date":"2013-10-01","format":false,"excerpt":"A B\u00fckk-T\u00e9rs\u00e9gi LEADER Egyes\u00fclet munkaszervezet\u00e9nek legfontosabb feladata a 2013.07.01. \u2013 09.30. id\u0151szakban a beny\u00fajtott LEADER p\u00e1ly\u00e1zatok \u00fcgyint\u00e9z\u00e9se volt. A LEADER p\u00e1ly\u00e1zatok a HACS ter\u00fclet\u00e9r\u0151l az Ir\u00e1ny\u00edt\u00f3 Hat\u00f3s\u00e1g d\u00f6nt\u00e9s\u00e9nek megfelel\u0151en 2013.09.24-t\u0151l egy napig \u00fajra beny\u00fajthat\u00f3k voltak, szolg\u00e1ltat\u00e1sfejleszt\u00e9s kateg\u00f3ri\u00e1ban. \u00cdgy a 2013.09. h\u00f3napban rendelkez\u00e9sre \u00e1ll\u00f3 LEADER fejleszt\u00e9si forr\u00e1saink tekintet\u00e9ben \u00f6sszesen mintegy 150\u2026","rel":"","context":"In &quot;Munkabesz\u00e1mol\u00f3k&quot;","img":{"alt_text":"","src":"","width":0,"height":0},"classes":[]},{"id":1815,"url":"https:\/\/bukkleader.hu\/old\/palyazok-figyelmebe-valtoztak-a-helyi-felhivasok\/","url_meta":{"origin":2104,"position":2},"title":"P\u00e1ly\u00e1z\u00f3k figyelm\u00e9be! M\u00f3dosultak a helyi felh\u00edv\u00e1sok.","date":"2018-10-19","format":false,"excerpt":"Tisztelt P\u00e1ly\u00e1z\u00f3k! A B\u00fckk-T\u00e9rs\u00e9gi LEADER Egyes\u00fclet helyi felh\u00edv\u00e1sai 2018. 10. 18-t\u00f3l, az al\u00e1bbiak szerint v\u00e1ltoztak: \u00a0\u00a0\u00a0 VP6-19.2.1.-15-1-17 (Leader Tudomka Pont) \u00a0\u00a0\u00a0\u00a0VP6-19.2.1.-15-2-17 (Leader Tudomka Falu) \u00a0\u00a0\u00a0\u00a0VP6-19.2.1.-15-3-17 (Leader Tudomka Tematikus K\u00f6zpontok) \u00a0\u00a0\u00a0\u00a0VP6-19.2.1.-15-5-17 (A m\u00falt-, a jelen \u00e9s a j\u00f6v\u0151 mesters\u00e9geinek fejleszt\u00e9se)) \u00a0\u00a0\u00a0\u00a0VP6-19.2.1.-15-7-17 (Saj\u00f3-, Hern\u00e1d-v\u00f6lgyi bolg\u00e1rkert\u00e9szet) \u00a0\u00a0\u00a0\u00a0VP6-19.2.1.-15-8-17 (Temetkez\u00e9si hagyom\u00e1nyok)\u00a0 \u00a0\u00a0\u00a0\u00a0Valamennyi fenti helyi felh\u00edv\u00e1s\u2026","rel":"","context":"In &quot;H\u00edreink, k\u00f6zlem\u00e9nyeink&quot;","img":{"alt_text":"","src":"https:\/\/i2.wp.com\/bukkleader.hu\/old\/wp-content\/uploads\/2017\/12\/danger.png?resize=350%2C200&ssl=1","width":350,"height":200},"classes":[]},{"id":2536,"url":"https:\/\/bukkleader.hu\/old\/tajekoztato-a-veszelyhelyzet-miatt-bekovetkezo-hatranyos-kovetkezmenyek-egyhitese-erdekeben-hozott-intezkedesekrol\/","url_meta":{"origin":2104,"position":3},"title":"T\u00e1j\u00e9koztat\u00f3 a vesz\u00e9lyhelyzet miatt bek\u00f6vetkez\u0151 h\u00e1tr\u00e1nyos k\u00f6vetkezm\u00e9nyek egyh\u00edt\u00e9se \u00e9rdek\u00e9ben hozott int\u00e9zked\u00e9sekr\u0151l","date":"2020-04-22","format":false,"excerpt":"T\u00c1J\u00c9KOZTAT\u00d3 A VESZ\u00c9LYHELYZET MIATT BEK\u00d6VETKEZ\u0150 H\u00c1TR\u00c1NYOS K\u00d6VETKEZM\u00c9NYEK ENYH\u00cdT\u00c9SE \u00c9RDEK\u00c9BEN HOZOTT FEJLESZT\u00c9SPOLTIKAI INT\u00c9ZKED\u00c9SEKR\u0150L AZ EUR\u00d3PAI MEZ\u0150GAZDAS\u00c1GI VID\u00c9KFEJLESZT\u00c9SI ALAPB\u00d3L MEGVAL\u00d3SUL\u00d3 BERUH\u00c1Z\u00c1SI T\u00cdPUS\u00da PROJEKTEK KAPCS\u00c1N Tisztelt T\u00e1mogat\u00e1st Ig\u00e9nyl\u0151 \u00e9s Kedvezm\u00e9nyezett! A koronav\u00edrus-j\u00e1rv\u00e1ny okozta vesz\u00e9lyhelyzet megnehez\u00edti a projektek v\u00e9grehajt\u00e1s\u00e1t, sok esetben a t\u00e1mogat\u00e1si szerz\u0151d\u00e9sben v\u00e1llalt k\u00f6telezetts\u00e9gek nem teljes\u00edthet\u0151ek. Az Innov\u00e1ci\u00f3s \u00e9s Technol\u00f3giai Miniszt\u00e9rium a\u2026","rel":"","context":"In &quot;H\u00edreink, k\u00f6zlem\u00e9nyeink&quot;","img":{"alt_text":"magyar-cimer","src":"https:\/\/i0.wp.com\/bukkleader.hu\/old\/wp-content\/uploads\/2015\/09\/magyar-cimer.jpg?resize=350%2C200&ssl=1","width":350,"height":200},"classes":[]},{"id":104,"url":"https:\/\/bukkleader.hu\/old\/2012-oktober-01-2012-december-31-idoszak\/","url_meta":{"origin":2104,"position":4},"title":"2012. okt\u00f3ber 01. \u2013 2012. december 31. id\u0151szak","date":"2013-01-02","format":false,"excerpt":"A B\u00fckk-T\u00e9rs\u00e9gi LEADER Egyes\u00fclet munkaszervezet\u00e9nek legfontosabb feladatai a 2012.10.01. \u2013 12.31. id\u0151szakban az EMVA III. falumeg\u00faj\u00edt\u00e1s \u00e9s \u2013fejleszt\u00e9s p\u00e1ly\u00e1zati id\u0151szak el\u0151k\u00e9sz\u00edt\u00e9se, a szakmai kapcsolat\u00e9p\u00edt\u00e9s \u00e9s az 2014-2020 id\u0151szak EU-s tervez\u00e9s\u00e9vel kapcsolatos egyeztet\u00e9seken val\u00f3 r\u00e9szv\u00e9tel voltak.A vid\u00e9kfejleszt\u00e9si k\u00f6z\u00f6ss\u00e9g min\u00e9l sz\u00e9lesebb k\u00f6r\u0171 t\u00e1j\u00e9koztat\u00e1sa \u00e9rdek\u00e9ben a t\u00e1mogat\u00e1si id\u0151szakban \u00f6sszesen 9 szakmai f\u00f3rumot tartottunk,\u2026","rel":"","context":"In &quot;Munkabesz\u00e1mol\u00f3k&quot;","img":{"alt_text":"","src":"","width":0,"height":0},"classes":[]},{"id":325,"url":"https:\/\/bukkleader.hu\/old\/leader-palyazati-lehetosegek-2013\/","url_meta":{"origin":2104,"position":5},"title":"LEADER P\u00c1LY\u00c1ZATI LEHET\u0150S\u00c9GEK 2013.","date":"2013-06-06","format":false,"excerpt":"FIGYELEM! MEGJELENT AZ EMVA T\u00c1RSFINANSZ\u00cdROZ\u00c1S\u00da INT\u00c9ZKED\u00c9SEK IR\u00c1NY\u00cdT\u00d3 HAT\u00d3S\u00c1G\u00c1NAK K\u00d6ZLEM\u00c9NYE A LEADER PROGRAM HARMADIK, 2013-BAN MEGHIRDETETT P\u00c1LY\u00c1ZATI K\u00d6R\u00c9HEZ KAPCSOL\u00d3D\u00d3 LEADER INT\u00c9ZKED\u00c9SI TERVEK K\u00d6ZZ\u00c9T\u00c9TEL\u00c9R\u0150L, MELY ALAPJ\u00c1N A B\u00dcKK-T\u00c9RS\u00c9GI LEADER EGYES\u00dcLETHEZ BENY\u00daJTHAT\u00d3K A PROJEKT ADATLAPOK.A B\u00fckk-T\u00e9rs\u00e9gi LEADER Egyes\u00fclet (HACS) k\u00f6zgy\u0171l\u00e9se \u00e1ltal j\u00f3v\u00e1hagyott int\u00e9zked\u00e9seket (fejleszt\u00e9si t\u00e9m\u00e1kat), valamint az el\u0151p\u00e1ly\u00e1zati szakaszra vonatkoz\u00f3 r\u00e9szletes t\u00e1mogat\u00e1si felt\u00e9teleket\u2026","rel":"","context":"In &quot;H\u00edreink, k\u00f6zlem\u00e9nyeink&quot;","img":{"alt_text":"bukk-leader-logo-w","src":"https:\/\/i2.wp.com\/bukkleader.hu\/old\/wp-content\/uploads\/2015\/09\/bukk-leader-logo-w.jpg?resize=350%2C200&ssl=1","width":350,"height":200},"classes":[]}],"_links":{"self":[{"href":"https:\/\/bukkleader.hu\/old\/wp-json\/wp\/v2\/posts\/2104"}],"collection":[{"href":"https:\/\/bukkleader.hu\/old\/wp-json\/wp\/v2\/posts"}],"about":[{"href":"https:\/\/bukkleader.hu\/old\/wp-json\/wp\/v2\/types\/post"}],"author":[{"embeddable":true,"href":"https:\/\/bukkleader.hu\/old\/wp-json\/wp\/v2\/users\/4"}],"replies":[{"embeddable":true,"href":"https:\/\/bukkleader.hu\/old\/wp-json\/wp\/v2\/comments?post=2104"}],"version-history":[{"count":9,"href":"https:\/\/bukkleader.hu\/old\/wp-json\/wp\/v2\/posts\/2104\/revisions"}],"predecessor-version":[{"id":2138,"href":"https:\/\/bukkleader.hu\/old\/wp-json\/wp\/v2\/posts\/2104\/revisions\/2138"}],"wp:featuredmedia":[{"embeddable":true,"href":"https:\/\/bukkleader.hu\/old\/wp-json\/wp\/v2\/media\/954"}],"wp:attachment":[{"href":"https:\/\/bukkleader.hu\/old\/wp-json\/wp\/v2\/media?parent=2104"}],"wp:term":[{"taxonomy":"category","embeddable":true,"href":"https:\/\/bukkleader.hu\/old\/wp-json\/wp\/v2\/categories?post=2104"},{"taxonomy":"post_tag","embeddable":true,"href":"https:\/\/bukkleader.hu\/old\/wp-json\/wp\/v2\/tags?post=2104"}],"curies":[{"name":"wp","href":"https:\/\/api.w.org\/{rel}","templated":true}]}}