{"id":2094,"date":"2019-07-04T14:18:09","date_gmt":"2019-07-04T12:18:09","guid":{"rendered":"https:\/\/bukkleader.hu\/old\/?p=2094"},"modified":"2019-07-04T14:21:01","modified_gmt":"2019-07-04T12:21:01","slug":"modosult-a-leader-tudomka-pont-leader-tudomka-falu-es-leader-tudomka-tematikus-kozpontok-felhivas","status":"publish","type":"post","link":"https:\/\/bukkleader.hu\/old\/modosult-a-leader-tudomka-pont-leader-tudomka-falu-es-leader-tudomka-tematikus-kozpontok-felhivas\/","title":{"rendered":"M\u00f3dosult a LEADER Tudomka Pont, LEADER Tudomka Falu \u00e9s LEADER Tudomka Tematikus K\u00f6zpontok felh\u00edv\u00e1s!"},"content":{"rendered":"<p><strong>Tisztelt P\u00e1ly\u00e1z\u00f3k!<\/strong><\/p>\n<p><strong>M\u00f3dosult a B\u00fckk-T\u00e9rs\u00e9gi LEADER Egyes\u00fclet els\u0151 h\u00e1rom helyi felh\u00edv\u00e1sa,\u00a0<\/strong>2019. 07. 03-t\u00f3l, az al\u00e1bbiak szerint:<\/p>\n<p>\u00a0\u00a0\u00a0 VP6-19.2.1.-15-1-17 (LEADER Tudomka Pont)<br \/>\n\u00a0\u00a0\u00a0\u00a0VP6-19.2.1.-15-2-17 (LEADER Tudomka Falu)<br \/>\n\u00a0\u00a0\u00a0\u00a0VP6-19.2.1.-15-3-17 (LEADER Tudomka Tematikus K\u00f6zpontok)<\/p>\n<p>\nValamennyi fenti helyi felh\u00edv\u00e1s eset\u00e9ben a 3.5.1. &#8220;A projekt megkezd\u00e9se&#8221; pont azon r\u00e9sze m\u00f3dosult, amely azt \u00edrta el\u0151, hogy a projekt csak akkor kezdhet\u0151 meg, ha k\u00e9pz\u00e9sen r\u00e9szt vett a kedvezm\u00e9nyezett.<\/p>\n<p>\nA m\u00f3dos\u00edt\u00e1s szerint:\u00a0<strong>a projekt megval\u00f3s\u00edt\u00e1sa sor\u00e1n k\u00f6telez\u0151 a LEADER TUDOMKA K\u00d6ZPONT k\u00e9pz\u00e9sen r\u00e9szt venni. Abban az esetben, amennyiben a LEADER TUDOMKA K\u00d6ZPONT kedvezm\u00e9nyezettje nem val\u00f3s\u00edtja meg a projektj\u00e9t, a k\u00e9pz\u00e9st a B\u00fckk-T\u00e9rs\u00e9gi LEADER Egyes\u00fclet v\u00e9gzi el.<\/strong><\/p>\n<div class=\"sharedaddy sd-sharing-enabled\"><div class=\"robots-nocontent sd-block sd-social sd-social-icon sd-sharing\"><h3 class=\"sd-title\">Share this:<\/h3><div class=\"sd-content\"><ul><li class=\"share-facebook\"><a rel=\"nofollow noopener noreferrer\" data-shared=\"sharing-facebook-2094\" class=\"share-facebook sd-button share-icon no-text\" href=\"https:\/\/bukkleader.hu\/old\/modosult-a-leader-tudomka-pont-leader-tudomka-falu-es-leader-tudomka-tematikus-kozpontok-felhivas\/?share=facebook\" target=\"_blank\" title=\"Click to share on Facebook\"><span><\/span><span class=\"sharing-screen-reader-text\">Click to share on Facebook (Opens in new window)<\/span><\/a><\/li><li class=\"share-twitter\"><a rel=\"nofollow noopener noreferrer\" data-shared=\"sharing-twitter-2094\" class=\"share-twitter sd-button share-icon no-text\" href=\"https:\/\/bukkleader.hu\/old\/modosult-a-leader-tudomka-pont-leader-tudomka-falu-es-leader-tudomka-tematikus-kozpontok-felhivas\/?share=twitter\" target=\"_blank\" title=\"Click to share on Twitter\"><span><\/span><span class=\"sharing-screen-reader-text\">Click to share on Twitter (Opens in new window)<\/span><\/a><\/li><li class=\"share-print\"><a rel=\"nofollow noopener noreferrer\" data-shared=\"\" class=\"share-print sd-button share-icon no-text\" href=\"https:\/\/bukkleader.hu\/old\/modosult-a-leader-tudomka-pont-leader-tudomka-falu-es-leader-tudomka-tematikus-kozpontok-felhivas\/\" target=\"_blank\" title=\"Click to print\"><span><\/span><span class=\"sharing-screen-reader-text\">Click to print (Opens in new window)<\/span><\/a><\/li><li class=\"share-email\"><a rel=\"nofollow noopener noreferrer\" data-shared=\"\" class=\"share-email sd-button share-icon no-text\" href=\"https:\/\/bukkleader.hu\/old\/modosult-a-leader-tudomka-pont-leader-tudomka-falu-es-leader-tudomka-tematikus-kozpontok-felhivas\/?share=email\" target=\"_blank\" title=\"Click to email this to a friend\"><span><\/span><span class=\"sharing-screen-reader-text\">Click to email this to a friend (Opens in new window)<\/span><\/a><\/li><li class=\"share-end\"><\/li><\/ul><\/div><\/div><\/div>","protected":false},"excerpt":{"rendered":"<p>Tisztelt P\u00e1ly\u00e1z\u00f3k! M\u00f3dosult a B\u00fckk-T\u00e9rs\u00e9gi LEADER Egyes\u00fclet els\u0151 h\u00e1rom helyi felh\u00edv\u00e1sa,\u00a02019. 07. 03-t\u00f3l, az al\u00e1bbiak szerint: \u00a0\u00a0\u00a0 VP6-19.2.1.-15-1-17 (LEADER Tudomka Pont) \u00a0\u00a0\u00a0\u00a0VP6-19.2.1.-15-2-17 (LEADER Tudomka Falu) \u00a0\u00a0\u00a0\u00a0VP6-19.2.1.-15-3-17 (LEADER Tudomka Tematikus K\u00f6zpontok) Valamennyi fenti helyi felh\u00edv\u00e1s eset\u00e9ben a 3.5.1. &#8220;A projekt megkezd\u00e9se&#8221; pont azon r\u00e9sze m\u00f3dosult, amely azt \u00edrta el\u0151, hogy a projekt csak akkor kezdhet\u0151 meg, [&hellip;]<\/p>\n<div class=\"sharedaddy sd-sharing-enabled\"><div class=\"robots-nocontent sd-block sd-social sd-social-icon sd-sharing\"><h3 class=\"sd-title\">Share this:<\/h3><div class=\"sd-content\"><ul><li class=\"share-facebook\"><a rel=\"nofollow noopener noreferrer\" data-shared=\"sharing-facebook-2094\" class=\"share-facebook sd-button share-icon no-text\" href=\"https:\/\/bukkleader.hu\/old\/modosult-a-leader-tudomka-pont-leader-tudomka-falu-es-leader-tudomka-tematikus-kozpontok-felhivas\/?share=facebook\" target=\"_blank\" title=\"Click to share on Facebook\"><span><\/span><span class=\"sharing-screen-reader-text\">Click to share on Facebook (Opens in new window)<\/span><\/a><\/li><li class=\"share-twitter\"><a rel=\"nofollow noopener noreferrer\" data-shared=\"sharing-twitter-2094\" class=\"share-twitter sd-button share-icon no-text\" href=\"https:\/\/bukkleader.hu\/old\/modosult-a-leader-tudomka-pont-leader-tudomka-falu-es-leader-tudomka-tematikus-kozpontok-felhivas\/?share=twitter\" target=\"_blank\" title=\"Click to share on Twitter\"><span><\/span><span class=\"sharing-screen-reader-text\">Click to share on Twitter (Opens in new window)<\/span><\/a><\/li><li class=\"share-print\"><a rel=\"nofollow noopener noreferrer\" data-shared=\"\" class=\"share-print sd-button share-icon no-text\" href=\"https:\/\/bukkleader.hu\/old\/modosult-a-leader-tudomka-pont-leader-tudomka-falu-es-leader-tudomka-tematikus-kozpontok-felhivas\/\" target=\"_blank\" title=\"Click to print\"><span><\/span><span class=\"sharing-screen-reader-text\">Click to print (Opens in new window)<\/span><\/a><\/li><li class=\"share-email\"><a rel=\"nofollow noopener noreferrer\" data-shared=\"\" class=\"share-email sd-button share-icon no-text\" href=\"https:\/\/bukkleader.hu\/old\/modosult-a-leader-tudomka-pont-leader-tudomka-falu-es-leader-tudomka-tematikus-kozpontok-felhivas\/?share=email\" target=\"_blank\" title=\"Click to email this to a friend\"><span><\/span><span class=\"sharing-screen-reader-text\">Click to email this to a friend (Opens in new window)<\/span><\/a><\/li><li class=\"share-end\"><\/li><\/ul><\/div><\/div><\/div>","protected":false},"author":4,"featured_media":1838,"comment_status":"open","ping_status":"closed","sticky":false,"template":"","format":"standard","meta":{"_bbp_topic_count":0,"_bbp_reply_count":0,"_bbp_total_topic_count":0,"_bbp_total_reply_count":0,"_bbp_voice_count":0,"_bbp_anonymous_reply_count":0,"_bbp_topic_count_hidden":0,"_bbp_reply_count_hidden":0,"_bbp_forum_subforum_count":0,"spay_email":"","jetpack_publicize_message":"","jetpack_is_tweetstorm":false,"jetpack_publicize_feature_enabled":true},"categories":[1],"tags":[],"jetpack_featured_media_url":"https:\/\/bukkleader.hu\/old\/wp-content\/uploads\/2018\/11\/Saj\u00f3b\u00e1bony.jpg","jetpack_publicize_connections":[],"jetpack_sharing_enabled":true,"jetpack-related-posts":[{"id":1815,"url":"https:\/\/bukkleader.hu\/old\/palyazok-figyelmebe-valtoztak-a-helyi-felhivasok\/","url_meta":{"origin":2094,"position":0},"title":"P\u00e1ly\u00e1z\u00f3k figyelm\u00e9be! M\u00f3dosultak a helyi felh\u00edv\u00e1sok.","date":"2018-10-19","format":false,"excerpt":"Tisztelt P\u00e1ly\u00e1z\u00f3k! A B\u00fckk-T\u00e9rs\u00e9gi LEADER Egyes\u00fclet helyi felh\u00edv\u00e1sai 2018. 10. 18-t\u00f3l, az al\u00e1bbiak szerint v\u00e1ltoztak: \u00a0\u00a0\u00a0 VP6-19.2.1.-15-1-17 (Leader Tudomka Pont) \u00a0\u00a0\u00a0\u00a0VP6-19.2.1.-15-2-17 (Leader Tudomka Falu) \u00a0\u00a0\u00a0\u00a0VP6-19.2.1.-15-3-17 (Leader Tudomka Tematikus K\u00f6zpontok) \u00a0\u00a0\u00a0\u00a0VP6-19.2.1.-15-5-17 (A m\u00falt-, a jelen \u00e9s a j\u00f6v\u0151 mesters\u00e9geinek fejleszt\u00e9se)) \u00a0\u00a0\u00a0\u00a0VP6-19.2.1.-15-7-17 (Saj\u00f3-, Hern\u00e1d-v\u00f6lgyi bolg\u00e1rkert\u00e9szet) \u00a0\u00a0\u00a0\u00a0VP6-19.2.1.-15-8-17 (Temetkez\u00e9si hagyom\u00e1nyok)\u00a0 \u00a0\u00a0\u00a0\u00a0Valamennyi fenti helyi felh\u00edv\u00e1s\u2026","rel":"","context":"In &quot;H\u00edreink, k\u00f6zlem\u00e9nyeink&quot;","img":{"alt_text":"","src":"https:\/\/i2.wp.com\/bukkleader.hu\/old\/wp-content\/uploads\/2017\/12\/danger.png?resize=350%2C200&ssl=1","width":350,"height":200},"classes":[]},{"id":1900,"url":"https:\/\/bukkleader.hu\/old\/tisztelt-palyazok-valtozas-a-helyi-palyazati-felhivasok-benyujtasanak-hataridejeben\/","url_meta":{"origin":2094,"position":1},"title":"Tisztelt P\u00e1ly\u00e1z\u00f3k! V\u00e1ltoz\u00e1s a helyi p\u00e1ly\u00e1zati felh\u00edv\u00e1sok beny\u00fajt\u00e1s\u00e1nak hat\u00e1ridej\u00e9ben!","date":"2018-12-13","format":false,"excerpt":"Tisztelt P\u00e1ly\u00e1z\u00f3k! V\u00e1ltoz\u00e1s a helyi p\u00e1ly\u00e1zati felh\u00edv\u00e1sok beny\u00fajt\u00e1s\u00e1nak hat\u00e1ridej\u00e9ben! A B\u00fckk-T\u00e9rs\u00e9gi LEADER Egyes\u00fclet helyi felh\u00edv\u00e1sai 2018. 12. 11-t\u0151l, az al\u00e1bbiak szerint m\u00f3dosultak: \u00a0\u00a0\u00a0 VP6-19.2.1.-15-1-17 (Leader Tudomka Pont) \u00a0\u00a0\u00a0\u00a0VP6-19.2.1.-15-2-17 (Leader Tudomka Falu) \u00a0\u00a0\u00a0\u00a0VP6-19.2.1.-15-3-17 (Leader Tudomka Tematikus K\u00f6zpontok) \u00a0\u00a0\u00a0\u00a0VP6-19.2.1.-15-5-17 (A m\u00falt-, a jelen \u00e9s a j\u00f6v\u0151 mesters\u00e9geinek fejleszt\u00e9se)) \u00a0\u00a0\u00a0\u00a0VP6-19.2.1.-15-7-17 (Saj\u00f3-, hern\u00e1d-v\u00f6lgyi bolg\u00e1rkert\u00e9szet)\u2026","rel":"","context":"In &quot;H\u00edreink, k\u00f6zlem\u00e9nyeink&quot;","img":{"alt_text":"","src":"https:\/\/i0.wp.com\/bukkleader.hu\/old\/wp-content\/uploads\/2018\/12\/hat\u00e1rid\u0151-modos\u00edt\u00e1s-2.jpg?resize=350%2C200&ssl=1","width":350,"height":200},"classes":[]},{"id":1973,"url":"https:\/\/bukkleader.hu\/old\/palyazok-figyelmebe-2019-03-31-en-zarulnak-a-helyi-felhivasokra-a-palyazatok-benyujtasa\/","url_meta":{"origin":2094,"position":2},"title":"P\u00e1ly\u00e1z\u00f3k figyelm\u00e9be! 2019.03.31-\u00e9n z\u00e1rulnak a helyi felh\u00edv\u00e1sokra a p\u00e1ly\u00e1zatok beny\u00fajt\u00e1sa","date":"2019-03-01","format":false,"excerpt":"Tisztelt P\u00e1ly\u00e1z\u00f3k! A B\u00fckk-T\u00e9rs\u00e9gi LEADER Egyes\u00fclet helyi felh\u00edv\u00e1sai 2019. 03. 31-\u00e9n lez\u00e1rulnak. Ezen id\u0151pontig az al\u00e1bbi felh\u00edv\u00e1sokra lehet m\u00e9g p\u00e1ly\u00e1zatot beny\u00fajtani: VP6-19.2.1.-15-1-17 (Leader Tudomka Pont) VP6-19.2.1.-15-2-17 (Leader Tudomka Falu) VP6-19.2.1.-15-3-17 (Leader Tudomka Tematikus K\u00f6zpontok) VP6-19.2.1.-15-5-17 (A m\u00falt-, a jelen \u00e9s a j\u00f6v\u0151 mesters\u00e9geinek fejleszt\u00e9se)) VP6-19.2.1.-15-7-17 (Saj\u00f3-, Hern\u00e1d-v\u00f6lgyi bolg\u00e1rkert\u00e9szet) VP6-19.2.1.-15-8-17 (Temetkez\u00e9si\u2026","rel":"","context":"In &quot;H\u00edreink, k\u00f6zlem\u00e9nyeink&quot;","img":{"alt_text":"","src":"https:\/\/i2.wp.com\/bukkleader.hu\/old\/wp-content\/uploads\/2017\/12\/danger.png?resize=350%2C200&ssl=1","width":350,"height":200},"classes":[]},{"id":1704,"url":"https:\/\/bukkleader.hu\/old\/figyelem-modosult-a-leader-tudomka-pontok-kialakitasa-vp6-19-2-1-15-1-17-felhivas\/","url_meta":{"origin":2094,"position":3},"title":"Figyelem !  M\u00f3dosult A LEADER TUDOMKA PONTOK KIALAK\u00cdT\u00c1SA (VP6-19.2.1.-15-1-17) felh\u00edv\u00e1s","date":"2018-04-20","format":false,"excerpt":"Tisztelt P\u00e1ly\u00e1z\u00f3k! M\u00f3dosult\u00a0A LEADER TUDOMKA PONTOK KIALAK\u00cdT\u00c1SA\u00a0(VP6-19.2.1.-15-1-17) felh\u00edv\u00e1s\u00a08. pontj\u00e1nak 2. sz\u00e1m\u00fa mell\u00e9klete \u00e9s a 4. 3. pont \u00e9rt\u00e9kel\u00e9si hat\u00e1rnapok. A felh\u00edv\u00e1s 2. sz\u00e1m\u00fa mell\u00e9klete (Projekt terv \u00e9s sablon) \u00e9s az \u00e9rt\u00e9kel\u00e9si szakasz hat\u00e1rnapjai m\u00f3dosultak.\u00a0 A 2018. 04. 30. \u00e9s a 2018. 06. 30. szakasznapok v\u00e1ltozatlanok, teh\u00e1t\u00a0az els\u0151 szakasz z\u00e1r\u00e1sa v\u00e1ltozatlanul\u2026","rel":"","context":"In &quot;H\u00edreink, k\u00f6zlem\u00e9nyeink&quot;","img":{"alt_text":"","src":"https:\/\/i0.wp.com\/bukkleader.hu\/old\/wp-content\/uploads\/2018\/04\/nyitott-f\u00fczet-7.jpg?resize=350%2C200&ssl=1","width":350,"height":200},"classes":[]},{"id":1596,"url":"https:\/\/bukkleader.hu\/old\/figyelem-modosult-leader-tudomka-tematikus-kozpontok-letesitesenek-tamogatasa\/","url_meta":{"origin":2094,"position":4},"title":"Figyelem !  M\u00f3dosult a LEADER TUDOMKA TEMATIKUS K\u00d6ZPONTOK L\u00c9TES\u00cdT\u00c9S\u00c9NEK T\u00c1MOGAT\u00c1SA","date":"2018-03-01","format":false,"excerpt":"Figyelem ! M\u00f3dosult a LEADER TUDOMKA TEMATIKUS K\u00d6ZPONTOK L\u00c9TES\u00cdT\u00c9S\u00c9NEK T\u00c1MOGAT\u00c1SA (VP6-19.2.1.-15-3-17) felh\u00edv\u00e1s\u00a04.1. T\u00e1mogat\u00e1st ig\u00e9nyl\u0151k k\u00f6re, amely kieg\u00e9sz\u00fclt a szoci\u00e1lis sz\u00f6vetkezettel (GFO 121)","rel":"","context":"In &quot;H\u00edreink, k\u00f6zlem\u00e9nyeink&quot;","img":{"alt_text":"","src":"https:\/\/i2.wp.com\/bukkleader.hu\/old\/wp-content\/uploads\/2018\/03\/nyitott-f\u00fczet-4.jpg?resize=350%2C200&ssl=1","width":350,"height":200},"classes":[]},{"id":1774,"url":"https:\/\/bukkleader.hu\/old\/a-bukk-tersegi-leader-egyesulet-alabbi-helyi-felhivasaira-lehet-meg-palyazatokat-benyujtani\/","url_meta":{"origin":2094,"position":5},"title":"A B\u00fckk-T\u00e9rs\u00e9gi LEADER Egyes\u00fclet al\u00e1bbi helyi felh\u00edv\u00e1saira lehet m\u00e9g p\u00e1ly\u00e1zatokat beny\u00fajtani","date":"2018-08-15","format":false,"excerpt":"Tisztelt P\u00e1ly\u00e1z\u00f3k! A B\u00fckk-T\u00e9rs\u00e9gi LEADER Egyes\u00fclet\u00a0 al\u00e1bbi helyi felh\u00edv\u00e1saira lehet m\u00e9g p\u00e1ly\u00e1zatokat beny\u00fajtani: \u00a0\u00a0\u00a0\u00a0A LEADER TUDOMKA PONTOK KIALAK\u00cdT\u00c1SA\u00a0(VP6-19.2.1.-15-1-17) \u00a0\u00a0\u00a0\u00a0A LEADER TUDOMKA FALVAK FEJLESZT\u00c9SE\u00a0(VP6-19.2.1.-15-2-17) \u00a0\u00a0\u00a0\u00a0A LEADER TUDOMKA TEMATIKUS K\u00d6ZPONTOK L\u00c9TES\u00cdT\u00c9S\u00c9NEK T\u00c1MOGAT\u00c1SA\u00a0(VP6-19.2.1.-15-3-17) \u00a0 \u00a0\u00a0A\u00a0M\u00daLT, JELEN \u00c9S A J\u00d6V\u0150 MESTERS\u00c9GEINEK FEJLESZT\u00c9SE\u00a0(VP6-19.2.1.-15-5-17) \u00a0\u00a0\u00a0\u00a0B\u00dcKKI \u00c9S B\u00dcKKL\u00c1BI R\u00c9TEGVIZEK HASZNOS\u00cdT\u00c1S\u00c1NAK FEJLESZT\u00c9SE\u00a0(VP6-19.2.1.-15-6-17) \u00a0\u00a0\u00a0\u00a0SAJ\u00d3 - HERN\u00c1D V\u00d6LGYI BOLG\u00c1RKERT\u00c9SZETI HAGYOM\u00c1NYOK\u2026","rel":"","context":"In &quot;H\u00edreink, k\u00f6zlem\u00e9nyeink&quot;","img":{"alt_text":"","src":"https:\/\/i2.wp.com\/bukkleader.hu\/old\/wp-content\/uploads\/2018\/08\/p\u00e1ly\u00e1zati-lehet\u0151s\u00e9gek.3.jpg?resize=350%2C200&ssl=1","width":350,"height":200},"classes":[]}],"_links":{"self":[{"href":"https:\/\/bukkleader.hu\/old\/wp-json\/wp\/v2\/posts\/2094"}],"collection":[{"href":"https:\/\/bukkleader.hu\/old\/wp-json\/wp\/v2\/posts"}],"about":[{"href":"https:\/\/bukkleader.hu\/old\/wp-json\/wp\/v2\/types\/post"}],"author":[{"embeddable":true,"href":"https:\/\/bukkleader.hu\/old\/wp-json\/wp\/v2\/users\/4"}],"replies":[{"embeddable":true,"href":"https:\/\/bukkleader.hu\/old\/wp-json\/wp\/v2\/comments?post=2094"}],"version-history":[{"count":1,"href":"https:\/\/bukkleader.hu\/old\/wp-json\/wp\/v2\/posts\/2094\/revisions"}],"predecessor-version":[{"id":2095,"href":"https:\/\/bukkleader.hu\/old\/wp-json\/wp\/v2\/posts\/2094\/revisions\/2095"}],"wp:featuredmedia":[{"embeddable":true,"href":"https:\/\/bukkleader.hu\/old\/wp-json\/wp\/v2\/media\/1838"}],"wp:attachment":[{"href":"https:\/\/bukkleader.hu\/old\/wp-json\/wp\/v2\/media?parent=2094"}],"wp:term":[{"taxonomy":"category","embeddable":true,"href":"https:\/\/bukkleader.hu\/old\/wp-json\/wp\/v2\/categories?post=2094"},{"taxonomy":"post_tag","embeddable":true,"href":"https:\/\/bukkleader.hu\/old\/wp-json\/wp\/v2\/tags?post=2094"}],"curies":[{"name":"wp","href":"https:\/\/api.w.org\/{rel}","templated":true}]}}