{"id":2091,"date":"2019-07-04T14:12:30","date_gmt":"2019-07-04T12:12:30","guid":{"rendered":"https:\/\/bukkleader.hu\/old\/?p=2091"},"modified":"2019-12-10T08:24:02","modified_gmt":"2019-12-10T07:24:02","slug":"segedletek-eloleg-igenyleshez","status":"publish","type":"post","link":"https:\/\/bukkleader.hu\/old\/segedletek-eloleg-igenyleshez\/","title":{"rendered":"Seg\u00e9dletek el\u0151leg ig\u00e9nyl\u00e9shez"},"content":{"rendered":"<p style=\"font-weight: 400;\"><strong>Tisztelt P\u00e1ly\u00e1z\u00f3k!<\/strong><\/p>\n<p style=\"font-weight: 400;\">T\u00e1j\u00e9koztatjuk \u00d6n\u00f6ket, hogy azon T\u00e1mogat\u00f3i Okirattal rendelkez\u0151 p\u00e1ly\u00e1z\u00f3inkat, akik a projekt megval\u00f3s\u00edt\u00e1s\u00e1hoz<strong>\u00a0el\u0151leget szeretn\u00e9nek ig\u00e9nyelni<\/strong>\u00a0illetve\u00a0<strong>kifizet\u00e9si k\u00e9relmet beny\u00fajtani<\/strong>, a seg\u00e9dletek az al\u00e1bbi linken \u00e9rhet\u0151k el:<\/p>\n<p style=\"font-weight: 400;\"><a href=\"https:\/\/www.mvh.allamkincstar.gov.hu\/tamogatasok-listazo\/-\/tamogatas\/5746072\/tajekoztatok\" target=\"_blank\" rel=\"noopener\" data-saferedirecturl=\"https:\/\/www.google.com\/url?hl=hu&amp;q=https:\/\/www.mvh.allamkincstar.gov.hu\/tamogatasok-listazo\/-\/tamogatas\/5746072\/tajekoztatok&amp;source=gmail&amp;ust=1562328637310000&amp;usg=AFQjCNH01NoA3O8h9ZDsRHkDvtwpdg6CeA\">https:\/\/www.mvh.allamkincstar.gov.hu\/tamogatasok-listazo\/-\/tamogatas\/5746072\/tajekoztatok<\/a><\/p>\n<p style=\"font-weight: 400;\">Javasoljuk, hogy az al\u00e1bbi linken tal\u00e1lhat\u00f3 t\u00e1j\u00e9koztat\u00f3t (b\u00e1r az nem a LEADER felh\u00edv\u00e1sokhoz k\u00e9sz\u00fclt, de hasznos) is n\u00e9zz\u00e9k \u00e1t, annak \u00e9rdek\u00e9ben, hogy minden, az el\u0151leghez sz\u00fcks\u00e9ges dokumentumot beny\u00fajt\u00e1sra ker\u00fclj\u00f6n:<\/p>\n<p style=\"font-weight: 400;\"><a href=\"https:\/\/www.mvh.allamkincstar.gov.hu\/tamogatasok-listazo\/-\/tamogatas\/2988830\/tajekoztatok\/segedlet-az-elektronikus-felulet-hasznalatahoz-es-e-kifizetesi-eloleg-kerelem-benyujtasahoz-2019-01-10\" target=\"_blank\" rel=\"noopener\" data-saferedirecturl=\"https:\/\/www.google.com\/url?hl=hu&amp;q=https:\/\/www.mvh.allamkincstar.gov.hu\/tamogatasok-listazo\/-\/tamogatas\/2988830\/tajekoztatok\/segedlet-az-elektronikus-felulet-hasznalatahoz-es-e-kifizetesi-eloleg-kerelem-benyujtasahoz-2019-01-10&amp;source=gmail&amp;ust=1562328637310000&amp;usg=AFQjCNFdgD1pqrwHRsWhQygJ0KF5xrJReQ\">https:\/\/www.mvh.allamkincstar.gov.hu\/tamogatasok-listazo\/-\/tamogatas\/2988830\/tajekoztatok\/segedlet-az-elektronikus-felulet-hasznalatahoz-es-e-kifizetesi-eloleg-kerelem-benyujtasahoz-2019-01-10<\/a><\/p>\n<p style=\"font-weight: 400;\">Javasoljuk tov\u00e1bb\u00e1, az al\u00e1bbi linken el\u00e9rhet\u0151 LEADER \u00c1UF tanulm\u00e1nyoz\u00e1s\u00e1t is:<\/p>\n<p style=\"font-weight: 400;\"><a href=\"https:\/\/www.mvh.allamkincstar.gov.hu\/leader-helyi-felhivasok\" target=\"_blank\" rel=\"noopener\" data-saferedirecturl=\"https:\/\/www.google.com\/url?hl=hu&amp;q=https:\/\/www.mvh.allamkincstar.gov.hu\/leader-helyi-felhivasok&amp;source=gmail&amp;ust=1562328637310000&amp;usg=AFQjCNHnu2TluSRDxQOBudzo9RYbmKuj4w\">https:\/\/www.mvh.allamkincstar.gov.hu\/leader-helyi-felhivasok<\/a><\/p>\n<div class=\"sharedaddy sd-sharing-enabled\"><div class=\"robots-nocontent sd-block sd-social sd-social-icon sd-sharing\"><h3 class=\"sd-title\">Share this:<\/h3><div class=\"sd-content\"><ul><li class=\"share-facebook\"><a rel=\"nofollow noopener noreferrer\" data-shared=\"sharing-facebook-2091\" class=\"share-facebook sd-button share-icon no-text\" href=\"https:\/\/bukkleader.hu\/old\/segedletek-eloleg-igenyleshez\/?share=facebook\" target=\"_blank\" title=\"Click to share on Facebook\"><span><\/span><span class=\"sharing-screen-reader-text\">Click to share on Facebook (Opens in new window)<\/span><\/a><\/li><li class=\"share-twitter\"><a rel=\"nofollow noopener noreferrer\" data-shared=\"sharing-twitter-2091\" class=\"share-twitter sd-button share-icon no-text\" href=\"https:\/\/bukkleader.hu\/old\/segedletek-eloleg-igenyleshez\/?share=twitter\" target=\"_blank\" title=\"Click to share on Twitter\"><span><\/span><span class=\"sharing-screen-reader-text\">Click to share on Twitter (Opens in new window)<\/span><\/a><\/li><li class=\"share-print\"><a rel=\"nofollow noopener noreferrer\" data-shared=\"\" class=\"share-print sd-button share-icon no-text\" href=\"https:\/\/bukkleader.hu\/old\/segedletek-eloleg-igenyleshez\/\" target=\"_blank\" title=\"Click to print\"><span><\/span><span class=\"sharing-screen-reader-text\">Click to print (Opens in new window)<\/span><\/a><\/li><li class=\"share-email\"><a rel=\"nofollow noopener noreferrer\" data-shared=\"\" class=\"share-email sd-button share-icon no-text\" href=\"https:\/\/bukkleader.hu\/old\/segedletek-eloleg-igenyleshez\/?share=email\" target=\"_blank\" title=\"Click to email this to a friend\"><span><\/span><span class=\"sharing-screen-reader-text\">Click to email this to a friend (Opens in new window)<\/span><\/a><\/li><li class=\"share-end\"><\/li><\/ul><\/div><\/div><\/div>","protected":false},"excerpt":{"rendered":"<p>Tisztelt P\u00e1ly\u00e1z\u00f3k! T\u00e1j\u00e9koztatjuk \u00d6n\u00f6ket, hogy azon T\u00e1mogat\u00f3i Okirattal rendelkez\u0151 p\u00e1ly\u00e1z\u00f3inkat, akik a projekt megval\u00f3s\u00edt\u00e1s\u00e1hoz\u00a0el\u0151leget szeretn\u00e9nek ig\u00e9nyelni\u00a0illetve\u00a0kifizet\u00e9si k\u00e9relmet beny\u00fajtani, a seg\u00e9dletek az al\u00e1bbi linken \u00e9rhet\u0151k el: https:\/\/www.mvh.allamkincstar.gov.hu\/tamogatasok-listazo\/-\/tamogatas\/5746072\/tajekoztatok Javasoljuk, hogy az al\u00e1bbi linken tal\u00e1lhat\u00f3 t\u00e1j\u00e9koztat\u00f3t (b\u00e1r az nem a LEADER felh\u00edv\u00e1sokhoz k\u00e9sz\u00fclt, de hasznos) is n\u00e9zz\u00e9k \u00e1t, annak \u00e9rdek\u00e9ben, hogy minden, az el\u0151leghez sz\u00fcks\u00e9ges dokumentumot beny\u00fajt\u00e1sra ker\u00fclj\u00f6n: [&hellip;]<\/p>\n<div class=\"sharedaddy sd-sharing-enabled\"><div class=\"robots-nocontent sd-block sd-social sd-social-icon sd-sharing\"><h3 class=\"sd-title\">Share this:<\/h3><div class=\"sd-content\"><ul><li class=\"share-facebook\"><a rel=\"nofollow noopener noreferrer\" data-shared=\"sharing-facebook-2091\" class=\"share-facebook sd-button share-icon no-text\" href=\"https:\/\/bukkleader.hu\/old\/segedletek-eloleg-igenyleshez\/?share=facebook\" target=\"_blank\" title=\"Click to share on Facebook\"><span><\/span><span class=\"sharing-screen-reader-text\">Click to share on Facebook (Opens in new window)<\/span><\/a><\/li><li class=\"share-twitter\"><a rel=\"nofollow noopener noreferrer\" data-shared=\"sharing-twitter-2091\" class=\"share-twitter sd-button share-icon no-text\" href=\"https:\/\/bukkleader.hu\/old\/segedletek-eloleg-igenyleshez\/?share=twitter\" target=\"_blank\" title=\"Click to share on Twitter\"><span><\/span><span class=\"sharing-screen-reader-text\">Click to share on Twitter (Opens in new window)<\/span><\/a><\/li><li class=\"share-print\"><a rel=\"nofollow noopener noreferrer\" data-shared=\"\" class=\"share-print sd-button share-icon no-text\" href=\"https:\/\/bukkleader.hu\/old\/segedletek-eloleg-igenyleshez\/\" target=\"_blank\" title=\"Click to print\"><span><\/span><span class=\"sharing-screen-reader-text\">Click to print (Opens in new window)<\/span><\/a><\/li><li class=\"share-email\"><a rel=\"nofollow noopener noreferrer\" data-shared=\"\" class=\"share-email sd-button share-icon no-text\" href=\"https:\/\/bukkleader.hu\/old\/segedletek-eloleg-igenyleshez\/?share=email\" target=\"_blank\" title=\"Click to email this to a friend\"><span><\/span><span class=\"sharing-screen-reader-text\">Click to email this to a friend (Opens in new window)<\/span><\/a><\/li><li class=\"share-end\"><\/li><\/ul><\/div><\/div><\/div>","protected":false},"author":4,"featured_media":1901,"comment_status":"open","ping_status":"closed","sticky":false,"template":"","format":"standard","meta":{"_bbp_topic_count":0,"_bbp_reply_count":0,"_bbp_total_topic_count":0,"_bbp_total_reply_count":0,"_bbp_voice_count":0,"_bbp_anonymous_reply_count":0,"_bbp_topic_count_hidden":0,"_bbp_reply_count_hidden":0,"_bbp_forum_subforum_count":0,"spay_email":"","jetpack_publicize_message":"","jetpack_is_tweetstorm":false,"jetpack_publicize_feature_enabled":true},"categories":[28,1],"tags":[],"jetpack_featured_media_url":"https:\/\/bukkleader.hu\/old\/wp-content\/uploads\/2018\/12\/hat\u00e1rid\u0151-modos\u00edt\u00e1s-2.jpg","jetpack_publicize_connections":[],"jetpack_sharing_enabled":true,"jetpack-related-posts":[{"id":2077,"url":"https:\/\/bukkleader.hu\/old\/tajekoztatas-eloleg-es-kifizetesi-kerelem-benyujtasanak-lehetosegerol\/","url_meta":{"origin":2091,"position":0},"title":"T\u00e1j\u00e9koztat\u00e1s el\u0151leg- \u00e9s kifizet\u00e9si k\u00e9relem beny\u00fajt\u00e1s\u00e1nak lehet\u0151s\u00e9g\u00e9r\u0151l","date":"2019-06-14","format":false,"excerpt":"Tisztelt P\u00e1ly\u00e1z\u00f3k! T\u00e1j\u00e9koztatjuk \u00d6n\u00f6ket, hogy a LEADER helyi felh\u00edv\u00e1sok kapcs\u00e1n lehet\u0151s\u00e9g van el\u0151leg- \u00e9s kifizet\u00e9si k\u00e9relem beny\u00fajt\u00e1s\u00e1ra, melyhez a seg\u00e9dletek az al\u00e1bbi linken \u00e9rhet\u0151ek el: https:\/\/www.mvh.allamkincstar.gov.hu\/tamogatasok-listazo\/-\/tamogatas\/5746072\/tajekoztatok.","rel":"","context":"In &quot;Dokumentumok&quot;","img":{"alt_text":"","src":"https:\/\/i2.wp.com\/bukkleader.hu\/old\/wp-content\/uploads\/2017\/12\/danger.png?resize=350%2C200&ssl=1","width":350,"height":200},"classes":[]},{"id":1622,"url":"https:\/\/bukkleader.hu\/old\/segedlet-besorolt-telepulesek-listaja\/","url_meta":{"origin":2091,"position":1},"title":"Seg\u00e9dlet &#8211; a besorolt telep\u00fcl\u00e9sek list\u00e1ja","date":"2018-03-06","format":false,"excerpt":"Tisztelt P\u00e1ly\u00e1z\u00f3k! Seg\u00e9dletet helyezt\u00fcnk el a LEADER FELH\u00cdV\u00c1SOK men\u00fcpont alatt, amely a 290\/2014 (XI.26) Korm\u00e1nyrendelet szerinti besorolt j\u00e1r\u00e1sokba tartoz\u00f3 telep\u00fcl\u00e9seket \u00e9s a 105\/2015. (VI:23.) Korm\u00e1nyrendelet szerinti besorolt telep\u00fcl\u00e9seket tartalmazza.\u00a0 A seg\u00e9dlet alapj\u00e1n meg\u00e1llap\u00edthat\u00f3 a projektek megval\u00f3s\u00edt\u00e1s\u00e1nak hely\u00e9n a t\u00e1mogat\u00e1s intenzit\u00e1sa.\u00a0 Telep\u00fcl\u00e9s lista>>>","rel":"","context":"In &quot;H\u00edreink, k\u00f6zlem\u00e9nyeink&quot;","img":{"alt_text":"","src":"https:\/\/i1.wp.com\/bukkleader.hu\/old\/wp-content\/uploads\/2018\/03\/telep\u00fcl\u00e9s.jpg?resize=350%2C200&ssl=1","width":350,"height":200},"classes":[]},{"id":1423,"url":"https:\/\/bukkleader.hu\/old\/tisztelt-palyazoink-bukk-tersegi-leader-egyesulet-osszes-palyazati-felhivasa-meghirdetesre-kerult\/","url_meta":{"origin":2091,"position":2},"title":"Tisztelt P\u00e1ly\u00e1z\u00f3ink! A B\u00fckk-T\u00e9rs\u00e9gi LEADER Egyes\u00fclet \u00f6sszes p\u00e1ly\u00e1zati felh\u00edv\u00e1sa meghirdet\u00e9sre ker\u00fclt.","date":"2017-12-05","format":false,"excerpt":"A B\u00fckk-T\u00e9rs\u00e9gi LEADER Egyes\u00fclet \u00f6sszes p\u00e1ly\u00e1zati felh\u00edv\u00e1sa meghirdet\u00e9sre ker\u00fclt. A felh\u00edv\u00e1sok a Magyar \u00c1llamkincst\u00e1r honlapj\u00e1n \u00e9rhet\u0151ek el, az al\u00e1bbi linken: Felh\u00edv\u00e1s >> K\u00e9t gazdas\u00e1gfejleszt\u00e9sre ir\u00e1nyul\u00f3 felh\u00edv\u00e1s jelent meg, melyek eset\u00e9ben a t\u00e1mogat\u00e1si k\u00e9relmeket 2018. 01. 02-t\u0151l lehet beny\u00fajtani. A tov\u00e1bbi hat, nem gazdas\u00e1gfejleszt\u00e9sre ir\u00e1nyul\u00f3 felh\u00edv\u00e1sokra a t\u00e1mogat\u00e1si k\u00e9relmek beny\u00fajt\u00e1s\u00e1nak kezdete\u2026","rel":"","context":"In &quot;H\u00edreink, k\u00f6zlem\u00e9nyeink&quot;","img":{"alt_text":"","src":"https:\/\/i2.wp.com\/bukkleader.hu\/old\/wp-content\/uploads\/2017\/12\/p\u00e1ly\u00e1zati-felh\u00edv\u00e1s.jpg?resize=350%2C200&ssl=1","width":350,"height":200},"classes":[]},{"id":1383,"url":"https:\/\/bukkleader.hu\/old\/tisztelt-palyazoink-leader-helyi-felhivasok-kapcsan-az-ih-az-alabbi-kozlemenyt-jelentette-meg\/","url_meta":{"origin":2091,"position":3},"title":"Tisztelt P\u00e1ly\u00e1z\u00f3ink! A LEADER helyi felh\u00edv\u00e1sok kapcs\u00e1n az IH az al\u00e1bbi k\u00f6zlem\u00e9nyt jelentette meg","date":"2017-10-31","format":false,"excerpt":"Tisztelt P\u00e1ly\u00e1z\u00f3k! A LEADER helyi felh\u00edv\u00e1sok kapcs\u00e1n az IH az al\u00e1bbi k\u00f6zlem\u00e9nyt jelentette meg a www.palyazat.gov.hu honlapon: A Minisztereln\u00f6ks\u00e9g Agr\u00e1r-vid\u00e9kfejleszt\u00e9si Programok\u00e9rt Felel\u0151s Helyettes \u00c1llamtitk\u00e1rs\u00e1ga, mint EMVA Ir\u00e1ny\u00edt\u00f3 Hat\u00f3s\u00e1g K\u00f6zlem\u00e9nye a LEADER helyi p\u00e1ly\u00e1zati felh\u00edv\u00e1sok megjelen\u00e9s\u00e9r\u0151l A LEADER helyi p\u00e1ly\u00e1zati felh\u00edv\u00e1sok megjelen\u00e9se a mai napt\u00f3l megkezd\u0151dik. A felh\u00edv\u00e1sok a Magyar \u00c1llamkincst\u00e1r\u2026","rel":"","context":"In &quot;H\u00edreink, k\u00f6zlem\u00e9nyeink&quot;","img":{"alt_text":"","src":"https:\/\/i1.wp.com\/bukkleader.hu\/old\/wp-content\/uploads\/2017\/10\/LEADER-logo-Jul09-32.jpg?resize=350%2C200&ssl=1","width":350,"height":200},"classes":[]},{"id":373,"url":"https:\/\/bukkleader.hu\/old\/2014-marcius-19-ig-kotelezo-monitoring-adatszolgaltatas\/","url_meta":{"origin":2091,"position":4},"title":"2014. m\u00e1rcius 19-ig K\u00d6TELEZ\u0150 MONITORING ADATSZOLG\u00c1LTAT\u00c1S","date":"2014-02-28","format":false,"excerpt":"Az Eur\u00f3pai Mez\u0151gazdas\u00e1gi Vid\u00e9kfejleszt\u00e9si Alap (EMVA) \u00e9s az Eur\u00f3pai Hal\u00e1szati Alap (EHA) keret\u00e9ben t\u00e1mogat\u00e1st elnyert \u00fcgyfelek a 26\/2014. (II. 17.) sz. \u00e9s a 27\/2014. (II. 17.) sz. MVH k\u00f6zlem\u00e9nyek alapj\u00e1n 2014. febru\u00e1r 17. \u2013 2014. m\u00e1rcius 19. id\u0151szakban monitoring adatszolg\u00e1ltat\u00e1sra k\u00f6telezettek. Az adatszolg\u00e1ltat\u00e1s kiz\u00e1r\u00f3lag elektronikus \u00faton, \u00fcgyf\u00e9lkapun kereszt\u00fclteljes\u00edthet\u0151. Meghatalmaz\u00e1s r\u00f6gz\u00edt\u00e9s\u00e9hez\u2026","rel":"","context":"In &quot;H\u00edreink, k\u00f6zlem\u00e9nyeink&quot;","img":{"alt_text":"mhv-logo","src":"https:\/\/i2.wp.com\/bukkleader.hu\/old\/wp-content\/uploads\/2015\/09\/mvh-logo-w.jpg?resize=350%2C200&ssl=1","width":350,"height":200},"classes":[]},{"id":277,"url":"https:\/\/bukkleader.hu\/old\/palyazat-ikszt-k-szolgaltatas-bovitesere\/","url_meta":{"origin":2091,"position":5},"title":"P\u00e1ly\u00e1zat IKSZT-k szolg\u00e1ltat\u00e1s-b\u0151v\u00edt\u00e9s\u00e9re","date":"2012-12-11","format":false,"excerpt":"A Nemzeti Fejleszt\u00e9si \u00dcgyn\u00f6ks\u00e9g (NF\u00dc) gondoz\u00e1s\u00e1ban megjelent az IKSZT-k szolg\u00e1ltat\u00e1sb\u0151v\u00edt\u00e9s\u00e9hez kapcsol\u00f3d\u00f3 T\u00c1MOP 3.2.3.B-12\/1 jel\u0171 \u201e\u00c9p\u00edt\u0151 k\u00f6z\u00f6ss\u00e9gek\u201d - B) A korszer\u0171, t\u00f6bbfunkci\u00f3s (multifunkcion\u00e1lis) k\u00f6zm\u0171vel\u0151d\u00e9si fejleszt\u00e9seket szolg\u00e1l\u00f3 k\u00f6z\u00f6ss\u00e9gi programok, egy\u00fcttm\u0171k\u00f6d\u00e9sek, \u00faj tanul\u00e1si form\u00e1k kialakul\u00e1s\u00e1nak el\u0151seg\u00edt\u00e9se c\u00edm\u0171 \u00daj Sz\u00e9chenyi Terv p\u00e1ly\u00e1zat. A p\u00e1ly\u00e1zattal kapcsolatban r\u00e9szletes inform\u00e1ci\u00f3k az al\u00e1bbi linken olvashat\u00f3ak >>","rel":"","context":"In &quot;H\u00edreink, k\u00f6zlem\u00e9nyeink&quot;","img":{"alt_text":"ikszt.logo","src":"https:\/\/i2.wp.com\/bukkleader.hu\/old\/wp-content\/uploads\/2015\/09\/ikszt.logo_1.jpg?resize=350%2C200&ssl=1","width":350,"height":200},"classes":[]}],"_links":{"self":[{"href":"https:\/\/bukkleader.hu\/old\/wp-json\/wp\/v2\/posts\/2091"}],"collection":[{"href":"https:\/\/bukkleader.hu\/old\/wp-json\/wp\/v2\/posts"}],"about":[{"href":"https:\/\/bukkleader.hu\/old\/wp-json\/wp\/v2\/types\/post"}],"author":[{"embeddable":true,"href":"https:\/\/bukkleader.hu\/old\/wp-json\/wp\/v2\/users\/4"}],"replies":[{"embeddable":true,"href":"https:\/\/bukkleader.hu\/old\/wp-json\/wp\/v2\/comments?post=2091"}],"version-history":[{"count":2,"href":"https:\/\/bukkleader.hu\/old\/wp-json\/wp\/v2\/posts\/2091\/revisions"}],"predecessor-version":[{"id":2093,"href":"https:\/\/bukkleader.hu\/old\/wp-json\/wp\/v2\/posts\/2091\/revisions\/2093"}],"wp:featuredmedia":[{"embeddable":true,"href":"https:\/\/bukkleader.hu\/old\/wp-json\/wp\/v2\/media\/1901"}],"wp:attachment":[{"href":"https:\/\/bukkleader.hu\/old\/wp-json\/wp\/v2\/media?parent=2091"}],"wp:term":[{"taxonomy":"category","embeddable":true,"href":"https:\/\/bukkleader.hu\/old\/wp-json\/wp\/v2\/categories?post=2091"},{"taxonomy":"post_tag","embeddable":true,"href":"https:\/\/bukkleader.hu\/old\/wp-json\/wp\/v2\/tags?post=2091"}],"curies":[{"name":"wp","href":"https:\/\/api.w.org\/{rel}","templated":true}]}}