{"id":208,"date":"2012-08-22T13:07:24","date_gmt":"2012-08-22T11:07:24","guid":{"rendered":"https:\/\/bukkleader.hu\/old\/new\/?p=208"},"modified":"2015-09-17T13:41:52","modified_gmt":"2015-09-17T11:41:52","slug":"orszagos-roma-focikupa","status":"publish","type":"post","link":"https:\/\/bukkleader.hu\/old\/orszagos-roma-focikupa\/","title":{"rendered":"Orsz\u00e1gos Roma Focikupa"},"content":{"rendered":"<h2>Szerepelt\u00fcnk a VI. Orsz\u00e1gos Roma Focikupa kiadv\u00e1ny\u00e1ban<\/h2>\n<p class=\"style6\" style=\"text-align: justify;\">2012. augusztus 18-\u00e1n, az Orsz\u00e1gos Roma \u00d6nkorm\u00e1nyzat szervez\u00e9s\u00e9ben, Mez\u0151k\u00f6vesden ker\u00fclt megrendez\u00e9sre a <span class=\"style212\"><strong>VI. Orsz\u00e1gos Roma Focikupa<\/strong><\/span>.<\/p>\n<p class=\"style6\" style=\"text-align: justify;\"><!--more--> A rendezv\u00e9nyen a B\u00fckk-T\u00e9rs\u00e9gi LEADER Egyes\u00fclet k\u00e9pvisel\u0151i is r\u00e9szt vettek, valamint <strong>a HACS-r\u00f3l cikk jelent meg a focikupa hivatalos kiadv\u00e1ny\u00e1ban<\/strong>.<\/p>\n<p class=\"style6\" style=\"text-align: justify;\"><a href=\"https:\/\/bukkleader.hu\/old\/wp-content\/uploads\/2015\/09\/focikupa_kiadvany.zip\" target=\"_blank\">A kiadv\u00e1ny let\u00f6lt\u00e9se &gt;&gt;<\/a><\/p>\n<div class=\"sharedaddy sd-sharing-enabled\"><div class=\"robots-nocontent sd-block sd-social sd-social-icon sd-sharing\"><h3 class=\"sd-title\">Share this:<\/h3><div class=\"sd-content\"><ul><li class=\"share-facebook\"><a rel=\"nofollow noopener noreferrer\" data-shared=\"sharing-facebook-208\" class=\"share-facebook sd-button share-icon no-text\" href=\"https:\/\/bukkleader.hu\/old\/orszagos-roma-focikupa\/?share=facebook\" target=\"_blank\" title=\"Click to share on Facebook\"><span><\/span><span class=\"sharing-screen-reader-text\">Click to share on Facebook (Opens in new window)<\/span><\/a><\/li><li class=\"share-twitter\"><a rel=\"nofollow noopener noreferrer\" data-shared=\"sharing-twitter-208\" class=\"share-twitter sd-button share-icon no-text\" href=\"https:\/\/bukkleader.hu\/old\/orszagos-roma-focikupa\/?share=twitter\" target=\"_blank\" title=\"Click to share on Twitter\"><span><\/span><span class=\"sharing-screen-reader-text\">Click to share on Twitter (Opens in new window)<\/span><\/a><\/li><li class=\"share-print\"><a rel=\"nofollow noopener noreferrer\" data-shared=\"\" class=\"share-print sd-button share-icon no-text\" href=\"https:\/\/bukkleader.hu\/old\/orszagos-roma-focikupa\/\" target=\"_blank\" title=\"Click to print\"><span><\/span><span class=\"sharing-screen-reader-text\">Click to print (Opens in new window)<\/span><\/a><\/li><li class=\"share-email\"><a rel=\"nofollow noopener noreferrer\" data-shared=\"\" class=\"share-email sd-button share-icon no-text\" href=\"https:\/\/bukkleader.hu\/old\/orszagos-roma-focikupa\/?share=email\" target=\"_blank\" title=\"Click to email this to a friend\"><span><\/span><span class=\"sharing-screen-reader-text\">Click to email this to a friend (Opens in new window)<\/span><\/a><\/li><li class=\"share-end\"><\/li><\/ul><\/div><\/div><\/div>","protected":false},"excerpt":{"rendered":"<p>Szerepelt\u00fcnk a VI. Orsz\u00e1gos Roma Focikupa kiadv\u00e1ny\u00e1ban 2012. augusztus 18-\u00e1n, az Orsz\u00e1gos Roma \u00d6nkorm\u00e1nyzat szervez\u00e9s\u00e9ben, Mez\u0151k\u00f6vesden ker\u00fclt megrendez\u00e9sre a VI. Orsz\u00e1gos Roma Focikupa.<\/p>\n<div class=\"sharedaddy sd-sharing-enabled\"><div class=\"robots-nocontent sd-block sd-social sd-social-icon sd-sharing\"><h3 class=\"sd-title\">Share this:<\/h3><div class=\"sd-content\"><ul><li class=\"share-facebook\"><a rel=\"nofollow noopener noreferrer\" data-shared=\"sharing-facebook-208\" class=\"share-facebook sd-button share-icon no-text\" href=\"https:\/\/bukkleader.hu\/old\/orszagos-roma-focikupa\/?share=facebook\" target=\"_blank\" title=\"Click to share on Facebook\"><span><\/span><span class=\"sharing-screen-reader-text\">Click to share on Facebook (Opens in new window)<\/span><\/a><\/li><li class=\"share-twitter\"><a rel=\"nofollow noopener noreferrer\" data-shared=\"sharing-twitter-208\" class=\"share-twitter sd-button share-icon no-text\" href=\"https:\/\/bukkleader.hu\/old\/orszagos-roma-focikupa\/?share=twitter\" target=\"_blank\" title=\"Click to share on Twitter\"><span><\/span><span class=\"sharing-screen-reader-text\">Click to share on Twitter (Opens in new window)<\/span><\/a><\/li><li class=\"share-print\"><a rel=\"nofollow noopener noreferrer\" data-shared=\"\" class=\"share-print sd-button share-icon no-text\" href=\"https:\/\/bukkleader.hu\/old\/orszagos-roma-focikupa\/\" target=\"_blank\" title=\"Click to print\"><span><\/span><span class=\"sharing-screen-reader-text\">Click to print (Opens in new window)<\/span><\/a><\/li><li class=\"share-email\"><a rel=\"nofollow noopener noreferrer\" data-shared=\"\" class=\"share-email sd-button share-icon no-text\" href=\"https:\/\/bukkleader.hu\/old\/orszagos-roma-focikupa\/?share=email\" target=\"_blank\" title=\"Click to email this to a friend\"><span><\/span><span class=\"sharing-screen-reader-text\">Click to email this to a friend (Opens in new window)<\/span><\/a><\/li><li class=\"share-end\"><\/li><\/ul><\/div><\/div><\/div>","protected":false},"author":1,"featured_media":210,"comment_status":"open","ping_status":"closed","sticky":false,"template":"","format":"standard","meta":{"_bbp_topic_count":0,"_bbp_reply_count":0,"_bbp_total_topic_count":0,"_bbp_total_reply_count":0,"_bbp_voice_count":0,"_bbp_anonymous_reply_count":0,"_bbp_topic_count_hidden":0,"_bbp_reply_count_hidden":0,"_bbp_forum_subforum_count":0,"spay_email":"","jetpack_publicize_message":"","jetpack_is_tweetstorm":false,"jetpack_publicize_feature_enabled":true},"categories":[1],"tags":[],"jetpack_featured_media_url":"https:\/\/bukkleader.hu\/old\/wp-content\/uploads\/2015\/09\/roma-foci-kupa-w.jpg","jetpack_publicize_connections":[],"jetpack_sharing_enabled":true,"jetpack-related-posts":[{"id":102,"url":"https:\/\/bukkleader.hu\/old\/2012-julius-01-2012-szeptember-30-idoszak\/","url_meta":{"origin":208,"position":0},"title":"2012. j\u00falius 01. \u2013 2012. szeptember 30. id\u0151szak","date":"2012-10-01","format":false,"excerpt":"A B\u00fckk-T\u00e9rs\u00e9gi LEADER Egyes\u00fclet legfontosabb feladatai a 2012.07.01. \u2013 09.30. id\u0151szakban az EMVA III. falumeg\u00faj\u00edt\u00e1s \u00e9s \u2013fejleszt\u00e9s jogc\u00edm el\u0151k\u00e9sz\u00edt\u00e9se, a szakmai kapcsolat\u00e9p\u00edt\u00e9s \u00e9s az 2014-2020 id\u0151szak EU-s tervez\u00e9s\u00e9be val\u00f3 bekapcsol\u00f3d\u00e1s voltak. Munk\u00e1nkr\u00f3l 1 t\u00e9rs\u00e9gi \u00fajs\u00e1gban, 2 szakmai kiadv\u00e1nyban \u00e9s 3 weboldalon jelent meg tud\u00f3s\u00edt\u00e1s.A t\u00e1mogat\u00e1si id\u0151szakban t\u00e1rgyal\u00e1sokat folytattunk a Nemzeti\u2026","rel":"","context":"In &quot;Munkabesz\u00e1mol\u00f3k&quot;","img":{"alt_text":"","src":"","width":0,"height":0},"classes":[]},{"id":584,"url":"https:\/\/bukkleader.hu\/old\/leader-orszagos-levelezo-megjelent-a-palyazati-felhivas\/","url_meta":{"origin":208,"position":1},"title":"Megjelent a p\u00e1ly\u00e1zati felh\u00edv\u00e1s","date":"2015-11-11","format":false,"excerpt":"\u00a0HFS elk\u00e9sz\u00edt\u00e9s\u00e9nek t\u00e1mogat\u00e1sa. Megjelent: Link megnyit\u00e1sa itt\u203a\u203a\u00a0http:\/\/www.palyazat.gov.hu\/node\/56681\u00a0\u00a0\u00a0","rel":"","context":"In &quot;H\u00edreink, k\u00f6zlem\u00e9nyeink&quot;","img":{"alt_text":"","src":"https:\/\/i2.wp.com\/bukkleader.hu\/old\/wp-content\/uploads\/2015\/11\/8414_small.jpg?resize=350%2C200&ssl=1","width":350,"height":200},"classes":[]},{"id":5829,"url":"https:\/\/bukkleader.hu\/old\/felhivas-a-legjobb-onkormanyzati-gyakorlatok-2021-evi-palyazatara\/","url_meta":{"origin":208,"position":2},"title":"Felh\u00edv\u00e1s a Legjobb \u00d6nkorm\u00e1nyzati Gyakorlatok 2021. \u00e9vi p\u00e1ly\u00e1zat\u00e1ra","date":"2021-04-09","format":false,"excerpt":"Tisztelt \u00d6nkorm\u00e1nyzatok! A Telep\u00fcl\u00e9si \u00d6nkorm\u00e1nyzatok Orsz\u00e1gos Sz\u00f6vets\u00e9ge felh\u00edv\u00e1st tett k\u00f6zz\u00e9 a Legjobb \u00d6nkorm\u00e1nyzati Gyakorlatok 2021. \u00e9vi p\u00e1ly\u00e1zat\u00e1ra. R\u00e9szletek:\u00a0http:\/\/xn--tosz-5qa.hu\/news\/681\/73\/Felhivas-a-ToOSZ-Legjobb-onkormanyzati-Gyakorlatok-Programja-2021-evi-palyazatara\/?fbclid=IwAR21wFWgSfh1I70H70oNySnNmpraVRYMo6DMBi8dH9C25lbAEN-Qgvm6rE8","rel":"","context":"In &quot;H\u00edreink, k\u00f6zlem\u00e9nyeink&quot;","img":{"alt_text":"","src":"https:\/\/i0.wp.com\/bukkleader.hu\/old\/wp-content\/uploads\/2020\/09\/Tard2.jpg?resize=350%2C200&ssl=1","width":350,"height":200},"classes":[]},{"id":351,"url":"https:\/\/bukkleader.hu\/old\/megalakult-a-leader-egyesuletek-szovetsege\/","url_meta":{"origin":208,"position":3},"title":"Megalakult a LEADER Egyes\u00fcletek Sz\u00f6vets\u00e9ge","date":"2013-11-14","format":false,"excerpt":"Erny\u0151szervezetet hoztak l\u00e9tre LEADER Helyi Akci\u00f3csoportok szakmai munk\u00e1juk seg\u00edt\u00e9s\u00e9re, tud\u00e1suk megoszt\u00e1s\u00e1ra \u00e9s az egy\u00fcttm\u0171k\u00f6d\u00e9s fokoz\u00e1s\u00e1ra a vid\u00e9kfejleszt\u00e9ssel foglalkoz\u00f3 \u00e1llami \u00e9s \u00f6nkorm\u00e1nyzati szervekkel. Okt\u00f3ber 29-\u00e9n Tat\u00e1rszentgy\u00f6rgy-Sarl\u00f3spuszt\u00e1n l\u00e9trej\u00f6tt a LEADER Egyes\u00fcletek Sz\u00f6vets\u00e9ge (LESZ). Az orsz\u00e1gos hat\u00e1sk\u00f6r\u0171 civil szervezet c\u00e9lja a LEADER-szervezetek szakmai munk\u00e1j\u00e1nak seg\u00edt\u00e9se. Tov\u00e1bbi inform\u00e1ci\u00f3k a www.umvp.eu weboldalon >>","rel":"","context":"In &quot;H\u00edreink, k\u00f6zlem\u00e9nyeink&quot;","img":{"alt_text":"eu z\u00e1szl\u00f3","src":"https:\/\/i0.wp.com\/bukkleader.hu\/old\/wp-content\/uploads\/2012\/06\/eu-zaszlo384w.jpg?resize=350%2C200&ssl=1","width":350,"height":200},"classes":[]},{"id":243,"url":"https:\/\/bukkleader.hu\/old\/tobb-lehetoseget-kap-a-videkfejlesztes-2014%e2%88%922020-kozott\/","url_meta":{"origin":208,"position":4},"title":"T\u00f6bb lehet\u0151s\u00e9get kap a vid\u00e9kfejleszt\u00e9s 2014\u22122020 k\u00f6z\u00f6tt","date":"2012-09-19","format":false,"excerpt":"\u201eAlapjaiban megv\u00e1ltozik a mez\u0151gazdas\u00e1g \u00e9s a vid\u00e9kfejleszt\u00e9s t\u00e1mogat\u00e1sa a 2014-ben kezd\u0151d\u0151 uni\u00f3s k\u00f6lts\u00e9gvet\u00e9si id\u0151szakban. A konkr\u00e9t c\u00e9lokat, a sz\u00fcks\u00e9ges forr\u00e1s nagys\u00e1g\u00e1t azonban csak a f\u00f6ldt\u00f6rv\u00e9ny elfogad\u00e1sa, illetve az orsz\u00e1gos vid\u00e9kfejleszt\u00e9si helyzet\u00e9rt\u00e9kel\u00e9s elk\u00e9sz\u00fclte ut\u00e1n kezdheti meghat\u00e1rozni a t\u00e1rca \u2212 mondta a Napi Gazdas\u00e1gnak V. N\u00e9meth Zsolt, a Vid\u00e9kfejleszt\u00e9si Miniszt\u00e9rium vid\u00e9kfejleszt\u00e9s\u00e9rt felel\u0151s\u2026","rel":"","context":"In &quot;H\u00edreink, k\u00f6zlem\u00e9nyeink&quot;","img":{"alt_text":"magyar-cimer","src":"https:\/\/i0.wp.com\/bukkleader.hu\/old\/wp-content\/uploads\/2015\/09\/magyar-cimer.jpg?resize=350%2C200&ssl=1","width":350,"height":200},"classes":[]},{"id":400,"url":"https:\/\/bukkleader.hu\/old\/akkreditalt-falusi-vendeglato-kepzes\/","url_meta":{"origin":208,"position":5},"title":"Akkredit\u00e1lt falusi vend\u00e9gl\u00e1t\u00f3 k\u00e9pz\u00e9s","date":"2014-09-23","format":false,"excerpt":"Felh\u00edv\u00e1s: A Falusi \u00e9s Agroturizmus Orsz\u00e1gos Sz\u00f6vets\u00e9ge \"akkredit\u00e1lt falusi vend\u00e9gl\u00e1t\u00f3\" k\u00e9pz\u00e9st ind\u00edtA k\u00e9pz\u00e9s c\u00e9lja: szakmai felk\u00e9sz\u00edt\u00e9s, kezd\u0151 falusi vend\u00e9gl\u00e1t\u00f3k \u00e9s vid\u00e9ki szolg\u00e1ltat\u00f3k\u00e9nt tanyagazdas\u00e1got, farmgazdas\u00e1got m\u0171k\u00f6dtet\u0151 mag\u00e1nszem\u00e9lyek, kis- \u00e9s mikr\u00f3v\u00e1llalkoz\u00e1sok sz\u00e1m\u00e1ra.A k\u00e9pz\u00e9s c\u00e9lcsoportja: a falusi vend\u00e9gfogad\u00f3k, a falusi turizmus, mint szolg\u00e1ltat\u00f3i tev\u00e9kenys\u00e9g ir\u00e1nt \u00e9rdekl\u0151d\u0151k akik most tervezik bekapcsol\u00f3d\u00e1sukat a vend\u00e9gfogad\u00e1sba, vagy\u2026","rel":"","context":"In &quot;H\u00edreink, k\u00f6zlem\u00e9nyeink&quot;","img":{"alt_text":"falusi-turizmus_itthon-hu-w","src":"https:\/\/i2.wp.com\/bukkleader.hu\/old\/wp-content\/uploads\/2015\/09\/falusi-turizmus_itthon-hu-w.jpg?resize=350%2C200&ssl=1","width":350,"height":200},"classes":[]}],"_links":{"self":[{"href":"https:\/\/bukkleader.hu\/old\/wp-json\/wp\/v2\/posts\/208"}],"collection":[{"href":"https:\/\/bukkleader.hu\/old\/wp-json\/wp\/v2\/posts"}],"about":[{"href":"https:\/\/bukkleader.hu\/old\/wp-json\/wp\/v2\/types\/post"}],"author":[{"embeddable":true,"href":"https:\/\/bukkleader.hu\/old\/wp-json\/wp\/v2\/users\/1"}],"replies":[{"embeddable":true,"href":"https:\/\/bukkleader.hu\/old\/wp-json\/wp\/v2\/comments?post=208"}],"version-history":[{"count":2,"href":"https:\/\/bukkleader.hu\/old\/wp-json\/wp\/v2\/posts\/208\/revisions"}],"predecessor-version":[{"id":211,"href":"https:\/\/bukkleader.hu\/old\/wp-json\/wp\/v2\/posts\/208\/revisions\/211"}],"wp:featuredmedia":[{"embeddable":true,"href":"https:\/\/bukkleader.hu\/old\/wp-json\/wp\/v2\/media\/210"}],"wp:attachment":[{"href":"https:\/\/bukkleader.hu\/old\/wp-json\/wp\/v2\/media?parent=208"}],"wp:term":[{"taxonomy":"category","embeddable":true,"href":"https:\/\/bukkleader.hu\/old\/wp-json\/wp\/v2\/categories?post=208"},{"taxonomy":"post_tag","embeddable":true,"href":"https:\/\/bukkleader.hu\/old\/wp-json\/wp\/v2\/tags?post=208"}],"curies":[{"name":"wp","href":"https:\/\/api.w.org\/{rel}","templated":true}]}}