{"id":204,"date":"2012-08-02T12:56:15","date_gmt":"2012-08-02T10:56:15","guid":{"rendered":"https:\/\/bukkleader.hu\/old\/new\/?p=204"},"modified":"2015-09-22T09:48:09","modified_gmt":"2015-09-22T07:48:09","slug":"jogszabaly-modositasok","status":"publish","type":"post","link":"https:\/\/bukkleader.hu\/old\/jogszabaly-modositasok\/","title":{"rendered":"Jogszab\u00e1ly m\u00f3dos\u00edt\u00e1sok"},"content":{"rendered":"<h2>FIGYELEM! Jogszab\u00e1ly m\u00f3dos\u00edt\u00e1sok<\/h2>\n<p style=\"text-align: justify;\">A Magyar K\u00f6zl\u00f6ny 102. sz\u00e1m\u00e1ban megjelent a <strong>76\/2012. (VII.27.) VM rendelet\u00a0az Eur\u00f3pai Mez\u0151gazdas\u00e1gi Vid\u00e9kfejleszt\u00e9si Alapb\u00f3l finansz\u00edrozott egyes <span class=\"style212\">agr\u00e1rt\u00e1rgy\u00fa miniszteri rendeletek m\u00f3dos\u00edt\u00e1s\u00e1r\u00f3l<\/span><\/strong>, amely sz\u00e1mos programbeli jogc\u00edm m\u00f3dos\u00edt\u00e1s\u00e1t \u00e9rinti, \u00edgy r\u00e9szben az EMVA III-as, IV-es tengelyes jogc\u00edmrendeleteket is. <a href=\"https:\/\/bukkleader.hu\/old\/wp-content\/uploads\/2015\/09\/mk_12_102.pdf\" target=\"_blank\">A Magyar K\u00f6zl\u00f6ny aktu\u00e1lis sz\u00e1m\u00e1nak let\u00f6lt\u00e9se &gt;&gt;<\/a><\/p>\n<div class=\"sharedaddy sd-sharing-enabled\"><div class=\"robots-nocontent sd-block sd-social sd-social-icon sd-sharing\"><h3 class=\"sd-title\">Share this:<\/h3><div class=\"sd-content\"><ul><li class=\"share-facebook\"><a rel=\"nofollow noopener noreferrer\" data-shared=\"sharing-facebook-204\" class=\"share-facebook sd-button share-icon no-text\" href=\"https:\/\/bukkleader.hu\/old\/jogszabaly-modositasok\/?share=facebook\" target=\"_blank\" title=\"Click to share on Facebook\"><span><\/span><span class=\"sharing-screen-reader-text\">Click to share on Facebook (Opens in new window)<\/span><\/a><\/li><li class=\"share-twitter\"><a rel=\"nofollow noopener noreferrer\" data-shared=\"sharing-twitter-204\" class=\"share-twitter sd-button share-icon no-text\" href=\"https:\/\/bukkleader.hu\/old\/jogszabaly-modositasok\/?share=twitter\" target=\"_blank\" title=\"Click to share on Twitter\"><span><\/span><span class=\"sharing-screen-reader-text\">Click to share on Twitter (Opens in new window)<\/span><\/a><\/li><li class=\"share-print\"><a rel=\"nofollow noopener noreferrer\" data-shared=\"\" class=\"share-print sd-button share-icon no-text\" href=\"https:\/\/bukkleader.hu\/old\/jogszabaly-modositasok\/\" target=\"_blank\" title=\"Click to print\"><span><\/span><span class=\"sharing-screen-reader-text\">Click to print (Opens in new window)<\/span><\/a><\/li><li class=\"share-email\"><a rel=\"nofollow noopener noreferrer\" data-shared=\"\" class=\"share-email sd-button share-icon no-text\" href=\"https:\/\/bukkleader.hu\/old\/jogszabaly-modositasok\/?share=email\" target=\"_blank\" title=\"Click to email this to a friend\"><span><\/span><span class=\"sharing-screen-reader-text\">Click to email this to a friend (Opens in new window)<\/span><\/a><\/li><li class=\"share-end\"><\/li><\/ul><\/div><\/div><\/div>","protected":false},"excerpt":{"rendered":"<p>FIGYELEM! Jogszab\u00e1ly m\u00f3dos\u00edt\u00e1sok A Magyar K\u00f6zl\u00f6ny 102. sz\u00e1m\u00e1ban megjelent a 76\/2012. (VII.27.) VM rendelet\u00a0az Eur\u00f3pai Mez\u0151gazdas\u00e1gi Vid\u00e9kfejleszt\u00e9si Alapb\u00f3l finansz\u00edrozott egyes agr\u00e1rt\u00e1rgy\u00fa miniszteri rendeletek m\u00f3dos\u00edt\u00e1s\u00e1r\u00f3l, amely sz\u00e1mos programbeli jogc\u00edm m\u00f3dos\u00edt\u00e1s\u00e1t \u00e9rinti, \u00edgy r\u00e9szben az EMVA III-as, IV-es tengelyes jogc\u00edmrendeleteket is. A Magyar K\u00f6zl\u00f6ny aktu\u00e1lis sz\u00e1m\u00e1nak let\u00f6lt\u00e9se &gt;&gt;<\/p>\n<div class=\"sharedaddy sd-sharing-enabled\"><div class=\"robots-nocontent sd-block sd-social sd-social-icon sd-sharing\"><h3 class=\"sd-title\">Share this:<\/h3><div class=\"sd-content\"><ul><li class=\"share-facebook\"><a rel=\"nofollow noopener noreferrer\" data-shared=\"sharing-facebook-204\" class=\"share-facebook sd-button share-icon no-text\" href=\"https:\/\/bukkleader.hu\/old\/jogszabaly-modositasok\/?share=facebook\" target=\"_blank\" title=\"Click to share on Facebook\"><span><\/span><span class=\"sharing-screen-reader-text\">Click to share on Facebook (Opens in new window)<\/span><\/a><\/li><li class=\"share-twitter\"><a rel=\"nofollow noopener noreferrer\" data-shared=\"sharing-twitter-204\" class=\"share-twitter sd-button share-icon no-text\" href=\"https:\/\/bukkleader.hu\/old\/jogszabaly-modositasok\/?share=twitter\" target=\"_blank\" title=\"Click to share on Twitter\"><span><\/span><span class=\"sharing-screen-reader-text\">Click to share on Twitter (Opens in new window)<\/span><\/a><\/li><li class=\"share-print\"><a rel=\"nofollow noopener noreferrer\" data-shared=\"\" class=\"share-print sd-button share-icon no-text\" href=\"https:\/\/bukkleader.hu\/old\/jogszabaly-modositasok\/\" target=\"_blank\" title=\"Click to print\"><span><\/span><span class=\"sharing-screen-reader-text\">Click to print (Opens in new window)<\/span><\/a><\/li><li class=\"share-email\"><a rel=\"nofollow noopener noreferrer\" data-shared=\"\" class=\"share-email sd-button share-icon no-text\" href=\"https:\/\/bukkleader.hu\/old\/jogszabaly-modositasok\/?share=email\" target=\"_blank\" title=\"Click to email this to a friend\"><span><\/span><span class=\"sharing-screen-reader-text\">Click to email this to a friend (Opens in new window)<\/span><\/a><\/li><li class=\"share-end\"><\/li><\/ul><\/div><\/div><\/div>","protected":false},"author":1,"featured_media":230,"comment_status":"open","ping_status":"closed","sticky":false,"template":"","format":"standard","meta":{"_bbp_topic_count":0,"_bbp_reply_count":0,"_bbp_total_topic_count":0,"_bbp_total_reply_count":0,"_bbp_voice_count":0,"_bbp_anonymous_reply_count":0,"_bbp_topic_count_hidden":0,"_bbp_reply_count_hidden":0,"_bbp_forum_subforum_count":0,"spay_email":"","jetpack_publicize_message":"","jetpack_is_tweetstorm":false,"jetpack_publicize_feature_enabled":true},"categories":[1],"tags":[],"jetpack_featured_media_url":"https:\/\/bukkleader.hu\/old\/wp-content\/uploads\/2012\/06\/paragrafus384w.jpg","jetpack_publicize_connections":[],"jetpack_sharing_enabled":true,"jetpack-related-posts":[{"id":410,"url":"https:\/\/bukkleader.hu\/old\/figyelem-jogszabaly-modositasok-2\/","url_meta":{"origin":204,"position":0},"title":"Figyelem! Jogszab\u00e1ly m\u00f3dos\u00edt\u00e1sok","date":"2014-11-25","format":false,"excerpt":"Megjelent a 8\/2014. (XI. 19.) MvM rendelet az Eur\u00f3pai Mez\u0151gazdas\u00e1gi Vid\u00e9kfejleszt\u00e9si Alapb\u00f3l finansz\u00edrozott egyes agr\u00e1rt\u00e1mogat\u00e1si t\u00e1rgy\u00fa miniszteri rendeletek m\u00f3dos\u00edt\u00e1s\u00e1r\u00f3l. A rendelet a 23\/2007. (IV. 17.) FVM rendelet (Vhr. - v\u00e9grehajt\u00e1si rendelet) valamint t\u00f6bb t\u00e1mogat\u00e1si jogc\u00edmrendelet m\u00f3dos\u00edt\u00e1s\u00e1t tartalmazza. Az MvM rendelet a Magyar K\u00f6zl\u00f6ny 2014.11.19-i, 157. sz\u00e1m\u00e1ban olvashat\u00f3, mely el\u00e9rhet\u0151 innen\u2026","rel":"","context":"In &quot;H\u00edreink, k\u00f6zlem\u00e9nyeink&quot;","img":{"alt_text":"paragrafus","src":"https:\/\/i0.wp.com\/bukkleader.hu\/old\/wp-content\/uploads\/2012\/06\/paragrafus384w.jpg?resize=350%2C200&ssl=1","width":350,"height":200},"classes":[]},{"id":379,"url":"https:\/\/bukkleader.hu\/old\/figyelem-jogszabaly-modositasok\/","url_meta":{"origin":204,"position":1},"title":"FIGYELEM! Jogszab\u00e1ly m\u00f3dos\u00edt\u00e1sok","date":"2014-04-07","format":false,"excerpt":"2014. \u00e1prilis 03-ai d\u00e1tummal megjelent a Magyar K\u00f6zl\u00f6ny 2014. \u00e9vi 50. sz\u00e1m\u00e1ban az agr\u00e1r-szaktan\u00e1csad\u00e1ssal kapcsolatos \u00e9s az Eur\u00f3pai Mez\u0151gazdas\u00e1gi Vid\u00e9kfejleszt\u00e9si Alapb\u00f3l finansz\u00edrozott egyes agr\u00e1rt\u00e1mogat\u00e1si t\u00e1rgy\u00fa miniszteri rendeletek m\u00f3dos\u00edt\u00e1s\u00e1r\u00f3l sz\u00f3l\u00f3 32\/2014. (IV. 3.) VM rendelet, amely t\u00f6bbek k\u00f6z\u00f6tt tartalmazza: az Eur\u00f3pai Mez\u0151gazdas\u00e1gi Vid\u00e9kfejleszt\u00e9si Alapb\u00f3l a Helyi Vid\u00e9kfejleszt\u00e9si Strat\u00e9gi\u00e1k LEADER fejezet\u00e9nek v\u00e9grehajt\u00e1s\u00e1hoz\u2026","rel":"","context":"In &quot;H\u00edreink, k\u00f6zlem\u00e9nyeink&quot;","img":{"alt_text":"paragrafus","src":"https:\/\/i0.wp.com\/bukkleader.hu\/old\/wp-content\/uploads\/2012\/06\/paragrafus384w.jpg?resize=350%2C200&ssl=1","width":350,"height":200},"classes":[]},{"id":398,"url":"https:\/\/bukkleader.hu\/old\/figyelem-tobb-emva-jogcimrendelet-modositasra-kerult\/","url_meta":{"origin":204,"position":2},"title":"Figyelem! T\u00f6bb EMVA jogc\u00edmrendelet m\u00f3dos\u00edt\u00e1sra ker\u00fclt","date":"2014-09-23","format":false,"excerpt":"2014. szeptember 15-\u00e9n megjelent az 1\/2014. (IX. 15.) MVM\u00a0rendelet Az Eur\u00f3pai Mez\u0151gazdas\u00e1gi Vid\u00e9kfejleszt\u00e9si Alapb\u00f3l finansz\u00edrozott egyes agr\u00e1rt\u00e1mogat\u00e1si t\u00e1rgy\u00fa miniszteri rendeletek m\u00f3dos\u00edt\u00e1s\u00e1r\u00f3l. A rendelet t\u00f6bbek k\u00f6z\u00f6tt tartalmazza:\u00a0A\u00a0LEADER Helyi Akci\u00f3csoportok feladat ell\u00e1t\u00e1s\u00e1hoz az\u00a0Eur\u00f3pai Mez\u0151gazdas\u00e1gi Vid\u00e9kfejleszt\u00e9si Alapb\u00f3l ny\u00fajtand\u00f3 vid\u00e9kfejleszt\u00e9si t\u00e1mogat\u00e1s r\u00e9szletes felt\u00e9teleir\u0151l sz\u00f3l\u00f330\/2012. (III. 24.) VM\u00a0rendelet m\u00f3dos\u00edt\u00e1s\u00e1t, az\u00a0Eur\u00f3pai Mez\u0151gazdas\u00e1gi Vid\u00e9kfejleszt\u00e9si Alapb\u00f3l a\u00a0mikrov\u00e1llalkoz\u00e1sok l\u00e9trehoz\u00e1s\u00e1ra\u2026","rel":"","context":"In &quot;H\u00edreink, k\u00f6zlem\u00e9nyeink&quot;","img":{"alt_text":"paragrafus","src":"https:\/\/i0.wp.com\/bukkleader.hu\/old\/wp-content\/uploads\/2012\/06\/paragrafus384w.jpg?resize=350%2C200&ssl=1","width":350,"height":200},"classes":[]},{"id":212,"url":"https:\/\/bukkleader.hu\/old\/uj-ikszt-jogcimrendelet\/","url_meta":{"origin":204,"position":3},"title":"\u00daj IKSZT jogc\u00edmrendelet","date":"2012-08-22","format":false,"excerpt":"Megjelent az \u00faj IKSZT jogc\u00edmrendeletMagyar K\u00f6zl\u00f6ny 104. sz\u00e1m\u00e1ban megjelent az Eur\u00f3pai Mez\u0151gazdas\u00e1gi Vid\u00e9kfejleszt\u00e9si Alapb\u00f3l ny\u00fajtand\u00f3, a vid\u00e9ki gazdas\u00e1g \u00e9s lakoss\u00e1g sz\u00e1m\u00e1ra ny\u00fajtott alapszolg\u00e1ltat\u00e1sok k\u00f6r\u00e9ben,\u00a0az integr\u00e1lt k\u00f6z\u00f6ss\u00e9gi \u00e9s szolg\u00e1ltat\u00f3 t\u00e9r\u00a0kialak\u00edt\u00e1s\u00e1ra \u00e9s m\u0171k\u00f6dtet\u00e9s\u00e9re ig\u00e9nybe vehet\u0151 t\u00e1mogat\u00e1sok r\u00e9szletes felt\u00e9teleir\u0151l sz\u00f3l\u00f3...112\/2009. (VIII. 29.) FVM rendelet m\u00f3dos\u00edt\u00e1s\u00e1r\u00f3l sz\u00f3l\u00f3 84\/2012. (VIII. 02.) VM rendelet (IKSZT jogc\u00edmrendelet).A\u2026","rel":"","context":"In &quot;H\u00edreink, k\u00f6zlem\u00e9nyeink&quot;","img":{"alt_text":"","src":"","width":0,"height":0},"classes":[]},{"id":269,"url":"https:\/\/bukkleader.hu\/old\/emva-iii-benyujtasi-hatarideje-modosult\/","url_meta":{"origin":204,"position":4},"title":"EMVA III. beny\u00fajt\u00e1si hat\u00e1rideje m\u00f3dosult","date":"2012-11-13","format":false,"excerpt":"FIGYELEM! Az EMVA III. falumeg\u00faj\u00edt\u00e1s \u00e9s \u2013fejleszt\u00e9s p\u00e1ly\u00e1zatok beny\u00fajt\u00e1si hat\u00e1rideje 2012. november 30-ra m\u00f3dosultMegjelent a vid\u00e9kfejleszt\u00e9si miniszter 113\/2012. (XI. 09.) VM rendelete az egyes agr\u00e1r- \u00e9s vid\u00e9kfejleszt\u00e9si t\u00e1mogat\u00e1si t\u00e1rgy\u00fa miniszteri rendeletek m\u00f3dos\u00edt\u00e1s\u00e1r\u00f3l, melynek 2. \u00a7 (7) bekezd\u00e9s d) pontja szerint a 102\/2012. (X. 1.) VM rendelet 5. \u00a7 (1) bekezd\u00e9s\u00e9ben\u2026","rel":"","context":"In &quot;H\u00edreink, k\u00f6zlem\u00e9nyeink&quot;","img":{"alt_text":"felki\u00e1llt\u00f3 jel","src":"https:\/\/i0.wp.com\/bukkleader.hu\/old\/wp-content\/uploads\/2012\/06\/felkialto-jel384w.jpg?resize=350%2C200&ssl=1","width":350,"height":200},"classes":[]},{"id":293,"url":"https:\/\/bukkleader.hu\/old\/2013-februar-15-tol-palyazhatok\/","url_meta":{"origin":204,"position":5},"title":"2013. febru\u00e1r 15-t\u0151l p\u00e1ly\u00e1zhat\u00f3k&#8230;","date":"2013-01-30","format":false,"excerpt":"Febru\u00e1r 15-t\u0151l p\u00e1ly\u00e1zhat\u00f3k a nem mez\u0151gazdas\u00e1gi tev\u00e9kenys\u00e9gg\u00e9 t\u00f6rt\u00e9n\u0151 diverzifik\u00e1l\u00e1sra ny\u00fajtand\u00f3 t\u00e1mogat\u00e1sokMegjelent a 129\/2012. (XII. 17.) VM rendelet az Eur\u00f3pai Mez\u0151gazdas\u00e1gi Vid\u00e9kfejleszt\u00e9si Alapb\u00f3l a nem mez\u0151gazdas\u00e1gi tev\u00e9kenys\u00e9gg\u00e9 t\u00f6rt\u00e9n\u0151 diverzifik\u00e1l\u00e1sra ny\u00fajtand\u00f3 t\u00e1mogat\u00e1sok r\u00e9szletes felt\u00e9teleir\u0151l. A jogszab\u00e1ly \u00e9rtelm\u00e9ben a c\u00e9lra\u00f6sszesen 7,8 milli\u00e1rd forint \u00e1ll rendelkez\u00e9sre. A t\u00e1mogat\u00e1si k\u00e9relmeket 2013. febru\u00e1r 15-\u00e9t\u0151l forr\u00e1skimer\u00fcl\u00e9sig, de\u2026","rel":"","context":"In &quot;H\u00edreink, k\u00f6zlem\u00e9nyeink&quot;","img":{"alt_text":"eu z\u00e1szl\u00f3","src":"https:\/\/i0.wp.com\/bukkleader.hu\/old\/wp-content\/uploads\/2012\/06\/eu-zaszlo384w.jpg?resize=350%2C200&ssl=1","width":350,"height":200},"classes":[]}],"_links":{"self":[{"href":"https:\/\/bukkleader.hu\/old\/wp-json\/wp\/v2\/posts\/204"}],"collection":[{"href":"https:\/\/bukkleader.hu\/old\/wp-json\/wp\/v2\/posts"}],"about":[{"href":"https:\/\/bukkleader.hu\/old\/wp-json\/wp\/v2\/types\/post"}],"author":[{"embeddable":true,"href":"https:\/\/bukkleader.hu\/old\/wp-json\/wp\/v2\/users\/1"}],"replies":[{"embeddable":true,"href":"https:\/\/bukkleader.hu\/old\/wp-json\/wp\/v2\/comments?post=204"}],"version-history":[{"count":2,"href":"https:\/\/bukkleader.hu\/old\/wp-json\/wp\/v2\/posts\/204\/revisions"}],"predecessor-version":[{"id":207,"href":"https:\/\/bukkleader.hu\/old\/wp-json\/wp\/v2\/posts\/204\/revisions\/207"}],"wp:featuredmedia":[{"embeddable":true,"href":"https:\/\/bukkleader.hu\/old\/wp-json\/wp\/v2\/media\/230"}],"wp:attachment":[{"href":"https:\/\/bukkleader.hu\/old\/wp-json\/wp\/v2\/media?parent=204"}],"wp:term":[{"taxonomy":"category","embeddable":true,"href":"https:\/\/bukkleader.hu\/old\/wp-json\/wp\/v2\/categories?post=204"},{"taxonomy":"post_tag","embeddable":true,"href":"https:\/\/bukkleader.hu\/old\/wp-json\/wp\/v2\/tags?post=204"}],"curies":[{"name":"wp","href":"https:\/\/api.w.org\/{rel}","templated":true}]}}