{"id":202,"date":"2012-08-01T12:52:45","date_gmt":"2012-08-01T10:52:45","guid":{"rendered":"https:\/\/bukkleader.hu\/old\/new\/?p=202"},"modified":"2015-09-22T09:47:31","modified_gmt":"2015-09-22T07:47:31","slug":"mvh-kozlemeny","status":"publish","type":"post","link":"https:\/\/bukkleader.hu\/old\/mvh-kozlemeny\/","title":{"rendered":"MVH k\u00f6zlem\u00e9ny"},"content":{"rendered":"<h2>Megjelent a LEADER p\u00e1ly\u00e1zatok elsz\u00e1mol\u00e1s\u00e1ra vonatkoz\u00f3 MVH k\u00f6zlem\u00e9ny<\/h2>\n<p class=\"style6\" style=\"text-align: justify;\">Megjelent a 107\/2012. (VII. 20.) sz\u00e1m\u00fa MVH K\u00f6zlem\u00e9ny az Eur\u00f3pai Mez\u0151gazdas\u00e1gi Vid\u00e9kfejleszt\u00e9si Alapb\u00f3l a <strong>Helyi Vid\u00e9kfejleszt\u00e9si Strat\u00e9gi\u00e1k <span class=\"style212\">LEADER<\/span> fejezet\u00e9nek v\u00e9grehajt\u00e1s\u00e1hoz ny\u00fajtand\u00f3 t\u00e1mogat\u00e1s <span class=\"style212\">kifizet\u00e9s\u00e9nek ig\u00e9nyl\u00e9s\u00e9r\u0151l<\/span><\/strong>.<\/p>\n<p class=\"style6\" style=\"text-align: justify;\"><a href=\"http:\/\/www.mvh.gov.hu\/portal\/MVHPortal\/default\/mainmenu\/kozlemenyek\/mvhk1072012\" target=\"_blank\">A k\u00f6zlem\u00e9ny \u00e9s mell\u00e9kleteinek let\u00f6lt\u00e9se &gt;&gt;<\/a>\u00a0 <a href=\"http:\/\/www.mvh.gov.hu\/portal\/MVHPortal\/default\/mainmenu\/kozlemenyek\/mvhk1242012\" target=\"_blank\">A k\u00f6zlem\u00e9ny m\u00f3dos\u00edt\u00e1s\u00e1nak let\u00f6lt\u00e9se &gt;&gt;<\/a><\/p>\n<div class=\"sharedaddy sd-sharing-enabled\"><div class=\"robots-nocontent sd-block sd-social sd-social-icon sd-sharing\"><h3 class=\"sd-title\">Share this:<\/h3><div class=\"sd-content\"><ul><li class=\"share-facebook\"><a rel=\"nofollow noopener noreferrer\" data-shared=\"sharing-facebook-202\" class=\"share-facebook sd-button share-icon no-text\" href=\"https:\/\/bukkleader.hu\/old\/mvh-kozlemeny\/?share=facebook\" target=\"_blank\" title=\"Click to share on Facebook\"><span><\/span><span class=\"sharing-screen-reader-text\">Click to share on Facebook (Opens in new window)<\/span><\/a><\/li><li class=\"share-twitter\"><a rel=\"nofollow noopener noreferrer\" data-shared=\"sharing-twitter-202\" class=\"share-twitter sd-button share-icon no-text\" href=\"https:\/\/bukkleader.hu\/old\/mvh-kozlemeny\/?share=twitter\" target=\"_blank\" title=\"Click to share on Twitter\"><span><\/span><span class=\"sharing-screen-reader-text\">Click to share on Twitter (Opens in new window)<\/span><\/a><\/li><li class=\"share-print\"><a rel=\"nofollow noopener noreferrer\" data-shared=\"\" class=\"share-print sd-button share-icon no-text\" href=\"https:\/\/bukkleader.hu\/old\/mvh-kozlemeny\/\" target=\"_blank\" title=\"Click to print\"><span><\/span><span class=\"sharing-screen-reader-text\">Click to print (Opens in new window)<\/span><\/a><\/li><li class=\"share-email\"><a rel=\"nofollow noopener noreferrer\" data-shared=\"\" class=\"share-email sd-button share-icon no-text\" href=\"https:\/\/bukkleader.hu\/old\/mvh-kozlemeny\/?share=email\" target=\"_blank\" title=\"Click to email this to a friend\"><span><\/span><span class=\"sharing-screen-reader-text\">Click to email this to a friend (Opens in new window)<\/span><\/a><\/li><li class=\"share-end\"><\/li><\/ul><\/div><\/div><\/div>","protected":false},"excerpt":{"rendered":"<p>Megjelent a LEADER p\u00e1ly\u00e1zatok elsz\u00e1mol\u00e1s\u00e1ra vonatkoz\u00f3 MVH k\u00f6zlem\u00e9ny Megjelent a 107\/2012. (VII. 20.) sz\u00e1m\u00fa MVH K\u00f6zlem\u00e9ny az Eur\u00f3pai Mez\u0151gazdas\u00e1gi Vid\u00e9kfejleszt\u00e9si Alapb\u00f3l a Helyi Vid\u00e9kfejleszt\u00e9si Strat\u00e9gi\u00e1k LEADER fejezet\u00e9nek v\u00e9grehajt\u00e1s\u00e1hoz ny\u00fajtand\u00f3 t\u00e1mogat\u00e1s kifizet\u00e9s\u00e9nek ig\u00e9nyl\u00e9s\u00e9r\u0151l. A k\u00f6zlem\u00e9ny \u00e9s mell\u00e9kleteinek let\u00f6lt\u00e9se &gt;&gt;\u00a0 A k\u00f6zlem\u00e9ny m\u00f3dos\u00edt\u00e1s\u00e1nak let\u00f6lt\u00e9se &gt;&gt;<\/p>\n<div class=\"sharedaddy sd-sharing-enabled\"><div class=\"robots-nocontent sd-block sd-social sd-social-icon sd-sharing\"><h3 class=\"sd-title\">Share this:<\/h3><div class=\"sd-content\"><ul><li class=\"share-facebook\"><a rel=\"nofollow noopener noreferrer\" data-shared=\"sharing-facebook-202\" class=\"share-facebook sd-button share-icon no-text\" href=\"https:\/\/bukkleader.hu\/old\/mvh-kozlemeny\/?share=facebook\" target=\"_blank\" title=\"Click to share on Facebook\"><span><\/span><span class=\"sharing-screen-reader-text\">Click to share on Facebook (Opens in new window)<\/span><\/a><\/li><li class=\"share-twitter\"><a rel=\"nofollow noopener noreferrer\" data-shared=\"sharing-twitter-202\" class=\"share-twitter sd-button share-icon no-text\" href=\"https:\/\/bukkleader.hu\/old\/mvh-kozlemeny\/?share=twitter\" target=\"_blank\" title=\"Click to share on Twitter\"><span><\/span><span class=\"sharing-screen-reader-text\">Click to share on Twitter (Opens in new window)<\/span><\/a><\/li><li class=\"share-print\"><a rel=\"nofollow noopener noreferrer\" data-shared=\"\" class=\"share-print sd-button share-icon no-text\" href=\"https:\/\/bukkleader.hu\/old\/mvh-kozlemeny\/\" target=\"_blank\" title=\"Click to print\"><span><\/span><span class=\"sharing-screen-reader-text\">Click to print (Opens in new window)<\/span><\/a><\/li><li class=\"share-email\"><a rel=\"nofollow noopener noreferrer\" data-shared=\"\" class=\"share-email sd-button share-icon no-text\" href=\"https:\/\/bukkleader.hu\/old\/mvh-kozlemeny\/?share=email\" target=\"_blank\" title=\"Click to email this to a friend\"><span><\/span><span class=\"sharing-screen-reader-text\">Click to email this to a friend (Opens in new window)<\/span><\/a><\/li><li class=\"share-end\"><\/li><\/ul><\/div><\/div><\/div>","protected":false},"author":1,"featured_media":0,"comment_status":"open","ping_status":"closed","sticky":false,"template":"","format":"standard","meta":{"_bbp_topic_count":0,"_bbp_reply_count":0,"_bbp_total_topic_count":0,"_bbp_total_reply_count":0,"_bbp_voice_count":0,"_bbp_anonymous_reply_count":0,"_bbp_topic_count_hidden":0,"_bbp_reply_count_hidden":0,"_bbp_forum_subforum_count":0,"spay_email":"","jetpack_publicize_message":"","jetpack_is_tweetstorm":false,"jetpack_publicize_feature_enabled":true},"categories":[1],"tags":[],"jetpack_featured_media_url":"","jetpack_publicize_connections":[],"jetpack_sharing_enabled":true,"jetpack-related-posts":[{"id":263,"url":"https:\/\/bukkleader.hu\/old\/megjelentek-az-emva-iii-mvh-kozlemenyek\/","url_meta":{"origin":202,"position":0},"title":"Megjelentek az EMVA III. MVH k\u00f6zlem\u00e9nyek","date":"2012-10-30","format":false,"excerpt":"Megjelentek az EMVA III. Falumeg\u00faj\u00edt\u00e1s \u00e9s \u2013fejleszt\u00e9s jogc\u00edmre vonatkoz\u00f3 MVH k\u00f6zlem\u00e9nyekMegjelent a 156\/2012. (X. 05.) MVH k\u00f6zlem\u00e9ny az Eur\u00f3pai Mez\u0151gazdas\u00e1gi Vid\u00e9kfejleszt\u00e9si Alapb\u00f3l a falumeg\u00faj\u00edt\u00e1sra \u00e9s -fejleszt\u00e9sre LEADER Helyi Akci\u00f3csoportok k\u00f6zrem\u0171k\u00f6d\u00e9s\u00e9vel 2012-t\u0151l ig\u00e9nybe vehet\u0151 t\u00e1mogat\u00e1sok r\u00e9szletes felt\u00e9teleir\u0151l, valamint az azt m\u00f3dos\u00edt\u00f3 162\/2012. (X. 19.) sz\u00e1m\u00fa MVH K\u00f6zlem\u00e9ny. A k\u00f6zlem\u00e9nyek a r\u00e9szletes\u2026","rel":"","context":"In &quot;H\u00edreink, k\u00f6zlem\u00e9nyeink&quot;","img":{"alt_text":"mhv-logo","src":"https:\/\/i2.wp.com\/bukkleader.hu\/old\/wp-content\/uploads\/2015\/09\/mvh-logo-w.jpg?resize=350%2C200&ssl=1","width":350,"height":200},"classes":[]},{"id":222,"url":"https:\/\/bukkleader.hu\/old\/elektronikus-uton-is-benyujthatok-a-leader-kifizetesi-kerelmek\/","url_meta":{"origin":202,"position":1},"title":"Elektronikus \u00faton is beny\u00fajthat\u00f3k a LEADER kifizet\u00e9si k\u00e9relmek","date":"2012-08-22","format":false,"excerpt":"Megjelent a 128\/2012. (VIII. 06.) MVH k\u00f6zlem\u00e9ny az Eur\u00f3pai Mez\u0151gazdas\u00e1gi Vid\u00e9kfejleszt\u00e9si Alapb\u00f3l a Helyi Vid\u00e9kfejleszt\u00e9si Strat\u00e9gi\u00e1k LEADER fejezet\u00e9nek v\u00e9grehajt\u00e1s\u00e1hoz ny\u00fajtand\u00f3 t\u00e1mogat\u00e1s kifizet\u00e9s\u00e9nek ig\u00e9nyl\u00e9s\u00e9r\u0151l sz\u00f3l\u00f3 107\/2012. (VII. 20.) sz\u00e1m\u00fa MVH k\u00f6zlem\u00e9ny m\u00f3dos\u00edt\u00e1s\u00e1r\u00f3l. A k\u00f6zlem\u00e9ny szerint a kifizet\u00e9si k\u00e9relmek elektronikus m\u00f3don t\u00f6rt\u00e9n\u0151 beny\u00fajt\u00e1s\u00e1hoz rendelkez\u00e9sre \u00e1ll a megfelel\u0151 fel\u00fclet, \u00edgy a kifizet\u00e9si k\u00e9relmek\u2026","rel":"","context":"In &quot;H\u00edreink, k\u00f6zlem\u00e9nyeink&quot;","img":{"alt_text":"mhv-logo","src":"https:\/\/i2.wp.com\/bukkleader.hu\/old\/wp-content\/uploads\/2015\/09\/mvh-logo-w.jpg?resize=350%2C200&ssl=1","width":350,"height":200},"classes":[]},{"id":303,"url":"https:\/\/bukkleader.hu\/old\/2013-februar-01-tol-2013-majus-31-ig-nyujthatok-be-a-leader-kifizetesi-kerelmek\/","url_meta":{"origin":202,"position":2},"title":"2013. febru\u00e1r 01-t\u0151l 2013. m\u00e1jus 31-ig ny\u00fajthat\u00f3k be a LEADER kifizet\u00e9si k\u00e9relmek","date":"2013-01-31","format":false,"excerpt":"Megjelent a 19\/2013. (I.22.) sz\u00e1m\u00fa MVH k\u00f6zlem\u00e9ny az Eur\u00f3pai Mez\u0151gazdas\u00e1gi Vid\u00e9kfejleszt\u00e9si Alapb\u00f3l a Helyi Vid\u00e9kfejleszt\u00e9si Strat\u00e9gi\u00e1k LEADER fejezet\u00e9nek v\u00e9grehajt\u00e1s\u00e1hoz ny\u00fajtand\u00f3 t\u00e1mogat\u00e1s kifizet\u00e9s\u00e9nek ig\u00e9nyl\u00e9s\u00e9r\u0151l. A k\u00f6zlem\u00e9ny szerint az EMVA IV. \u2013 LEADER kifizet\u00e9si k\u00e9relmek 2013. febru\u00e1r 01. \u2013 2013. m\u00e1jus 31. id\u0151szakban elektronikus \u00faton ny\u00fajthat\u00f3k be.Az MVH k\u00f6zlem\u00e9ny \u00e9s az azzal\u2026","rel":"","context":"In &quot;H\u00edreink, k\u00f6zlem\u00e9nyeink&quot;","img":{"alt_text":"mhv-logo","src":"https:\/\/i2.wp.com\/bukkleader.hu\/old\/wp-content\/uploads\/2015\/09\/mvh-logo-w.jpg?resize=350%2C200&ssl=1","width":350,"height":200},"classes":[]},{"id":312,"url":"https:\/\/bukkleader.hu\/old\/felhivas-emva-projektgazdak-reszere-monitoring-adatszolgaltatasi-kotelezettseggel-kapcsolatban\/","url_meta":{"origin":202,"position":3},"title":"Felh\u00edv\u00e1s EMVA projektgazd\u00e1k r\u00e9sz\u00e9re monitoring adatszolg\u00e1ltat\u00e1si k\u00f6telezetts\u00e9ggel kapcsolatban","date":"2013-03-05","format":false,"excerpt":"Az 18\/2009. (III. 6.) FVM rendelet szerinti, az Eur\u00f3pai Mez\u0151gazdas\u00e1gi Vid\u00e9kfejleszt\u00e9si Alapb\u00f3l (EMVA) \u00e9s az Eur\u00f3pai Hal\u00e1szati Alapb\u00f3l (EHA) t\u00e1mogatott int\u00e9zked\u00e9sek 2013. \u00e9vi, m\u00e1rcius 12-i hat\u00e1ridej\u0171 monitoring adatszolg\u00e1ltat\u00e1s teljes\u00edt\u00e9s\u00e9nek r\u00e9szletes szab\u00e1lyait a\u00a041\/2013. (II. 12.) sz\u00e1m\u00fa MVH k\u00f6zlem\u00e9ny \u00e1llap\u00edtja meg. A k\u00f6zlem\u00e9ny let\u00f6lt\u00e9se >> Mivel a k\u00f6zlem\u00e9ny II.5. pontja (2. oldal)\u2026","rel":"","context":"In &quot;H\u00edreink, k\u00f6zlem\u00e9nyeink&quot;","img":{"alt_text":"elektronikus-ugyintezes-w","src":"https:\/\/i2.wp.com\/bukkleader.hu\/old\/wp-content\/uploads\/2015\/09\/elektronikus-ugyintezes-w.jpg?resize=350%2C200&ssl=1","width":350,"height":200},"classes":[]},{"id":239,"url":"https:\/\/bukkleader.hu\/old\/megjelent-a-1422012-mvh-kozlemeny\/","url_meta":{"origin":202,"position":4},"title":"Megjelent a 142\/2012. MVH k\u00f6zlem\u00e9ny","date":"2012-09-19","format":false,"excerpt":"Kedvezm\u00e9nyezettek figyelm\u00e9be: Megjelent a 142\/2012. MVH k\u00f6zlem\u00e9nyMegjelent a 142\/2012. (IX. 05.) sz\u00e1m\u00fa MVH k\u00f6zlem\u00e9ny az egyes EMVA-b\u00f3l finansz\u00edrozott int\u00e9zked\u00e9sek vonatkoz\u00e1s\u00e1ban megjelent MVH k\u00f6zlem\u00e9nyek m\u00f3dos\u00edt\u00e1s\u00e1r\u00f3l. Let\u00f6lt\u00e9s >>","rel":"","context":"In &quot;H\u00edreink, k\u00f6zlem\u00e9nyeink&quot;","img":{"alt_text":"mhv-logo","src":"https:\/\/i2.wp.com\/bukkleader.hu\/old\/wp-content\/uploads\/2015\/09\/mvh-logo-w.jpg?resize=350%2C200&ssl=1","width":350,"height":200},"classes":[]},{"id":273,"url":"https:\/\/bukkleader.hu\/old\/2012-masodik-felevi-palyazati-lehetosegek\/","url_meta":{"origin":202,"position":5},"title":"2012. m\u00e1sodik f\u00e9l\u00e9vi p\u00e1ly\u00e1zati lehet\u0151s\u00e9gek","date":"2012-11-30","format":false,"excerpt":"2012. m\u00e1sodik f\u00e9l\u00e9v\u00e9ben a Dar\u00e1nyi Ign\u00e1c Terv \u2013 \u00daj Magyarorsz\u00e1g Vid\u00e9kfejleszt\u00e9si Program keret\u00e9ben \u00fajabb EMVA III. \u00e9s LEADER vid\u00e9kfejleszt\u00e9si t\u00e1mogat\u00e1sok elnyer\u00e9s\u00e9re ny\u00edlnak lehet\u0151s\u00e9gek. A B\u00fckk-T\u00e9rs\u00e9gi LEADER Egyes\u00fclet ter\u00fclet\u00e9r\u0151l a 2012. okt\u00f3ber 15. \u2013 november 30. id\u0151szakban EMVA III. falumeg\u00faj\u00edt\u00e1s \u00e9s \u2013fejleszt\u00e9sre, valamint \u00e9v v\u00e9g\u00e9n \u2013 2013. elej\u00e9n a Helyi Vid\u00e9kfejleszt\u00e9si\u2026","rel":"","context":"In &quot;H\u00edreink, k\u00f6zlem\u00e9nyeink&quot;","img":{"alt_text":"384-1-daranyi-ignac-terv","src":"https:\/\/i1.wp.com\/bukkleader.hu\/old\/wp-content\/uploads\/2015\/09\/384-1-daranyi-ignac-terv.jpg?resize=350%2C200&ssl=1","width":350,"height":200},"classes":[]}],"_links":{"self":[{"href":"https:\/\/bukkleader.hu\/old\/wp-json\/wp\/v2\/posts\/202"}],"collection":[{"href":"https:\/\/bukkleader.hu\/old\/wp-json\/wp\/v2\/posts"}],"about":[{"href":"https:\/\/bukkleader.hu\/old\/wp-json\/wp\/v2\/types\/post"}],"author":[{"embeddable":true,"href":"https:\/\/bukkleader.hu\/old\/wp-json\/wp\/v2\/users\/1"}],"replies":[{"embeddable":true,"href":"https:\/\/bukkleader.hu\/old\/wp-json\/wp\/v2\/comments?post=202"}],"version-history":[{"count":1,"href":"https:\/\/bukkleader.hu\/old\/wp-json\/wp\/v2\/posts\/202\/revisions"}],"predecessor-version":[{"id":203,"href":"https:\/\/bukkleader.hu\/old\/wp-json\/wp\/v2\/posts\/202\/revisions\/203"}],"wp:attachment":[{"href":"https:\/\/bukkleader.hu\/old\/wp-json\/wp\/v2\/media?parent=202"}],"wp:term":[{"taxonomy":"category","embeddable":true,"href":"https:\/\/bukkleader.hu\/old\/wp-json\/wp\/v2\/categories?post=202"},{"taxonomy":"post_tag","embeddable":true,"href":"https:\/\/bukkleader.hu\/old\/wp-json\/wp\/v2\/tags?post=202"}],"curies":[{"name":"wp","href":"https:\/\/api.w.org\/{rel}","templated":true}]}}