{"id":1984,"date":"2019-03-12T08:51:33","date_gmt":"2019-03-12T07:51:33","guid":{"rendered":"https:\/\/bukkleader.hu\/old\/?p=1984"},"modified":"2019-03-12T08:51:33","modified_gmt":"2019-03-12T07:51:33","slug":"palyazok-figyelmebe-modosul-az-5-szamu-helyi-felhivas","status":"publish","type":"post","link":"https:\/\/bukkleader.hu\/old\/palyazok-figyelmebe-modosul-az-5-szamu-helyi-felhivas\/","title":{"rendered":"P\u00e1ly\u00e1z\u00f3k figyelm\u00e9be! M\u00f3dosul az 5. sz\u00e1m\u00fa helyi felh\u00edv\u00e1s!"},"content":{"rendered":"<p><strong>Tisztelt P\u00e1ly\u00e1z\u00f3k!<\/strong><\/p>\n<p>A B\u00fckk-T\u00e9rs\u00e9gi LEADER Egyes\u00fclet helyi felh\u00edv\u00e1sa 2019. 03. 11-t\u0151l, az al\u00e1bbiak szerint v\u00e1ltozott:<\/p>\n<p>\u00a0\u00a0\u00a0 VP6-19.2.1.-15-5-17 (A m\u00falt-, a jelen \u00e9s a j\u00f6v\u0151 mesters\u00e9geinek fejleszt\u00e9se)<br \/>\n\u00a0\u00a0\u00a0\u00a0<strong>A jogosultak k\u00f6re kib\u0151v\u00fclt az ad\u00f3sz\u00e1mmal rendelkez\u0151 mag\u00e1nszem\u00e9lyekkel (GFO 233).\u00a0<br \/>\n\u00a0\u00a0\u00a0 A k\u00e9relmek beny\u00fajt\u00e1s\u00e1nak hat\u00e1rideje nem v\u00e1ltozott, tov\u00e1bbra is 2019. 03. 31.<br \/>\n\u00a0\u00a0\u00a0 K\u00e9rj\u00fck Tisztelt P\u00e1ly\u00e1z\u00f3inkat a fenti okb\u00f3l t\u00e1mogat\u00e1si k\u00e9relmeiket min\u00e9l el\u0151bb sz\u00edveskedjenek beny\u00fajtani!<\/strong><\/p>\n<div class=\"sharedaddy sd-sharing-enabled\"><div class=\"robots-nocontent sd-block sd-social sd-social-icon sd-sharing\"><h3 class=\"sd-title\">Share this:<\/h3><div class=\"sd-content\"><ul><li class=\"share-facebook\"><a rel=\"nofollow noopener noreferrer\" data-shared=\"sharing-facebook-1984\" class=\"share-facebook sd-button share-icon no-text\" href=\"https:\/\/bukkleader.hu\/old\/palyazok-figyelmebe-modosul-az-5-szamu-helyi-felhivas\/?share=facebook\" target=\"_blank\" title=\"Click to share on Facebook\"><span><\/span><span class=\"sharing-screen-reader-text\">Click to share on Facebook (Opens in new window)<\/span><\/a><\/li><li class=\"share-twitter\"><a rel=\"nofollow noopener noreferrer\" data-shared=\"sharing-twitter-1984\" class=\"share-twitter sd-button share-icon no-text\" href=\"https:\/\/bukkleader.hu\/old\/palyazok-figyelmebe-modosul-az-5-szamu-helyi-felhivas\/?share=twitter\" target=\"_blank\" title=\"Click to share on Twitter\"><span><\/span><span class=\"sharing-screen-reader-text\">Click to share on Twitter (Opens in new window)<\/span><\/a><\/li><li class=\"share-print\"><a rel=\"nofollow noopener noreferrer\" data-shared=\"\" class=\"share-print sd-button share-icon no-text\" href=\"https:\/\/bukkleader.hu\/old\/palyazok-figyelmebe-modosul-az-5-szamu-helyi-felhivas\/\" target=\"_blank\" title=\"Click to print\"><span><\/span><span class=\"sharing-screen-reader-text\">Click to print (Opens in new window)<\/span><\/a><\/li><li class=\"share-email\"><a rel=\"nofollow noopener noreferrer\" data-shared=\"\" class=\"share-email sd-button share-icon no-text\" href=\"https:\/\/bukkleader.hu\/old\/palyazok-figyelmebe-modosul-az-5-szamu-helyi-felhivas\/?share=email\" target=\"_blank\" title=\"Click to email this to a friend\"><span><\/span><span class=\"sharing-screen-reader-text\">Click to email this to a friend (Opens in new window)<\/span><\/a><\/li><li class=\"share-end\"><\/li><\/ul><\/div><\/div><\/div>","protected":false},"excerpt":{"rendered":"<p>Tisztelt P\u00e1ly\u00e1z\u00f3k! A B\u00fckk-T\u00e9rs\u00e9gi LEADER Egyes\u00fclet helyi felh\u00edv\u00e1sa 2019. 03. 11-t\u0151l, az al\u00e1bbiak szerint v\u00e1ltozott: \u00a0\u00a0\u00a0 VP6-19.2.1.-15-5-17 (A m\u00falt-, a jelen \u00e9s a j\u00f6v\u0151 mesters\u00e9geinek fejleszt\u00e9se) \u00a0\u00a0\u00a0\u00a0A jogosultak k\u00f6re kib\u0151v\u00fclt az ad\u00f3sz\u00e1mmal rendelkez\u0151 mag\u00e1nszem\u00e9lyekkel (GFO 233).\u00a0 \u00a0\u00a0\u00a0 A k\u00e9relmek beny\u00fajt\u00e1s\u00e1nak hat\u00e1rideje nem v\u00e1ltozott, tov\u00e1bbra is 2019. 03. 31. \u00a0\u00a0\u00a0 K\u00e9rj\u00fck Tisztelt P\u00e1ly\u00e1z\u00f3inkat a fenti okb\u00f3l [&hellip;]<\/p>\n<div class=\"sharedaddy sd-sharing-enabled\"><div class=\"robots-nocontent sd-block sd-social sd-social-icon sd-sharing\"><h3 class=\"sd-title\">Share this:<\/h3><div class=\"sd-content\"><ul><li class=\"share-facebook\"><a rel=\"nofollow noopener noreferrer\" data-shared=\"sharing-facebook-1984\" class=\"share-facebook sd-button share-icon no-text\" href=\"https:\/\/bukkleader.hu\/old\/palyazok-figyelmebe-modosul-az-5-szamu-helyi-felhivas\/?share=facebook\" target=\"_blank\" title=\"Click to share on Facebook\"><span><\/span><span class=\"sharing-screen-reader-text\">Click to share on Facebook (Opens in new window)<\/span><\/a><\/li><li class=\"share-twitter\"><a rel=\"nofollow noopener noreferrer\" data-shared=\"sharing-twitter-1984\" class=\"share-twitter sd-button share-icon no-text\" href=\"https:\/\/bukkleader.hu\/old\/palyazok-figyelmebe-modosul-az-5-szamu-helyi-felhivas\/?share=twitter\" target=\"_blank\" title=\"Click to share on Twitter\"><span><\/span><span class=\"sharing-screen-reader-text\">Click to share on Twitter (Opens in new window)<\/span><\/a><\/li><li class=\"share-print\"><a rel=\"nofollow noopener noreferrer\" data-shared=\"\" class=\"share-print sd-button share-icon no-text\" href=\"https:\/\/bukkleader.hu\/old\/palyazok-figyelmebe-modosul-az-5-szamu-helyi-felhivas\/\" target=\"_blank\" title=\"Click to print\"><span><\/span><span class=\"sharing-screen-reader-text\">Click to print (Opens in new window)<\/span><\/a><\/li><li class=\"share-email\"><a rel=\"nofollow noopener noreferrer\" data-shared=\"\" class=\"share-email sd-button share-icon no-text\" href=\"https:\/\/bukkleader.hu\/old\/palyazok-figyelmebe-modosul-az-5-szamu-helyi-felhivas\/?share=email\" target=\"_blank\" title=\"Click to email this to a friend\"><span><\/span><span class=\"sharing-screen-reader-text\">Click to email this to a friend (Opens in new window)<\/span><\/a><\/li><li class=\"share-end\"><\/li><\/ul><\/div><\/div><\/div>","protected":false},"author":4,"featured_media":1484,"comment_status":"open","ping_status":"closed","sticky":false,"template":"","format":"standard","meta":{"_bbp_topic_count":0,"_bbp_reply_count":0,"_bbp_total_topic_count":0,"_bbp_total_reply_count":0,"_bbp_voice_count":0,"_bbp_anonymous_reply_count":0,"_bbp_topic_count_hidden":0,"_bbp_reply_count_hidden":0,"_bbp_forum_subforum_count":0,"spay_email":"","jetpack_publicize_message":"","jetpack_is_tweetstorm":false,"jetpack_publicize_feature_enabled":true},"categories":[1],"tags":[],"jetpack_featured_media_url":"https:\/\/bukkleader.hu\/old\/wp-content\/uploads\/2017\/12\/danger.png","jetpack_publicize_connections":[],"jetpack_sharing_enabled":true,"jetpack-related-posts":[{"id":1973,"url":"https:\/\/bukkleader.hu\/old\/palyazok-figyelmebe-2019-03-31-en-zarulnak-a-helyi-felhivasokra-a-palyazatok-benyujtasa\/","url_meta":{"origin":1984,"position":0},"title":"P\u00e1ly\u00e1z\u00f3k figyelm\u00e9be! 2019.03.31-\u00e9n z\u00e1rulnak a helyi felh\u00edv\u00e1sokra a p\u00e1ly\u00e1zatok beny\u00fajt\u00e1sa","date":"2019-03-01","format":false,"excerpt":"Tisztelt P\u00e1ly\u00e1z\u00f3k! A B\u00fckk-T\u00e9rs\u00e9gi LEADER Egyes\u00fclet helyi felh\u00edv\u00e1sai 2019. 03. 31-\u00e9n lez\u00e1rulnak. Ezen id\u0151pontig az al\u00e1bbi felh\u00edv\u00e1sokra lehet m\u00e9g p\u00e1ly\u00e1zatot beny\u00fajtani: VP6-19.2.1.-15-1-17 (Leader Tudomka Pont) VP6-19.2.1.-15-2-17 (Leader Tudomka Falu) VP6-19.2.1.-15-3-17 (Leader Tudomka Tematikus K\u00f6zpontok) VP6-19.2.1.-15-5-17 (A m\u00falt-, a jelen \u00e9s a j\u00f6v\u0151 mesters\u00e9geinek fejleszt\u00e9se)) VP6-19.2.1.-15-7-17 (Saj\u00f3-, Hern\u00e1d-v\u00f6lgyi bolg\u00e1rkert\u00e9szet) VP6-19.2.1.-15-8-17 (Temetkez\u00e9si\u2026","rel":"","context":"In &quot;H\u00edreink, k\u00f6zlem\u00e9nyeink&quot;","img":{"alt_text":"","src":"https:\/\/i2.wp.com\/bukkleader.hu\/old\/wp-content\/uploads\/2017\/12\/danger.png?resize=350%2C200&ssl=1","width":350,"height":200},"classes":[]},{"id":1900,"url":"https:\/\/bukkleader.hu\/old\/tisztelt-palyazok-valtozas-a-helyi-palyazati-felhivasok-benyujtasanak-hataridejeben\/","url_meta":{"origin":1984,"position":1},"title":"Tisztelt P\u00e1ly\u00e1z\u00f3k! V\u00e1ltoz\u00e1s a helyi p\u00e1ly\u00e1zati felh\u00edv\u00e1sok beny\u00fajt\u00e1s\u00e1nak hat\u00e1ridej\u00e9ben!","date":"2018-12-13","format":false,"excerpt":"Tisztelt P\u00e1ly\u00e1z\u00f3k! V\u00e1ltoz\u00e1s a helyi p\u00e1ly\u00e1zati felh\u00edv\u00e1sok beny\u00fajt\u00e1s\u00e1nak hat\u00e1ridej\u00e9ben! A B\u00fckk-T\u00e9rs\u00e9gi LEADER Egyes\u00fclet helyi felh\u00edv\u00e1sai 2018. 12. 11-t\u0151l, az al\u00e1bbiak szerint m\u00f3dosultak: \u00a0\u00a0\u00a0 VP6-19.2.1.-15-1-17 (Leader Tudomka Pont) \u00a0\u00a0\u00a0\u00a0VP6-19.2.1.-15-2-17 (Leader Tudomka Falu) \u00a0\u00a0\u00a0\u00a0VP6-19.2.1.-15-3-17 (Leader Tudomka Tematikus K\u00f6zpontok) \u00a0\u00a0\u00a0\u00a0VP6-19.2.1.-15-5-17 (A m\u00falt-, a jelen \u00e9s a j\u00f6v\u0151 mesters\u00e9geinek fejleszt\u00e9se)) \u00a0\u00a0\u00a0\u00a0VP6-19.2.1.-15-7-17 (Saj\u00f3-, hern\u00e1d-v\u00f6lgyi bolg\u00e1rkert\u00e9szet)\u2026","rel":"","context":"In &quot;H\u00edreink, k\u00f6zlem\u00e9nyeink&quot;","img":{"alt_text":"","src":"https:\/\/i0.wp.com\/bukkleader.hu\/old\/wp-content\/uploads\/2018\/12\/hat\u00e1rid\u0151-modos\u00edt\u00e1s-2.jpg?resize=350%2C200&ssl=1","width":350,"height":200},"classes":[]},{"id":1685,"url":"https:\/\/bukkleader.hu\/old\/mikrovallalkozasok-figyelmebe-helyi-tamogatasi-kerelmek-tovabbi-benyujtasa\/","url_meta":{"origin":1984,"position":2},"title":"Mikrov\u00e1llalkoz\u00e1sok figyelm\u00e9be! Helyi t\u00e1mogat\u00e1si k\u00e9relmek tov\u00e1bbi beny\u00fajt\u00e1sa!","date":"2018-04-03","format":false,"excerpt":"T\u00e1j\u00e9koztatjuk\u00a0Tisztelt P\u00e1ly\u00e1z\u00f3inkat, hogy a M\u00falt, jelen \u00e9s a j\u00f6v\u0151 mesters\u00e9geinek fejleszt\u00e9se (VP6-19.2.1.-15-5-17) elnevez\u00e9s\u0171 helyi felh\u00edv\u00e1sra tov\u00e1bbra is lehet t\u00e1mogat\u00e1si k\u00e9relmet beny\u00fajtani, mert a 2018. 03. 31.-i szakaszz\u00e1r\u00e1skor nem f\u00fcggesztett\u00fck fel jelen felh\u00edv\u00e1sra a k\u00e9relem beny\u00fajt\u00e1s\u00e1t.","rel":"","context":"In &quot;H\u00edreink, k\u00f6zlem\u00e9nyeink&quot;","img":{"alt_text":"","src":"https:\/\/i1.wp.com\/bukkleader.hu\/old\/wp-content\/uploads\/2018\/04\/mesters\u00e9gek-2.jpg?resize=350%2C200&ssl=1","width":350,"height":200},"classes":[]},{"id":2356,"url":"https:\/\/bukkleader.hu\/old\/tajekoztato-az-uj-turisztikai-szolgaltatasok-fejlesztesere-kiirando-felhivasrol\/","url_meta":{"origin":1984,"position":3},"title":"T\u00e1j\u00e9koztat\u00f3 az \u00faj turisztikai szolg\u00e1ltat\u00e1sok fejleszt\u00e9s\u00e9re ki\u00edrand\u00f3 felh\u00edv\u00e1sr\u00f3l","date":"2019-12-13","format":false,"excerpt":"Tisztelt P\u00e1ly\u00e1z\u00f3k! T\u00e1j\u00e9koztatjuk azon p\u00e1ly\u00e1z\u00f3kat, akik az \u00faj turisztikai szolg\u00e1ltat\u00e1sok fejleszt\u00e9se megnevez\u00e9s\u0171 helyi felh\u00edv\u00e1sra szeretn\u00e9nek t\u00e1mogat\u00e1si k\u00e9relmet beny\u00fajtani, hogy 2019. december\u00e9ben a felh\u00edv\u00e1s nem jelenik meg, mert az Ir\u00e1ny\u00edt\u00f3 Hat\u00f3s\u00e1g a szab\u00e1lyoss\u00e1gi vizsg\u00e1latot m\u00e9g nem v\u00e9gezte el. A felh\u00edv\u00e1s megjelen\u00e9s\u00e9vel kapcsolatosan tov\u00e1bbra is a honlapunkon t\u00e1j\u00e9koztatjuk \u00d6n\u00f6ket.","rel":"","context":"In &quot;H\u00edreink, k\u00f6zlem\u00e9nyeink&quot;","img":{"alt_text":"","src":"https:\/\/i2.wp.com\/bukkleader.hu\/old\/wp-content\/uploads\/2017\/12\/danger.png?resize=350%2C200&ssl=1","width":350,"height":200},"classes":[]},{"id":1535,"url":"https:\/\/bukkleader.hu\/old\/tisztelt-palyazok-modosult-leader-tudomka-pontok-kialakitasa\/","url_meta":{"origin":1984,"position":4},"title":"Tisztelt P\u00e1ly\u00e1z\u00f3k!  M\u00f3dosult a LEADER TUDOMKA PONTOK KIALAK\u00cdT\u00c1SA felh\u00edv\u00e1s!","date":"2018-01-29","format":false,"excerpt":"Tisztelt P\u00e1ly\u00e1z\u00f3k! M\u00f3dosult a\u00a0LEADER TUDOMKA PONTOK KIALAK\u00cdT\u00c1SA (VP6-19.2.1.-15-1-17) helyi felh\u00edv\u00e1s: 1.2. A rendelkez\u00e9sre \u00e1ll\u00f3 forr\u00e1s 42 200 000 Ft-r\u00f3l 42 237 634 Ft-ra v\u00e1ltozott.\u00a0 A m\u00f3dosult felh\u00edv\u00e1s megtal\u00e1lhat\u00f3 a Magyar \u00c1llamkincst\u00e1r honlapj\u00e1n az al\u00e1bbi linken: https:\/\/www.mvh.allamkincstar.gov.hu\/leader-helyi-felhivasok","rel":"","context":"In &quot;H\u00edreink, k\u00f6zlem\u00e9nyeink&quot;","img":{"alt_text":"","src":"https:\/\/i2.wp.com\/bukkleader.hu\/old\/wp-content\/uploads\/2018\/01\/keny\u00e9rs\u00fct\u00e9s.jpg?resize=350%2C200&ssl=1","width":350,"height":200},"classes":[]},{"id":1656,"url":"https:\/\/bukkleader.hu\/old\/figyelem-szakasz-zaras\/","url_meta":{"origin":1984,"position":5},"title":"Figyelem!  Szakasz z\u00e1r\u00e1s!","date":"2018-03-19","format":false,"excerpt":"Felh\u00edvjuk Tisztelt P\u00e1ly\u00e1z\u00f3ink figyelm\u00e9t, hogy n\u00e9gy helyi felh\u00edv\u00e1sunkra a t\u00e1mogat\u00e1si k\u00e9relmek beny\u00fajt\u00e1s\u00e1nak els\u0151 szakasza\u00a02018. 03. 31.-\u00e9n z\u00e1rul. Ezen felh\u00edv\u00e1sok az al\u00e1bbiak: A\u00a0m\u00falt, jelen \u00e9s a j\u00f6v\u0151 mesters\u00e9geinek fejleszt\u00e9se\u00a0(VP6-19.2.1.-15-5-17) A B\u00fckki \u00e9s B\u00fckkl\u00e1bi r\u00e9tegvizek hasznos\u00edt\u00e1s\u00e1nak fejleszt\u00e9se\u00a0(VP6-19.2.1.-15-6-17) Saj\u00f3- Hern\u00e1d v\u00f6lgyi bolg\u00e1rkert\u00e9szeti hagyom\u00e1nyok \u00e1pol\u00e1s\u00e1nak fejleszt\u00e9se\u00a0(VP6-19.2.1.-15-7-17) Temetkez\u00e9si hagyom\u00e1nyok \u00e1pol\u00e1sa, fejleszt\u00e9se\u00a0(VP6-19.2.1.-15-8-17)","rel":"","context":"In &quot;H\u00edreink, k\u00f6zlem\u00e9nyeink&quot;","img":{"alt_text":"","src":"https:\/\/i2.wp.com\/bukkleader.hu\/old\/wp-content\/uploads\/2017\/12\/danger.png?resize=350%2C200&ssl=1","width":350,"height":200},"classes":[]}],"_links":{"self":[{"href":"https:\/\/bukkleader.hu\/old\/wp-json\/wp\/v2\/posts\/1984"}],"collection":[{"href":"https:\/\/bukkleader.hu\/old\/wp-json\/wp\/v2\/posts"}],"about":[{"href":"https:\/\/bukkleader.hu\/old\/wp-json\/wp\/v2\/types\/post"}],"author":[{"embeddable":true,"href":"https:\/\/bukkleader.hu\/old\/wp-json\/wp\/v2\/users\/4"}],"replies":[{"embeddable":true,"href":"https:\/\/bukkleader.hu\/old\/wp-json\/wp\/v2\/comments?post=1984"}],"version-history":[{"count":1,"href":"https:\/\/bukkleader.hu\/old\/wp-json\/wp\/v2\/posts\/1984\/revisions"}],"predecessor-version":[{"id":1985,"href":"https:\/\/bukkleader.hu\/old\/wp-json\/wp\/v2\/posts\/1984\/revisions\/1985"}],"wp:featuredmedia":[{"embeddable":true,"href":"https:\/\/bukkleader.hu\/old\/wp-json\/wp\/v2\/media\/1484"}],"wp:attachment":[{"href":"https:\/\/bukkleader.hu\/old\/wp-json\/wp\/v2\/media?parent=1984"}],"wp:term":[{"taxonomy":"category","embeddable":true,"href":"https:\/\/bukkleader.hu\/old\/wp-json\/wp\/v2\/categories?post=1984"},{"taxonomy":"post_tag","embeddable":true,"href":"https:\/\/bukkleader.hu\/old\/wp-json\/wp\/v2\/tags?post=1984"}],"curies":[{"name":"wp","href":"https:\/\/api.w.org\/{rel}","templated":true}]}}