{"id":198,"date":"2012-07-23T22:55:42","date_gmt":"2012-07-23T20:55:42","guid":{"rendered":"https:\/\/bukkleader.hu\/old\/new\/?p=198"},"modified":"2015-09-22T09:46:04","modified_gmt":"2015-09-22T07:46:04","slug":"kozossegi-energiaudvar","status":"publish","type":"post","link":"https:\/\/bukkleader.hu\/old\/kozossegi-energiaudvar\/","title":{"rendered":"K\u00f6z\u00f6ss\u00e9gi Energiaudvar"},"content":{"rendered":"<h2 style=\"text-align: justify;\">Besz\u00e1mol\u00f3 a K\u00f6z\u00f6ss\u00e9gi Energiaudvar projektgazd\u00e1k szakmai f\u00f3rum\u00e1r\u00f3l.<\/h2>\n<p style=\"text-align: justify;\">A B\u00fckk-T\u00e9rs\u00e9gi LEADER Egyes\u00fclet <strong>2012. j\u00fanius 29-\u00e9n a kistokaji IKSZT \u00e9p\u00fclet\u00e9ben f\u00f3rumot tartott, els\u0151sorban a 2012. m\u00e1jusban LEADER t\u00e1mogat\u00e1st nyert <span class=\"style212\">K\u00f6z\u00f6ss\u00e9gi Energiaudvar projektgazd\u00e1k<\/span> r\u00e9sz\u00e9re <\/strong>(<a href=\"https:\/\/bukkleader.hu\/old\/wp-content\/uploads\/2015\/09\/meghivo_forumra_06_29.pdf\" target=\"_blank\">megh\u00edv\u00f3 let\u00f6lt\u00e9se &gt;&gt;<\/a>). <!--more-->A f\u00f3rum c\u00e9lja volt, hogy a p\u00e1ly\u00e1z\u00f3k megismerj\u00e9k a projektjeik megval\u00f3s\u00edt\u00e1s\u00e1ra vonatkoz\u00f3 el\u0151\u00edr\u00e1sokat, a fontosabb hat\u00e1rid\u0151ket, valamint a potenci\u00e1lis kivitelez\u0151kkel szakmai k\u00e9rd\u00e9sekben konzult\u00e1lni tudjanak. Az el\u0151ad\u00e1sok r\u00e9v\u00e9n <strong>a projektgazd\u00e1k teljes k\u00e9pet kaphattak az \u00e1ltaluk beszerezhet\u0151 eszk\u00f6z\u00f6k m\u0171k\u00f6d\u00e9s\u00e9r\u0151l, termel\u00e9si kapacit\u00e1s\u00e1r\u00f3l, tov\u00e1bb\u00e1 a f\u00f3rum lehet\u0151s\u00e9get adott arra is, hogy a projektj\u00fck megval\u00f3s\u00edt\u00e1s\u00e1hoz t\u00f6bbf\u00e9le term\u00e9k k\u00f6z\u00fcl v\u00e1laszthassanak<\/strong>.<\/p>\n<div class=\"sharedaddy sd-sharing-enabled\"><div class=\"robots-nocontent sd-block sd-social sd-social-icon sd-sharing\"><h3 class=\"sd-title\">Share this:<\/h3><div class=\"sd-content\"><ul><li class=\"share-facebook\"><a rel=\"nofollow noopener noreferrer\" data-shared=\"sharing-facebook-198\" class=\"share-facebook sd-button share-icon no-text\" href=\"https:\/\/bukkleader.hu\/old\/kozossegi-energiaudvar\/?share=facebook\" target=\"_blank\" title=\"Click to share on Facebook\"><span><\/span><span class=\"sharing-screen-reader-text\">Click to share on Facebook (Opens in new window)<\/span><\/a><\/li><li class=\"share-twitter\"><a rel=\"nofollow noopener noreferrer\" data-shared=\"sharing-twitter-198\" class=\"share-twitter sd-button share-icon no-text\" href=\"https:\/\/bukkleader.hu\/old\/kozossegi-energiaudvar\/?share=twitter\" target=\"_blank\" title=\"Click to share on Twitter\"><span><\/span><span class=\"sharing-screen-reader-text\">Click to share on Twitter (Opens in new window)<\/span><\/a><\/li><li class=\"share-print\"><a rel=\"nofollow noopener noreferrer\" data-shared=\"\" class=\"share-print sd-button share-icon no-text\" href=\"https:\/\/bukkleader.hu\/old\/kozossegi-energiaudvar\/\" target=\"_blank\" title=\"Click to print\"><span><\/span><span class=\"sharing-screen-reader-text\">Click to print (Opens in new window)<\/span><\/a><\/li><li class=\"share-email\"><a rel=\"nofollow noopener noreferrer\" data-shared=\"\" class=\"share-email sd-button share-icon no-text\" href=\"https:\/\/bukkleader.hu\/old\/kozossegi-energiaudvar\/?share=email\" target=\"_blank\" title=\"Click to email this to a friend\"><span><\/span><span class=\"sharing-screen-reader-text\">Click to email this to a friend (Opens in new window)<\/span><\/a><\/li><li class=\"share-end\"><\/li><\/ul><\/div><\/div><\/div>","protected":false},"excerpt":{"rendered":"<p>Besz\u00e1mol\u00f3 a K\u00f6z\u00f6ss\u00e9gi Energiaudvar projektgazd\u00e1k szakmai f\u00f3rum\u00e1r\u00f3l. A B\u00fckk-T\u00e9rs\u00e9gi LEADER Egyes\u00fclet 2012. j\u00fanius 29-\u00e9n a kistokaji IKSZT \u00e9p\u00fclet\u00e9ben f\u00f3rumot tartott, els\u0151sorban a 2012. m\u00e1jusban LEADER t\u00e1mogat\u00e1st nyert K\u00f6z\u00f6ss\u00e9gi Energiaudvar projektgazd\u00e1k r\u00e9sz\u00e9re (megh\u00edv\u00f3 let\u00f6lt\u00e9se &gt;&gt;).<\/p>\n<div class=\"sharedaddy sd-sharing-enabled\"><div class=\"robots-nocontent sd-block sd-social sd-social-icon sd-sharing\"><h3 class=\"sd-title\">Share this:<\/h3><div class=\"sd-content\"><ul><li class=\"share-facebook\"><a rel=\"nofollow noopener noreferrer\" data-shared=\"sharing-facebook-198\" class=\"share-facebook sd-button share-icon no-text\" href=\"https:\/\/bukkleader.hu\/old\/kozossegi-energiaudvar\/?share=facebook\" target=\"_blank\" title=\"Click to share on Facebook\"><span><\/span><span class=\"sharing-screen-reader-text\">Click to share on Facebook (Opens in new window)<\/span><\/a><\/li><li class=\"share-twitter\"><a rel=\"nofollow noopener noreferrer\" data-shared=\"sharing-twitter-198\" class=\"share-twitter sd-button share-icon no-text\" href=\"https:\/\/bukkleader.hu\/old\/kozossegi-energiaudvar\/?share=twitter\" target=\"_blank\" title=\"Click to share on Twitter\"><span><\/span><span class=\"sharing-screen-reader-text\">Click to share on Twitter (Opens in new window)<\/span><\/a><\/li><li class=\"share-print\"><a rel=\"nofollow noopener noreferrer\" data-shared=\"\" class=\"share-print sd-button share-icon no-text\" href=\"https:\/\/bukkleader.hu\/old\/kozossegi-energiaudvar\/\" target=\"_blank\" title=\"Click to print\"><span><\/span><span class=\"sharing-screen-reader-text\">Click to print (Opens in new window)<\/span><\/a><\/li><li class=\"share-email\"><a rel=\"nofollow noopener noreferrer\" data-shared=\"\" class=\"share-email sd-button share-icon no-text\" href=\"https:\/\/bukkleader.hu\/old\/kozossegi-energiaudvar\/?share=email\" target=\"_blank\" title=\"Click to email this to a friend\"><span><\/span><span class=\"sharing-screen-reader-text\">Click to email this to a friend (Opens in new window)<\/span><\/a><\/li><li class=\"share-end\"><\/li><\/ul><\/div><\/div><\/div>","protected":false},"author":1,"featured_media":232,"comment_status":"open","ping_status":"closed","sticky":false,"template":"","format":"standard","meta":{"_bbp_topic_count":0,"_bbp_reply_count":0,"_bbp_total_topic_count":0,"_bbp_total_reply_count":0,"_bbp_voice_count":0,"_bbp_anonymous_reply_count":0,"_bbp_topic_count_hidden":0,"_bbp_reply_count_hidden":0,"_bbp_forum_subforum_count":0,"spay_email":"","jetpack_publicize_message":"","jetpack_is_tweetstorm":false,"jetpack_publicize_feature_enabled":true},"categories":[1],"tags":[],"jetpack_featured_media_url":"https:\/\/bukkleader.hu\/old\/wp-content\/uploads\/2012\/07\/ChargePoint-polemount-clean-web.jpg","jetpack_publicize_connections":[],"jetpack_sharing_enabled":true,"jetpack-related-posts":[{"id":99,"url":"https:\/\/bukkleader.hu\/old\/2012-majus-01-2012-junius-30-idoszak\/","url_meta":{"origin":198,"position":0},"title":"2012. m\u00e1jus 01. \u2013 2012. j\u00fanius 30. id\u0151szak","date":"2012-07-01","format":false,"excerpt":"A B\u00fckk-T\u00e9rs\u00e9gi LEADER Egyes\u00fclet az IH \u00e1ltal 2012. m\u00e1jus 1-i hat\u00e1llyal LEADER Helyi Akci\u00f3csoportk\u00e9nt elismer\u00e9sre ker\u00fclt \u00e9s \u00e1tvette a LEADER p\u00e1ly\u00e1zatokkal kapcsolatos feladatokat a B\u00dcKK-MAK LEADER Nonprofit Kft.-t\u0151l. Az Egyes\u00fclet a k\u00f6zgy\u0171l\u00e9s d\u00f6nt\u00e9se szerint saj\u00e1t munkaszervezetet alak\u00edtott, melyben a kor\u00e1bbi HACS munkat\u00e1rsai (\u00f6sszesen 8 f\u0151) a meg\u00e1llapod\u00e1ssal haszn\u00e1latba vett eszk\u00f6z\u00e1llom\u00e1nnyal,\u2026","rel":"","context":"In &quot;Munkabesz\u00e1mol\u00f3k&quot;","img":{"alt_text":"","src":"","width":0,"height":0},"classes":[]},{"id":195,"url":"https:\/\/bukkleader.hu\/old\/sajtoszemle-nyertes-palyazatok-salyban\/","url_meta":{"origin":198,"position":1},"title":"Sajt\u00f3szemle: Nyertes p\u00e1ly\u00e1zatok S\u00e1lyban","date":"2012-07-16","format":false,"excerpt":"\u201eS\u00e1ly k\u00f6zs\u00e9g h\u00e1rom p\u00e1ly\u00e1zata kedvez\u0151 elb\u00edr\u00e1l\u00e1st nyert az MVH Vid\u00e9kfejleszt\u00e9si T\u00e1mogat\u00e1sok Igazgat\u00f3s\u00e1g\u00e1n. A LEADER szervezeten kereszt\u00fcl k\u00e9t k\u00f6z\u00f6ss\u00e9gi energiaudvar-fejleszt\u00e9sre \u00e9s egy kisebb rendezv\u00e9ny megval\u00f3s\u00edt\u00e1s\u00e1ra ad\u00f3dik ez\u00e1ltal lehet\u0151s\u00e9ge a telep\u00fcl\u00e9snek. [...] A k\u00e9t energiaudvar napelem rendszerb\u0151l, elektromos t\u00f6lt\u0151b\u0151l \u00e9s t\u00e1rol\u00f3egys\u00e9gb\u0151l \u00e1ll majd, els\u0151sorban demonstr\u00e1ci\u00f3s c\u00e9llal. A korszer\u0171 k\u00f6z\u00f6ss\u00e9gi szolg\u00e1ltat\u00e1st bevezet\u0151 fejleszt\u00e9saz\u2026","rel":"","context":"In &quot;Eredm\u00e9nyeink&quot;","img":{"alt_text":"","src":"","width":0,"height":0},"classes":[]},{"id":102,"url":"https:\/\/bukkleader.hu\/old\/2012-julius-01-2012-szeptember-30-idoszak\/","url_meta":{"origin":198,"position":2},"title":"2012. j\u00falius 01. \u2013 2012. szeptember 30. id\u0151szak","date":"2012-10-01","format":false,"excerpt":"A B\u00fckk-T\u00e9rs\u00e9gi LEADER Egyes\u00fclet legfontosabb feladatai a 2012.07.01. \u2013 09.30. id\u0151szakban az EMVA III. falumeg\u00faj\u00edt\u00e1s \u00e9s \u2013fejleszt\u00e9s jogc\u00edm el\u0151k\u00e9sz\u00edt\u00e9se, a szakmai kapcsolat\u00e9p\u00edt\u00e9s \u00e9s az 2014-2020 id\u0151szak EU-s tervez\u00e9s\u00e9be val\u00f3 bekapcsol\u00f3d\u00e1s voltak. Munk\u00e1nkr\u00f3l 1 t\u00e9rs\u00e9gi \u00fajs\u00e1gban, 2 szakmai kiadv\u00e1nyban \u00e9s 3 weboldalon jelent meg tud\u00f3s\u00edt\u00e1s.A t\u00e1mogat\u00e1si id\u0151szakban t\u00e1rgyal\u00e1sokat folytattunk a Nemzeti\u2026","rel":"","context":"In &quot;Munkabesz\u00e1mol\u00f3k&quot;","img":{"alt_text":"","src":"","width":0,"height":0},"classes":[]},{"id":492,"url":"https:\/\/bukkleader.hu\/old\/bejelentkezes-a-2007-2014-es-leader-programzaro-rendezvenyre\/","url_meta":{"origin":198,"position":3},"title":"Bejelentkez\u00e9s a 2007-2014-es LEADER programz\u00e1r\u00f3 rendezv\u00e9nyre","date":"2015-10-21","format":false,"excerpt":"A B\u00fckk-T\u00e9rs\u00e9gi LEADER Egyes\u00fclet tisztelettel megh\u00edvja a LEADER t\u00e9rs\u00e9g \u00f6nkorm\u00e1nyzatait, civil szervezeteit, v\u00e1llalkoz\u00e1sait, mag\u00e1nszem\u00e9lyeit \u00e9s a 2007-2014-es id\u0151szak nyertes projektgazd\u00e1it a k\u00e9t helysz\u00ednen megtart\u00e1sra ker\u00fcl\u0151 2007-2014-es LEADER programz\u00e1r\u00f3 rendezv\u00e9nyre.Felk\u00e9rj\u00fck. a projektgazd\u00e1kat, hogy mutass\u00e1k be a megval\u00f3sult projekteket. Lehet\u0151s\u00e9get biztos\u00edtunk projektoros kivet\u00edt\u00e9sre \u00e9s honlap, fot\u00f3, egy\u00e9b t\u00e1j\u00e9koztat\u00f3 anyagok, kiadv\u00e1nyok bemutat\u00e1s\u00e1ra.A szakmai\u2026","rel":"","context":"In &quot;H\u00edreink, k\u00f6zlem\u00e9nyeink&quot;","img":{"alt_text":"bukk-leader-logo-w","src":"https:\/\/i2.wp.com\/bukkleader.hu\/old\/wp-content\/uploads\/2015\/09\/bukk-leader-logo-w.jpg?resize=350%2C200&ssl=1","width":350,"height":200},"classes":[]},{"id":436,"url":"https:\/\/bukkleader.hu\/old\/projektgazdak-figyelem\/","url_meta":{"origin":198,"position":4},"title":"PROJEKTGAZD\u00c1K, FIGYELEM!","date":"2015-08-14","format":false,"excerpt":"Hamarosan lej\u00e1rnak az Eur\u00f3pai Mez\u0151gazdas\u00e1gi Vid\u00e9kfejleszt\u00e9si Alapb\u00f3l t\u00e1rsfinansz\u00edrozott, egyes beruh\u00e1z\u00e1si jogc\u00edmekre vonatkoz\u00f3\u00a0megval\u00f3s\u00edt\u00e1si, illetve kifizet\u00e9si k\u00e9relem beny\u00fajt\u00e1si hat\u00e1rid\u0151k. A vonatkoz\u00f3 jogc\u00edmekr\u0151l \u00e9s hat\u00e1rid\u0151kr\u0151l az MVH kimutat\u00e1st, t\u00e1j\u00e9koztat\u00f3t k\u00e9sz\u00edtett, melyet aj\u00e1nlunk minden projektgazda figyelm\u00e9be. A t\u00e1j\u00e9koztat\u00f3 let\u00f6lt\u00e9se >>","rel":"","context":"In &quot;H\u00edreink, k\u00f6zlem\u00e9nyeink&quot;","img":{"alt_text":"felki\u00e1llt\u00f3 jel","src":"https:\/\/i0.wp.com\/bukkleader.hu\/old\/wp-content\/uploads\/2012\/06\/felkialto-jel384w.jpg?resize=350%2C200&ssl=1","width":350,"height":200},"classes":[]},{"id":104,"url":"https:\/\/bukkleader.hu\/old\/2012-oktober-01-2012-december-31-idoszak\/","url_meta":{"origin":198,"position":5},"title":"2012. okt\u00f3ber 01. \u2013 2012. december 31. id\u0151szak","date":"2013-01-02","format":false,"excerpt":"A B\u00fckk-T\u00e9rs\u00e9gi LEADER Egyes\u00fclet munkaszervezet\u00e9nek legfontosabb feladatai a 2012.10.01. \u2013 12.31. id\u0151szakban az EMVA III. falumeg\u00faj\u00edt\u00e1s \u00e9s \u2013fejleszt\u00e9s p\u00e1ly\u00e1zati id\u0151szak el\u0151k\u00e9sz\u00edt\u00e9se, a szakmai kapcsolat\u00e9p\u00edt\u00e9s \u00e9s az 2014-2020 id\u0151szak EU-s tervez\u00e9s\u00e9vel kapcsolatos egyeztet\u00e9seken val\u00f3 r\u00e9szv\u00e9tel voltak.A vid\u00e9kfejleszt\u00e9si k\u00f6z\u00f6ss\u00e9g min\u00e9l sz\u00e9lesebb k\u00f6r\u0171 t\u00e1j\u00e9koztat\u00e1sa \u00e9rdek\u00e9ben a t\u00e1mogat\u00e1si id\u0151szakban \u00f6sszesen 9 szakmai f\u00f3rumot tartottunk,\u2026","rel":"","context":"In &quot;Munkabesz\u00e1mol\u00f3k&quot;","img":{"alt_text":"","src":"","width":0,"height":0},"classes":[]}],"_links":{"self":[{"href":"https:\/\/bukkleader.hu\/old\/wp-json\/wp\/v2\/posts\/198"}],"collection":[{"href":"https:\/\/bukkleader.hu\/old\/wp-json\/wp\/v2\/posts"}],"about":[{"href":"https:\/\/bukkleader.hu\/old\/wp-json\/wp\/v2\/types\/post"}],"author":[{"embeddable":true,"href":"https:\/\/bukkleader.hu\/old\/wp-json\/wp\/v2\/users\/1"}],"replies":[{"embeddable":true,"href":"https:\/\/bukkleader.hu\/old\/wp-json\/wp\/v2\/comments?post=198"}],"version-history":[{"count":1,"href":"https:\/\/bukkleader.hu\/old\/wp-json\/wp\/v2\/posts\/198\/revisions"}],"predecessor-version":[{"id":200,"href":"https:\/\/bukkleader.hu\/old\/wp-json\/wp\/v2\/posts\/198\/revisions\/200"}],"wp:featuredmedia":[{"embeddable":true,"href":"https:\/\/bukkleader.hu\/old\/wp-json\/wp\/v2\/media\/232"}],"wp:attachment":[{"href":"https:\/\/bukkleader.hu\/old\/wp-json\/wp\/v2\/media?parent=198"}],"wp:term":[{"taxonomy":"category","embeddable":true,"href":"https:\/\/bukkleader.hu\/old\/wp-json\/wp\/v2\/categories?post=198"},{"taxonomy":"post_tag","embeddable":true,"href":"https:\/\/bukkleader.hu\/old\/wp-json\/wp\/v2\/tags?post=198"}],"curies":[{"name":"wp","href":"https:\/\/api.w.org\/{rel}","templated":true}]}}