{"id":195,"date":"2012-07-16T23:21:54","date_gmt":"2012-07-16T21:21:54","guid":{"rendered":"https:\/\/bukkleader.hu\/old\/new\/?p=195"},"modified":"2015-09-23T08:33:33","modified_gmt":"2015-09-23T06:33:33","slug":"sajtoszemle-nyertes-palyazatok-salyban","status":"publish","type":"post","link":"https:\/\/bukkleader.hu\/old\/sajtoszemle-nyertes-palyazatok-salyban\/","title":{"rendered":"Sajt\u00f3szemle: Nyertes p\u00e1ly\u00e1zatok S\u00e1lyban"},"content":{"rendered":"<p class=\"style6\" style=\"text-align: justify;\">\u201eS\u00e1ly k\u00f6zs\u00e9g h\u00e1rom p\u00e1ly\u00e1zata kedvez\u0151 elb\u00edr\u00e1l\u00e1st nyert az MVH Vid\u00e9kfejleszt\u00e9si T\u00e1mogat\u00e1sok Igazgat\u00f3s\u00e1g\u00e1n. A LEADER szervezeten kereszt\u00fcl <span class=\"style212\"><strong>k\u00e9t k\u00f6z\u00f6ss\u00e9gi energiaudvar-fejleszt\u00e9sre \u00e9s egy kisebb rendezv\u00e9ny megval\u00f3s\u00edt\u00e1s\u00e1ra<\/strong><\/span><strong> ad\u00f3dik ez\u00e1ltal lehet\u0151s\u00e9ge a telep\u00fcl\u00e9snek<\/strong>.<\/p>\n<p class=\"style6\" style=\"text-align: justify;\"><!--more--> [&#8230;] A k\u00e9t energiaudvar napelem rendszerb\u0151l, elektromos t\u00f6lt\u0151b\u0151l \u00e9s t\u00e1rol\u00f3egys\u00e9gb\u0151l \u00e1ll majd, els\u0151sorban demonstr\u00e1ci\u00f3s c\u00e9llal. A korszer\u0171 k\u00f6z\u00f6ss\u00e9gi szolg\u00e1ltat\u00e1st bevezet\u0151 fejleszt\u00e9s<strong>az \u00f6nkorm\u00e1nyzat els\u0151 l\u00e9p\u00e9se a 21. sz\u00e1zadi alkalmaz\u00e1sok fel\u00e9, valamint a k\u00e9t k\u00f6z\u00e9p\u00fclet energiak\u00f6lts\u00e9geit is cs\u00f6kkenti hossz\u00fa t\u00e1von<\/strong>.&#8221;<\/p>\n<p class=\"style6\" style=\"text-align: justify;\"><em>Kapcsol\u00f3d\u00f3 let\u00f6lt\u00e9s:<\/em> <a href=\"https:\/\/bukkleader.hu\/old\/wp-content\/uploads\/2015\/09\/cikk_saly.jpg\" target=\"_blank\">A B\u00dcKKALJA \u00fajs\u00e1g 2012. m\u00e1jusi sz\u00e1m\u00e1ban megjelent teljes cikk let\u00f6lt\u00e9se &gt;&gt;<\/a><\/p>\n<div class=\"sharedaddy sd-sharing-enabled\"><div class=\"robots-nocontent sd-block sd-social sd-social-icon sd-sharing\"><h3 class=\"sd-title\">Share this:<\/h3><div class=\"sd-content\"><ul><li class=\"share-facebook\"><a rel=\"nofollow noopener noreferrer\" data-shared=\"sharing-facebook-195\" class=\"share-facebook sd-button share-icon no-text\" href=\"https:\/\/bukkleader.hu\/old\/sajtoszemle-nyertes-palyazatok-salyban\/?share=facebook\" target=\"_blank\" title=\"Click to share on Facebook\"><span><\/span><span class=\"sharing-screen-reader-text\">Click to share on Facebook (Opens in new window)<\/span><\/a><\/li><li class=\"share-twitter\"><a rel=\"nofollow noopener noreferrer\" data-shared=\"sharing-twitter-195\" class=\"share-twitter sd-button share-icon no-text\" href=\"https:\/\/bukkleader.hu\/old\/sajtoszemle-nyertes-palyazatok-salyban\/?share=twitter\" target=\"_blank\" title=\"Click to share on Twitter\"><span><\/span><span class=\"sharing-screen-reader-text\">Click to share on Twitter (Opens in new window)<\/span><\/a><\/li><li class=\"share-print\"><a rel=\"nofollow noopener noreferrer\" data-shared=\"\" class=\"share-print sd-button share-icon no-text\" href=\"https:\/\/bukkleader.hu\/old\/sajtoszemle-nyertes-palyazatok-salyban\/\" target=\"_blank\" title=\"Click to print\"><span><\/span><span class=\"sharing-screen-reader-text\">Click to print (Opens in new window)<\/span><\/a><\/li><li class=\"share-email\"><a rel=\"nofollow noopener noreferrer\" data-shared=\"\" class=\"share-email sd-button share-icon no-text\" href=\"https:\/\/bukkleader.hu\/old\/sajtoszemle-nyertes-palyazatok-salyban\/?share=email\" target=\"_blank\" title=\"Click to email this to a friend\"><span><\/span><span class=\"sharing-screen-reader-text\">Click to email this to a friend (Opens in new window)<\/span><\/a><\/li><li class=\"share-end\"><\/li><\/ul><\/div><\/div><\/div>","protected":false},"excerpt":{"rendered":"<p>\u201eS\u00e1ly k\u00f6zs\u00e9g h\u00e1rom p\u00e1ly\u00e1zata kedvez\u0151 elb\u00edr\u00e1l\u00e1st nyert az MVH Vid\u00e9kfejleszt\u00e9si T\u00e1mogat\u00e1sok Igazgat\u00f3s\u00e1g\u00e1n. A LEADER szervezeten kereszt\u00fcl k\u00e9t k\u00f6z\u00f6ss\u00e9gi energiaudvar-fejleszt\u00e9sre \u00e9s egy kisebb rendezv\u00e9ny megval\u00f3s\u00edt\u00e1s\u00e1ra ad\u00f3dik ez\u00e1ltal lehet\u0151s\u00e9ge a telep\u00fcl\u00e9snek.<\/p>\n<div class=\"sharedaddy sd-sharing-enabled\"><div class=\"robots-nocontent sd-block sd-social sd-social-icon sd-sharing\"><h3 class=\"sd-title\">Share this:<\/h3><div class=\"sd-content\"><ul><li class=\"share-facebook\"><a rel=\"nofollow noopener noreferrer\" data-shared=\"sharing-facebook-195\" class=\"share-facebook sd-button share-icon no-text\" href=\"https:\/\/bukkleader.hu\/old\/sajtoszemle-nyertes-palyazatok-salyban\/?share=facebook\" target=\"_blank\" title=\"Click to share on Facebook\"><span><\/span><span class=\"sharing-screen-reader-text\">Click to share on Facebook (Opens in new window)<\/span><\/a><\/li><li class=\"share-twitter\"><a rel=\"nofollow noopener noreferrer\" data-shared=\"sharing-twitter-195\" class=\"share-twitter sd-button share-icon no-text\" href=\"https:\/\/bukkleader.hu\/old\/sajtoszemle-nyertes-palyazatok-salyban\/?share=twitter\" target=\"_blank\" title=\"Click to share on Twitter\"><span><\/span><span class=\"sharing-screen-reader-text\">Click to share on Twitter (Opens in new window)<\/span><\/a><\/li><li class=\"share-print\"><a rel=\"nofollow noopener noreferrer\" data-shared=\"\" class=\"share-print sd-button share-icon no-text\" href=\"https:\/\/bukkleader.hu\/old\/sajtoszemle-nyertes-palyazatok-salyban\/\" target=\"_blank\" title=\"Click to print\"><span><\/span><span class=\"sharing-screen-reader-text\">Click to print (Opens in new window)<\/span><\/a><\/li><li class=\"share-email\"><a rel=\"nofollow noopener noreferrer\" data-shared=\"\" class=\"share-email sd-button share-icon no-text\" href=\"https:\/\/bukkleader.hu\/old\/sajtoszemle-nyertes-palyazatok-salyban\/?share=email\" target=\"_blank\" title=\"Click to email this to a friend\"><span><\/span><span class=\"sharing-screen-reader-text\">Click to email this to a friend (Opens in new window)<\/span><\/a><\/li><li class=\"share-end\"><\/li><\/ul><\/div><\/div><\/div>","protected":false},"author":1,"featured_media":0,"comment_status":"open","ping_status":"closed","sticky":false,"template":"","format":"standard","meta":{"_bbp_topic_count":0,"_bbp_reply_count":0,"_bbp_total_topic_count":0,"_bbp_total_reply_count":0,"_bbp_voice_count":0,"_bbp_anonymous_reply_count":0,"_bbp_topic_count_hidden":0,"_bbp_reply_count_hidden":0,"_bbp_forum_subforum_count":0,"spay_email":"","jetpack_publicize_message":"","jetpack_is_tweetstorm":false,"jetpack_publicize_feature_enabled":true},"categories":[6,1],"tags":[],"jetpack_featured_media_url":"","jetpack_publicize_connections":[],"jetpack_sharing_enabled":true,"jetpack-related-posts":[{"id":198,"url":"https:\/\/bukkleader.hu\/old\/kozossegi-energiaudvar\/","url_meta":{"origin":195,"position":0},"title":"K\u00f6z\u00f6ss\u00e9gi Energiaudvar","date":"2012-07-23","format":false,"excerpt":"Besz\u00e1mol\u00f3 a K\u00f6z\u00f6ss\u00e9gi Energiaudvar projektgazd\u00e1k szakmai f\u00f3rum\u00e1r\u00f3l.A B\u00fckk-T\u00e9rs\u00e9gi LEADER Egyes\u00fclet 2012. j\u00fanius 29-\u00e9n a kistokaji IKSZT \u00e9p\u00fclet\u00e9ben f\u00f3rumot tartott, els\u0151sorban a 2012. m\u00e1jusban LEADER t\u00e1mogat\u00e1st nyert K\u00f6z\u00f6ss\u00e9gi Energiaudvar projektgazd\u00e1k r\u00e9sz\u00e9re (megh\u00edv\u00f3 let\u00f6lt\u00e9se >>). A f\u00f3rum c\u00e9lja volt, hogy a p\u00e1ly\u00e1z\u00f3k megismerj\u00e9k a projektjeik megval\u00f3s\u00edt\u00e1s\u00e1ra vonatkoz\u00f3 el\u0151\u00edr\u00e1sokat, a fontosabb hat\u00e1rid\u0151ket, valamint\u2026","rel":"","context":"In &quot;H\u00edreink, k\u00f6zlem\u00e9nyeink&quot;","img":{"alt_text":"","src":"https:\/\/i2.wp.com\/bukkleader.hu\/old\/wp-content\/uploads\/2012\/07\/ChargePoint-polemount-clean-web.jpg?resize=350%2C200&ssl=1","width":350,"height":200},"classes":[]},{"id":99,"url":"https:\/\/bukkleader.hu\/old\/2012-majus-01-2012-junius-30-idoszak\/","url_meta":{"origin":195,"position":1},"title":"2012. m\u00e1jus 01. \u2013 2012. j\u00fanius 30. id\u0151szak","date":"2012-07-01","format":false,"excerpt":"A B\u00fckk-T\u00e9rs\u00e9gi LEADER Egyes\u00fclet az IH \u00e1ltal 2012. m\u00e1jus 1-i hat\u00e1llyal LEADER Helyi Akci\u00f3csoportk\u00e9nt elismer\u00e9sre ker\u00fclt \u00e9s \u00e1tvette a LEADER p\u00e1ly\u00e1zatokkal kapcsolatos feladatokat a B\u00dcKK-MAK LEADER Nonprofit Kft.-t\u0151l. Az Egyes\u00fclet a k\u00f6zgy\u0171l\u00e9s d\u00f6nt\u00e9se szerint saj\u00e1t munkaszervezetet alak\u00edtott, melyben a kor\u00e1bbi HACS munkat\u00e1rsai (\u00f6sszesen 8 f\u0151) a meg\u00e1llapod\u00e1ssal haszn\u00e1latba vett eszk\u00f6z\u00e1llom\u00e1nnyal,\u2026","rel":"","context":"In &quot;Munkabesz\u00e1mol\u00f3k&quot;","img":{"alt_text":"","src":"","width":0,"height":0},"classes":[]},{"id":102,"url":"https:\/\/bukkleader.hu\/old\/2012-julius-01-2012-szeptember-30-idoszak\/","url_meta":{"origin":195,"position":2},"title":"2012. j\u00falius 01. \u2013 2012. szeptember 30. id\u0151szak","date":"2012-10-01","format":false,"excerpt":"A B\u00fckk-T\u00e9rs\u00e9gi LEADER Egyes\u00fclet legfontosabb feladatai a 2012.07.01. \u2013 09.30. id\u0151szakban az EMVA III. falumeg\u00faj\u00edt\u00e1s \u00e9s \u2013fejleszt\u00e9s jogc\u00edm el\u0151k\u00e9sz\u00edt\u00e9se, a szakmai kapcsolat\u00e9p\u00edt\u00e9s \u00e9s az 2014-2020 id\u0151szak EU-s tervez\u00e9s\u00e9be val\u00f3 bekapcsol\u00f3d\u00e1s voltak. Munk\u00e1nkr\u00f3l 1 t\u00e9rs\u00e9gi \u00fajs\u00e1gban, 2 szakmai kiadv\u00e1nyban \u00e9s 3 weboldalon jelent meg tud\u00f3s\u00edt\u00e1s.A t\u00e1mogat\u00e1si id\u0151szakban t\u00e1rgyal\u00e1sokat folytattunk a Nemzeti\u2026","rel":"","context":"In &quot;Munkabesz\u00e1mol\u00f3k&quot;","img":{"alt_text":"","src":"","width":0,"height":0},"classes":[]},{"id":340,"url":"https:\/\/bukkleader.hu\/old\/ujra-leader-palyazati-idoszak\/","url_meta":{"origin":195,"position":3},"title":"\u00daJRA LEADER P\u00c1LY\u00c1ZATI ID\u0150SZAK!","date":"2013-09-24","format":false,"excerpt":"FIGYELEM! A VID\u00c9KFEJLESZT\u00c9SI MINISZT\u00c9RIUM T\u00daLIG\u00c9NYL\u00c9S MIATT ISM\u00c9TELTEN FELF\u00dcGGESZTETTE A LEADER P\u00c1LY\u00c1ZATOK BENY\u00daJT\u00c1S\u00c1T A SZOLG\u00c1LTAT\u00c1SFEJLESZT\u00c9S KATEG\u00d3RI\u00c1BAN.A VID\u00c9KFEJLESZT\u00c9SI MINISZT\u00c9RIUM (VM), MINT AZ EMVA IR\u00c1NY\u00cdT\u00d3 HAT\u00d3S\u00c1G\u00c1NAK 240\/2013. (IX. 23.) SZ\u00c1M\u00da K\u00d6ZLEM\u00c9NYE SZERINT 2013.09.24-\u00c9N REGGEL 08:00 \u00d3R\u00c1T\u00d3L \u00daJRA LEHET P\u00c1LY\u00c1ZATOT BENY\u00daJTANI A LEADER INT\u00c9ZKED\u00c9SEINK MEGVAL\u00d3S\u00cdT\u00c1S\u00c1RA, SZOLG\u00c1LTAT\u00c1SFEJLESZT\u00c9S PROJEKT KATEG\u00d3RI\u00c1BAN.A HACS az el\u0151p\u00e1ly\u00e1zati szakaszban szolg\u00e1ltat\u00e1sfejleszt\u00e9snek tekintette\u2026","rel":"","context":"In &quot;H\u00edreink, k\u00f6zlem\u00e9nyeink&quot;","img":{"alt_text":"bukk-leader-logo-w","src":"https:\/\/i2.wp.com\/bukkleader.hu\/old\/wp-content\/uploads\/2015\/09\/bukk-leader-logo-w.jpg?resize=350%2C200&ssl=1","width":350,"height":200},"classes":[]},{"id":430,"url":"https:\/\/bukkleader.hu\/old\/letolthetok-a-2015-majus-29-i-kozgyulesunkon-elhangzott-eloadasok-prezentacioi\/","url_meta":{"origin":195,"position":4},"title":"Let\u00f6lthet\u0151k a 2015. m\u00e1jus 29-i k\u00f6zgy\u0171l\u00e9s\u00fcnk\u00f6n elhangzott el\u0151ad\u00e1sok prezent\u00e1ci\u00f3i","date":"2015-06-01","format":false,"excerpt":"Tagjaink k\u00e9r\u00e9s\u00e9re az al\u00e1bbiakban k\u00f6zz\u00e9tessz\u00fck a B\u00fckk-T\u00e9rs\u00e9gi LEADER Egyes\u00fclet\u00fcnk 2015. m\u00e1jus 29-i k\u00f6zgy\u0171l\u00e9s\u00e9n elhangzott el\u0151ad\u00e1sok prezent\u00e1ci\u00f3it:1. napirendi pont: \"Besz\u00e1mol\u00f3 a k\u00f6z\u00f6ss\u00e9g 2014-ben v\u00e9gzett vid\u00e9kfejleszt\u00e9si munk\u00e1j\u00e1r\u00f3l\" - el\u0151ad\u00f3: Dr. Nagy J\u00f3zsef eln\u00f6k. A prezent\u00e1ci\u00f3 let\u00f6lt\u00e9se >>3. napirendi pont: \"A LEADER k\u00f6z\u00f6ss\u00e9g\u00fcnk 2015. \u00e9vi tervez\u00e9s\u00e9nek lehet\u0151s\u00e9gei\" - el\u0151ad\u00f3: Dr. Nagy J\u00f3zsef eln\u00f6k.\u2026","rel":"","context":"In &quot;H\u00edreink, k\u00f6zlem\u00e9nyeink&quot;","img":{"alt_text":"bukk-leader-logo-w","src":"https:\/\/i2.wp.com\/bukkleader.hu\/old\/wp-content\/uploads\/2015\/09\/bukk-leader-logo-w.jpg?resize=350%2C200&ssl=1","width":350,"height":200},"classes":[]},{"id":462,"url":"https:\/\/bukkleader.hu\/old\/gyogynovenytermesztes-borsodban\/","url_meta":{"origin":195,"position":5},"title":"Gy\u00f3gyn\u00f6v\u00e9nytermeszt\u00e9s Borsodban","date":"2015-04-08","format":false,"excerpt":"200 \u00f3r\u00e1s, \"Gy\u00f3gyn\u00f6v\u00e9nytermeszt\u00e9s Borsodban\" c. k\u00e9pz\u00e9s indul B\u00fckkaranyosonA B\u00fckk-Hegys\u00e9gi Meg\u00fajul\u00f3 Energi\u00e1k Iskol\u00e1k Alap\u00edtv\u00e1nya az \"\u00daj Hold h\u00e1za, eg\u00e9szs\u00e9gmeg\u0151rz\u0151 \u00e9s k\u00f6z\u00f6ss\u00e9gi szolg\u00e1ltat\u00e1sok k\u00f6zpontj\u00e1nak \u00e9s fenntarthat\u00f3s\u00e1g\u00e1nak kialak\u00edt\u00e1sa\u00a0 egy\u00fcttm\u0171k\u00f6d\u00e9s keret\u00e9ben\" c. projekt keret\u00e9ben egy 200 \u00f3r\u00e1s k\u00e9pz\u00e9st szervez \"Gy\u00f3gyn\u00f6v\u00e9nytermeszt\u00e9s Borsodban\" c\u00edmmel.A k\u00e9pz\u00e9s id\u0151pontja: 2015.04.28-2015.05.30.,Helysz\u00edn: B\u00fckkaranyos.T\u00e9m\u00e1k:1. N\u00f6v\u00e9nytani \u00e9s gy\u00f3gyn\u00f6v\u00e9nyismeret,2. Gy\u00f3gyn\u00f6v\u00e9nyek gy\u0171jt\u00e9se,3. Gy\u00f3gyn\u00f6v\u00e9nyek feldolgoz\u00e1sa,4. Drogismeret,\u2026","rel":"","context":"In &quot;H\u00edreink, k\u00f6zlem\u00e9nyeink&quot;","img":{"alt_text":"logo_ujhold-w","src":"https:\/\/i1.wp.com\/bukkleader.hu\/old\/wp-content\/uploads\/2015\/09\/logo_ujhold-w.jpg?resize=350%2C200&ssl=1","width":350,"height":200},"classes":[]}],"_links":{"self":[{"href":"https:\/\/bukkleader.hu\/old\/wp-json\/wp\/v2\/posts\/195"}],"collection":[{"href":"https:\/\/bukkleader.hu\/old\/wp-json\/wp\/v2\/posts"}],"about":[{"href":"https:\/\/bukkleader.hu\/old\/wp-json\/wp\/v2\/types\/post"}],"author":[{"embeddable":true,"href":"https:\/\/bukkleader.hu\/old\/wp-json\/wp\/v2\/users\/1"}],"replies":[{"embeddable":true,"href":"https:\/\/bukkleader.hu\/old\/wp-json\/wp\/v2\/comments?post=195"}],"version-history":[{"count":1,"href":"https:\/\/bukkleader.hu\/old\/wp-json\/wp\/v2\/posts\/195\/revisions"}],"predecessor-version":[{"id":197,"href":"https:\/\/bukkleader.hu\/old\/wp-json\/wp\/v2\/posts\/195\/revisions\/197"}],"wp:attachment":[{"href":"https:\/\/bukkleader.hu\/old\/wp-json\/wp\/v2\/media?parent=195"}],"wp:term":[{"taxonomy":"category","embeddable":true,"href":"https:\/\/bukkleader.hu\/old\/wp-json\/wp\/v2\/categories?post=195"},{"taxonomy":"post_tag","embeddable":true,"href":"https:\/\/bukkleader.hu\/old\/wp-json\/wp\/v2\/tags?post=195"}],"curies":[{"name":"wp","href":"https:\/\/api.w.org\/{rel}","templated":true}]}}