{"id":1938,"date":"2019-01-17T09:45:28","date_gmt":"2019-01-17T08:45:28","guid":{"rendered":"https:\/\/bukkleader.hu\/old\/?p=1938"},"modified":"2019-01-17T09:45:28","modified_gmt":"2019-01-17T08:45:28","slug":"meghivo-rendkivuli-kozgyulesre-sajopetri-2019-01-24","status":"publish","type":"post","link":"https:\/\/bukkleader.hu\/old\/meghivo-rendkivuli-kozgyulesre-sajopetri-2019-01-24\/","title":{"rendered":"Megh\u00edv\u00f3 rendk\u00edv\u00fcli K\u00f6zgy\u0171l\u00e9sre &#8211; Saj\u00f3petri, 2019. 01. 24."},"content":{"rendered":"<div class=\"gs\">\n<div class=\"\">\n<div id=\":r2\" class=\"ii gt\">\n<div id=\":r3\" class=\"a3s aXjCH \">\n<div>\n<p>A B\u00fckk-T\u00e9rs\u00e9gi LEADER Egyes\u00fclet tisztelettel megh\u00edvja tagjait 2019. 01. 24-\u00e9n Saj\u00f3petriben 15 \u00f3rakor kezd\u0151d\u0151 rendk\u00edv\u00fcli k\u00f6zgy\u0171l\u00e9sre, a mell\u00e9kelt megh\u00edv\u00f3 szerint:<\/p>\n<div class=\"yj6qo\"><a href=\"https:\/\/bukkleader.hu\/old\/wp-content\/uploads\/2019\/01\/megh\u00edv\u00f3_2019_01_24.pdf\">MEGH\u00cdV\u00d3 &gt;&gt;<\/a><\/div>\n<div class=\"adL\">\u00a0<\/div>\n<\/div>\n<div class=\"adL\">\u00a0<\/div>\n<\/div>\n<\/div>\n<div id=\":qr\" class=\"hq gt a10\">\n<div class=\"hp\">\u00a0<\/div>\n<div class=\"a3I\">\u00a0<\/div>\n<div id=\":qo\">\u00a0<\/div>\n<div id=\":qp\" class=\"aQH\">\n<div class=\"aZK\">\u00a0<\/div>\n<\/div>\n<\/div>\n<div class=\"hi\">\u00a0<\/div>\n<\/div>\n<\/div>\n<div class=\"sharedaddy sd-sharing-enabled\"><div class=\"robots-nocontent sd-block sd-social sd-social-icon sd-sharing\"><h3 class=\"sd-title\">Share this:<\/h3><div class=\"sd-content\"><ul><li class=\"share-facebook\"><a rel=\"nofollow noopener noreferrer\" data-shared=\"sharing-facebook-1938\" class=\"share-facebook sd-button share-icon no-text\" href=\"https:\/\/bukkleader.hu\/old\/meghivo-rendkivuli-kozgyulesre-sajopetri-2019-01-24\/?share=facebook\" target=\"_blank\" title=\"Click to share on Facebook\"><span><\/span><span class=\"sharing-screen-reader-text\">Click to share on Facebook (Opens in new window)<\/span><\/a><\/li><li class=\"share-twitter\"><a rel=\"nofollow noopener noreferrer\" data-shared=\"sharing-twitter-1938\" class=\"share-twitter sd-button share-icon no-text\" href=\"https:\/\/bukkleader.hu\/old\/meghivo-rendkivuli-kozgyulesre-sajopetri-2019-01-24\/?share=twitter\" target=\"_blank\" title=\"Click to share on Twitter\"><span><\/span><span class=\"sharing-screen-reader-text\">Click to share on Twitter (Opens in new window)<\/span><\/a><\/li><li class=\"share-print\"><a rel=\"nofollow noopener noreferrer\" data-shared=\"\" class=\"share-print sd-button share-icon no-text\" href=\"https:\/\/bukkleader.hu\/old\/meghivo-rendkivuli-kozgyulesre-sajopetri-2019-01-24\/\" target=\"_blank\" title=\"Click to print\"><span><\/span><span class=\"sharing-screen-reader-text\">Click to print (Opens in new window)<\/span><\/a><\/li><li class=\"share-email\"><a rel=\"nofollow noopener noreferrer\" data-shared=\"\" class=\"share-email sd-button share-icon no-text\" href=\"https:\/\/bukkleader.hu\/old\/meghivo-rendkivuli-kozgyulesre-sajopetri-2019-01-24\/?share=email\" target=\"_blank\" title=\"Click to email this to a friend\"><span><\/span><span class=\"sharing-screen-reader-text\">Click to email this to a friend (Opens in new window)<\/span><\/a><\/li><li class=\"share-end\"><\/li><\/ul><\/div><\/div><\/div>","protected":false},"excerpt":{"rendered":"<p>A B\u00fckk-T\u00e9rs\u00e9gi LEADER Egyes\u00fclet tisztelettel megh\u00edvja tagjait 2019. 01. 24-\u00e9n Saj\u00f3petriben 15 \u00f3rakor kezd\u0151d\u0151 rendk\u00edv\u00fcli k\u00f6zgy\u0171l\u00e9sre, a mell\u00e9kelt megh\u00edv\u00f3 szerint: MEGH\u00cdV\u00d3 &gt;&gt; \u00a0 \u00a0 \u00a0 \u00a0 \u00a0 \u00a0 \u00a0<\/p>\n<div class=\"sharedaddy sd-sharing-enabled\"><div class=\"robots-nocontent sd-block sd-social sd-social-icon sd-sharing\"><h3 class=\"sd-title\">Share this:<\/h3><div class=\"sd-content\"><ul><li class=\"share-facebook\"><a rel=\"nofollow noopener noreferrer\" data-shared=\"sharing-facebook-1938\" class=\"share-facebook sd-button share-icon no-text\" href=\"https:\/\/bukkleader.hu\/old\/meghivo-rendkivuli-kozgyulesre-sajopetri-2019-01-24\/?share=facebook\" target=\"_blank\" title=\"Click to share on Facebook\"><span><\/span><span class=\"sharing-screen-reader-text\">Click to share on Facebook (Opens in new window)<\/span><\/a><\/li><li class=\"share-twitter\"><a rel=\"nofollow noopener noreferrer\" data-shared=\"sharing-twitter-1938\" class=\"share-twitter sd-button share-icon no-text\" href=\"https:\/\/bukkleader.hu\/old\/meghivo-rendkivuli-kozgyulesre-sajopetri-2019-01-24\/?share=twitter\" target=\"_blank\" title=\"Click to share on Twitter\"><span><\/span><span class=\"sharing-screen-reader-text\">Click to share on Twitter (Opens in new window)<\/span><\/a><\/li><li class=\"share-print\"><a rel=\"nofollow noopener noreferrer\" data-shared=\"\" class=\"share-print sd-button share-icon no-text\" href=\"https:\/\/bukkleader.hu\/old\/meghivo-rendkivuli-kozgyulesre-sajopetri-2019-01-24\/\" target=\"_blank\" title=\"Click to print\"><span><\/span><span class=\"sharing-screen-reader-text\">Click to print (Opens in new window)<\/span><\/a><\/li><li class=\"share-email\"><a rel=\"nofollow noopener noreferrer\" data-shared=\"\" class=\"share-email sd-button share-icon no-text\" href=\"https:\/\/bukkleader.hu\/old\/meghivo-rendkivuli-kozgyulesre-sajopetri-2019-01-24\/?share=email\" target=\"_blank\" title=\"Click to email this to a friend\"><span><\/span><span class=\"sharing-screen-reader-text\">Click to email this to a friend (Opens in new window)<\/span><\/a><\/li><li class=\"share-end\"><\/li><\/ul><\/div><\/div><\/div>","protected":false},"author":4,"featured_media":1196,"comment_status":"open","ping_status":"closed","sticky":false,"template":"","format":"standard","meta":{"_bbp_topic_count":0,"_bbp_reply_count":0,"_bbp_total_topic_count":0,"_bbp_total_reply_count":0,"_bbp_voice_count":0,"_bbp_anonymous_reply_count":0,"_bbp_topic_count_hidden":0,"_bbp_reply_count_hidden":0,"_bbp_forum_subforum_count":0,"spay_email":"","jetpack_publicize_message":"","jetpack_is_tweetstorm":false,"jetpack_publicize_feature_enabled":true},"categories":[1],"tags":[],"jetpack_featured_media_url":"https:\/\/bukkleader.hu\/old\/wp-content\/uploads\/2015\/12\/saj\u00f3petri.jpg","jetpack_publicize_connections":[],"jetpack_sharing_enabled":true,"jetpack-related-posts":[{"id":1741,"url":"https:\/\/bukkleader.hu\/old\/1741-2\/","url_meta":{"origin":1938,"position":0},"title":"MEGH\u00cdV\u00d3 K\u00f6zgy\u0171l\u00e9sre &#8211; 2018. 05. 24. Saj\u00f3petri","date":"2018-05-16","format":false,"excerpt":"A B\u00fckk-T\u00e9rs\u00e9gi LEADER Egyes\u00fclet tisztelettel megh\u00edvja tagjait 2018. 05. 24-\u00e9n Saj\u00f3petriben 16 \u00f3rakor kezd\u0151d\u0151 taggy\u0171l\u00e9s\u00e9re, a mell\u00e9kelt megh\u00edv\u00f3 szerint:\u00a0\u00a0 MEGH\u00cdV\u00d3\u00a0","rel":"","context":"In &quot;H\u00edreink, k\u00f6zlem\u00e9nyeink&quot;","img":{"alt_text":"","src":"https:\/\/i0.wp.com\/bukkleader.hu\/old\/wp-content\/uploads\/2015\/12\/saj\u00f3petri.jpg?resize=350%2C200&ssl=1","width":350,"height":200},"classes":[]},{"id":2318,"url":"https:\/\/bukkleader.hu\/old\/meghivo-kozgyulesre-emod-2019-11-28\/","url_meta":{"origin":1938,"position":1},"title":"Megh\u00edv\u00f3 K\u00f6zgy\u0171l\u00e9sre &#8211; Em\u0151d, 2019. 11. 28.","date":"2019-11-19","format":false,"excerpt":"A B\u00fckk-T\u00e9rs\u00e9gi LEADER Egyes\u00fclet tisztelettel megh\u00edvja tagjait 2019. 11. 28-\u00e1n Em\u0151d\u00f6n 15 \u00f3rakor kezd\u0151d\u0151 k\u00f6zgy\u0171l\u00e9sre, a mell\u00e9kelt megh\u00edv\u00f3 szerint: A megh\u00edv\u00f3 PDF-ben let\u00f6lthet\u0151 itt.","rel":"","context":"In &quot;H\u00edreink, k\u00f6zlem\u00e9nyeink&quot;","img":{"alt_text":"","src":"https:\/\/i1.wp.com\/bukkleader.hu\/old\/wp-content\/uploads\/2019\/11\/kozgyules_meghivo_2019_11_28_pages-to-jpg-0001.jpg?resize=350%2C200&ssl=1","width":350,"height":200},"classes":[]},{"id":299,"url":"https:\/\/bukkleader.hu\/old\/letolthetok-a-hacs-2013-januar-24-i-kozgyulesen-elhangzott-eloadasok-bemutatoi\/","url_meta":{"origin":1938,"position":2},"title":"Let\u00f6lthet\u0151k a HACS 2013. janu\u00e1r 24-i k\u00f6zgy\u0171l\u00e9s\u00e9n elhangzott el\u0151ad\u00e1sok bemutat\u00f3i","date":"2013-01-30","format":false,"excerpt":"Az al\u00e1bbiakban linkeken let\u00f6lthet\u0151k a B\u00fckk-T\u00e9rs\u00e9gi LEADER Egyes\u00fclet 2013. janu\u00e1r 24-i k\u00f6zgy\u0171l\u00e9s\u00e9n\u00a0(megh\u00edv\u00f3, napirendi pontok >>) elhangzott el\u0151ad\u00e1sok bemutat\u00f3i:A B\u00fckk-T\u00e9rs\u00e9gi LEADER Egyes\u00fclet 2012. \u00e1prilis 26. \u2013 2012. december 31. k\u00f6z\u00f6tt el\u00e9rt eredm\u00e9nyei (T\u00f3th J. S\u00e1ndor szakmai aleln\u00f6k) -Let\u00f6lt\u00e9s >>T\u00e1j\u00e9koztat\u00f3 az EMVA III-IV. p\u00e1ly\u00e1zatok megval\u00f3s\u00edt\u00e1s\u00e1ra vonatkoz\u00f3 el\u0151\u00edr\u00e1sokr\u00f3l (Hajdu Istv\u00e1n munkaszervezet vezet\u0151) -\u2026","rel":"","context":"In &quot;H\u00edreink, k\u00f6zlem\u00e9nyeink&quot;","img":{"alt_text":"bukk-leader-logo-w","src":"https:\/\/i2.wp.com\/bukkleader.hu\/old\/wp-content\/uploads\/2015\/09\/bukk-leader-logo-w.jpg?resize=350%2C200&ssl=1","width":350,"height":200},"classes":[]},{"id":750,"url":"https:\/\/bukkleader.hu\/old\/meghivo-helyi-fejlesztesi-strategia-tervezoi-forumra-sajopetri\/","url_meta":{"origin":1938,"position":3},"title":"MEGH\u00cdV\u00d3 Helyi Fejleszt\u00e9si Strat\u00e9gia tervez\u0151i f\u00f3rumra &#8211; Saj\u00f3petri","date":"2015-12-14","format":false,"excerpt":"A B\u00fckk-T\u00e9rs\u00e9gi LEADER Egyes\u00fclet Helyi Fejleszt\u00e9si Strat\u00e9gia tervez\u00e9si f\u00f3rumot tart Saj\u00f3petriben, a mell\u00e9kelt megh\u00edv\u00f3 szerint. Minden \u00e9rdekl\u0151d\u0151t v\u00e1runk!Megh\u00edv\u00f3 let\u00f6lt\u00e9se itt >>Meghivo Saj\u00f3petri","rel":"","context":"In &quot;H\u00edreink, k\u00f6zlem\u00e9nyeink&quot;","img":{"alt_text":"","src":"https:\/\/i0.wp.com\/bukkleader.hu\/old\/wp-content\/uploads\/2015\/12\/saj\u00f3petri.jpg?resize=350%2C200&ssl=1","width":350,"height":200},"classes":[]},{"id":5928,"url":"https:\/\/bukkleader.hu\/old\/ki-mit-tud-rendezveny-sajopetriben-leader-tamogatassal-2021-06-12-13\/","url_meta":{"origin":1938,"position":4},"title":"&#8220;Ki Mit Tud?&#8221; rendezv\u00e9ny Saj\u00f3petriben LEADER t\u00e1mogat\u00e1ssal \u2013 2021.06.12-13.","date":"2021-05-12","format":false,"excerpt":"Az SBS Hang-Sz\u00ednpad Nonprofit Kft. tisztelettel megh\u00edvja \u00d6n\u00f6ket a 2021. j\u00fanius 12-13-\u00e1n (szombat-vas\u00e1rnap) Saj\u00f3petriben tartand\u00f3, LEADER t\u00e1mogat\u00e1ssal megval\u00f3sul\u00f3 \u201eKi Mit Tud?\u201d rendezv\u00e9ny\u00e9re az al\u00e1bbiak szerint (a megh\u00edv\u00f3 \u00e9s a program PDF-ben is let\u00f6lthet\u0151 itt \u00e9s itt):","rel":"","context":"In &quot;H\u00edreink, k\u00f6zlem\u00e9nyeink&quot;","img":{"alt_text":"","src":"https:\/\/i0.wp.com\/bukkleader.hu\/old\/wp-content\/uploads\/2019\/08\/bocs_neptanc.jpg?resize=350%2C200&ssl=1","width":350,"height":200},"classes":[]},{"id":8457,"url":"https:\/\/bukkleader.hu\/old\/leader-tudomka-pont-kialakitasa-rendezveny-2021-09-11-sajopetri\/","url_meta":{"origin":1938,"position":5},"title":"LEADER Tudomka Pont kialak\u00edt\u00e1sa rendezv\u00e9ny 2021.09.11. Saj\u00f3petri","date":"2021-09-09","format":false,"excerpt":"A Hagyom\u00e1nyteremt\u0151 M\u0171v\u00e9szeti \u00e9s Oktat\u00e1si Nonprofit Kft. tisztelettel megh\u00edvja \u00d6n\u00f6ket a LEADER Tudomka Pont kialak\u00edt\u00e1sa megnevez\u00e9s\u0171 rendezv\u00e9ny\u00e9re. A megh\u00edv\u00f3 pdf-ben let\u00f6lthet\u0151 itt.","rel":"","context":"In &quot;H\u00edreink, k\u00f6zlem\u00e9nyeink&quot;","img":{"alt_text":"","src":"https:\/\/i2.wp.com\/bukkleader.hu\/old\/wp-content\/uploads\/2021\/09\/gy\u00f3gyn\u00f6v\u00e9ny-3.jpg?resize=350%2C200&ssl=1","width":350,"height":200},"classes":[]}],"_links":{"self":[{"href":"https:\/\/bukkleader.hu\/old\/wp-json\/wp\/v2\/posts\/1938"}],"collection":[{"href":"https:\/\/bukkleader.hu\/old\/wp-json\/wp\/v2\/posts"}],"about":[{"href":"https:\/\/bukkleader.hu\/old\/wp-json\/wp\/v2\/types\/post"}],"author":[{"embeddable":true,"href":"https:\/\/bukkleader.hu\/old\/wp-json\/wp\/v2\/users\/4"}],"replies":[{"embeddable":true,"href":"https:\/\/bukkleader.hu\/old\/wp-json\/wp\/v2\/comments?post=1938"}],"version-history":[{"count":1,"href":"https:\/\/bukkleader.hu\/old\/wp-json\/wp\/v2\/posts\/1938\/revisions"}],"predecessor-version":[{"id":1940,"href":"https:\/\/bukkleader.hu\/old\/wp-json\/wp\/v2\/posts\/1938\/revisions\/1940"}],"wp:featuredmedia":[{"embeddable":true,"href":"https:\/\/bukkleader.hu\/old\/wp-json\/wp\/v2\/media\/1196"}],"wp:attachment":[{"href":"https:\/\/bukkleader.hu\/old\/wp-json\/wp\/v2\/media?parent=1938"}],"wp:term":[{"taxonomy":"category","embeddable":true,"href":"https:\/\/bukkleader.hu\/old\/wp-json\/wp\/v2\/categories?post=1938"},{"taxonomy":"post_tag","embeddable":true,"href":"https:\/\/bukkleader.hu\/old\/wp-json\/wp\/v2\/tags?post=1938"}],"curies":[{"name":"wp","href":"https:\/\/api.w.org\/{rel}","templated":true}]}}