{"id":193,"date":"2012-07-14T21:57:38","date_gmt":"2012-07-14T19:57:38","guid":{"rendered":"https:\/\/bukkleader.hu\/old\/new\/?p=193"},"modified":"2015-09-23T08:33:47","modified_gmt":"2015-09-23T06:33:47","slug":"sajtoszemle-a-xxi-szazad-legnagyobb-uzlete","status":"publish","type":"post","link":"https:\/\/bukkleader.hu\/old\/sajtoszemle-a-xxi-szazad-legnagyobb-uzlete\/","title":{"rendered":"Sajt\u00f3szemle: \u201eA XXI. sz\u00e1zad legnagyobb \u00fczlete\u201d"},"content":{"rendered":"<p class=\"style6\" style=\"text-align: justify;\">\u201eA Magyar Virtu\u00e1lis Makroh\u00e1l\u00f3zati M\u00e9rlegk\u00f6ri Klaszter (MAKROVIRKA) megteremtette a lehet\u0151s\u00e9g\u00e9t annak, hogy a k\u00fcl\u00f6nb\u00f6z\u0151 fejletts\u00e9gi szint\u0171 \u00e9s m\u00e9ret\u0171 k\u00f6z\u00f6ss\u00e9gek bel\u00e9pjenek<span class=\"style212\"> <strong>a XXI. sz\u00e1zad legnagyobb \u00fczlet\u00e9be<\/strong><\/span><strong>: a helyi term\u00e9szeti er\u0151forr\u00e1sok, a nap, a sz\u00e9l, a v\u00edz, a k\u00f6rnyezeti h\u0151 \u00e9s a biomassza villamos energetikai hasznos\u00edt\u00e1s\u00e1ba, t\u00e1rol\u00e1s\u00e1ba, eloszt\u00e1s\u00e1ba, integr\u00e1ci\u00f3j\u00e1ba<\/strong>.\u201d<\/p>\n<p class=\"style6\"><a href=\"http:\/\/gyongyos.facepress.hu\/hirek\/a-xxi-szazad-legnagyobb-uzlete-2012067644\" target=\"_blank\">Tov\u00e1bb a teljes cikkhez &gt;&gt;<\/a><\/p>\n<p>&nbsp;<\/p>\n<div class=\"sharedaddy sd-sharing-enabled\"><div class=\"robots-nocontent sd-block sd-social sd-social-icon sd-sharing\"><h3 class=\"sd-title\">Share this:<\/h3><div class=\"sd-content\"><ul><li class=\"share-facebook\"><a rel=\"nofollow noopener noreferrer\" data-shared=\"sharing-facebook-193\" class=\"share-facebook sd-button share-icon no-text\" href=\"https:\/\/bukkleader.hu\/old\/sajtoszemle-a-xxi-szazad-legnagyobb-uzlete\/?share=facebook\" target=\"_blank\" title=\"Click to share on Facebook\"><span><\/span><span class=\"sharing-screen-reader-text\">Click to share on Facebook (Opens in new window)<\/span><\/a><\/li><li class=\"share-twitter\"><a rel=\"nofollow noopener noreferrer\" data-shared=\"sharing-twitter-193\" class=\"share-twitter sd-button share-icon no-text\" href=\"https:\/\/bukkleader.hu\/old\/sajtoszemle-a-xxi-szazad-legnagyobb-uzlete\/?share=twitter\" target=\"_blank\" title=\"Click to share on Twitter\"><span><\/span><span class=\"sharing-screen-reader-text\">Click to share on Twitter (Opens in new window)<\/span><\/a><\/li><li class=\"share-print\"><a rel=\"nofollow noopener noreferrer\" data-shared=\"\" class=\"share-print sd-button share-icon no-text\" href=\"https:\/\/bukkleader.hu\/old\/sajtoszemle-a-xxi-szazad-legnagyobb-uzlete\/\" target=\"_blank\" title=\"Click to print\"><span><\/span><span class=\"sharing-screen-reader-text\">Click to print (Opens in new window)<\/span><\/a><\/li><li class=\"share-email\"><a rel=\"nofollow noopener noreferrer\" data-shared=\"\" class=\"share-email sd-button share-icon no-text\" href=\"https:\/\/bukkleader.hu\/old\/sajtoszemle-a-xxi-szazad-legnagyobb-uzlete\/?share=email\" target=\"_blank\" title=\"Click to email this to a friend\"><span><\/span><span class=\"sharing-screen-reader-text\">Click to email this to a friend (Opens in new window)<\/span><\/a><\/li><li class=\"share-end\"><\/li><\/ul><\/div><\/div><\/div>","protected":false},"excerpt":{"rendered":"<p>\u201eA Magyar Virtu\u00e1lis Makroh\u00e1l\u00f3zati M\u00e9rlegk\u00f6ri Klaszter (MAKROVIRKA) megteremtette a lehet\u0151s\u00e9g\u00e9t annak, hogy a k\u00fcl\u00f6nb\u00f6z\u0151 fejletts\u00e9gi szint\u0171 \u00e9s m\u00e9ret\u0171 k\u00f6z\u00f6ss\u00e9gek bel\u00e9pjenek a XXI. sz\u00e1zad legnagyobb \u00fczlet\u00e9be: a helyi term\u00e9szeti er\u0151forr\u00e1sok, a nap, a sz\u00e9l, a v\u00edz, a k\u00f6rnyezeti h\u0151 \u00e9s a biomassza villamos energetikai hasznos\u00edt\u00e1s\u00e1ba, t\u00e1rol\u00e1s\u00e1ba, eloszt\u00e1s\u00e1ba, integr\u00e1ci\u00f3j\u00e1ba.\u201d Tov\u00e1bb a teljes cikkhez &gt;&gt; &nbsp;<\/p>\n<div class=\"sharedaddy sd-sharing-enabled\"><div class=\"robots-nocontent sd-block sd-social sd-social-icon sd-sharing\"><h3 class=\"sd-title\">Share this:<\/h3><div class=\"sd-content\"><ul><li class=\"share-facebook\"><a rel=\"nofollow noopener noreferrer\" data-shared=\"sharing-facebook-193\" class=\"share-facebook sd-button share-icon no-text\" href=\"https:\/\/bukkleader.hu\/old\/sajtoszemle-a-xxi-szazad-legnagyobb-uzlete\/?share=facebook\" target=\"_blank\" title=\"Click to share on Facebook\"><span><\/span><span class=\"sharing-screen-reader-text\">Click to share on Facebook (Opens in new window)<\/span><\/a><\/li><li class=\"share-twitter\"><a rel=\"nofollow noopener noreferrer\" data-shared=\"sharing-twitter-193\" class=\"share-twitter sd-button share-icon no-text\" href=\"https:\/\/bukkleader.hu\/old\/sajtoszemle-a-xxi-szazad-legnagyobb-uzlete\/?share=twitter\" target=\"_blank\" title=\"Click to share on Twitter\"><span><\/span><span class=\"sharing-screen-reader-text\">Click to share on Twitter (Opens in new window)<\/span><\/a><\/li><li class=\"share-print\"><a rel=\"nofollow noopener noreferrer\" data-shared=\"\" class=\"share-print sd-button share-icon no-text\" href=\"https:\/\/bukkleader.hu\/old\/sajtoszemle-a-xxi-szazad-legnagyobb-uzlete\/\" target=\"_blank\" title=\"Click to print\"><span><\/span><span class=\"sharing-screen-reader-text\">Click to print (Opens in new window)<\/span><\/a><\/li><li class=\"share-email\"><a rel=\"nofollow noopener noreferrer\" data-shared=\"\" class=\"share-email sd-button share-icon no-text\" href=\"https:\/\/bukkleader.hu\/old\/sajtoszemle-a-xxi-szazad-legnagyobb-uzlete\/?share=email\" target=\"_blank\" title=\"Click to email this to a friend\"><span><\/span><span class=\"sharing-screen-reader-text\">Click to email this to a friend (Opens in new window)<\/span><\/a><\/li><li class=\"share-end\"><\/li><\/ul><\/div><\/div><\/div>","protected":false},"author":1,"featured_media":231,"comment_status":"open","ping_status":"closed","sticky":false,"template":"","format":"standard","meta":{"_bbp_topic_count":0,"_bbp_reply_count":0,"_bbp_total_topic_count":0,"_bbp_total_reply_count":0,"_bbp_voice_count":0,"_bbp_anonymous_reply_count":0,"_bbp_topic_count_hidden":0,"_bbp_reply_count_hidden":0,"_bbp_forum_subforum_count":0,"spay_email":"","jetpack_publicize_message":"","jetpack_is_tweetstorm":false,"jetpack_publicize_feature_enabled":true},"categories":[6,1],"tags":[],"jetpack_featured_media_url":"https:\/\/bukkleader.hu\/old\/wp-content\/uploads\/2012\/07\/villanykorte384w.jpg","jetpack_publicize_connections":[],"jetpack_sharing_enabled":true,"jetpack-related-posts":[{"id":424,"url":"https:\/\/bukkleader.hu\/old\/szaguldas-a-szel-erejebol-nyert-villamos-energiaval\/","url_meta":{"origin":193,"position":0},"title":"Sz\u00e1guld\u00e1s a sz\u00e9l erej\u00e9b\u0151l nyert villamos energi\u00e1val","date":"2015-03-31","format":false,"excerpt":"\"Sikeres volt B\u00fckkaranyoson a sz\u00e9ler\u0151m\u0171 rendszer\u00e9re kapcsolt villanyaut\u00f3 gyorst\u00f6lt\u0151 berendez\u00e9s m\u0171szaki f\u0151pr\u00f3b\u00e1ja. Az egyen\u00e1ram\u00fa CHAdeMO rendszer\u0171 csatlakoz\u00f3n kereszt\u00fcl alig t\u00f6bb mint egy \u00f3ra alatt \u201ef\u00fajta tele\u201d a n\u00e9ha viharos erej\u0171 sz\u00e9l a Tesla Model S villanyaut\u00f3 akkumul\u00e1tor\u00e1t. \u00a0\u201eA B\u00fckkaranyos k\u00f6zpont\u00fa, 42 telep\u00fcl\u00e9st csoportos\u00edt\u00f3 B\u00fckk-T\u00e9rs\u00e9gi LEADER (kor\u00e1bban B\u00dcKK \u2013 MAK LEADER)\u2026","rel":"","context":"In &quot;H\u00edreink, k\u00f6zlem\u00e9nyeink&quot;","img":{"alt_text":"Tesla","src":"https:\/\/i2.wp.com\/bukkleader.hu\/old\/wp-content\/uploads\/2015\/09\/tesla_foto.jpg?resize=350%2C200&ssl=1","width":350,"height":200},"classes":[]},{"id":176,"url":"https:\/\/bukkleader.hu\/old\/uj-leader-helyi-akciocsoport-alakitasa\/","url_meta":{"origin":193,"position":1},"title":"\u00daj LEADER Helyi Akci\u00f3csoport alak\u00edt\u00e1sa","date":"2012-06-09","format":false,"excerpt":"A B\u00fckk-Miskolc T\u00e9rs\u00e9gi vid\u00e9kfejleszt\u00e9si k\u00f6z\u00f6ss\u00e9g \u00faj LEADER Helyi Akci\u00f3csoportot alak\u00edtottAz 54\/2011. VM rendelet szerint \u201e2012. \u00e1prilis 30-\u00e1t k\u00f6vet\u0151en LEADER HACS c\u00edmmel kiz\u00e1r\u00f3lag egyes\u00fclet rendelkezhet, illetve e c\u00edmet csak egyes\u00fclet nyerheti el.\u201d A nagy sikereket el\u00e9rt B\u00dcKK-MAK LEADER vid\u00e9kfejleszt\u00e9si k\u00f6z\u00f6ss\u00e9g a tov\u00e1bbi - a 2012-2015. id\u0151szakban p\u00e1ly\u00e1zhat\u00f3 - vid\u00e9kfejleszt\u00e9si forr\u00e1sok megszerz\u00e9se\u2026","rel":"","context":"In &quot;Eredm\u00e9nyeink&quot;","img":{"alt_text":"z\u00f6ld pipa","src":"https:\/\/i2.wp.com\/bukkleader.hu\/old\/wp-content\/uploads\/2012\/06\/zold-pipa384w.jpg?resize=350%2C200&ssl=1","width":350,"height":200},"classes":[]},{"id":1111,"url":"https:\/\/bukkleader.hu\/old\/repashuta-es-bukkszentkereszt-szakmai-foruma\/","url_meta":{"origin":193,"position":2},"title":"R\u00e9p\u00e1shuta \u00e9s B\u00fckkszentkereszt Szakmai F\u00f3ruma","date":"2016-09-26","format":false,"excerpt":"A B\u00fckk-T\u00e9rs\u00e9gi LEADER Egyes\u00fclet Szakmai T\u00e1j\u00e9koztat\u00f3 F\u00f3rumot tart B\u00fckkszentkereszt \u00e9s R\u00e9p\u00e1shuta lakosainak, civil szervezeteinek, egyh\u00e1zk\u00f6zs\u00e9geinek \u00e9s v\u00e1llalkoz\u00f3inak 2016. szeptember 29-\u00e9n R\u00e9p\u00e1shut\u00e1n. Minden b\u00fckkszentkereszti \u00e9s r\u00e9p\u00e1shutai \u00e9rdekl\u0151d\u0151t szeretettel v\u00e1runk!Megh\u00edv\u00f3 let\u00f6lt\u00e9se itt >>\u00a0https:\/\/bukkleader.hu\/old\/wp-content\/uploads\/2016\/09\/BTLE-Meghivo-B\u00fckkszentkereszt-\u00e9s-R\u00e9p\u00e1shuta-\u00faj-2.pdf\u00a0","rel":"","context":"In &quot;H\u00edreink, k\u00f6zlem\u00e9nyeink&quot;","img":{"alt_text":"","src":"https:\/\/i1.wp.com\/bukkleader.hu\/old\/wp-content\/uploads\/2016\/09\/B\u00fckkszent-\u00e9s-r\u00e9p\u00e1shuta-k\u00f6z\u00f6tt.jpg?resize=350%2C200&ssl=1","width":350,"height":200},"classes":[]},{"id":492,"url":"https:\/\/bukkleader.hu\/old\/bejelentkezes-a-2007-2014-es-leader-programzaro-rendezvenyre\/","url_meta":{"origin":193,"position":3},"title":"Bejelentkez\u00e9s a 2007-2014-es LEADER programz\u00e1r\u00f3 rendezv\u00e9nyre","date":"2015-10-21","format":false,"excerpt":"A B\u00fckk-T\u00e9rs\u00e9gi LEADER Egyes\u00fclet tisztelettel megh\u00edvja a LEADER t\u00e9rs\u00e9g \u00f6nkorm\u00e1nyzatait, civil szervezeteit, v\u00e1llalkoz\u00e1sait, mag\u00e1nszem\u00e9lyeit \u00e9s a 2007-2014-es id\u0151szak nyertes projektgazd\u00e1it a k\u00e9t helysz\u00ednen megtart\u00e1sra ker\u00fcl\u0151 2007-2014-es LEADER programz\u00e1r\u00f3 rendezv\u00e9nyre.Felk\u00e9rj\u00fck. a projektgazd\u00e1kat, hogy mutass\u00e1k be a megval\u00f3sult projekteket. Lehet\u0151s\u00e9get biztos\u00edtunk projektoros kivet\u00edt\u00e9sre \u00e9s honlap, fot\u00f3, egy\u00e9b t\u00e1j\u00e9koztat\u00f3 anyagok, kiadv\u00e1nyok bemutat\u00e1s\u00e1ra.A szakmai\u2026","rel":"","context":"In &quot;H\u00edreink, k\u00f6zlem\u00e9nyeink&quot;","img":{"alt_text":"bukk-leader-logo-w","src":"https:\/\/i2.wp.com\/bukkleader.hu\/old\/wp-content\/uploads\/2015\/09\/bukk-leader-logo-w.jpg?resize=350%2C200&ssl=1","width":350,"height":200},"classes":[]},{"id":336,"url":"https:\/\/bukkleader.hu\/old\/a-klimavaltozas-hatasainak-kezelesere-adhato-helyi-valaszok-indito-szeminarium\/","url_meta":{"origin":193,"position":4},"title":"A kl\u00edmav\u00e1ltoz\u00e1s hat\u00e1sainak kezel\u00e9s\u00e9re adhat\u00f3 helyi v\u00e1laszok \u2013 Ind\u00edt\u00f3 szemin\u00e1rium","date":"2013-09-12","format":false,"excerpt":"A Magyarorsz\u00e1g-Szlov\u00e1kia-Rom\u00e1nia-Ukrajna ENPI Hat\u00e1ron \u00c1tny\u00fal\u00f3 Egy\u00fcttm\u0171k\u00f6d\u00e9si Program keret\u00e9ben megval\u00f3sul\u00f3 \u201eLOC-CLIM-ACT\u201d projekt a helyi akci\u00f3k fontoss\u00e1g\u00e1ra helyezi a hangs\u00falyt a kl\u00edmav\u00e1ltoz\u00e1s kih\u00edv\u00e1sainak kezel\u00e9s\u00e9re.\u00a0A projekt keret\u00e9ben a hat\u00e1rmenti r\u00e9gi\u00f3k r\u00f6vid t\u00e1v\u00fa sebezhet\u0151s\u00e9g\u00e9nek cs\u00f6kkent\u00e9s\u00e9re \u00e9s a k\u00e1rok enyh\u00edt\u00e9s\u00e9re k\u00f6z\u00f6s alkalmazkod\u00e1si int\u00e9zked\u00e9sek ker\u00fclnek meghat\u00e1roz\u00e1sra, amelyek pozit\u00edv hat\u00e1ssal lehetnek a h\u00e1ztart\u00e1sokra, a helyi k\u00f6zint\u00e9zm\u00e9nyekre, az\u2026","rel":"","context":"In &quot;H\u00edreink, k\u00f6zlem\u00e9nyeink&quot;","img":{"alt_text":"epni-w","src":"https:\/\/i1.wp.com\/bukkleader.hu\/old\/wp-content\/uploads\/2015\/09\/epni-w.jpg?resize=350%2C200&ssl=1","width":350,"height":200},"classes":[]},{"id":2232,"url":"https:\/\/bukkleader.hu\/old\/megjelent-a-falu-es-tanyagondnoki-szolgalat-tamogatasa-palyazat\/","url_meta":{"origin":193,"position":5},"title":"Megjelent a \u201eFalu \u00e9s tanyagondnoki szolg\u00e1lat t\u00e1mogat\u00e1sa\u201d p\u00e1ly\u00e1zat!","date":"2019-09-09","format":false,"excerpt":"Megjelent a \u201eFalu \u00e9s tanyagondnoki szolg\u00e1lat t\u00e1mogat\u00e1sa\u201d c\u00edm\u0171 p\u00e1ly\u00e1zati felh\u00edv\u00e1s, melynek keret\u00e9ben\u00a0\u00faj g\u00e9pj\u00e1rm\u0171vek beszerz\u00e9se \u00e9s \u00fczembe helyez\u00e9se, valamint r\u00e9gi g\u00e9pj\u00e1rm\u0171vek cser\u00e9j\u00e9re\u00a0lesz lehet\u0151s\u00e9g. A projektre maxim\u00e1lisan ig\u00e9nyelhet\u0151 t\u00e1mogat\u00e1si \u00f6sszeg\u00a015 milli\u00f3 forint.\u00a0A p\u00e1ly\u00e1zatok beny\u00fajt\u00e1s\u00e1ra\u00a02019. szeptember 9. \u00e9s 2019. szeptember 30.\u00a0k\u00f6z\u00f6tt van lehet\u0151s\u00e9g. A p\u00e1ly\u00e1zati felh\u00edv\u00e1s az al\u00e1bbi helyr\u0151l let\u00f6lthet\u0151: https:\/\/e-kerelem.mvh.allamkincstar.gov.hu\/enter\/mfpbongeszo\/mfpBongeszoLite.xhtml;jsessionid=vbwDRT7pD22Lr-qRBmDfd84EdQq2LDwlERb7rvVO.mvhntr07:mvhntr07_enter05","rel":"","context":"In &quot;H\u00edreink, k\u00f6zlem\u00e9nyeink&quot;","img":{"alt_text":"","src":"https:\/\/i0.wp.com\/bukkleader.hu\/old\/wp-content\/uploads\/2018\/08\/p\u00e1ly\u00e1zati-felh\u00edv\u00e1s.jpg?resize=350%2C200&ssl=1","width":350,"height":200},"classes":[]}],"_links":{"self":[{"href":"https:\/\/bukkleader.hu\/old\/wp-json\/wp\/v2\/posts\/193"}],"collection":[{"href":"https:\/\/bukkleader.hu\/old\/wp-json\/wp\/v2\/posts"}],"about":[{"href":"https:\/\/bukkleader.hu\/old\/wp-json\/wp\/v2\/types\/post"}],"author":[{"embeddable":true,"href":"https:\/\/bukkleader.hu\/old\/wp-json\/wp\/v2\/users\/1"}],"replies":[{"embeddable":true,"href":"https:\/\/bukkleader.hu\/old\/wp-json\/wp\/v2\/comments?post=193"}],"version-history":[{"count":1,"href":"https:\/\/bukkleader.hu\/old\/wp-json\/wp\/v2\/posts\/193\/revisions"}],"predecessor-version":[{"id":194,"href":"https:\/\/bukkleader.hu\/old\/wp-json\/wp\/v2\/posts\/193\/revisions\/194"}],"wp:featuredmedia":[{"embeddable":true,"href":"https:\/\/bukkleader.hu\/old\/wp-json\/wp\/v2\/media\/231"}],"wp:attachment":[{"href":"https:\/\/bukkleader.hu\/old\/wp-json\/wp\/v2\/media?parent=193"}],"wp:term":[{"taxonomy":"category","embeddable":true,"href":"https:\/\/bukkleader.hu\/old\/wp-json\/wp\/v2\/categories?post=193"},{"taxonomy":"post_tag","embeddable":true,"href":"https:\/\/bukkleader.hu\/old\/wp-json\/wp\/v2\/tags?post=193"}],"curies":[{"name":"wp","href":"https:\/\/api.w.org\/{rel}","templated":true}]}}