{"id":1892,"date":"2018-12-11T09:33:53","date_gmt":"2018-12-11T08:33:53","guid":{"rendered":"https:\/\/bukkleader.hu\/old\/?p=1892"},"modified":"2018-12-11T09:33:53","modified_gmt":"2018-12-11T08:33:53","slug":"palyazok-figyelmebe-2","status":"publish","type":"post","link":"https:\/\/bukkleader.hu\/old\/palyazok-figyelmebe-2\/","title":{"rendered":"P\u00e1ly\u00e1z\u00f3k figyelm\u00e9be!"},"content":{"rendered":"<p><strong>T\u00e1j\u00e9koztatjuk Tisztelt P\u00e1ly\u00e1z\u00f3inkat, a be\u00e9rkezett p\u00e1ly\u00e1zatok \u00fcgyint\u00e9z\u00e9se folyamatosan zajlik, azonban 2018. december\u00e9ben,\u00a0<\/strong><strong>a k\u00f6zelg\u0151 \u00fcnnepekre tekintettel\u00a0<\/strong><strong>m\u00e1r nem k\u00fcld\u00fcnk hi\u00e1nyp\u00f3tl\u00e1si felsz\u00f3l\u00edt\u00e1st. <\/strong><\/p>\n<p><strong>A hi\u00e1nyp\u00f3tl\u00e1sok kik\u00fcld\u00e9se 2019. janu\u00e1r els\u0151 het\u00e9t\u0151l folytat\u00f3dik.<\/strong><\/p>\n<div class=\"sharedaddy sd-sharing-enabled\"><div class=\"robots-nocontent sd-block sd-social sd-social-icon sd-sharing\"><h3 class=\"sd-title\">Share this:<\/h3><div class=\"sd-content\"><ul><li class=\"share-facebook\"><a rel=\"nofollow noopener noreferrer\" data-shared=\"sharing-facebook-1892\" class=\"share-facebook sd-button share-icon no-text\" href=\"https:\/\/bukkleader.hu\/old\/palyazok-figyelmebe-2\/?share=facebook\" target=\"_blank\" title=\"Click to share on Facebook\"><span><\/span><span class=\"sharing-screen-reader-text\">Click to share on Facebook (Opens in new window)<\/span><\/a><\/li><li class=\"share-twitter\"><a rel=\"nofollow noopener noreferrer\" data-shared=\"sharing-twitter-1892\" class=\"share-twitter sd-button share-icon no-text\" href=\"https:\/\/bukkleader.hu\/old\/palyazok-figyelmebe-2\/?share=twitter\" target=\"_blank\" title=\"Click to share on Twitter\"><span><\/span><span class=\"sharing-screen-reader-text\">Click to share on Twitter (Opens in new window)<\/span><\/a><\/li><li class=\"share-print\"><a rel=\"nofollow noopener noreferrer\" data-shared=\"\" class=\"share-print sd-button share-icon no-text\" href=\"https:\/\/bukkleader.hu\/old\/palyazok-figyelmebe-2\/\" target=\"_blank\" title=\"Click to print\"><span><\/span><span class=\"sharing-screen-reader-text\">Click to print (Opens in new window)<\/span><\/a><\/li><li class=\"share-email\"><a rel=\"nofollow noopener noreferrer\" data-shared=\"\" class=\"share-email sd-button share-icon no-text\" href=\"https:\/\/bukkleader.hu\/old\/palyazok-figyelmebe-2\/?share=email\" target=\"_blank\" title=\"Click to email this to a friend\"><span><\/span><span class=\"sharing-screen-reader-text\">Click to email this to a friend (Opens in new window)<\/span><\/a><\/li><li class=\"share-end\"><\/li><\/ul><\/div><\/div><\/div>","protected":false},"excerpt":{"rendered":"<p>T\u00e1j\u00e9koztatjuk Tisztelt P\u00e1ly\u00e1z\u00f3inkat, a be\u00e9rkezett p\u00e1ly\u00e1zatok \u00fcgyint\u00e9z\u00e9se folyamatosan zajlik, azonban 2018. december\u00e9ben,\u00a0a k\u00f6zelg\u0151 \u00fcnnepekre tekintettel\u00a0m\u00e1r nem k\u00fcld\u00fcnk hi\u00e1nyp\u00f3tl\u00e1si felsz\u00f3l\u00edt\u00e1st. A hi\u00e1nyp\u00f3tl\u00e1sok kik\u00fcld\u00e9se 2019. janu\u00e1r els\u0151 het\u00e9t\u0151l folytat\u00f3dik.<\/p>\n<div class=\"sharedaddy sd-sharing-enabled\"><div class=\"robots-nocontent sd-block sd-social sd-social-icon sd-sharing\"><h3 class=\"sd-title\">Share this:<\/h3><div class=\"sd-content\"><ul><li class=\"share-facebook\"><a rel=\"nofollow noopener noreferrer\" data-shared=\"sharing-facebook-1892\" class=\"share-facebook sd-button share-icon no-text\" href=\"https:\/\/bukkleader.hu\/old\/palyazok-figyelmebe-2\/?share=facebook\" target=\"_blank\" title=\"Click to share on Facebook\"><span><\/span><span class=\"sharing-screen-reader-text\">Click to share on Facebook (Opens in new window)<\/span><\/a><\/li><li class=\"share-twitter\"><a rel=\"nofollow noopener noreferrer\" data-shared=\"sharing-twitter-1892\" class=\"share-twitter sd-button share-icon no-text\" href=\"https:\/\/bukkleader.hu\/old\/palyazok-figyelmebe-2\/?share=twitter\" target=\"_blank\" title=\"Click to share on Twitter\"><span><\/span><span class=\"sharing-screen-reader-text\">Click to share on Twitter (Opens in new window)<\/span><\/a><\/li><li class=\"share-print\"><a rel=\"nofollow noopener noreferrer\" data-shared=\"\" class=\"share-print sd-button share-icon no-text\" href=\"https:\/\/bukkleader.hu\/old\/palyazok-figyelmebe-2\/\" target=\"_blank\" title=\"Click to print\"><span><\/span><span class=\"sharing-screen-reader-text\">Click to print (Opens in new window)<\/span><\/a><\/li><li class=\"share-email\"><a rel=\"nofollow noopener noreferrer\" data-shared=\"\" class=\"share-email sd-button share-icon no-text\" href=\"https:\/\/bukkleader.hu\/old\/palyazok-figyelmebe-2\/?share=email\" target=\"_blank\" title=\"Click to email this to a friend\"><span><\/span><span class=\"sharing-screen-reader-text\">Click to email this to a friend (Opens in new window)<\/span><\/a><\/li><li class=\"share-end\"><\/li><\/ul><\/div><\/div><\/div>","protected":false},"author":4,"featured_media":1893,"comment_status":"open","ping_status":"closed","sticky":false,"template":"","format":"standard","meta":{"_bbp_topic_count":0,"_bbp_reply_count":0,"_bbp_total_topic_count":0,"_bbp_total_reply_count":0,"_bbp_voice_count":0,"_bbp_anonymous_reply_count":0,"_bbp_topic_count_hidden":0,"_bbp_reply_count_hidden":0,"_bbp_forum_subforum_count":0,"spay_email":"","jetpack_publicize_message":"","jetpack_is_tweetstorm":false,"jetpack_publicize_feature_enabled":true},"categories":[1],"tags":[],"jetpack_featured_media_url":"https:\/\/bukkleader.hu\/old\/wp-content\/uploads\/2018\/12\/szarvaska-2.jpe","jetpack_publicize_connections":[],"jetpack_sharing_enabled":true,"jetpack-related-posts":[{"id":813,"url":"https:\/\/bukkleader.hu\/old\/kerteszet-korszerusitese-palyazat\/","url_meta":{"origin":1892,"position":0},"title":"Kert\u00e9szet korszer\u0171s\u00edt\u00e9se p\u00e1ly\u00e1zat","date":"2016-02-11","format":false,"excerpt":"Kert\u00e9szet Korszer\u0171s\u00edt\u00e9se p\u00e1ly\u00e1zat","rel":"","context":"In &quot;H\u00edreink, k\u00f6zlem\u00e9nyeink&quot;","img":{"alt_text":"","src":"https:\/\/i0.wp.com\/bukkleader.hu\/old\/wp-content\/uploads\/2016\/02\/kert\u00e9szet.jpg?resize=350%2C200&ssl=1","width":350,"height":200},"classes":[]},{"id":1973,"url":"https:\/\/bukkleader.hu\/old\/palyazok-figyelmebe-2019-03-31-en-zarulnak-a-helyi-felhivasokra-a-palyazatok-benyujtasa\/","url_meta":{"origin":1892,"position":1},"title":"P\u00e1ly\u00e1z\u00f3k figyelm\u00e9be! 2019.03.31-\u00e9n z\u00e1rulnak a helyi felh\u00edv\u00e1sokra a p\u00e1ly\u00e1zatok beny\u00fajt\u00e1sa","date":"2019-03-01","format":false,"excerpt":"Tisztelt P\u00e1ly\u00e1z\u00f3k! A B\u00fckk-T\u00e9rs\u00e9gi LEADER Egyes\u00fclet helyi felh\u00edv\u00e1sai 2019. 03. 31-\u00e9n lez\u00e1rulnak. Ezen id\u0151pontig az al\u00e1bbi felh\u00edv\u00e1sokra lehet m\u00e9g p\u00e1ly\u00e1zatot beny\u00fajtani: VP6-19.2.1.-15-1-17 (Leader Tudomka Pont) VP6-19.2.1.-15-2-17 (Leader Tudomka Falu) VP6-19.2.1.-15-3-17 (Leader Tudomka Tematikus K\u00f6zpontok) VP6-19.2.1.-15-5-17 (A m\u00falt-, a jelen \u00e9s a j\u00f6v\u0151 mesters\u00e9geinek fejleszt\u00e9se)) VP6-19.2.1.-15-7-17 (Saj\u00f3-, Hern\u00e1d-v\u00f6lgyi bolg\u00e1rkert\u00e9szet) VP6-19.2.1.-15-8-17 (Temetkez\u00e9si\u2026","rel":"","context":"In &quot;H\u00edreink, k\u00f6zlem\u00e9nyeink&quot;","img":{"alt_text":"","src":"https:\/\/i2.wp.com\/bukkleader.hu\/old\/wp-content\/uploads\/2017\/12\/danger.png?resize=350%2C200&ssl=1","width":350,"height":200},"classes":[]},{"id":285,"url":"https:\/\/bukkleader.hu\/old\/beerkeztek-az-emva-iii-falumegujitas-es-fejlesztes-palyazatok\/","url_meta":{"origin":1892,"position":2},"title":"Be\u00e9rkeztek az EMVA III. Falumeg\u00faj\u00edt\u00e1s \u00e9s \u2013fejleszt\u00e9s p\u00e1ly\u00e1zatok","date":"2012-12-12","format":false,"excerpt":"2012. november 30-i hat\u00e1rid\u0151ig a B\u00fckk-T\u00e9rs\u00e9gi LEADER Egyes\u00fclethez \u00f6sszesen 27 db EMVA III. falumeg\u00faj\u00edt\u00e1s \u00e9s -fejleszt\u00e9si p\u00e1ly\u00e1zat \u00e9rkezett be, mintegy 260 milli\u00f3 Ft-os t\u00e1mogat\u00e1si ig\u00e9nnyel. A p\u00e1ly\u00e1zatok \u00fcgyint\u00e9z\u00e9s\u00e9t a HACS munkat\u00e1rsai megkezdt\u00e9k. A jogc\u00edmben a HACS rendelkez\u00e9s\u00e9re \u00e1ll\u00f3 keret 134 milli\u00f3 Ft, teh\u00e1t - amennyiben tov\u00e1bbi forr\u00e1sok nem szabadulnak fel\u2026","rel":"","context":"In &quot;Eredm\u00e9nyeink&quot;","img":{"alt_text":"boritek-w","src":"https:\/\/i2.wp.com\/bukkleader.hu\/old\/wp-content\/uploads\/2015\/09\/boritek-w.jpg?resize=350%2C200&ssl=1","width":350,"height":200},"classes":[]},{"id":2536,"url":"https:\/\/bukkleader.hu\/old\/tajekoztato-a-veszelyhelyzet-miatt-bekovetkezo-hatranyos-kovetkezmenyek-egyhitese-erdekeben-hozott-intezkedesekrol\/","url_meta":{"origin":1892,"position":3},"title":"T\u00e1j\u00e9koztat\u00f3 a vesz\u00e9lyhelyzet miatt bek\u00f6vetkez\u0151 h\u00e1tr\u00e1nyos k\u00f6vetkezm\u00e9nyek egyh\u00edt\u00e9se \u00e9rdek\u00e9ben hozott int\u00e9zked\u00e9sekr\u0151l","date":"2020-04-22","format":false,"excerpt":"T\u00c1J\u00c9KOZTAT\u00d3 A VESZ\u00c9LYHELYZET MIATT BEK\u00d6VETKEZ\u0150 H\u00c1TR\u00c1NYOS K\u00d6VETKEZM\u00c9NYEK ENYH\u00cdT\u00c9SE \u00c9RDEK\u00c9BEN HOZOTT FEJLESZT\u00c9SPOLTIKAI INT\u00c9ZKED\u00c9SEKR\u0150L AZ EUR\u00d3PAI MEZ\u0150GAZDAS\u00c1GI VID\u00c9KFEJLESZT\u00c9SI ALAPB\u00d3L MEGVAL\u00d3SUL\u00d3 BERUH\u00c1Z\u00c1SI T\u00cdPUS\u00da PROJEKTEK KAPCS\u00c1N Tisztelt T\u00e1mogat\u00e1st Ig\u00e9nyl\u0151 \u00e9s Kedvezm\u00e9nyezett! A koronav\u00edrus-j\u00e1rv\u00e1ny okozta vesz\u00e9lyhelyzet megnehez\u00edti a projektek v\u00e9grehajt\u00e1s\u00e1t, sok esetben a t\u00e1mogat\u00e1si szerz\u0151d\u00e9sben v\u00e1llalt k\u00f6telezetts\u00e9gek nem teljes\u00edthet\u0151ek. Az Innov\u00e1ci\u00f3s \u00e9s Technol\u00f3giai Miniszt\u00e9rium a\u2026","rel":"","context":"In &quot;H\u00edreink, k\u00f6zlem\u00e9nyeink&quot;","img":{"alt_text":"magyar-cimer","src":"https:\/\/i0.wp.com\/bukkleader.hu\/old\/wp-content\/uploads\/2015\/09\/magyar-cimer.jpg?resize=350%2C200&ssl=1","width":350,"height":200},"classes":[]},{"id":1676,"url":"https:\/\/bukkleader.hu\/old\/palyazok-figyelmebe-helyi-tamogatasi-kerelem-benyujtasanak-felfuggesztese\/","url_meta":{"origin":1892,"position":4},"title":"P\u00e1ly\u00e1z\u00f3k figyelm\u00e9be!  Helyi t\u00e1mogat\u00e1si k\u00e9relem beny\u00fajt\u00e1s\u00e1nak felf\u00fcggeszt\u00e9se!","date":"2018-03-31","format":false,"excerpt":"P\u00e1ly\u00e1z\u00f3k figyelm\u00e9be! Helyi t\u00e1mogat\u00e1si k\u00e9relem beny\u00fajt\u00e1s\u00e1nak felf\u00fcggeszt\u00e9se! T\u00e1j\u00e9koztatjuk\u00a0Tisztelt P\u00e1ly\u00e1z\u00f3inkat, hogy a Temetkez\u00e9si hagyom\u00e1nyok \u00e1pol\u00e1sa (VP6-19.2.1.-15-8-17) elnevez\u00e9s\u0171 t\u00e1mogat\u00e1si k\u00e9relmek tov\u00e1bbi beny\u00fajt\u00e1s\u00e1t\u00a02018. 04. 01-\u00e9n\u00a0felf\u00fcggesztj\u00fck! Indoka, hogy az els\u0151 p\u00e1ly\u00e1zati szakasz z\u00e1r\u00e1sakor az ig\u00e9nyelt t\u00e1mogat\u00e1sok \u00f6sszege meghaladja a 200%-ot. \u00a0 \u00a0 \u00a0 \u00a0","rel":"","context":"In &quot;H\u00edreink, k\u00f6zlem\u00e9nyeink&quot;","img":{"alt_text":"","src":"https:\/\/i2.wp.com\/bukkleader.hu\/old\/wp-content\/uploads\/2017\/12\/danger.png?resize=350%2C200&ssl=1","width":350,"height":200},"classes":[]},{"id":133,"url":"https:\/\/bukkleader.hu\/old\/nyertes-palyazoink-2008-2014-es-idoszakban\/","url_meta":{"origin":1892,"position":5},"title":"Nyertes p\u00e1ly\u00e1z\u00f3ink 2008 -2014-es id\u0151szakban","date":"2015-01-02","format":false,"excerpt":"\u00d6sszes\u00edt\u00e9s a B\u00fckk-Miskolc t\u00e9rs\u00e9gi LEADER helyi akci\u00f3csoport (HACS) ter\u00fclet\u00e9n t\u00e1mogatott EMVA III-IV. projektekr\u0151l.","rel":"","context":"In &quot;Nyertes p\u00e1ly\u00e1z\u00f3ink&quot;","img":{"alt_text":"","src":"","width":0,"height":0},"classes":[]}],"_links":{"self":[{"href":"https:\/\/bukkleader.hu\/old\/wp-json\/wp\/v2\/posts\/1892"}],"collection":[{"href":"https:\/\/bukkleader.hu\/old\/wp-json\/wp\/v2\/posts"}],"about":[{"href":"https:\/\/bukkleader.hu\/old\/wp-json\/wp\/v2\/types\/post"}],"author":[{"embeddable":true,"href":"https:\/\/bukkleader.hu\/old\/wp-json\/wp\/v2\/users\/4"}],"replies":[{"embeddable":true,"href":"https:\/\/bukkleader.hu\/old\/wp-json\/wp\/v2\/comments?post=1892"}],"version-history":[{"count":1,"href":"https:\/\/bukkleader.hu\/old\/wp-json\/wp\/v2\/posts\/1892\/revisions"}],"predecessor-version":[{"id":1894,"href":"https:\/\/bukkleader.hu\/old\/wp-json\/wp\/v2\/posts\/1892\/revisions\/1894"}],"wp:featuredmedia":[{"embeddable":true,"href":"https:\/\/bukkleader.hu\/old\/wp-json\/wp\/v2\/media\/1893"}],"wp:attachment":[{"href":"https:\/\/bukkleader.hu\/old\/wp-json\/wp\/v2\/media?parent=1892"}],"wp:term":[{"taxonomy":"category","embeddable":true,"href":"https:\/\/bukkleader.hu\/old\/wp-json\/wp\/v2\/categories?post=1892"},{"taxonomy":"post_tag","embeddable":true,"href":"https:\/\/bukkleader.hu\/old\/wp-json\/wp\/v2\/tags?post=1892"}],"curies":[{"name":"wp","href":"https:\/\/api.w.org\/{rel}","templated":true}]}}