{"id":180,"date":"2012-06-09T14:04:30","date_gmt":"2012-06-09T12:04:30","guid":{"rendered":"https:\/\/bukkleader.hu\/old\/new\/?p=180"},"modified":"2015-09-23T08:34:05","modified_gmt":"2015-09-23T06:34:05","slug":"nagyobb-szerepet-kinal-az-eu-a-helyi-kozossegeknek","status":"publish","type":"post","link":"https:\/\/bukkleader.hu\/old\/nagyobb-szerepet-kinal-az-eu-a-helyi-kozossegeknek\/","title":{"rendered":"Nagyobb szerepet k\u00edn\u00e1l az EU a Helyi K\u00f6z\u00f6ss\u00e9geknek"},"content":{"rendered":"<p style=\"text-align: justify;\">A k\u00f6z\u00f6ss\u00e9gi alap\u00fa helyi fejleszt\u00e9sek szerep\u00e9r\u0151l \u00e9s az Eur\u00f3pai Uni\u00f3 LEADER programj\u00e1nak j\u00f6v\u0151j\u00e9r\u0151l szervezett nemzetk\u00f6zi konferenci\u00e1t a Magyar Nemzeti Vid\u00e9ki H\u00e1l\u00f3zat, amelyet m\u00e1r a <strong class=\"style212\">2014-t\u0151l kezd\u0151d\u0151 h\u00e9t\u00e9ves id\u0151szakra val\u00f3 felk\u00e9sz\u00fcl\u00e9s jegy\u00e9ben tartottak<\/strong>.<br \/> <a href=\"http:\/\/www.umvp.eu\/?q=hirek\/nagyobb-szerepet-kinal-az-eu-a-helyi-kozossegeknek\" target=\"_blank\">Tov\u00e1bb a teljes cikkhez a www.umvp.eu weboldalra &gt;&gt;<\/a><\/p>\n<div class=\"sharedaddy sd-sharing-enabled\"><div class=\"robots-nocontent sd-block sd-social sd-social-icon sd-sharing\"><h3 class=\"sd-title\">Share this:<\/h3><div class=\"sd-content\"><ul><li class=\"share-facebook\"><a rel=\"nofollow noopener noreferrer\" data-shared=\"sharing-facebook-180\" class=\"share-facebook sd-button share-icon no-text\" href=\"https:\/\/bukkleader.hu\/old\/nagyobb-szerepet-kinal-az-eu-a-helyi-kozossegeknek\/?share=facebook\" target=\"_blank\" title=\"Click to share on Facebook\"><span><\/span><span class=\"sharing-screen-reader-text\">Click to share on Facebook (Opens in new window)<\/span><\/a><\/li><li class=\"share-twitter\"><a rel=\"nofollow noopener noreferrer\" data-shared=\"sharing-twitter-180\" class=\"share-twitter sd-button share-icon no-text\" href=\"https:\/\/bukkleader.hu\/old\/nagyobb-szerepet-kinal-az-eu-a-helyi-kozossegeknek\/?share=twitter\" target=\"_blank\" title=\"Click to share on Twitter\"><span><\/span><span class=\"sharing-screen-reader-text\">Click to share on Twitter (Opens in new window)<\/span><\/a><\/li><li class=\"share-print\"><a rel=\"nofollow noopener noreferrer\" data-shared=\"\" class=\"share-print sd-button share-icon no-text\" href=\"https:\/\/bukkleader.hu\/old\/nagyobb-szerepet-kinal-az-eu-a-helyi-kozossegeknek\/\" target=\"_blank\" title=\"Click to print\"><span><\/span><span class=\"sharing-screen-reader-text\">Click to print (Opens in new window)<\/span><\/a><\/li><li class=\"share-email\"><a rel=\"nofollow noopener noreferrer\" data-shared=\"\" class=\"share-email sd-button share-icon no-text\" href=\"https:\/\/bukkleader.hu\/old\/nagyobb-szerepet-kinal-az-eu-a-helyi-kozossegeknek\/?share=email\" target=\"_blank\" title=\"Click to email this to a friend\"><span><\/span><span class=\"sharing-screen-reader-text\">Click to email this to a friend (Opens in new window)<\/span><\/a><\/li><li class=\"share-end\"><\/li><\/ul><\/div><\/div><\/div>","protected":false},"excerpt":{"rendered":"<p>A k\u00f6z\u00f6ss\u00e9gi alap\u00fa helyi fejleszt\u00e9sek szerep\u00e9r\u0151l \u00e9s az Eur\u00f3pai Uni\u00f3 LEADER programj\u00e1nak j\u00f6v\u0151j\u00e9r\u0151l szervezett nemzetk\u00f6zi konferenci\u00e1t a Magyar Nemzeti Vid\u00e9ki H\u00e1l\u00f3zat, amelyet m\u00e1r a 2014-t\u0151l kezd\u0151d\u0151 h\u00e9t\u00e9ves id\u0151szakra val\u00f3 felk\u00e9sz\u00fcl\u00e9s jegy\u00e9ben tartottak. Tov\u00e1bb a teljes cikkhez a www.umvp.eu weboldalra &gt;&gt;<\/p>\n<div class=\"sharedaddy sd-sharing-enabled\"><div class=\"robots-nocontent sd-block sd-social sd-social-icon sd-sharing\"><h3 class=\"sd-title\">Share this:<\/h3><div class=\"sd-content\"><ul><li class=\"share-facebook\"><a rel=\"nofollow noopener noreferrer\" data-shared=\"sharing-facebook-180\" class=\"share-facebook sd-button share-icon no-text\" href=\"https:\/\/bukkleader.hu\/old\/nagyobb-szerepet-kinal-az-eu-a-helyi-kozossegeknek\/?share=facebook\" target=\"_blank\" title=\"Click to share on Facebook\"><span><\/span><span class=\"sharing-screen-reader-text\">Click to share on Facebook (Opens in new window)<\/span><\/a><\/li><li class=\"share-twitter\"><a rel=\"nofollow noopener noreferrer\" data-shared=\"sharing-twitter-180\" class=\"share-twitter sd-button share-icon no-text\" href=\"https:\/\/bukkleader.hu\/old\/nagyobb-szerepet-kinal-az-eu-a-helyi-kozossegeknek\/?share=twitter\" target=\"_blank\" title=\"Click to share on Twitter\"><span><\/span><span class=\"sharing-screen-reader-text\">Click to share on Twitter (Opens in new window)<\/span><\/a><\/li><li class=\"share-print\"><a rel=\"nofollow noopener noreferrer\" data-shared=\"\" class=\"share-print sd-button share-icon no-text\" href=\"https:\/\/bukkleader.hu\/old\/nagyobb-szerepet-kinal-az-eu-a-helyi-kozossegeknek\/\" target=\"_blank\" title=\"Click to print\"><span><\/span><span class=\"sharing-screen-reader-text\">Click to print (Opens in new window)<\/span><\/a><\/li><li class=\"share-email\"><a rel=\"nofollow noopener noreferrer\" data-shared=\"\" class=\"share-email sd-button share-icon no-text\" href=\"https:\/\/bukkleader.hu\/old\/nagyobb-szerepet-kinal-az-eu-a-helyi-kozossegeknek\/?share=email\" target=\"_blank\" title=\"Click to email this to a friend\"><span><\/span><span class=\"sharing-screen-reader-text\">Click to email this to a friend (Opens in new window)<\/span><\/a><\/li><li class=\"share-end\"><\/li><\/ul><\/div><\/div><\/div>","protected":false},"author":1,"featured_media":228,"comment_status":"open","ping_status":"closed","sticky":false,"template":"","format":"standard","meta":{"_bbp_topic_count":0,"_bbp_reply_count":0,"_bbp_total_topic_count":0,"_bbp_total_reply_count":0,"_bbp_voice_count":0,"_bbp_anonymous_reply_count":0,"_bbp_topic_count_hidden":0,"_bbp_reply_count_hidden":0,"_bbp_forum_subforum_count":0,"spay_email":"","jetpack_publicize_message":"","jetpack_is_tweetstorm":false,"jetpack_publicize_feature_enabled":true},"categories":[6,1],"tags":[],"jetpack_featured_media_url":"https:\/\/bukkleader.hu\/old\/wp-content\/uploads\/2012\/06\/eu-zaszlo384w.jpg","jetpack_publicize_connections":[],"jetpack_sharing_enabled":true,"jetpack-related-posts":[{"id":251,"url":"https:\/\/bukkleader.hu\/old\/kozponti-szerepet-kap-a-leader-szemleletmod\/","url_meta":{"origin":180,"position":0},"title":"K\u00f6zponti szerepet kap a LEADER szeml\u00e9letm\u00f3d","date":"2012-09-23","format":false,"excerpt":"K\u00f6zponti szerepet kap a 2014-2020-as tervez\u00e9sben a LEADER szeml\u00e9letm\u00f3d\u201eAz elm\u00falt 20 \u00e9v sor\u00e1n hat\u00e9kony \u00e9s eredm\u00e9nyes eszk\u00f6znek bizonyult a fejleszt\u00e9spolitik\u00e1k megval\u00f3\u00ads\u00edt\u00e1s\u00e1ban a k\u00f6z\u00f6ss\u00e9g \u00e1ltal ir\u00e1ny\u00edtott helyi fejleszt\u00e9s (CLLD) LEADER szeml\u00e9letm\u00f3dja [\u2026] A k\u00f6z\u00f6ss\u00e9g \u00e1ltal ir\u00e1ny\u00edtott helyi fejleszt\u00e9sr\u0151l sz\u00f3l\u00f3 rendelettervezet (28-31. cikk) (4) a LEADER szem\u00adl\u00e9letm\u00f3dj\u00e1n alapul, \u00e9s \u00e9rinti a K\u00f6z\u00f6s\u2026","rel":"","context":"In &quot;H\u00edreink, k\u00f6zlem\u00e9nyeink&quot;","img":{"alt_text":"","src":"","width":0,"height":0},"classes":[]},{"id":392,"url":"https:\/\/bukkleader.hu\/old\/kozossegi-animator-kepzes-indul\/","url_meta":{"origin":180,"position":1},"title":"K\u00f6z\u00f6ss\u00e9gi anim\u00e1tor k\u00e9pz\u00e9s indul","date":"2014-07-03","format":false,"excerpt":"A Nemzeti Agr\u00e1rszaktan\u00e1csad\u00e1si, K\u00e9pz\u00e9si \u00e9s Vid\u00e9kfejleszt\u00e9si Int\u00e9zet (NAKVI) helyi k\u00f6z\u00f6ss\u00e9g- \u00e9s vid\u00e9kfejleszt\u0151 szakemberek,az \u00fajonnan l\u00e9trej\u00f6v\u0151 t\u00f6bbfunkci\u00f3s szolg\u00e1ltat\u00f3 k\u00f6zpontok, illetve az Integr\u00e1lt K\u00f6z\u00f6ss\u00e9gi \u00e9s Szolg\u00e1ltat\u00f3 Terek (IKSZT-k) munkat\u00e1rsai r\u00e9sz\u00e9re akkredit\u00e1lt 40 \u00f3r\u00e1s k\u00f6z\u00f6ss\u00e9gi anim\u00e1tor k\u00e9pz\u00e9st ind\u00edt 2014. j\u00falius-augusztus h\u00f3nap folyam\u00e1n.Tov\u00e1bbi inform\u00e1ci\u00f3k az umvp.eu weboldalon>>","rel":"","context":"In &quot;H\u00edreink, k\u00f6zlem\u00e9nyeink&quot;","img":{"alt_text":"ikszt.logo","src":"https:\/\/i2.wp.com\/bukkleader.hu\/old\/wp-content\/uploads\/2015\/09\/ikszt.logo_1.jpg?resize=350%2C200&ssl=1","width":350,"height":200},"classes":[]},{"id":176,"url":"https:\/\/bukkleader.hu\/old\/uj-leader-helyi-akciocsoport-alakitasa\/","url_meta":{"origin":180,"position":2},"title":"\u00daj LEADER Helyi Akci\u00f3csoport alak\u00edt\u00e1sa","date":"2012-06-09","format":false,"excerpt":"A B\u00fckk-Miskolc T\u00e9rs\u00e9gi vid\u00e9kfejleszt\u00e9si k\u00f6z\u00f6ss\u00e9g \u00faj LEADER Helyi Akci\u00f3csoportot alak\u00edtottAz 54\/2011. VM rendelet szerint \u201e2012. \u00e1prilis 30-\u00e1t k\u00f6vet\u0151en LEADER HACS c\u00edmmel kiz\u00e1r\u00f3lag egyes\u00fclet rendelkezhet, illetve e c\u00edmet csak egyes\u00fclet nyerheti el.\u201d A nagy sikereket el\u00e9rt B\u00dcKK-MAK LEADER vid\u00e9kfejleszt\u00e9si k\u00f6z\u00f6ss\u00e9g a tov\u00e1bbi - a 2012-2015. id\u0151szakban p\u00e1ly\u00e1zhat\u00f3 - vid\u00e9kfejleszt\u00e9si forr\u00e1sok megszerz\u00e9se\u2026","rel":"","context":"In &quot;Eredm\u00e9nyeink&quot;","img":{"alt_text":"z\u00f6ld pipa","src":"https:\/\/i2.wp.com\/bukkleader.hu\/old\/wp-content\/uploads\/2012\/06\/zold-pipa384w.jpg?resize=350%2C200&ssl=1","width":350,"height":200},"classes":[]},{"id":878,"url":"https:\/\/bukkleader.hu\/old\/878-2\/","url_meta":{"origin":180,"position":3},"title":"Elfogadta a K\u00f6zgy\u0171l\u00e9s a B\u00fckk-T\u00e9rs\u00e9gi LEADER Vid\u00e9kfejleszt\u00e9si K\u00f6z\u00f6ss\u00e9g Helyi Fejleszt\u00e9si Strat\u00e9gi\u00e1j\u00e1nak tervezet\u00e9t","date":"2016-03-04","format":false,"excerpt":"Elfogadta a K\u00f6zgy\u0171l\u00e9s a B\u00fckk-T\u00e9rs\u00e9gi LEADER Vid\u00e9kfejleszt\u00e9si K\u00f6z\u00f6ss\u00e9g Helyi Fejleszt\u00e9si Strat\u00e9gi\u00e1j\u00e1nak tervezet\u00e9tA 2016. 03. 02.-i \u00fcl\u00e9sen elfogadta a K\u00f6zgy\u0171l\u00e9s a HFS tervezet\u00e9t. A tervezetet a munkaszervezet 2016. 03.04.-\u00e9n\u00a0 megk\u00fcldte az Ir\u00e1ny\u00edt\u00f3 Hat\u00f3s\u00e1gnak \u00e9rt\u00e9kel\u00e9sre.A HFS tervezett itt olvashat\u00f3 >>\u00a0BTLE_HFS_tervezet","rel":"","context":"In &quot;H\u00edreink, k\u00f6zlem\u00e9nyeink&quot;","img":{"alt_text":"","src":"https:\/\/i2.wp.com\/bukkleader.hu\/old\/wp-content\/uploads\/2016\/03\/HFS-elfogad\u00e1s-k\u00f6zgy\u0171l\u00e9s-2.jpg?resize=350%2C200&ssl=1","width":350,"height":200},"classes":[]},{"id":340,"url":"https:\/\/bukkleader.hu\/old\/ujra-leader-palyazati-idoszak\/","url_meta":{"origin":180,"position":4},"title":"\u00daJRA LEADER P\u00c1LY\u00c1ZATI ID\u0150SZAK!","date":"2013-09-24","format":false,"excerpt":"FIGYELEM! A VID\u00c9KFEJLESZT\u00c9SI MINISZT\u00c9RIUM T\u00daLIG\u00c9NYL\u00c9S MIATT ISM\u00c9TELTEN FELF\u00dcGGESZTETTE A LEADER P\u00c1LY\u00c1ZATOK BENY\u00daJT\u00c1S\u00c1T A SZOLG\u00c1LTAT\u00c1SFEJLESZT\u00c9S KATEG\u00d3RI\u00c1BAN.A VID\u00c9KFEJLESZT\u00c9SI MINISZT\u00c9RIUM (VM), MINT AZ EMVA IR\u00c1NY\u00cdT\u00d3 HAT\u00d3S\u00c1G\u00c1NAK 240\/2013. (IX. 23.) SZ\u00c1M\u00da K\u00d6ZLEM\u00c9NYE SZERINT 2013.09.24-\u00c9N REGGEL 08:00 \u00d3R\u00c1T\u00d3L \u00daJRA LEHET P\u00c1LY\u00c1ZATOT BENY\u00daJTANI A LEADER INT\u00c9ZKED\u00c9SEINK MEGVAL\u00d3S\u00cdT\u00c1S\u00c1RA, SZOLG\u00c1LTAT\u00c1SFEJLESZT\u00c9S PROJEKT KATEG\u00d3RI\u00c1BAN.A HACS az el\u0151p\u00e1ly\u00e1zati szakaszban szolg\u00e1ltat\u00e1sfejleszt\u00e9snek tekintette\u2026","rel":"","context":"In &quot;H\u00edreink, k\u00f6zlem\u00e9nyeink&quot;","img":{"alt_text":"bukk-leader-logo-w","src":"https:\/\/i2.wp.com\/bukkleader.hu\/old\/wp-content\/uploads\/2015\/09\/bukk-leader-logo-w.jpg?resize=350%2C200&ssl=1","width":350,"height":200},"classes":[]},{"id":1292,"url":"https:\/\/bukkleader.hu\/old\/fokuszban-jo-gyakorlatok\/","url_meta":{"origin":180,"position":5},"title":"F\u00f3kuszban a j\u00f3 gyakorlatok","date":"2017-03-03","format":false,"excerpt":"A REBUS Helyi Akci\u00f3tervez\u0151 Csoport 2. M\u0171helymunk\u00e1j\u00e1hoz kapcsol\u00f3d\u00f3 m\u00e9dia anyag\u00a0let\u00f6lthet\u0151 itt >>\u00a0 A hosszabb verzi\u00f3 \u00e9s az angol nyelv\u0171 r\u00f6vid \u00f6sszefoglal\u00f3 a Borsod-Aba\u00faj-Zempl\u00e9n Megyei Fejleszt\u00e9si \u00dcgyn\u00f6ks\u00e9g \u00e9s a REBUS project facebook oldalain m\u00e1r megoszt\u00e1sra ker\u00fclt. A REBUS Helyi Akci\u00f3tervez\u0151 Csoport munk\u00e1j\u00e1ban r\u00e9szt vesz a B\u00fckk \u2013 T\u00e9rs\u00e9gi LEADER vid\u00e9kfejleszt\u00e9si k\u00f6z\u00f6ss\u00e9g\u00fcnk.\u2026","rel":"","context":"In &quot;H\u00edreink, k\u00f6zlem\u00e9nyeink&quot;","img":{"alt_text":"","src":"https:\/\/i0.wp.com\/bukkleader.hu\/old\/wp-content\/uploads\/2017\/03\/REBUS.png?resize=350%2C200&ssl=1","width":350,"height":200},"classes":[]}],"_links":{"self":[{"href":"https:\/\/bukkleader.hu\/old\/wp-json\/wp\/v2\/posts\/180"}],"collection":[{"href":"https:\/\/bukkleader.hu\/old\/wp-json\/wp\/v2\/posts"}],"about":[{"href":"https:\/\/bukkleader.hu\/old\/wp-json\/wp\/v2\/types\/post"}],"author":[{"embeddable":true,"href":"https:\/\/bukkleader.hu\/old\/wp-json\/wp\/v2\/users\/1"}],"replies":[{"embeddable":true,"href":"https:\/\/bukkleader.hu\/old\/wp-json\/wp\/v2\/comments?post=180"}],"version-history":[{"count":1,"href":"https:\/\/bukkleader.hu\/old\/wp-json\/wp\/v2\/posts\/180\/revisions"}],"predecessor-version":[{"id":181,"href":"https:\/\/bukkleader.hu\/old\/wp-json\/wp\/v2\/posts\/180\/revisions\/181"}],"wp:featuredmedia":[{"embeddable":true,"href":"https:\/\/bukkleader.hu\/old\/wp-json\/wp\/v2\/media\/228"}],"wp:attachment":[{"href":"https:\/\/bukkleader.hu\/old\/wp-json\/wp\/v2\/media?parent=180"}],"wp:term":[{"taxonomy":"category","embeddable":true,"href":"https:\/\/bukkleader.hu\/old\/wp-json\/wp\/v2\/categories?post=180"},{"taxonomy":"post_tag","embeddable":true,"href":"https:\/\/bukkleader.hu\/old\/wp-json\/wp\/v2\/tags?post=180"}],"curies":[{"name":"wp","href":"https:\/\/api.w.org\/{rel}","templated":true}]}}