{"id":1794,"date":"2018-09-17T14:49:51","date_gmt":"2018-09-17T12:49:51","guid":{"rendered":"https:\/\/bukkleader.hu\/old\/?p=1794"},"modified":"2018-09-17T14:50:57","modified_gmt":"2018-09-17T12:50:57","slug":"tisztelt-palyazok-a-temetkezesi-hagyomanyok-apolasa-fejlesztese-vp6-19-2-1-15-8-17-helyi-felhivasra-2018-10-01-tol-ujra-lehet-palyazatot-benyujtani","status":"publish","type":"post","link":"https:\/\/bukkleader.hu\/old\/tisztelt-palyazok-a-temetkezesi-hagyomanyok-apolasa-fejlesztese-vp6-19-2-1-15-8-17-helyi-felhivasra-2018-10-01-tol-ujra-lehet-palyazatot-benyujtani\/","title":{"rendered":"Tisztelt P\u00e1ly\u00e1z\u00f3k!  A TEMETKEZ\u00c9SI HAGYOM\u00c1NYOK \u00c1POL\u00c1SA, FEJLESZT\u00c9SE (VP6-19.2.1.-15-8-17) helyi felh\u00edv\u00e1sra 2018. 10. 01-t\u0151l \u00fajra lehet p\u00e1ly\u00e1zatot beny\u00fajtani!"},"content":{"rendered":"<p style=\"font-weight: 400;\"><strong>Tisztelt P\u00e1ly\u00e1z\u00f3k!<\/strong><\/p>\n<p style=\"font-weight: 400;\"><strong>Felh\u00edvjuk figyelm\u00fcket, hogy &#8220;A TEMETKEZ\u00c9SI HAGYOM\u00c1NYOK \u00c1POL\u00c1SA, FEJLESZT\u00c9SE&#8221; <\/strong><\/p>\n<p style=\"font-weight: 400;\"><strong>(VP6-19.2.1.-15-8-17) helyi felh\u00edv\u00e1sra 2018. 10. 01-t\u0151l\u00a0<\/strong><strong>\u00fajra lehet p\u00e1ly\u00e1zatot beny\u00fajtani!<\/strong><\/p>\n<div class=\"sharedaddy sd-sharing-enabled\"><div class=\"robots-nocontent sd-block sd-social sd-social-icon sd-sharing\"><h3 class=\"sd-title\">Share this:<\/h3><div class=\"sd-content\"><ul><li class=\"share-facebook\"><a rel=\"nofollow noopener noreferrer\" data-shared=\"sharing-facebook-1794\" class=\"share-facebook sd-button share-icon no-text\" href=\"https:\/\/bukkleader.hu\/old\/tisztelt-palyazok-a-temetkezesi-hagyomanyok-apolasa-fejlesztese-vp6-19-2-1-15-8-17-helyi-felhivasra-2018-10-01-tol-ujra-lehet-palyazatot-benyujtani\/?share=facebook\" target=\"_blank\" title=\"Click to share on Facebook\"><span><\/span><span class=\"sharing-screen-reader-text\">Click to share on Facebook (Opens in new window)<\/span><\/a><\/li><li class=\"share-twitter\"><a rel=\"nofollow noopener noreferrer\" data-shared=\"sharing-twitter-1794\" class=\"share-twitter sd-button share-icon no-text\" href=\"https:\/\/bukkleader.hu\/old\/tisztelt-palyazok-a-temetkezesi-hagyomanyok-apolasa-fejlesztese-vp6-19-2-1-15-8-17-helyi-felhivasra-2018-10-01-tol-ujra-lehet-palyazatot-benyujtani\/?share=twitter\" target=\"_blank\" title=\"Click to share on Twitter\"><span><\/span><span class=\"sharing-screen-reader-text\">Click to share on Twitter (Opens in new window)<\/span><\/a><\/li><li class=\"share-print\"><a rel=\"nofollow noopener noreferrer\" data-shared=\"\" class=\"share-print sd-button share-icon no-text\" href=\"https:\/\/bukkleader.hu\/old\/tisztelt-palyazok-a-temetkezesi-hagyomanyok-apolasa-fejlesztese-vp6-19-2-1-15-8-17-helyi-felhivasra-2018-10-01-tol-ujra-lehet-palyazatot-benyujtani\/\" target=\"_blank\" title=\"Click to print\"><span><\/span><span class=\"sharing-screen-reader-text\">Click to print (Opens in new window)<\/span><\/a><\/li><li class=\"share-email\"><a rel=\"nofollow noopener noreferrer\" data-shared=\"\" class=\"share-email sd-button share-icon no-text\" href=\"https:\/\/bukkleader.hu\/old\/tisztelt-palyazok-a-temetkezesi-hagyomanyok-apolasa-fejlesztese-vp6-19-2-1-15-8-17-helyi-felhivasra-2018-10-01-tol-ujra-lehet-palyazatot-benyujtani\/?share=email\" target=\"_blank\" title=\"Click to email this to a friend\"><span><\/span><span class=\"sharing-screen-reader-text\">Click to email this to a friend (Opens in new window)<\/span><\/a><\/li><li class=\"share-end\"><\/li><\/ul><\/div><\/div><\/div>","protected":false},"excerpt":{"rendered":"<p>Tisztelt P\u00e1ly\u00e1z\u00f3k! Felh\u00edvjuk figyelm\u00fcket, hogy &#8220;A TEMETKEZ\u00c9SI HAGYOM\u00c1NYOK \u00c1POL\u00c1SA, FEJLESZT\u00c9SE&#8221; (VP6-19.2.1.-15-8-17) helyi felh\u00edv\u00e1sra 2018. 10. 01-t\u0151l\u00a0\u00fajra lehet p\u00e1ly\u00e1zatot beny\u00fajtani!<\/p>\n<div class=\"sharedaddy sd-sharing-enabled\"><div class=\"robots-nocontent sd-block sd-social sd-social-icon sd-sharing\"><h3 class=\"sd-title\">Share this:<\/h3><div class=\"sd-content\"><ul><li class=\"share-facebook\"><a rel=\"nofollow noopener noreferrer\" data-shared=\"sharing-facebook-1794\" class=\"share-facebook sd-button share-icon no-text\" href=\"https:\/\/bukkleader.hu\/old\/tisztelt-palyazok-a-temetkezesi-hagyomanyok-apolasa-fejlesztese-vp6-19-2-1-15-8-17-helyi-felhivasra-2018-10-01-tol-ujra-lehet-palyazatot-benyujtani\/?share=facebook\" target=\"_blank\" title=\"Click to share on Facebook\"><span><\/span><span class=\"sharing-screen-reader-text\">Click to share on Facebook (Opens in new window)<\/span><\/a><\/li><li class=\"share-twitter\"><a rel=\"nofollow noopener noreferrer\" data-shared=\"sharing-twitter-1794\" class=\"share-twitter sd-button share-icon no-text\" href=\"https:\/\/bukkleader.hu\/old\/tisztelt-palyazok-a-temetkezesi-hagyomanyok-apolasa-fejlesztese-vp6-19-2-1-15-8-17-helyi-felhivasra-2018-10-01-tol-ujra-lehet-palyazatot-benyujtani\/?share=twitter\" target=\"_blank\" title=\"Click to share on Twitter\"><span><\/span><span class=\"sharing-screen-reader-text\">Click to share on Twitter (Opens in new window)<\/span><\/a><\/li><li class=\"share-print\"><a rel=\"nofollow noopener noreferrer\" data-shared=\"\" class=\"share-print sd-button share-icon no-text\" href=\"https:\/\/bukkleader.hu\/old\/tisztelt-palyazok-a-temetkezesi-hagyomanyok-apolasa-fejlesztese-vp6-19-2-1-15-8-17-helyi-felhivasra-2018-10-01-tol-ujra-lehet-palyazatot-benyujtani\/\" target=\"_blank\" title=\"Click to print\"><span><\/span><span class=\"sharing-screen-reader-text\">Click to print (Opens in new window)<\/span><\/a><\/li><li class=\"share-email\"><a rel=\"nofollow noopener noreferrer\" data-shared=\"\" class=\"share-email sd-button share-icon no-text\" href=\"https:\/\/bukkleader.hu\/old\/tisztelt-palyazok-a-temetkezesi-hagyomanyok-apolasa-fejlesztese-vp6-19-2-1-15-8-17-helyi-felhivasra-2018-10-01-tol-ujra-lehet-palyazatot-benyujtani\/?share=email\" target=\"_blank\" title=\"Click to email this to a friend\"><span><\/span><span class=\"sharing-screen-reader-text\">Click to email this to a friend (Opens in new window)<\/span><\/a><\/li><li class=\"share-end\"><\/li><\/ul><\/div><\/div><\/div>","protected":false},"author":4,"featured_media":1775,"comment_status":"open","ping_status":"closed","sticky":false,"template":"","format":"standard","meta":{"_bbp_topic_count":0,"_bbp_reply_count":0,"_bbp_total_topic_count":0,"_bbp_total_reply_count":0,"_bbp_voice_count":0,"_bbp_anonymous_reply_count":0,"_bbp_topic_count_hidden":0,"_bbp_reply_count_hidden":0,"_bbp_forum_subforum_count":0,"spay_email":"","jetpack_publicize_message":"","jetpack_is_tweetstorm":false,"jetpack_publicize_feature_enabled":true},"categories":[1],"tags":[],"jetpack_featured_media_url":"https:\/\/bukkleader.hu\/old\/wp-content\/uploads\/2018\/08\/p\u00e1ly\u00e1zati-felh\u00edv\u00e1s.jpg","jetpack_publicize_connections":[],"jetpack_sharing_enabled":true,"jetpack-related-posts":[{"id":1900,"url":"https:\/\/bukkleader.hu\/old\/tisztelt-palyazok-valtozas-a-helyi-palyazati-felhivasok-benyujtasanak-hataridejeben\/","url_meta":{"origin":1794,"position":0},"title":"Tisztelt P\u00e1ly\u00e1z\u00f3k! V\u00e1ltoz\u00e1s a helyi p\u00e1ly\u00e1zati felh\u00edv\u00e1sok beny\u00fajt\u00e1s\u00e1nak hat\u00e1ridej\u00e9ben!","date":"2018-12-13","format":false,"excerpt":"Tisztelt P\u00e1ly\u00e1z\u00f3k! V\u00e1ltoz\u00e1s a helyi p\u00e1ly\u00e1zati felh\u00edv\u00e1sok beny\u00fajt\u00e1s\u00e1nak hat\u00e1ridej\u00e9ben! A B\u00fckk-T\u00e9rs\u00e9gi LEADER Egyes\u00fclet helyi felh\u00edv\u00e1sai 2018. 12. 11-t\u0151l, az al\u00e1bbiak szerint m\u00f3dosultak: \u00a0\u00a0\u00a0 VP6-19.2.1.-15-1-17 (Leader Tudomka Pont) \u00a0\u00a0\u00a0\u00a0VP6-19.2.1.-15-2-17 (Leader Tudomka Falu) \u00a0\u00a0\u00a0\u00a0VP6-19.2.1.-15-3-17 (Leader Tudomka Tematikus K\u00f6zpontok) \u00a0\u00a0\u00a0\u00a0VP6-19.2.1.-15-5-17 (A m\u00falt-, a jelen \u00e9s a j\u00f6v\u0151 mesters\u00e9geinek fejleszt\u00e9se)) \u00a0\u00a0\u00a0\u00a0VP6-19.2.1.-15-7-17 (Saj\u00f3-, hern\u00e1d-v\u00f6lgyi bolg\u00e1rkert\u00e9szet)\u2026","rel":"","context":"In &quot;H\u00edreink, k\u00f6zlem\u00e9nyeink&quot;","img":{"alt_text":"","src":"https:\/\/i0.wp.com\/bukkleader.hu\/old\/wp-content\/uploads\/2018\/12\/hat\u00e1rid\u0151-modos\u00edt\u00e1s-2.jpg?resize=350%2C200&ssl=1","width":350,"height":200},"classes":[]},{"id":1559,"url":"https:\/\/bukkleader.hu\/old\/palyazok-figyelmebe\/","url_meta":{"origin":1794,"position":1},"title":"P\u00e1ly\u00e1z\u00f3k figyelm\u00e9be!","date":"2018-02-02","format":false,"excerpt":"Tisztelt P\u00e1ly\u00e1z\u00f3k! Felh\u00edvjuk a figyelm\u00fcket, hogy a k\u00e9t, 2018. 01. 02-t\u0151l nyitva l\u00e9v\u0151, gazdas\u00e1gfejleszt\u00e9sre ir\u00e1nyul\u00f3 felh\u00edv\u00e1sunk mellett\u00a02018. 02. 05-t\u0151l a k\u00f6z\u00f6ss\u00e9gfejleszt\u00e9sre ir\u00e1nyul\u00f3 felh\u00edv\u00e1sokra is beny\u00fajthat\u00f3k a t\u00e1mogat\u00e1si k\u00e9relmek!\u00a0 Ezen felh\u00edv\u00e1sok a k\u00f6vetkez\u0151k:\u00a0 LEADER TUDOMKA PONTOK KIALAK\u00cdT\u00c1SA (VP6-19.2.1.-15-1-17),\u00a0 LEADER TUDOMKA FALVAK FEJLESZT\u00c9SE\u00a0(VP6-19.2.1.-15-2-17),\u00a0 LEADER TUDOMKA TEMATIKUS K\u00d6ZPONTOK L\u00c9TES\u00cdT\u00c9S\u00c9NEK T\u00c1MOGAT\u00c1SA\u00a0(VP6-19.2.1.-15-3-17),\u00a0 LEADER TUDOMKA K\u00d6ZPONT\u2026","rel":"","context":"In &quot;H\u00edreink, k\u00f6zlem\u00e9nyeink&quot;","img":{"alt_text":"","src":"https:\/\/i1.wp.com\/bukkleader.hu\/old\/wp-content\/uploads\/2018\/02\/\u00fcres-t\u00e1bla-\u00faj.jpg?resize=350%2C200&ssl=1","width":350,"height":200},"classes":[]},{"id":1681,"url":"https:\/\/bukkleader.hu\/old\/palyazok-figyelmebe-a-temetkezesi-hagyomanyok-apolasa-elnevezesu-helyi-felhivast-felfuggesztetuk\/","url_meta":{"origin":1794,"position":2},"title":"P\u00e1ly\u00e1z\u00f3k figyelm\u00e9be!  A &#8220;Temetkez\u00e9si hagyom\u00e1nyok \u00e1pol\u00e1sa&#8221; elnevez\u00e9s\u0171 helyi felh\u00edv\u00e1sra a k\u00e9relmek beny\u00fajt\u00e1s\u00e1t felf\u00fcggesztett\u00fck!","date":"2018-04-03","format":false,"excerpt":"\u00a0 T\u00e1j\u00e9koztatjuk\u00a0Tisztelt P\u00e1ly\u00e1z\u00f3inkat, hogy a Temetkez\u00e9si hagyom\u00e1nyok \u00e1pol\u00e1sa (VP6-19.2.1.-15-8-17) elnevez\u00e9s\u0171 helyi felh\u00edv\u00e1sra a t\u00e1mogat\u00e1si k\u00e9relmek beny\u00fajt\u00e1s\u00e1t\u00a02018. 04. 01-\u00e9n\u00a0felf\u00fcggesztett\u00fcnk! \u00a0 \u00a0 \u00a0 \u00a0 \u00a0","rel":"","context":"In &quot;H\u00edreink, k\u00f6zlem\u00e9nyeink&quot;","img":{"alt_text":"","src":"https:\/\/i2.wp.com\/bukkleader.hu\/old\/wp-content\/uploads\/2018\/04\/ravataloz\u00f3.jpg?resize=350%2C200&ssl=1","width":350,"height":200},"classes":[]},{"id":1656,"url":"https:\/\/bukkleader.hu\/old\/figyelem-szakasz-zaras\/","url_meta":{"origin":1794,"position":3},"title":"Figyelem!  Szakasz z\u00e1r\u00e1s!","date":"2018-03-19","format":false,"excerpt":"Felh\u00edvjuk Tisztelt P\u00e1ly\u00e1z\u00f3ink figyelm\u00e9t, hogy n\u00e9gy helyi felh\u00edv\u00e1sunkra a t\u00e1mogat\u00e1si k\u00e9relmek beny\u00fajt\u00e1s\u00e1nak els\u0151 szakasza\u00a02018. 03. 31.-\u00e9n z\u00e1rul. Ezen felh\u00edv\u00e1sok az al\u00e1bbiak: A\u00a0m\u00falt, jelen \u00e9s a j\u00f6v\u0151 mesters\u00e9geinek fejleszt\u00e9se\u00a0(VP6-19.2.1.-15-5-17) A B\u00fckki \u00e9s B\u00fckkl\u00e1bi r\u00e9tegvizek hasznos\u00edt\u00e1s\u00e1nak fejleszt\u00e9se\u00a0(VP6-19.2.1.-15-6-17) Saj\u00f3- Hern\u00e1d v\u00f6lgyi bolg\u00e1rkert\u00e9szeti hagyom\u00e1nyok \u00e1pol\u00e1s\u00e1nak fejleszt\u00e9se\u00a0(VP6-19.2.1.-15-7-17) Temetkez\u00e9si hagyom\u00e1nyok \u00e1pol\u00e1sa, fejleszt\u00e9se\u00a0(VP6-19.2.1.-15-8-17)","rel":"","context":"In &quot;H\u00edreink, k\u00f6zlem\u00e9nyeink&quot;","img":{"alt_text":"","src":"https:\/\/i2.wp.com\/bukkleader.hu\/old\/wp-content\/uploads\/2017\/12\/danger.png?resize=350%2C200&ssl=1","width":350,"height":200},"classes":[]},{"id":1815,"url":"https:\/\/bukkleader.hu\/old\/palyazok-figyelmebe-valtoztak-a-helyi-felhivasok\/","url_meta":{"origin":1794,"position":4},"title":"P\u00e1ly\u00e1z\u00f3k figyelm\u00e9be! M\u00f3dosultak a helyi felh\u00edv\u00e1sok.","date":"2018-10-19","format":false,"excerpt":"Tisztelt P\u00e1ly\u00e1z\u00f3k! A B\u00fckk-T\u00e9rs\u00e9gi LEADER Egyes\u00fclet helyi felh\u00edv\u00e1sai 2018. 10. 18-t\u00f3l, az al\u00e1bbiak szerint v\u00e1ltoztak: \u00a0\u00a0\u00a0 VP6-19.2.1.-15-1-17 (Leader Tudomka Pont) \u00a0\u00a0\u00a0\u00a0VP6-19.2.1.-15-2-17 (Leader Tudomka Falu) \u00a0\u00a0\u00a0\u00a0VP6-19.2.1.-15-3-17 (Leader Tudomka Tematikus K\u00f6zpontok) \u00a0\u00a0\u00a0\u00a0VP6-19.2.1.-15-5-17 (A m\u00falt-, a jelen \u00e9s a j\u00f6v\u0151 mesters\u00e9geinek fejleszt\u00e9se)) \u00a0\u00a0\u00a0\u00a0VP6-19.2.1.-15-7-17 (Saj\u00f3-, Hern\u00e1d-v\u00f6lgyi bolg\u00e1rkert\u00e9szet) \u00a0\u00a0\u00a0\u00a0VP6-19.2.1.-15-8-17 (Temetkez\u00e9si hagyom\u00e1nyok)\u00a0 \u00a0\u00a0\u00a0\u00a0Valamennyi fenti helyi felh\u00edv\u00e1s\u2026","rel":"","context":"In &quot;H\u00edreink, k\u00f6zlem\u00e9nyeink&quot;","img":{"alt_text":"","src":"https:\/\/i2.wp.com\/bukkleader.hu\/old\/wp-content\/uploads\/2017\/12\/danger.png?resize=350%2C200&ssl=1","width":350,"height":200},"classes":[]},{"id":1973,"url":"https:\/\/bukkleader.hu\/old\/palyazok-figyelmebe-2019-03-31-en-zarulnak-a-helyi-felhivasokra-a-palyazatok-benyujtasa\/","url_meta":{"origin":1794,"position":5},"title":"P\u00e1ly\u00e1z\u00f3k figyelm\u00e9be! 2019.03.31-\u00e9n z\u00e1rulnak a helyi felh\u00edv\u00e1sokra a p\u00e1ly\u00e1zatok beny\u00fajt\u00e1sa","date":"2019-03-01","format":false,"excerpt":"Tisztelt P\u00e1ly\u00e1z\u00f3k! A B\u00fckk-T\u00e9rs\u00e9gi LEADER Egyes\u00fclet helyi felh\u00edv\u00e1sai 2019. 03. 31-\u00e9n lez\u00e1rulnak. Ezen id\u0151pontig az al\u00e1bbi felh\u00edv\u00e1sokra lehet m\u00e9g p\u00e1ly\u00e1zatot beny\u00fajtani: VP6-19.2.1.-15-1-17 (Leader Tudomka Pont) VP6-19.2.1.-15-2-17 (Leader Tudomka Falu) VP6-19.2.1.-15-3-17 (Leader Tudomka Tematikus K\u00f6zpontok) VP6-19.2.1.-15-5-17 (A m\u00falt-, a jelen \u00e9s a j\u00f6v\u0151 mesters\u00e9geinek fejleszt\u00e9se)) VP6-19.2.1.-15-7-17 (Saj\u00f3-, Hern\u00e1d-v\u00f6lgyi bolg\u00e1rkert\u00e9szet) VP6-19.2.1.-15-8-17 (Temetkez\u00e9si\u2026","rel":"","context":"In &quot;H\u00edreink, k\u00f6zlem\u00e9nyeink&quot;","img":{"alt_text":"","src":"https:\/\/i2.wp.com\/bukkleader.hu\/old\/wp-content\/uploads\/2017\/12\/danger.png?resize=350%2C200&ssl=1","width":350,"height":200},"classes":[]}],"_links":{"self":[{"href":"https:\/\/bukkleader.hu\/old\/wp-json\/wp\/v2\/posts\/1794"}],"collection":[{"href":"https:\/\/bukkleader.hu\/old\/wp-json\/wp\/v2\/posts"}],"about":[{"href":"https:\/\/bukkleader.hu\/old\/wp-json\/wp\/v2\/types\/post"}],"author":[{"embeddable":true,"href":"https:\/\/bukkleader.hu\/old\/wp-json\/wp\/v2\/users\/4"}],"replies":[{"embeddable":true,"href":"https:\/\/bukkleader.hu\/old\/wp-json\/wp\/v2\/comments?post=1794"}],"version-history":[{"count":2,"href":"https:\/\/bukkleader.hu\/old\/wp-json\/wp\/v2\/posts\/1794\/revisions"}],"predecessor-version":[{"id":1796,"href":"https:\/\/bukkleader.hu\/old\/wp-json\/wp\/v2\/posts\/1794\/revisions\/1796"}],"wp:featuredmedia":[{"embeddable":true,"href":"https:\/\/bukkleader.hu\/old\/wp-json\/wp\/v2\/media\/1775"}],"wp:attachment":[{"href":"https:\/\/bukkleader.hu\/old\/wp-json\/wp\/v2\/media?parent=1794"}],"wp:term":[{"taxonomy":"category","embeddable":true,"href":"https:\/\/bukkleader.hu\/old\/wp-json\/wp\/v2\/categories?post=1794"},{"taxonomy":"post_tag","embeddable":true,"href":"https:\/\/bukkleader.hu\/old\/wp-json\/wp\/v2\/tags?post=1794"}],"curies":[{"name":"wp","href":"https:\/\/api.w.org\/{rel}","templated":true}]}}