{"id":178,"date":"2012-06-09T13:53:33","date_gmt":"2012-06-09T11:53:33","guid":{"rendered":"https:\/\/bukkleader.hu\/old\/new\/?p=178"},"modified":"2015-09-22T09:39:34","modified_gmt":"2015-09-22T07:39:34","slug":"vallalkozas-fejlesztesi-palyazati-lehetosegek","status":"publish","type":"post","link":"https:\/\/bukkleader.hu\/old\/vallalkozas-fejlesztesi-palyazati-lehetosegek\/","title":{"rendered":"V\u00e1llalkoz\u00e1s-fejleszt\u00e9si p\u00e1ly\u00e1zati lehet\u0151s\u00e9gek"},"content":{"rendered":"<h2>T\u00e1j\u00e9koztat\u00e1s EMVA \u00e9s GOP v\u00e1llalkoz\u00e1s-fejleszt\u00e9si p\u00e1ly\u00e1zati lehet\u0151s\u00e9gekr\u0151l<\/h2>\n<p style=\"text-align: justify;\"><!--more--><\/p>\n<p style=\"text-align: justify;\"><span class=\"style6\">A Vid\u00e9kfejleszt\u00e9si Miniszt\u00e9rium t\u00e1j\u00e9koztat\u00e1sa szerint 2012-ben az EMVA-b\u00f3l t\u00e1rsfinansz\u00edroz\u00e1ssal megval\u00f3sul\u00f3 <strong class=\"style212\">\u201eMikrov\u00e1llalkoz\u00e1sok l\u00e9trehoz\u00e1sa \u00e9s fejleszt\u00e9se\u201d int\u00e9zked\u00e9s utolj\u00e1ra ker\u00fcl kihirdet\u00e9sre<\/strong> a 2007-2013-as id\u0151szakban, a beny\u00fajt\u00e1si id\u0151szak v\u00e9g\u00e9n a jogc\u00edm lez\u00e1rul. A t\u00e1mogat\u00e1si jogc\u00edm beny\u00fajt\u00e1si id\u0151szaka 2012. j\u00fanius 1-30-ig tart. Ezt k\u00f6vet\u0151en az <strong>\u00daj Sz\u00e9chenyi Terv keret\u00e9ben megval\u00f3sul\u00f3 <\/strong><\/span><span class=\"style212\"><strong>Gazdas\u00e1gfejleszt\u00e9si Operat\u00edv Programban (GOP) lehet mikrov\u00e1llalkoz\u00e1sok t\u00e1mogat\u00e1s\u00e1ra fejleszt\u00e9si forr\u00e1sokhoz jutni<\/strong><\/span><span class=\"style6\">. 2012-ben a GOP-os p\u00e1ly\u00e1zati ki\u00edr\u00e1s kiterjed az 5000 f\u0151 alatti telep\u00fcl\u00e9seken m\u0171k\u00f6d\u0151 mikrov\u00e1llalkoz\u00e1sok t\u00e1mogat\u00e1s\u00e1ra is, ez\u00e1ltal tov\u00e1bbi forr\u00e1sok v\u00e1lnak el\u00e9rhet\u0151v\u00e9 a vid\u00e9ki v\u00e1llalkoz\u00e1sok sz\u00e1m\u00e1ra.<\/span><\/p>\n<div class=\"sharedaddy sd-sharing-enabled\"><div class=\"robots-nocontent sd-block sd-social sd-social-icon sd-sharing\"><h3 class=\"sd-title\">Share this:<\/h3><div class=\"sd-content\"><ul><li class=\"share-facebook\"><a rel=\"nofollow noopener noreferrer\" data-shared=\"sharing-facebook-178\" class=\"share-facebook sd-button share-icon no-text\" href=\"https:\/\/bukkleader.hu\/old\/vallalkozas-fejlesztesi-palyazati-lehetosegek\/?share=facebook\" target=\"_blank\" title=\"Click to share on Facebook\"><span><\/span><span class=\"sharing-screen-reader-text\">Click to share on Facebook (Opens in new window)<\/span><\/a><\/li><li class=\"share-twitter\"><a rel=\"nofollow noopener noreferrer\" data-shared=\"sharing-twitter-178\" class=\"share-twitter sd-button share-icon no-text\" href=\"https:\/\/bukkleader.hu\/old\/vallalkozas-fejlesztesi-palyazati-lehetosegek\/?share=twitter\" target=\"_blank\" title=\"Click to share on Twitter\"><span><\/span><span class=\"sharing-screen-reader-text\">Click to share on Twitter (Opens in new window)<\/span><\/a><\/li><li class=\"share-print\"><a rel=\"nofollow noopener noreferrer\" data-shared=\"\" class=\"share-print sd-button share-icon no-text\" href=\"https:\/\/bukkleader.hu\/old\/vallalkozas-fejlesztesi-palyazati-lehetosegek\/\" target=\"_blank\" title=\"Click to print\"><span><\/span><span class=\"sharing-screen-reader-text\">Click to print (Opens in new window)<\/span><\/a><\/li><li class=\"share-email\"><a rel=\"nofollow noopener noreferrer\" data-shared=\"\" class=\"share-email sd-button share-icon no-text\" href=\"https:\/\/bukkleader.hu\/old\/vallalkozas-fejlesztesi-palyazati-lehetosegek\/?share=email\" target=\"_blank\" title=\"Click to email this to a friend\"><span><\/span><span class=\"sharing-screen-reader-text\">Click to email this to a friend (Opens in new window)<\/span><\/a><\/li><li class=\"share-end\"><\/li><\/ul><\/div><\/div><\/div>","protected":false},"excerpt":{"rendered":"<p>T\u00e1j\u00e9koztat\u00e1s EMVA \u00e9s GOP v\u00e1llalkoz\u00e1s-fejleszt\u00e9si p\u00e1ly\u00e1zati lehet\u0151s\u00e9gekr\u0151l<\/p>\n<div class=\"sharedaddy sd-sharing-enabled\"><div class=\"robots-nocontent sd-block sd-social sd-social-icon sd-sharing\"><h3 class=\"sd-title\">Share this:<\/h3><div class=\"sd-content\"><ul><li class=\"share-facebook\"><a rel=\"nofollow noopener noreferrer\" data-shared=\"sharing-facebook-178\" class=\"share-facebook sd-button share-icon no-text\" href=\"https:\/\/bukkleader.hu\/old\/vallalkozas-fejlesztesi-palyazati-lehetosegek\/?share=facebook\" target=\"_blank\" title=\"Click to share on Facebook\"><span><\/span><span class=\"sharing-screen-reader-text\">Click to share on Facebook (Opens in new window)<\/span><\/a><\/li><li class=\"share-twitter\"><a rel=\"nofollow noopener noreferrer\" data-shared=\"sharing-twitter-178\" class=\"share-twitter sd-button share-icon no-text\" href=\"https:\/\/bukkleader.hu\/old\/vallalkozas-fejlesztesi-palyazati-lehetosegek\/?share=twitter\" target=\"_blank\" title=\"Click to share on Twitter\"><span><\/span><span class=\"sharing-screen-reader-text\">Click to share on Twitter (Opens in new window)<\/span><\/a><\/li><li class=\"share-print\"><a rel=\"nofollow noopener noreferrer\" data-shared=\"\" class=\"share-print sd-button share-icon no-text\" href=\"https:\/\/bukkleader.hu\/old\/vallalkozas-fejlesztesi-palyazati-lehetosegek\/\" target=\"_blank\" title=\"Click to print\"><span><\/span><span class=\"sharing-screen-reader-text\">Click to print (Opens in new window)<\/span><\/a><\/li><li class=\"share-email\"><a rel=\"nofollow noopener noreferrer\" data-shared=\"\" class=\"share-email sd-button share-icon no-text\" href=\"https:\/\/bukkleader.hu\/old\/vallalkozas-fejlesztesi-palyazati-lehetosegek\/?share=email\" target=\"_blank\" title=\"Click to email this to a friend\"><span><\/span><span class=\"sharing-screen-reader-text\">Click to email this to a friend (Opens in new window)<\/span><\/a><\/li><li class=\"share-end\"><\/li><\/ul><\/div><\/div><\/div>","protected":false},"author":1,"featured_media":188,"comment_status":"open","ping_status":"closed","sticky":false,"template":"","format":"standard","meta":{"_bbp_topic_count":0,"_bbp_reply_count":0,"_bbp_total_topic_count":0,"_bbp_total_reply_count":0,"_bbp_voice_count":0,"_bbp_anonymous_reply_count":0,"_bbp_topic_count_hidden":0,"_bbp_reply_count_hidden":0,"_bbp_forum_subforum_count":0,"spay_email":"","jetpack_publicize_message":"","jetpack_is_tweetstorm":false,"jetpack_publicize_feature_enabled":true},"categories":[1],"tags":[],"jetpack_featured_media_url":"https:\/\/bukkleader.hu\/old\/wp-content\/uploads\/2012\/06\/info384w.jpg","jetpack_publicize_connections":[],"jetpack_sharing_enabled":true,"jetpack-related-posts":[{"id":182,"url":"https:\/\/bukkleader.hu\/old\/forrashiany-miatt-nincs-tamogatas\/","url_meta":{"origin":178,"position":0},"title":"Forr\u00e1shi\u00e1ny miatt nincs t\u00e1mogat\u00e1s","date":"2012-06-09","format":false,"excerpt":"Forr\u00e1shi\u00e1ny miatt nem t\u00e1mogathat\u00f3ak a HACS ter\u00fclet\u00e9r\u0151l be\u00e9rkez\u0151 mikrov\u00e1llalkoz\u00e1s-fejleszt\u00e9si p\u00e1ly\u00e1zatokAz Eur\u00f3pai Mez\u0151gazdas\u00e1gi Vid\u00e9kfejleszt\u00e9si Alapb\u00f3l a mikrov\u00e1llalkoz\u00e1sok l\u00e9trehoz\u00e1s\u00e1ra \u00e9s fejleszt\u00e9s\u00e9re a 2012. \u00e9vben ny\u00fajtand\u00f3 t\u00e1mogat\u00e1sokr\u00f3l sz\u00f3l\u00f3 47\/2012. (V. 11.) VM rendelet 6. mell\u00e9klete szerint a kor\u00e1bbi B\u00dcKK-MAK LEADER Nonprofit Kft. \u2013 jelenleg B\u00fckk-T\u00e9rs\u00e9gi LEADER Egyes\u00fclet HACS ter\u00fclet\u00e9r\u0151l a 2012. j\u00faniusi t\u00e1mogat\u00e1si\u2026","rel":"","context":"In &quot;H\u00edreink, k\u00f6zlem\u00e9nyeink&quot;","img":{"alt_text":"felki\u00e1llt\u00f3 jel","src":"https:\/\/i0.wp.com\/bukkleader.hu\/old\/wp-content\/uploads\/2012\/06\/felkialto-jel384w.jpg?resize=350%2C200&ssl=1","width":350,"height":200},"classes":[]},{"id":405,"url":"https:\/\/bukkleader.hu\/old\/figyelem-uj-vallalkozas-fejlesztesi-tamogatasok-elerhetoek\/","url_meta":{"origin":178,"position":1},"title":"FIGYELEM! \u00daj v\u00e1llalkoz\u00e1s-fejleszt\u00e9si t\u00e1mogat\u00e1sok el\u00e9rhet\u0151ek!","date":"2014-10-21","format":false,"excerpt":"Megjelent a Mikro-, kis- \u00e9s k\u00f6z\u00e9pv\u00e1llalkoz\u00e1sok termel\u00e9si kapacit\u00e1sainak b\u0151v\u00edt\u00e9se \u00e9s a Fiatalok v\u00e1llalkoz\u00f3v\u00e1 v\u00e1l\u00e1s\u00e1nak t\u00e1mogat\u00e1sa\u00a0p\u00e1ly\u00e1zati felh\u00edv\u00e1s.\u00a0Mivel a 2007-2013-as programoz\u00e1si id\u0151szak mikr\u00f3v\u00e1llalkoz\u00e1sok fejleszt\u00e9se \u00e9s l\u00e9trehoz\u00e1sa t\u00e1mogat\u00e1si jogc\u00edme nem ker\u00fclt neves\u00edt\u00e9sre a 2014-2020 k\u00f6z\u00f6tti Vid\u00e9kfejleszt\u00e9si Programban, ez\u00e9rt a vid\u00e9ki v\u00e1llalkoz\u00e1sok a Gazdas\u00e1gfejleszt\u00e9si \u00e9s Innov\u00e1ci\u00f3s Operat\u00edv Program (GINOP) keret\u00e9n bel\u00fcl tudnak fejleszt\u00e9si forr\u00e1shoz\u2026","rel":"","context":"In &quot;H\u00edreink, k\u00f6zlem\u00e9nyeink&quot;","img":{"alt_text":"felki\u00e1llt\u00f3 jel","src":"https:\/\/i0.wp.com\/bukkleader.hu\/old\/wp-content\/uploads\/2012\/06\/felkialto-jel384w.jpg?resize=350%2C200&ssl=1","width":350,"height":200},"classes":[]},{"id":315,"url":"https:\/\/bukkleader.hu\/old\/indul-a-leader-iii-tamogatasi-idoszaka\/","url_meta":{"origin":178,"position":2},"title":"Indul a LEADER III. t\u00e1mogat\u00e1si id\u0151szaka","date":"2013-03-26","format":false,"excerpt":"A Vid\u00e9kfejleszt\u00e9si Miniszt\u00e9rium harmadszor is megnyitja a LEADER Program p\u00e1ly\u00e1zat\u00e1t. A p\u00e1ly\u00e1z\u00f3k a LEADER k\u00f6z\u00f6ss\u00e9gi vagy v\u00e1llalkoz\u00e1si c\u00e9l\u00fa helyi fejleszt\u00e9seikhez 2013. m\u00e1just\u00f3l a forr\u00e1s kimer\u00fcl\u00e9s\u00e9ig, de legk\u00e9s\u0151bb 2013. \u0151sz\u00e9igegyszer\u0171bb felt\u00e9telekkel ig\u00e9nyelhetnek t\u00e1mogat\u00e1st.A rendelkez\u00e9sre \u00e1ll\u00f3 forr\u00e1sok hat\u00e9kony felhaszn\u00e1l\u00e1sa \u00e9rdek\u00e9ben a t\u00e1rca egyszer\u0171s\u00edtette \u00e9s gyors\u00edtotta a p\u00e1ly\u00e1zati elj\u00e1r\u00e1st. Az egyszer\u0171s\u00edt\u00e9ssel megsz\u0171ntek a\u2026","rel":"","context":"In &quot;H\u00edreink, k\u00f6zlem\u00e9nyeink&quot;","img":{"alt_text":"bukk-leader-logo-w","src":"https:\/\/i2.wp.com\/bukkleader.hu\/old\/wp-content\/uploads\/2015\/09\/bukk-leader-logo-w.jpg?resize=350%2C200&ssl=1","width":350,"height":200},"classes":[]},{"id":356,"url":"https:\/\/bukkleader.hu\/old\/emva-iii-iv-palyazati-eredmenyeink-es-tovabbi-palyazati-lehetosegek-a-2013-evben\/","url_meta":{"origin":178,"position":3},"title":"EMVA III-IV. p\u00e1ly\u00e1zati eredm\u00e9nyeink \u00e9s tov\u00e1bbi p\u00e1ly\u00e1zati lehet\u0151s\u00e9gek a 2013. \u00e9vben","date":"2013-11-14","format":false,"excerpt":"A \u201eNyertes p\u00e1ly\u00e1z\u00f3ink\u201d men\u00fcpontban el\u00e9rhet\u0151k a 2013. \u00e9vben az EMVA III. Falumeg\u00faj\u00edt\u00e1s \u00e9s \u2013 fejleszt\u00e9s jogc\u00edmen \u00e9s az EMVA IV. LEADER idei fordul\u00f3j\u00e1ban t\u00e1mogat\u00e1st nyert p\u00e1ly\u00e1z\u00f3ink list\u00e1ja, melyek szerint 16 db falufejleszt\u00e9si p\u00e1ly\u00e1zat ker\u00fclt t\u00e1mogat\u00e1sra, 142.153.203,- Ft lek\u00f6t\u00f6tt forr\u00e1ssal, valamint a LEADER 2013. \u00e9vi fordul\u00f3j\u00e1ban (2013.06.17-i beny\u00fajt\u00e1si id\u0151szak) eddig 45\u2026","rel":"","context":"In &quot;H\u00edreink, k\u00f6zlem\u00e9nyeink&quot;","img":{"alt_text":"bukk-leader-logo-w","src":"https:\/\/i2.wp.com\/bukkleader.hu\/old\/wp-content\/uploads\/2015\/09\/bukk-leader-logo-w.jpg?resize=350%2C200&ssl=1","width":350,"height":200},"classes":[]},{"id":266,"url":"https:\/\/bukkleader.hu\/old\/2012-oktober-25-i-hacs-eloadasok-bemutatoi\/","url_meta":{"origin":178,"position":4},"title":"2012. okt\u00f3ber 25-i HACS el\u0151ad\u00e1sok bemutat\u00f3i","date":"2012-10-30","format":false,"excerpt":"Let\u00f6lthet\u0151k az okt\u00f3ber 25-i HACS szakmai f\u00f3rumon elhangzott el\u0151ad\u00e1sok bemutat\u00f3iA B\u00fckk-T\u00e9rs\u00e9gi LEADER Egyes\u00fclet a 2012. okt\u00f3ber 25-\u00e9n a b\u0151csi Faluh\u00e1zban szakmai f\u00f3rumot tartott a tagjai \u00e9s potenci\u00e1lis p\u00e1ly\u00e1z\u00f3i r\u00e9sz\u00e9re (megh\u00edv\u00f3 let\u00f6lt\u00e9se >>). A f\u00f3rumon a HACS munkat\u00e1rsai bemutatt\u00e1k a 2012. november 15-ig p\u00e1ly\u00e1zhat\u00f3 EMVA III. falumeg\u00faj\u00edt\u00e1s \u00e9s \u2013fejleszt\u00e9s jogc\u00edm t\u00e1mogat\u00e1si\u2026","rel":"","context":"In &quot;H\u00edreink, k\u00f6zlem\u00e9nyeink&quot;","img":{"alt_text":"eu-kohezio-w","src":"https:\/\/i2.wp.com\/bukkleader.hu\/old\/wp-content\/uploads\/2015\/09\/eu-kohezio-w.jpg?resize=350%2C200&ssl=1","width":350,"height":200},"classes":[]},{"id":104,"url":"https:\/\/bukkleader.hu\/old\/2012-oktober-01-2012-december-31-idoszak\/","url_meta":{"origin":178,"position":5},"title":"2012. okt\u00f3ber 01. \u2013 2012. december 31. id\u0151szak","date":"2013-01-02","format":false,"excerpt":"A B\u00fckk-T\u00e9rs\u00e9gi LEADER Egyes\u00fclet munkaszervezet\u00e9nek legfontosabb feladatai a 2012.10.01. \u2013 12.31. id\u0151szakban az EMVA III. falumeg\u00faj\u00edt\u00e1s \u00e9s \u2013fejleszt\u00e9s p\u00e1ly\u00e1zati id\u0151szak el\u0151k\u00e9sz\u00edt\u00e9se, a szakmai kapcsolat\u00e9p\u00edt\u00e9s \u00e9s az 2014-2020 id\u0151szak EU-s tervez\u00e9s\u00e9vel kapcsolatos egyeztet\u00e9seken val\u00f3 r\u00e9szv\u00e9tel voltak.A vid\u00e9kfejleszt\u00e9si k\u00f6z\u00f6ss\u00e9g min\u00e9l sz\u00e9lesebb k\u00f6r\u0171 t\u00e1j\u00e9koztat\u00e1sa \u00e9rdek\u00e9ben a t\u00e1mogat\u00e1si id\u0151szakban \u00f6sszesen 9 szakmai f\u00f3rumot tartottunk,\u2026","rel":"","context":"In &quot;Munkabesz\u00e1mol\u00f3k&quot;","img":{"alt_text":"","src":"","width":0,"height":0},"classes":[]}],"_links":{"self":[{"href":"https:\/\/bukkleader.hu\/old\/wp-json\/wp\/v2\/posts\/178"}],"collection":[{"href":"https:\/\/bukkleader.hu\/old\/wp-json\/wp\/v2\/posts"}],"about":[{"href":"https:\/\/bukkleader.hu\/old\/wp-json\/wp\/v2\/types\/post"}],"author":[{"embeddable":true,"href":"https:\/\/bukkleader.hu\/old\/wp-json\/wp\/v2\/users\/1"}],"replies":[{"embeddable":true,"href":"https:\/\/bukkleader.hu\/old\/wp-json\/wp\/v2\/comments?post=178"}],"version-history":[{"count":1,"href":"https:\/\/bukkleader.hu\/old\/wp-json\/wp\/v2\/posts\/178\/revisions"}],"predecessor-version":[{"id":179,"href":"https:\/\/bukkleader.hu\/old\/wp-json\/wp\/v2\/posts\/178\/revisions\/179"}],"wp:featuredmedia":[{"embeddable":true,"href":"https:\/\/bukkleader.hu\/old\/wp-json\/wp\/v2\/media\/188"}],"wp:attachment":[{"href":"https:\/\/bukkleader.hu\/old\/wp-json\/wp\/v2\/media?parent=178"}],"wp:term":[{"taxonomy":"category","embeddable":true,"href":"https:\/\/bukkleader.hu\/old\/wp-json\/wp\/v2\/categories?post=178"},{"taxonomy":"post_tag","embeddable":true,"href":"https:\/\/bukkleader.hu\/old\/wp-json\/wp\/v2\/tags?post=178"}],"curies":[{"name":"wp","href":"https:\/\/api.w.org\/{rel}","templated":true}]}}