{"id":1676,"date":"2018-03-31T12:00:20","date_gmt":"2018-03-31T10:00:20","guid":{"rendered":"https:\/\/bukkleader.hu\/old\/?p=1676"},"modified":"2018-03-31T12:04:22","modified_gmt":"2018-03-31T10:04:22","slug":"palyazok-figyelmebe-helyi-tamogatasi-kerelem-benyujtasanak-felfuggesztese","status":"publish","type":"post","link":"https:\/\/bukkleader.hu\/old\/palyazok-figyelmebe-helyi-tamogatasi-kerelem-benyujtasanak-felfuggesztese\/","title":{"rendered":"P\u00e1ly\u00e1z\u00f3k figyelm\u00e9be!  Helyi t\u00e1mogat\u00e1si k\u00e9relem beny\u00fajt\u00e1s\u00e1nak felf\u00fcggeszt\u00e9se!"},"content":{"rendered":"<p style=\"font-weight: 400;\"><strong>P\u00e1ly\u00e1z\u00f3k figyelm\u00e9be!<\/strong><\/p>\n<p style=\"font-weight: 400;\"><strong>Helyi t\u00e1mogat\u00e1si k\u00e9relem beny\u00fajt\u00e1s\u00e1nak felf\u00fcggeszt\u00e9se!<\/strong><\/p>\n<h2><em><strong><span style=\"font-size: small;\">T\u00e1j\u00e9koztatjuk\u00a0Tisztelt P\u00e1ly\u00e1z\u00f3inkat, hogy a Temetkez\u00e9si hagyom\u00e1nyok \u00e1pol\u00e1sa (VP6-19.2.1.-15-8-17) elnevez\u00e9s\u0171 t\u00e1mogat\u00e1si k\u00e9relmek tov\u00e1bbi beny\u00fajt\u00e1s\u00e1t\u00a02018. 04. 01-\u00e9n\u00a0felf\u00fcggesztj\u00fck!<\/span><\/strong><\/em><\/h2>\n<h2><em><strong><span style=\"font-size: small;\">Indoka, hogy az els\u0151 p\u00e1ly\u00e1zati szakasz z\u00e1r\u00e1sakor az ig\u00e9nyelt t\u00e1mogat\u00e1sok \u00f6sszege meghaladja a 200%-ot.<\/span><\/strong><\/em><\/h2>\n<p>&nbsp;<\/p>\n<p>&nbsp;<\/p>\n<p>&nbsp;<\/p>\n<p>&nbsp;<\/p>\n<div class=\"sharedaddy sd-sharing-enabled\"><div class=\"robots-nocontent sd-block sd-social sd-social-icon sd-sharing\"><h3 class=\"sd-title\">Share this:<\/h3><div class=\"sd-content\"><ul><li class=\"share-facebook\"><a rel=\"nofollow noopener noreferrer\" data-shared=\"sharing-facebook-1676\" class=\"share-facebook sd-button share-icon no-text\" href=\"https:\/\/bukkleader.hu\/old\/palyazok-figyelmebe-helyi-tamogatasi-kerelem-benyujtasanak-felfuggesztese\/?share=facebook\" target=\"_blank\" title=\"Click to share on Facebook\"><span><\/span><span class=\"sharing-screen-reader-text\">Click to share on Facebook (Opens in new window)<\/span><\/a><\/li><li class=\"share-twitter\"><a rel=\"nofollow noopener noreferrer\" data-shared=\"sharing-twitter-1676\" class=\"share-twitter sd-button share-icon no-text\" href=\"https:\/\/bukkleader.hu\/old\/palyazok-figyelmebe-helyi-tamogatasi-kerelem-benyujtasanak-felfuggesztese\/?share=twitter\" target=\"_blank\" title=\"Click to share on Twitter\"><span><\/span><span class=\"sharing-screen-reader-text\">Click to share on Twitter (Opens in new window)<\/span><\/a><\/li><li class=\"share-print\"><a rel=\"nofollow noopener noreferrer\" data-shared=\"\" class=\"share-print sd-button share-icon no-text\" href=\"https:\/\/bukkleader.hu\/old\/palyazok-figyelmebe-helyi-tamogatasi-kerelem-benyujtasanak-felfuggesztese\/\" target=\"_blank\" title=\"Click to print\"><span><\/span><span class=\"sharing-screen-reader-text\">Click to print (Opens in new window)<\/span><\/a><\/li><li class=\"share-email\"><a rel=\"nofollow noopener noreferrer\" data-shared=\"\" class=\"share-email sd-button share-icon no-text\" href=\"https:\/\/bukkleader.hu\/old\/palyazok-figyelmebe-helyi-tamogatasi-kerelem-benyujtasanak-felfuggesztese\/?share=email\" target=\"_blank\" title=\"Click to email this to a friend\"><span><\/span><span class=\"sharing-screen-reader-text\">Click to email this to a friend (Opens in new window)<\/span><\/a><\/li><li class=\"share-end\"><\/li><\/ul><\/div><\/div><\/div>","protected":false},"excerpt":{"rendered":"<p>P\u00e1ly\u00e1z\u00f3k figyelm\u00e9be! Helyi t\u00e1mogat\u00e1si k\u00e9relem beny\u00fajt\u00e1s\u00e1nak felf\u00fcggeszt\u00e9se! T\u00e1j\u00e9koztatjuk\u00a0Tisztelt P\u00e1ly\u00e1z\u00f3inkat, hogy a Temetkez\u00e9si hagyom\u00e1nyok \u00e1pol\u00e1sa (VP6-19.2.1.-15-8-17) elnevez\u00e9s\u0171 t\u00e1mogat\u00e1si k\u00e9relmek tov\u00e1bbi beny\u00fajt\u00e1s\u00e1t\u00a02018. 04. 01-\u00e9n\u00a0felf\u00fcggesztj\u00fck! Indoka, hogy az els\u0151 p\u00e1ly\u00e1zati szakasz z\u00e1r\u00e1sakor az ig\u00e9nyelt t\u00e1mogat\u00e1sok \u00f6sszege meghaladja a 200%-ot. &nbsp; &nbsp; &nbsp; &nbsp;<\/p>\n<div class=\"sharedaddy sd-sharing-enabled\"><div class=\"robots-nocontent sd-block sd-social sd-social-icon sd-sharing\"><h3 class=\"sd-title\">Share this:<\/h3><div class=\"sd-content\"><ul><li class=\"share-facebook\"><a rel=\"nofollow noopener noreferrer\" data-shared=\"sharing-facebook-1676\" class=\"share-facebook sd-button share-icon no-text\" href=\"https:\/\/bukkleader.hu\/old\/palyazok-figyelmebe-helyi-tamogatasi-kerelem-benyujtasanak-felfuggesztese\/?share=facebook\" target=\"_blank\" title=\"Click to share on Facebook\"><span><\/span><span class=\"sharing-screen-reader-text\">Click to share on Facebook (Opens in new window)<\/span><\/a><\/li><li class=\"share-twitter\"><a rel=\"nofollow noopener noreferrer\" data-shared=\"sharing-twitter-1676\" class=\"share-twitter sd-button share-icon no-text\" href=\"https:\/\/bukkleader.hu\/old\/palyazok-figyelmebe-helyi-tamogatasi-kerelem-benyujtasanak-felfuggesztese\/?share=twitter\" target=\"_blank\" title=\"Click to share on Twitter\"><span><\/span><span class=\"sharing-screen-reader-text\">Click to share on Twitter (Opens in new window)<\/span><\/a><\/li><li class=\"share-print\"><a rel=\"nofollow noopener noreferrer\" data-shared=\"\" class=\"share-print sd-button share-icon no-text\" href=\"https:\/\/bukkleader.hu\/old\/palyazok-figyelmebe-helyi-tamogatasi-kerelem-benyujtasanak-felfuggesztese\/\" target=\"_blank\" title=\"Click to print\"><span><\/span><span class=\"sharing-screen-reader-text\">Click to print (Opens in new window)<\/span><\/a><\/li><li class=\"share-email\"><a rel=\"nofollow noopener noreferrer\" data-shared=\"\" class=\"share-email sd-button share-icon no-text\" href=\"https:\/\/bukkleader.hu\/old\/palyazok-figyelmebe-helyi-tamogatasi-kerelem-benyujtasanak-felfuggesztese\/?share=email\" target=\"_blank\" title=\"Click to email this to a friend\"><span><\/span><span class=\"sharing-screen-reader-text\">Click to email this to a friend (Opens in new window)<\/span><\/a><\/li><li class=\"share-end\"><\/li><\/ul><\/div><\/div><\/div>","protected":false},"author":4,"featured_media":1484,"comment_status":"open","ping_status":"closed","sticky":false,"template":"","format":"standard","meta":{"_bbp_topic_count":0,"_bbp_reply_count":0,"_bbp_total_topic_count":0,"_bbp_total_reply_count":0,"_bbp_voice_count":0,"_bbp_anonymous_reply_count":0,"_bbp_topic_count_hidden":0,"_bbp_reply_count_hidden":0,"_bbp_forum_subforum_count":0,"spay_email":"","jetpack_publicize_message":"","jetpack_is_tweetstorm":false,"jetpack_publicize_feature_enabled":true},"categories":[1],"tags":[],"jetpack_featured_media_url":"https:\/\/bukkleader.hu\/old\/wp-content\/uploads\/2017\/12\/danger.png","jetpack_publicize_connections":[],"jetpack_sharing_enabled":true,"jetpack-related-posts":[{"id":2532,"url":"https:\/\/bukkleader.hu\/old\/tamogatast-igenylok-figyelmebe-helyi-tamogatasi-kerelmek-benyujtasanak-felfuggesztese\/","url_meta":{"origin":1676,"position":0},"title":"T\u00e1mogat\u00e1st Ig\u00e9nyl\u0151k figyelm\u00e9be! Helyi t\u00e1mogat\u00e1si k\u00e9relmek beny\u00fajt\u00e1s\u00e1nak felf\u00fcggeszt\u00e9se!","date":"2020-04-21","format":false,"excerpt":"Helyi t\u00e1mogat\u00e1si k\u00e9relem beny\u00fajt\u00e1s\u00e1nak felf\u00fcggeszt\u00e9se! T\u00e1j\u00e9koztatjuk\u00a0Tisztelt T\u00e1mogat\u00e1st Ig\u00e9nyl\u0151ket, hogy a Turisztikai Szolg\u00e1ltat\u00e1sok Fejleszt\u00e9se elnevez\u00e9s\u0171, VP6-19.2.1.-15-9-20 k\u00f3dsz\u00e1m\u00fa felh\u00edv\u00e1sra a t\u00e1mogat\u00e1si k\u00e9relmek tov\u00e1bbi beny\u00fajt\u00e1s\u00e1t 2020. 05. 01-\u00e9n\u00a0felf\u00fcggesztj\u00fck, mivel a 2020. 04. 20.-ig be\u00e9rkezett k\u00e9relmek t\u00e1mogat\u00e1si ig\u00e9nye meghaladja a 200%-ot.","rel":"","context":"In &quot;H\u00edreink, k\u00f6zlem\u00e9nyeink&quot;","img":{"alt_text":"","src":"https:\/\/i0.wp.com\/bukkleader.hu\/old\/wp-content\/uploads\/2018\/08\/p\u00e1ly\u00e1zati-felh\u00edv\u00e1s.jpg?resize=350%2C200&ssl=1","width":350,"height":200},"classes":[]},{"id":1685,"url":"https:\/\/bukkleader.hu\/old\/mikrovallalkozasok-figyelmebe-helyi-tamogatasi-kerelmek-tovabbi-benyujtasa\/","url_meta":{"origin":1676,"position":1},"title":"Mikrov\u00e1llalkoz\u00e1sok figyelm\u00e9be! Helyi t\u00e1mogat\u00e1si k\u00e9relmek tov\u00e1bbi beny\u00fajt\u00e1sa!","date":"2018-04-03","format":false,"excerpt":"T\u00e1j\u00e9koztatjuk\u00a0Tisztelt P\u00e1ly\u00e1z\u00f3inkat, hogy a M\u00falt, jelen \u00e9s a j\u00f6v\u0151 mesters\u00e9geinek fejleszt\u00e9se (VP6-19.2.1.-15-5-17) elnevez\u00e9s\u0171 helyi felh\u00edv\u00e1sra tov\u00e1bbra is lehet t\u00e1mogat\u00e1si k\u00e9relmet beny\u00fajtani, mert a 2018. 03. 31.-i szakaszz\u00e1r\u00e1skor nem f\u00fcggesztett\u00fck fel jelen felh\u00edv\u00e1sra a k\u00e9relem beny\u00fajt\u00e1s\u00e1t.","rel":"","context":"In &quot;H\u00edreink, k\u00f6zlem\u00e9nyeink&quot;","img":{"alt_text":"","src":"https:\/\/i1.wp.com\/bukkleader.hu\/old\/wp-content\/uploads\/2018\/04\/mesters\u00e9gek-2.jpg?resize=350%2C200&ssl=1","width":350,"height":200},"classes":[]},{"id":8471,"url":"https:\/\/bukkleader.hu\/old\/figyelem-tamogatasi-kerelmek-benyujtasanak-felfuggesztese\/","url_meta":{"origin":1676,"position":2},"title":"Figyelem! T\u00e1mogat\u00e1si k\u00e9relmek beny\u00fajt\u00e1s\u00e1nak felf\u00fcggeszt\u00e9se!","date":"2021-09-17","format":false,"excerpt":"Tisztelt P\u00e1ly\u00e1z\u00f3k! T\u00e1j\u00e9koztatjuk \u00d6n\u00f6ket, hogy a VP6-19.2.1.-15-10-21 k\u00f3dsz\u00e1m\u00fa, Helyi fejleszt\u00e9sek t\u00e1mogat\u00e1sa c\u00edm\u0171 felh\u00edv\u00e1sunkra a t\u00e1mogat\u00e1si k\u00e9relmek beny\u00fajt\u00e1sa 2021. 09. 25-\u00e9n felf\u00fcggeszt\u00e9sre ker\u00fcl, a 2021. 09. 16-i els\u0151 szakaszban be\u00e9rkezett nagy sz\u00e1m\u00fa, 240%-os t\u00e1mogat\u00e1si ig\u00e9ny miatt. A k\u00e9relmek beny\u00fajt\u00e1s\u00e1ra 2021. 09. 25. \u00e9jf\u00e9lig van lehet\u0151s\u00e9g.","rel":"","context":"In &quot;H\u00edreink, k\u00f6zlem\u00e9nyeink&quot;","img":{"alt_text":"","src":"https:\/\/i2.wp.com\/bukkleader.hu\/old\/wp-content\/uploads\/2019\/08\/warning-icon-free-28_384x384.jpg?resize=350%2C200&ssl=1","width":350,"height":200},"classes":[]},{"id":2522,"url":"https:\/\/bukkleader.hu\/old\/turisztikai-szolgaltatasok-fejlesztese-felhivasra-tamogatasi-kerelmet-benyujtani-szandekozok-figyelmebe\/","url_meta":{"origin":1676,"position":3},"title":"Turisztikai szolg\u00e1ltat\u00e1sok fejleszt\u00e9se felh\u00edv\u00e1sra t\u00e1mogat\u00e1si k\u00e9relmet beny\u00fajtani sz\u00e1nd\u00e9koz\u00f3k figyelm\u00e9be!","date":"2020-04-20","format":false,"excerpt":"Tisztelt T\u00e1mogat\u00e1st Ig\u00e9nyl\u0151k! Felh\u00edvjuk a figyelm\u00fcket, hogy a TURISZTIKAI SZOLG\u00c1LTAT\u00c1SOK FEJLESZT\u00c9SE c\u00edm\u0171, VP6-19.2.1.-15-9-20 k\u00f3dsz\u00e1m\u00fa helyi felh\u00edv\u00e1s 1. szakasz hat\u00e1rnapja ma 23:59 \u00f3ra. Az IIER adatt\u00e1rb\u00f3l nyert inform\u00e1ci\u00f3 alapj\u00e1n nagy sz\u00e1m\u00fa t\u00e1mogat\u00e1si k\u00e9relem r\u00f6gz\u00edt\u00e9se van folyamatban, ez\u00e9rt a t\u00e1mogat\u00e1si k\u00e9relmek beny\u00fajt\u00e1sa 2020. 04. 21.-t\u0151l val\u00f3sz\u00edn\u0171leg felf\u00fcggeszt\u00e9sre ker\u00fcl.","rel":"","context":"In &quot;H\u00edreink, k\u00f6zlem\u00e9nyeink&quot;","img":{"alt_text":"","src":"https:\/\/i2.wp.com\/bukkleader.hu\/old\/wp-content\/uploads\/2016\/06\/\u00faj-k\u00e9p.jpg?resize=350%2C200&ssl=1","width":350,"height":200},"classes":[]},{"id":1487,"url":"https:\/\/bukkleader.hu\/old\/tisztelt-palyazok-megjelentek-felhasznaloi-kezikonyv-elektronikus-felulet-hasznalatahoz-es-e-kerelem-benyujtasahoz-valamint-az-engy-tetelek-import-segedlete-c-dokumentumok-leader-helyi-felh\/","url_meta":{"origin":1676,"position":4},"title":"Tisztelt P\u00e1ly\u00e1z\u00f3k! Megjelentek a &#8220;Felhaszn\u00e1l\u00f3i k\u00e9zik\u00f6nyv elektronikus fel\u00fclet haszn\u00e1lat\u00e1hoz \u00e9s e-k\u00e9relem beny\u00fajt\u00e1s\u00e1hoz&#8221;, valamint az &#8220;\u00c9NGY t\u00e9telek import seg\u00e9dlete&#8221; c. dokumentumok a LEADER helyi felh\u00edv\u00e1sokhoz kapcsol\u00f3d\u00f3an.","date":"2017-12-28","format":false,"excerpt":"Tisztelt P\u00e1ly\u00e1z\u00f3k! Megjelentek a \"Felhaszn\u00e1l\u00f3i k\u00e9zik\u00f6nyv elektronikus fel\u00fclet haszn\u00e1lat\u00e1hoz \u00e9s e-k\u00e9relem beny\u00fajt\u00e1s\u00e1hoz\", valamint az \"\u00c9NGY t\u00e9telek import seg\u00e9dlete\" c. dokumentumok a LEADER helyi felh\u00edv\u00e1sokhoz kapcsol\u00f3d\u00f3an, amelyek a\u00a0https:\/\/www.mvh.allamkincstar.gov.hu\/leader-helyi-felhivasok\u00a0a \"Kapcsol\u00f3d\u00f3 tartalmak\" pont alatt \u00e9rhet\u0151ek el, megtekint\u00e9se itt >> A t\u00e1mogat\u00e1si k\u00e9relem beny\u00fajt\u00e1s\u00e1ra m\u00e1r el\u00e9rhet\u0151 a LEADER helyi felh\u00edv\u00e1sok men\u00fcpont, azonban a kit\u00f6lt\u00e9s\u2026","rel":"","context":"In &quot;H\u00edreink, k\u00f6zlem\u00e9nyeink&quot;","img":{"alt_text":"","src":"https:\/\/i1.wp.com\/bukkleader.hu\/old\/wp-content\/uploads\/2017\/12\/nyitott-f\u00fczet.jpg?resize=350%2C200&ssl=1","width":350,"height":200},"classes":[]},{"id":2077,"url":"https:\/\/bukkleader.hu\/old\/tajekoztatas-eloleg-es-kifizetesi-kerelem-benyujtasanak-lehetosegerol\/","url_meta":{"origin":1676,"position":5},"title":"T\u00e1j\u00e9koztat\u00e1s el\u0151leg- \u00e9s kifizet\u00e9si k\u00e9relem beny\u00fajt\u00e1s\u00e1nak lehet\u0151s\u00e9g\u00e9r\u0151l","date":"2019-06-14","format":false,"excerpt":"Tisztelt P\u00e1ly\u00e1z\u00f3k! T\u00e1j\u00e9koztatjuk \u00d6n\u00f6ket, hogy a LEADER helyi felh\u00edv\u00e1sok kapcs\u00e1n lehet\u0151s\u00e9g van el\u0151leg- \u00e9s kifizet\u00e9si k\u00e9relem beny\u00fajt\u00e1s\u00e1ra, melyhez a seg\u00e9dletek az al\u00e1bbi linken \u00e9rhet\u0151ek el: https:\/\/www.mvh.allamkincstar.gov.hu\/tamogatasok-listazo\/-\/tamogatas\/5746072\/tajekoztatok.","rel":"","context":"In &quot;Dokumentumok&quot;","img":{"alt_text":"","src":"https:\/\/i2.wp.com\/bukkleader.hu\/old\/wp-content\/uploads\/2017\/12\/danger.png?resize=350%2C200&ssl=1","width":350,"height":200},"classes":[]}],"_links":{"self":[{"href":"https:\/\/bukkleader.hu\/old\/wp-json\/wp\/v2\/posts\/1676"}],"collection":[{"href":"https:\/\/bukkleader.hu\/old\/wp-json\/wp\/v2\/posts"}],"about":[{"href":"https:\/\/bukkleader.hu\/old\/wp-json\/wp\/v2\/types\/post"}],"author":[{"embeddable":true,"href":"https:\/\/bukkleader.hu\/old\/wp-json\/wp\/v2\/users\/4"}],"replies":[{"embeddable":true,"href":"https:\/\/bukkleader.hu\/old\/wp-json\/wp\/v2\/comments?post=1676"}],"version-history":[{"count":3,"href":"https:\/\/bukkleader.hu\/old\/wp-json\/wp\/v2\/posts\/1676\/revisions"}],"predecessor-version":[{"id":1679,"href":"https:\/\/bukkleader.hu\/old\/wp-json\/wp\/v2\/posts\/1676\/revisions\/1679"}],"wp:featuredmedia":[{"embeddable":true,"href":"https:\/\/bukkleader.hu\/old\/wp-json\/wp\/v2\/media\/1484"}],"wp:attachment":[{"href":"https:\/\/bukkleader.hu\/old\/wp-json\/wp\/v2\/media?parent=1676"}],"wp:term":[{"taxonomy":"category","embeddable":true,"href":"https:\/\/bukkleader.hu\/old\/wp-json\/wp\/v2\/categories?post=1676"},{"taxonomy":"post_tag","embeddable":true,"href":"https:\/\/bukkleader.hu\/old\/wp-json\/wp\/v2\/tags?post=1676"}],"curies":[{"name":"wp","href":"https:\/\/api.w.org\/{rel}","templated":true}]}}