{"id":1660,"date":"2018-03-20T11:32:03","date_gmt":"2018-03-20T10:32:03","guid":{"rendered":"https:\/\/bukkleader.hu\/old\/?p=1660"},"modified":"2018-03-20T11:41:45","modified_gmt":"2018-03-20T10:41:45","slug":"figyelem-modosult-a-temetkezesi-hagyomanyok-apolasa-felhivas-4-1-pontja","status":"publish","type":"post","link":"https:\/\/bukkleader.hu\/old\/figyelem-modosult-a-temetkezesi-hagyomanyok-apolasa-felhivas-4-1-pontja\/","title":{"rendered":"Figyelem !  M\u00f3dosult A temetkez\u00e9si hagyom\u00e1nyok \u00e1pol\u00e1sa felh\u00edv\u00e1s 4.1. pontja"},"content":{"rendered":"<p style=\"font-weight: 400;\"><strong>Figyelem !<\/strong><\/p>\n<p>M\u00f3dosult\u00a0<strong>A temetkez\u00e9si hagyom\u00e1nyok \u00e1pol\u00e1sa<\/strong><span style=\"font-weight: 400;\">\u00a0(VP6-19.2.1.-15-8-17)<\/span>\u00a0felh\u00edv\u00e1s\u00a0<strong>4.1. pontja, amely kieg\u00e9sz\u00fclt az Els\u0151dlegesen vall\u00e1si tev\u00e9kenys\u00e9get v\u00e9gz\u0151 bels\u0151 egyh\u00e1zi jogi szem\u00e9ly (GFO 555)\u00a0<\/strong><strong>t\u00e1mogat\u00e1st ig\u00e9nyl\u0151vel.<\/strong><\/p>\n<div class=\"sharedaddy sd-sharing-enabled\"><div class=\"robots-nocontent sd-block sd-social sd-social-icon sd-sharing\"><h3 class=\"sd-title\">Share this:<\/h3><div class=\"sd-content\"><ul><li class=\"share-facebook\"><a rel=\"nofollow noopener noreferrer\" data-shared=\"sharing-facebook-1660\" class=\"share-facebook sd-button share-icon no-text\" href=\"https:\/\/bukkleader.hu\/old\/figyelem-modosult-a-temetkezesi-hagyomanyok-apolasa-felhivas-4-1-pontja\/?share=facebook\" target=\"_blank\" title=\"Click to share on Facebook\"><span><\/span><span class=\"sharing-screen-reader-text\">Click to share on Facebook (Opens in new window)<\/span><\/a><\/li><li class=\"share-twitter\"><a rel=\"nofollow noopener noreferrer\" data-shared=\"sharing-twitter-1660\" class=\"share-twitter sd-button share-icon no-text\" href=\"https:\/\/bukkleader.hu\/old\/figyelem-modosult-a-temetkezesi-hagyomanyok-apolasa-felhivas-4-1-pontja\/?share=twitter\" target=\"_blank\" title=\"Click to share on Twitter\"><span><\/span><span class=\"sharing-screen-reader-text\">Click to share on Twitter (Opens in new window)<\/span><\/a><\/li><li class=\"share-print\"><a rel=\"nofollow noopener noreferrer\" data-shared=\"\" class=\"share-print sd-button share-icon no-text\" href=\"https:\/\/bukkleader.hu\/old\/figyelem-modosult-a-temetkezesi-hagyomanyok-apolasa-felhivas-4-1-pontja\/\" target=\"_blank\" title=\"Click to print\"><span><\/span><span class=\"sharing-screen-reader-text\">Click to print (Opens in new window)<\/span><\/a><\/li><li class=\"share-email\"><a rel=\"nofollow noopener noreferrer\" data-shared=\"\" class=\"share-email sd-button share-icon no-text\" href=\"https:\/\/bukkleader.hu\/old\/figyelem-modosult-a-temetkezesi-hagyomanyok-apolasa-felhivas-4-1-pontja\/?share=email\" target=\"_blank\" title=\"Click to email this to a friend\"><span><\/span><span class=\"sharing-screen-reader-text\">Click to email this to a friend (Opens in new window)<\/span><\/a><\/li><li class=\"share-end\"><\/li><\/ul><\/div><\/div><\/div>","protected":false},"excerpt":{"rendered":"<p>Figyelem ! M\u00f3dosult\u00a0A temetkez\u00e9si hagyom\u00e1nyok \u00e1pol\u00e1sa\u00a0(VP6-19.2.1.-15-8-17)\u00a0felh\u00edv\u00e1s\u00a04.1. pontja, amely kieg\u00e9sz\u00fclt az Els\u0151dlegesen vall\u00e1si tev\u00e9kenys\u00e9get v\u00e9gz\u0151 bels\u0151 egyh\u00e1zi jogi szem\u00e9ly (GFO 555)\u00a0t\u00e1mogat\u00e1st ig\u00e9nyl\u0151vel.<\/p>\n<div class=\"sharedaddy sd-sharing-enabled\"><div class=\"robots-nocontent sd-block sd-social sd-social-icon sd-sharing\"><h3 class=\"sd-title\">Share this:<\/h3><div class=\"sd-content\"><ul><li class=\"share-facebook\"><a rel=\"nofollow noopener noreferrer\" data-shared=\"sharing-facebook-1660\" class=\"share-facebook sd-button share-icon no-text\" href=\"https:\/\/bukkleader.hu\/old\/figyelem-modosult-a-temetkezesi-hagyomanyok-apolasa-felhivas-4-1-pontja\/?share=facebook\" target=\"_blank\" title=\"Click to share on Facebook\"><span><\/span><span class=\"sharing-screen-reader-text\">Click to share on Facebook (Opens in new window)<\/span><\/a><\/li><li class=\"share-twitter\"><a rel=\"nofollow noopener noreferrer\" data-shared=\"sharing-twitter-1660\" class=\"share-twitter sd-button share-icon no-text\" href=\"https:\/\/bukkleader.hu\/old\/figyelem-modosult-a-temetkezesi-hagyomanyok-apolasa-felhivas-4-1-pontja\/?share=twitter\" target=\"_blank\" title=\"Click to share on Twitter\"><span><\/span><span class=\"sharing-screen-reader-text\">Click to share on Twitter (Opens in new window)<\/span><\/a><\/li><li class=\"share-print\"><a rel=\"nofollow noopener noreferrer\" data-shared=\"\" class=\"share-print sd-button share-icon no-text\" href=\"https:\/\/bukkleader.hu\/old\/figyelem-modosult-a-temetkezesi-hagyomanyok-apolasa-felhivas-4-1-pontja\/\" target=\"_blank\" title=\"Click to print\"><span><\/span><span class=\"sharing-screen-reader-text\">Click to print (Opens in new window)<\/span><\/a><\/li><li class=\"share-email\"><a rel=\"nofollow noopener noreferrer\" data-shared=\"\" class=\"share-email sd-button share-icon no-text\" href=\"https:\/\/bukkleader.hu\/old\/figyelem-modosult-a-temetkezesi-hagyomanyok-apolasa-felhivas-4-1-pontja\/?share=email\" target=\"_blank\" title=\"Click to email this to a friend\"><span><\/span><span class=\"sharing-screen-reader-text\">Click to email this to a friend (Opens in new window)<\/span><\/a><\/li><li class=\"share-end\"><\/li><\/ul><\/div><\/div><\/div>","protected":false},"author":4,"featured_media":1662,"comment_status":"open","ping_status":"closed","sticky":false,"template":"","format":"standard","meta":{"_bbp_topic_count":0,"_bbp_reply_count":0,"_bbp_total_topic_count":0,"_bbp_total_reply_count":0,"_bbp_voice_count":0,"_bbp_anonymous_reply_count":0,"_bbp_topic_count_hidden":0,"_bbp_reply_count_hidden":0,"_bbp_forum_subforum_count":0,"spay_email":"","jetpack_publicize_message":"","jetpack_is_tweetstorm":false,"jetpack_publicize_feature_enabled":true},"categories":[1],"tags":[],"jetpack_featured_media_url":"https:\/\/bukkleader.hu\/old\/wp-content\/uploads\/2018\/03\/nyitott-f\u00fczet-6.jpg","jetpack_publicize_connections":[],"jetpack_sharing_enabled":true,"jetpack-related-posts":[{"id":1681,"url":"https:\/\/bukkleader.hu\/old\/palyazok-figyelmebe-a-temetkezesi-hagyomanyok-apolasa-elnevezesu-helyi-felhivast-felfuggesztetuk\/","url_meta":{"origin":1660,"position":0},"title":"P\u00e1ly\u00e1z\u00f3k figyelm\u00e9be!  A &#8220;Temetkez\u00e9si hagyom\u00e1nyok \u00e1pol\u00e1sa&#8221; elnevez\u00e9s\u0171 helyi felh\u00edv\u00e1sra a k\u00e9relmek beny\u00fajt\u00e1s\u00e1t felf\u00fcggesztett\u00fck!","date":"2018-04-03","format":false,"excerpt":"\u00a0 T\u00e1j\u00e9koztatjuk\u00a0Tisztelt P\u00e1ly\u00e1z\u00f3inkat, hogy a Temetkez\u00e9si hagyom\u00e1nyok \u00e1pol\u00e1sa (VP6-19.2.1.-15-8-17) elnevez\u00e9s\u0171 helyi felh\u00edv\u00e1sra a t\u00e1mogat\u00e1si k\u00e9relmek beny\u00fajt\u00e1s\u00e1t\u00a02018. 04. 01-\u00e9n\u00a0felf\u00fcggesztett\u00fcnk! \u00a0 \u00a0 \u00a0 \u00a0 \u00a0","rel":"","context":"In &quot;H\u00edreink, k\u00f6zlem\u00e9nyeink&quot;","img":{"alt_text":"","src":"https:\/\/i2.wp.com\/bukkleader.hu\/old\/wp-content\/uploads\/2018\/04\/ravataloz\u00f3.jpg?resize=350%2C200&ssl=1","width":350,"height":200},"classes":[]},{"id":1794,"url":"https:\/\/bukkleader.hu\/old\/tisztelt-palyazok-a-temetkezesi-hagyomanyok-apolasa-fejlesztese-vp6-19-2-1-15-8-17-helyi-felhivasra-2018-10-01-tol-ujra-lehet-palyazatot-benyujtani\/","url_meta":{"origin":1660,"position":1},"title":"Tisztelt P\u00e1ly\u00e1z\u00f3k!  A TEMETKEZ\u00c9SI HAGYOM\u00c1NYOK \u00c1POL\u00c1SA, FEJLESZT\u00c9SE (VP6-19.2.1.-15-8-17) helyi felh\u00edv\u00e1sra 2018. 10. 01-t\u0151l \u00fajra lehet p\u00e1ly\u00e1zatot beny\u00fajtani!","date":"2018-09-17","format":false,"excerpt":"Tisztelt P\u00e1ly\u00e1z\u00f3k! Felh\u00edvjuk figyelm\u00fcket, hogy \"A TEMETKEZ\u00c9SI HAGYOM\u00c1NYOK \u00c1POL\u00c1SA, FEJLESZT\u00c9SE\" (VP6-19.2.1.-15-8-17) helyi felh\u00edv\u00e1sra 2018. 10. 01-t\u0151l\u00a0\u00fajra lehet p\u00e1ly\u00e1zatot beny\u00fajtani!","rel":"","context":"In &quot;H\u00edreink, k\u00f6zlem\u00e9nyeink&quot;","img":{"alt_text":"","src":"https:\/\/i0.wp.com\/bukkleader.hu\/old\/wp-content\/uploads\/2018\/08\/p\u00e1ly\u00e1zati-felh\u00edv\u00e1s.jpg?resize=350%2C200&ssl=1","width":350,"height":200},"classes":[]},{"id":1656,"url":"https:\/\/bukkleader.hu\/old\/figyelem-szakasz-zaras\/","url_meta":{"origin":1660,"position":2},"title":"Figyelem!  Szakasz z\u00e1r\u00e1s!","date":"2018-03-19","format":false,"excerpt":"Felh\u00edvjuk Tisztelt P\u00e1ly\u00e1z\u00f3ink figyelm\u00e9t, hogy n\u00e9gy helyi felh\u00edv\u00e1sunkra a t\u00e1mogat\u00e1si k\u00e9relmek beny\u00fajt\u00e1s\u00e1nak els\u0151 szakasza\u00a02018. 03. 31.-\u00e9n z\u00e1rul. Ezen felh\u00edv\u00e1sok az al\u00e1bbiak: A\u00a0m\u00falt, jelen \u00e9s a j\u00f6v\u0151 mesters\u00e9geinek fejleszt\u00e9se\u00a0(VP6-19.2.1.-15-5-17) A B\u00fckki \u00e9s B\u00fckkl\u00e1bi r\u00e9tegvizek hasznos\u00edt\u00e1s\u00e1nak fejleszt\u00e9se\u00a0(VP6-19.2.1.-15-6-17) Saj\u00f3- Hern\u00e1d v\u00f6lgyi bolg\u00e1rkert\u00e9szeti hagyom\u00e1nyok \u00e1pol\u00e1s\u00e1nak fejleszt\u00e9se\u00a0(VP6-19.2.1.-15-7-17) Temetkez\u00e9si hagyom\u00e1nyok \u00e1pol\u00e1sa, fejleszt\u00e9se\u00a0(VP6-19.2.1.-15-8-17)","rel":"","context":"In &quot;H\u00edreink, k\u00f6zlem\u00e9nyeink&quot;","img":{"alt_text":"","src":"https:\/\/i2.wp.com\/bukkleader.hu\/old\/wp-content\/uploads\/2017\/12\/danger.png?resize=350%2C200&ssl=1","width":350,"height":200},"classes":[]},{"id":1559,"url":"https:\/\/bukkleader.hu\/old\/palyazok-figyelmebe\/","url_meta":{"origin":1660,"position":3},"title":"P\u00e1ly\u00e1z\u00f3k figyelm\u00e9be!","date":"2018-02-02","format":false,"excerpt":"Tisztelt P\u00e1ly\u00e1z\u00f3k! Felh\u00edvjuk a figyelm\u00fcket, hogy a k\u00e9t, 2018. 01. 02-t\u0151l nyitva l\u00e9v\u0151, gazdas\u00e1gfejleszt\u00e9sre ir\u00e1nyul\u00f3 felh\u00edv\u00e1sunk mellett\u00a02018. 02. 05-t\u0151l a k\u00f6z\u00f6ss\u00e9gfejleszt\u00e9sre ir\u00e1nyul\u00f3 felh\u00edv\u00e1sokra is beny\u00fajthat\u00f3k a t\u00e1mogat\u00e1si k\u00e9relmek!\u00a0 Ezen felh\u00edv\u00e1sok a k\u00f6vetkez\u0151k:\u00a0 LEADER TUDOMKA PONTOK KIALAK\u00cdT\u00c1SA (VP6-19.2.1.-15-1-17),\u00a0 LEADER TUDOMKA FALVAK FEJLESZT\u00c9SE\u00a0(VP6-19.2.1.-15-2-17),\u00a0 LEADER TUDOMKA TEMATIKUS K\u00d6ZPONTOK L\u00c9TES\u00cdT\u00c9S\u00c9NEK T\u00c1MOGAT\u00c1SA\u00a0(VP6-19.2.1.-15-3-17),\u00a0 LEADER TUDOMKA K\u00d6ZPONT\u2026","rel":"","context":"In &quot;H\u00edreink, k\u00f6zlem\u00e9nyeink&quot;","img":{"alt_text":"","src":"https:\/\/i1.wp.com\/bukkleader.hu\/old\/wp-content\/uploads\/2018\/02\/\u00fcres-t\u00e1bla-\u00faj.jpg?resize=350%2C200&ssl=1","width":350,"height":200},"classes":[]},{"id":1599,"url":"https:\/\/bukkleader.hu\/old\/figyelem-modosult-mult-jelen-es-jovo-mestersegeinek-fejlesztese-felhivas\/","url_meta":{"origin":1660,"position":4},"title":"Figyelem !  M\u00f3dosult a A M\u00daLT, JELEN, \u00c9S A J\u00d6V\u0150 MESTERS\u00c9GEINEK FEJLESZT\u00c9SE felh\u00edv\u00e1s","date":"2018-03-01","format":false,"excerpt":"Figyelem ! M\u00f3dosult a\u00a0A M\u00daLT, JELEN, \u00c9S A J\u00d6V\u0150 MESTERS\u00c9GEINEK FEJLESZT\u00c9SE\u00a0(mikrov\u00e1llalkoz\u00e1sok fejleszt\u00e9se, VP6-19.2.1.-15-5-17)\u00a0felh\u00edv\u00e1s\u00a0 4.1. pontja, amely szerint: indul\u00f3 v\u00e1llalkoz\u00e1s tev\u00e9kenys\u00e9g\u00e9t a T\u00e1mogat\u00f3 Okirat\u00a0k\u00e9zbes\u00edt\u00e9s napj\u00e1t k\u00f6vet\u0151 napig sz\u00fcneteltetheti.","rel":"","context":"In &quot;H\u00edreink, k\u00f6zlem\u00e9nyeink&quot;","img":{"alt_text":"","src":"https:\/\/i1.wp.com\/bukkleader.hu\/old\/wp-content\/uploads\/2018\/03\/nyitott-f\u00fczet-5.jpg?resize=350%2C200&ssl=1","width":350,"height":200},"classes":[]},{"id":2529,"url":"https:\/\/bukkleader.hu\/old\/figyelem-modosult-a-turisztikai-szolgaltatasok-fejlesztese-vp6-19-2-1-15-9-20-helyi-felhivas\/","url_meta":{"origin":1660,"position":5},"title":"Figyelem! M\u00f3dosult a Turisztikai Szolg\u00e1ltat\u00e1sok Fejleszt\u00e9se (VP6-19.2.1.-15-9-20) helyi felh\u00edv\u00e1s","date":"2020-04-21","format":false,"excerpt":"Tisztelt T\u00e1mogat\u00e1st Ig\u00e9nyl\u0151k! M\u00f3dosult a TURISZTIKAI SZOLG\u00c1LTAT\u00c1SOK FEJLESZT\u00c9SE (VP6-19.2.1.-15-9-20) felh\u00edv\u00e1s\u00a04.3. pontja - \u00e9rt\u00e9kel\u00e9si hat\u00e1rnapok. A m\u00e1sodik szakasz z\u00e1r\u00e1sa\u00a0 2020. 05. 10.-r\u0151l 2020. 04. 30.-ra v\u00e1ltozott.","rel":"","context":"In &quot;H\u00edreink, k\u00f6zlem\u00e9nyeink&quot;","img":{"alt_text":"","src":"https:\/\/i2.wp.com\/bukkleader.hu\/old\/wp-content\/uploads\/2017\/12\/danger.png?resize=350%2C200&ssl=1","width":350,"height":200},"classes":[]}],"_links":{"self":[{"href":"https:\/\/bukkleader.hu\/old\/wp-json\/wp\/v2\/posts\/1660"}],"collection":[{"href":"https:\/\/bukkleader.hu\/old\/wp-json\/wp\/v2\/posts"}],"about":[{"href":"https:\/\/bukkleader.hu\/old\/wp-json\/wp\/v2\/types\/post"}],"author":[{"embeddable":true,"href":"https:\/\/bukkleader.hu\/old\/wp-json\/wp\/v2\/users\/4"}],"replies":[{"embeddable":true,"href":"https:\/\/bukkleader.hu\/old\/wp-json\/wp\/v2\/comments?post=1660"}],"version-history":[{"count":3,"href":"https:\/\/bukkleader.hu\/old\/wp-json\/wp\/v2\/posts\/1660\/revisions"}],"predecessor-version":[{"id":1664,"href":"https:\/\/bukkleader.hu\/old\/wp-json\/wp\/v2\/posts\/1660\/revisions\/1664"}],"wp:featuredmedia":[{"embeddable":true,"href":"https:\/\/bukkleader.hu\/old\/wp-json\/wp\/v2\/media\/1662"}],"wp:attachment":[{"href":"https:\/\/bukkleader.hu\/old\/wp-json\/wp\/v2\/media?parent=1660"}],"wp:term":[{"taxonomy":"category","embeddable":true,"href":"https:\/\/bukkleader.hu\/old\/wp-json\/wp\/v2\/categories?post=1660"},{"taxonomy":"post_tag","embeddable":true,"href":"https:\/\/bukkleader.hu\/old\/wp-json\/wp\/v2\/tags?post=1660"}],"curies":[{"name":"wp","href":"https:\/\/api.w.org\/{rel}","templated":true}]}}