{"id":1559,"date":"2018-02-02T09:09:08","date_gmt":"2018-02-02T08:09:08","guid":{"rendered":"https:\/\/bukkleader.hu\/old\/?p=1559"},"modified":"2018-02-02T09:19:29","modified_gmt":"2018-02-02T08:19:29","slug":"palyazok-figyelmebe","status":"publish","type":"post","link":"https:\/\/bukkleader.hu\/old\/palyazok-figyelmebe\/","title":{"rendered":"P\u00e1ly\u00e1z\u00f3k figyelm\u00e9be!"},"content":{"rendered":"<p style=\"font-weight: 400;\"><strong>Tisztelt P\u00e1ly\u00e1z\u00f3k!<\/strong><\/p>\n<p style=\"font-weight: 400;\">Felh\u00edvjuk a figyelm\u00fcket, hogy a k\u00e9t, 2018. 01. 02-t\u0151l nyitva l\u00e9v\u0151, gazdas\u00e1gfejleszt\u00e9sre ir\u00e1nyul\u00f3 felh\u00edv\u00e1sunk mellett\u00a0<strong>2018. 02. 05-t\u0151l a k\u00f6z\u00f6ss\u00e9gfejleszt\u00e9sre ir\u00e1nyul\u00f3 felh\u00edv\u00e1sokra is beny\u00fajthat\u00f3k a t\u00e1mogat\u00e1si k\u00e9relmek<\/strong>!\u00a0<\/p>\n<p style=\"font-weight: 400;\">Ezen felh\u00edv\u00e1sok a k\u00f6vetkez\u0151k:\u00a0<br \/>\nLEADER TUDOMKA PONTOK KIALAK\u00cdT\u00c1SA (VP6-19.2.1.-15-1-17),\u00a0<br \/>\nLEADER TUDOMKA FALVAK FEJLESZT\u00c9SE\u00a0(VP6-19.2.1.-15-2-17),\u00a0<br \/>\nLEADER TUDOMKA TEMATIKUS K\u00d6ZPONTOK L\u00c9TES\u00cdT\u00c9S\u00c9NEK T\u00c1MOGAT\u00c1SA\u00a0(VP6-19.2.1.-15-3-17),\u00a0<br \/>\nLEADER TUDOMKA K\u00d6ZPONT L\u00c9TES\u00cdT\u00c9S\u00c9NEK T\u00c1MOGAT\u00c1SA\u00a0(VP6-19.2.1.-15-4-17),\u00a0<br \/>\nSaj\u00f3-Hern\u00e1d v\u00f6lgyi bolg\u00e1rkert\u00e9szeti hagyom\u00e1nyok \u00e1pol\u00e1s\u00e1nak fejleszt\u00e9se\u00a0(VP6-19.2.1.-15-7-17),\u00a0<br \/>\nTemetkez\u00e9si hagyom\u00e1nyok \u00e1pol\u00e1sa, fejleszt\u00e9se (VP6-19.2.1.-15-8-17).<\/p>\n<div class=\"sharedaddy sd-sharing-enabled\"><div class=\"robots-nocontent sd-block sd-social sd-social-icon sd-sharing\"><h3 class=\"sd-title\">Share this:<\/h3><div class=\"sd-content\"><ul><li class=\"share-facebook\"><a rel=\"nofollow noopener noreferrer\" data-shared=\"sharing-facebook-1559\" class=\"share-facebook sd-button share-icon no-text\" href=\"https:\/\/bukkleader.hu\/old\/palyazok-figyelmebe\/?share=facebook\" target=\"_blank\" title=\"Click to share on Facebook\"><span><\/span><span class=\"sharing-screen-reader-text\">Click to share on Facebook (Opens in new window)<\/span><\/a><\/li><li class=\"share-twitter\"><a rel=\"nofollow noopener noreferrer\" data-shared=\"sharing-twitter-1559\" class=\"share-twitter sd-button share-icon no-text\" href=\"https:\/\/bukkleader.hu\/old\/palyazok-figyelmebe\/?share=twitter\" target=\"_blank\" title=\"Click to share on Twitter\"><span><\/span><span class=\"sharing-screen-reader-text\">Click to share on Twitter (Opens in new window)<\/span><\/a><\/li><li class=\"share-print\"><a rel=\"nofollow noopener noreferrer\" data-shared=\"\" class=\"share-print sd-button share-icon no-text\" href=\"https:\/\/bukkleader.hu\/old\/palyazok-figyelmebe\/\" target=\"_blank\" title=\"Click to print\"><span><\/span><span class=\"sharing-screen-reader-text\">Click to print (Opens in new window)<\/span><\/a><\/li><li class=\"share-email\"><a rel=\"nofollow noopener noreferrer\" data-shared=\"\" class=\"share-email sd-button share-icon no-text\" href=\"https:\/\/bukkleader.hu\/old\/palyazok-figyelmebe\/?share=email\" target=\"_blank\" title=\"Click to email this to a friend\"><span><\/span><span class=\"sharing-screen-reader-text\">Click to email this to a friend (Opens in new window)<\/span><\/a><\/li><li class=\"share-end\"><\/li><\/ul><\/div><\/div><\/div>","protected":false},"excerpt":{"rendered":"<p>Tisztelt P\u00e1ly\u00e1z\u00f3k! Felh\u00edvjuk a figyelm\u00fcket, hogy a k\u00e9t, 2018. 01. 02-t\u0151l nyitva l\u00e9v\u0151, gazdas\u00e1gfejleszt\u00e9sre ir\u00e1nyul\u00f3 felh\u00edv\u00e1sunk mellett\u00a02018. 02. 05-t\u0151l a k\u00f6z\u00f6ss\u00e9gfejleszt\u00e9sre ir\u00e1nyul\u00f3 felh\u00edv\u00e1sokra is beny\u00fajthat\u00f3k a t\u00e1mogat\u00e1si k\u00e9relmek!\u00a0 Ezen felh\u00edv\u00e1sok a k\u00f6vetkez\u0151k:\u00a0 LEADER TUDOMKA PONTOK KIALAK\u00cdT\u00c1SA (VP6-19.2.1.-15-1-17),\u00a0 LEADER TUDOMKA FALVAK FEJLESZT\u00c9SE\u00a0(VP6-19.2.1.-15-2-17),\u00a0 LEADER TUDOMKA TEMATIKUS K\u00d6ZPONTOK L\u00c9TES\u00cdT\u00c9S\u00c9NEK T\u00c1MOGAT\u00c1SA\u00a0(VP6-19.2.1.-15-3-17),\u00a0 LEADER TUDOMKA K\u00d6ZPONT L\u00c9TES\u00cdT\u00c9S\u00c9NEK T\u00c1MOGAT\u00c1SA\u00a0(VP6-19.2.1.-15-4-17),\u00a0 Saj\u00f3-Hern\u00e1d v\u00f6lgyi bolg\u00e1rkert\u00e9szeti [&hellip;]<\/p>\n<div class=\"sharedaddy sd-sharing-enabled\"><div class=\"robots-nocontent sd-block sd-social sd-social-icon sd-sharing\"><h3 class=\"sd-title\">Share this:<\/h3><div class=\"sd-content\"><ul><li class=\"share-facebook\"><a rel=\"nofollow noopener noreferrer\" data-shared=\"sharing-facebook-1559\" class=\"share-facebook sd-button share-icon no-text\" href=\"https:\/\/bukkleader.hu\/old\/palyazok-figyelmebe\/?share=facebook\" target=\"_blank\" title=\"Click to share on Facebook\"><span><\/span><span class=\"sharing-screen-reader-text\">Click to share on Facebook (Opens in new window)<\/span><\/a><\/li><li class=\"share-twitter\"><a rel=\"nofollow noopener noreferrer\" data-shared=\"sharing-twitter-1559\" class=\"share-twitter sd-button share-icon no-text\" href=\"https:\/\/bukkleader.hu\/old\/palyazok-figyelmebe\/?share=twitter\" target=\"_blank\" title=\"Click to share on Twitter\"><span><\/span><span class=\"sharing-screen-reader-text\">Click to share on Twitter (Opens in new window)<\/span><\/a><\/li><li class=\"share-print\"><a rel=\"nofollow noopener noreferrer\" data-shared=\"\" class=\"share-print sd-button share-icon no-text\" href=\"https:\/\/bukkleader.hu\/old\/palyazok-figyelmebe\/\" target=\"_blank\" title=\"Click to print\"><span><\/span><span class=\"sharing-screen-reader-text\">Click to print (Opens in new window)<\/span><\/a><\/li><li class=\"share-email\"><a rel=\"nofollow noopener noreferrer\" data-shared=\"\" class=\"share-email sd-button share-icon no-text\" href=\"https:\/\/bukkleader.hu\/old\/palyazok-figyelmebe\/?share=email\" target=\"_blank\" title=\"Click to email this to a friend\"><span><\/span><span class=\"sharing-screen-reader-text\">Click to email this to a friend (Opens in new window)<\/span><\/a><\/li><li class=\"share-end\"><\/li><\/ul><\/div><\/div><\/div>","protected":false},"author":4,"featured_media":1562,"comment_status":"open","ping_status":"closed","sticky":false,"template":"","format":"standard","meta":{"_bbp_topic_count":0,"_bbp_reply_count":0,"_bbp_total_topic_count":0,"_bbp_total_reply_count":0,"_bbp_voice_count":0,"_bbp_anonymous_reply_count":0,"_bbp_topic_count_hidden":0,"_bbp_reply_count_hidden":0,"_bbp_forum_subforum_count":0,"spay_email":"","jetpack_publicize_message":"","jetpack_is_tweetstorm":false,"jetpack_publicize_feature_enabled":true},"categories":[1],"tags":[],"jetpack_featured_media_url":"https:\/\/bukkleader.hu\/old\/wp-content\/uploads\/2018\/02\/\u00fcres-t\u00e1bla-\u00faj.jpg","jetpack_publicize_connections":[],"jetpack_sharing_enabled":true,"jetpack-related-posts":[{"id":1774,"url":"https:\/\/bukkleader.hu\/old\/a-bukk-tersegi-leader-egyesulet-alabbi-helyi-felhivasaira-lehet-meg-palyazatokat-benyujtani\/","url_meta":{"origin":1559,"position":0},"title":"A B\u00fckk-T\u00e9rs\u00e9gi LEADER Egyes\u00fclet al\u00e1bbi helyi felh\u00edv\u00e1saira lehet m\u00e9g p\u00e1ly\u00e1zatokat beny\u00fajtani","date":"2018-08-15","format":false,"excerpt":"Tisztelt P\u00e1ly\u00e1z\u00f3k! A B\u00fckk-T\u00e9rs\u00e9gi LEADER Egyes\u00fclet\u00a0 al\u00e1bbi helyi felh\u00edv\u00e1saira lehet m\u00e9g p\u00e1ly\u00e1zatokat beny\u00fajtani: \u00a0\u00a0\u00a0\u00a0A LEADER TUDOMKA PONTOK KIALAK\u00cdT\u00c1SA\u00a0(VP6-19.2.1.-15-1-17) \u00a0\u00a0\u00a0\u00a0A LEADER TUDOMKA FALVAK FEJLESZT\u00c9SE\u00a0(VP6-19.2.1.-15-2-17) \u00a0\u00a0\u00a0\u00a0A LEADER TUDOMKA TEMATIKUS K\u00d6ZPONTOK L\u00c9TES\u00cdT\u00c9S\u00c9NEK T\u00c1MOGAT\u00c1SA\u00a0(VP6-19.2.1.-15-3-17) \u00a0 \u00a0\u00a0A\u00a0M\u00daLT, JELEN \u00c9S A J\u00d6V\u0150 MESTERS\u00c9GEINEK FEJLESZT\u00c9SE\u00a0(VP6-19.2.1.-15-5-17) \u00a0\u00a0\u00a0\u00a0B\u00dcKKI \u00c9S B\u00dcKKL\u00c1BI R\u00c9TEGVIZEK HASZNOS\u00cdT\u00c1S\u00c1NAK FEJLESZT\u00c9SE\u00a0(VP6-19.2.1.-15-6-17) \u00a0\u00a0\u00a0\u00a0SAJ\u00d3 - HERN\u00c1D V\u00d6LGYI BOLG\u00c1RKERT\u00c9SZETI HAGYOM\u00c1NYOK\u2026","rel":"","context":"In &quot;H\u00edreink, k\u00f6zlem\u00e9nyeink&quot;","img":{"alt_text":"","src":"https:\/\/i2.wp.com\/bukkleader.hu\/old\/wp-content\/uploads\/2018\/08\/p\u00e1ly\u00e1zati-lehet\u0151s\u00e9gek.3.jpg?resize=350%2C200&ssl=1","width":350,"height":200},"classes":[]},{"id":1815,"url":"https:\/\/bukkleader.hu\/old\/palyazok-figyelmebe-valtoztak-a-helyi-felhivasok\/","url_meta":{"origin":1559,"position":1},"title":"P\u00e1ly\u00e1z\u00f3k figyelm\u00e9be! M\u00f3dosultak a helyi felh\u00edv\u00e1sok.","date":"2018-10-19","format":false,"excerpt":"Tisztelt P\u00e1ly\u00e1z\u00f3k! A B\u00fckk-T\u00e9rs\u00e9gi LEADER Egyes\u00fclet helyi felh\u00edv\u00e1sai 2018. 10. 18-t\u00f3l, az al\u00e1bbiak szerint v\u00e1ltoztak: \u00a0\u00a0\u00a0 VP6-19.2.1.-15-1-17 (Leader Tudomka Pont) \u00a0\u00a0\u00a0\u00a0VP6-19.2.1.-15-2-17 (Leader Tudomka Falu) \u00a0\u00a0\u00a0\u00a0VP6-19.2.1.-15-3-17 (Leader Tudomka Tematikus K\u00f6zpontok) \u00a0\u00a0\u00a0\u00a0VP6-19.2.1.-15-5-17 (A m\u00falt-, a jelen \u00e9s a j\u00f6v\u0151 mesters\u00e9geinek fejleszt\u00e9se)) \u00a0\u00a0\u00a0\u00a0VP6-19.2.1.-15-7-17 (Saj\u00f3-, Hern\u00e1d-v\u00f6lgyi bolg\u00e1rkert\u00e9szet) \u00a0\u00a0\u00a0\u00a0VP6-19.2.1.-15-8-17 (Temetkez\u00e9si hagyom\u00e1nyok)\u00a0 \u00a0\u00a0\u00a0\u00a0Valamennyi fenti helyi felh\u00edv\u00e1s\u2026","rel":"","context":"In &quot;H\u00edreink, k\u00f6zlem\u00e9nyeink&quot;","img":{"alt_text":"","src":"https:\/\/i2.wp.com\/bukkleader.hu\/old\/wp-content\/uploads\/2017\/12\/danger.png?resize=350%2C200&ssl=1","width":350,"height":200},"classes":[]},{"id":1900,"url":"https:\/\/bukkleader.hu\/old\/tisztelt-palyazok-valtozas-a-helyi-palyazati-felhivasok-benyujtasanak-hataridejeben\/","url_meta":{"origin":1559,"position":2},"title":"Tisztelt P\u00e1ly\u00e1z\u00f3k! V\u00e1ltoz\u00e1s a helyi p\u00e1ly\u00e1zati felh\u00edv\u00e1sok beny\u00fajt\u00e1s\u00e1nak hat\u00e1ridej\u00e9ben!","date":"2018-12-13","format":false,"excerpt":"Tisztelt P\u00e1ly\u00e1z\u00f3k! V\u00e1ltoz\u00e1s a helyi p\u00e1ly\u00e1zati felh\u00edv\u00e1sok beny\u00fajt\u00e1s\u00e1nak hat\u00e1ridej\u00e9ben! A B\u00fckk-T\u00e9rs\u00e9gi LEADER Egyes\u00fclet helyi felh\u00edv\u00e1sai 2018. 12. 11-t\u0151l, az al\u00e1bbiak szerint m\u00f3dosultak: \u00a0\u00a0\u00a0 VP6-19.2.1.-15-1-17 (Leader Tudomka Pont) \u00a0\u00a0\u00a0\u00a0VP6-19.2.1.-15-2-17 (Leader Tudomka Falu) \u00a0\u00a0\u00a0\u00a0VP6-19.2.1.-15-3-17 (Leader Tudomka Tematikus K\u00f6zpontok) \u00a0\u00a0\u00a0\u00a0VP6-19.2.1.-15-5-17 (A m\u00falt-, a jelen \u00e9s a j\u00f6v\u0151 mesters\u00e9geinek fejleszt\u00e9se)) \u00a0\u00a0\u00a0\u00a0VP6-19.2.1.-15-7-17 (Saj\u00f3-, hern\u00e1d-v\u00f6lgyi bolg\u00e1rkert\u00e9szet)\u2026","rel":"","context":"In &quot;H\u00edreink, k\u00f6zlem\u00e9nyeink&quot;","img":{"alt_text":"","src":"https:\/\/i0.wp.com\/bukkleader.hu\/old\/wp-content\/uploads\/2018\/12\/hat\u00e1rid\u0151-modos\u00edt\u00e1s-2.jpg?resize=350%2C200&ssl=1","width":350,"height":200},"classes":[]},{"id":1973,"url":"https:\/\/bukkleader.hu\/old\/palyazok-figyelmebe-2019-03-31-en-zarulnak-a-helyi-felhivasokra-a-palyazatok-benyujtasa\/","url_meta":{"origin":1559,"position":3},"title":"P\u00e1ly\u00e1z\u00f3k figyelm\u00e9be! 2019.03.31-\u00e9n z\u00e1rulnak a helyi felh\u00edv\u00e1sokra a p\u00e1ly\u00e1zatok beny\u00fajt\u00e1sa","date":"2019-03-01","format":false,"excerpt":"Tisztelt P\u00e1ly\u00e1z\u00f3k! A B\u00fckk-T\u00e9rs\u00e9gi LEADER Egyes\u00fclet helyi felh\u00edv\u00e1sai 2019. 03. 31-\u00e9n lez\u00e1rulnak. Ezen id\u0151pontig az al\u00e1bbi felh\u00edv\u00e1sokra lehet m\u00e9g p\u00e1ly\u00e1zatot beny\u00fajtani: VP6-19.2.1.-15-1-17 (Leader Tudomka Pont) VP6-19.2.1.-15-2-17 (Leader Tudomka Falu) VP6-19.2.1.-15-3-17 (Leader Tudomka Tematikus K\u00f6zpontok) VP6-19.2.1.-15-5-17 (A m\u00falt-, a jelen \u00e9s a j\u00f6v\u0151 mesters\u00e9geinek fejleszt\u00e9se)) VP6-19.2.1.-15-7-17 (Saj\u00f3-, Hern\u00e1d-v\u00f6lgyi bolg\u00e1rkert\u00e9szet) VP6-19.2.1.-15-8-17 (Temetkez\u00e9si\u2026","rel":"","context":"In &quot;H\u00edreink, k\u00f6zlem\u00e9nyeink&quot;","img":{"alt_text":"","src":"https:\/\/i2.wp.com\/bukkleader.hu\/old\/wp-content\/uploads\/2017\/12\/danger.png?resize=350%2C200&ssl=1","width":350,"height":200},"classes":[]},{"id":1794,"url":"https:\/\/bukkleader.hu\/old\/tisztelt-palyazok-a-temetkezesi-hagyomanyok-apolasa-fejlesztese-vp6-19-2-1-15-8-17-helyi-felhivasra-2018-10-01-tol-ujra-lehet-palyazatot-benyujtani\/","url_meta":{"origin":1559,"position":4},"title":"Tisztelt P\u00e1ly\u00e1z\u00f3k!  A TEMETKEZ\u00c9SI HAGYOM\u00c1NYOK \u00c1POL\u00c1SA, FEJLESZT\u00c9SE (VP6-19.2.1.-15-8-17) helyi felh\u00edv\u00e1sra 2018. 10. 01-t\u0151l \u00fajra lehet p\u00e1ly\u00e1zatot beny\u00fajtani!","date":"2018-09-17","format":false,"excerpt":"Tisztelt P\u00e1ly\u00e1z\u00f3k! Felh\u00edvjuk figyelm\u00fcket, hogy \"A TEMETKEZ\u00c9SI HAGYOM\u00c1NYOK \u00c1POL\u00c1SA, FEJLESZT\u00c9SE\" (VP6-19.2.1.-15-8-17) helyi felh\u00edv\u00e1sra 2018. 10. 01-t\u0151l\u00a0\u00fajra lehet p\u00e1ly\u00e1zatot beny\u00fajtani!","rel":"","context":"In &quot;H\u00edreink, k\u00f6zlem\u00e9nyeink&quot;","img":{"alt_text":"","src":"https:\/\/i0.wp.com\/bukkleader.hu\/old\/wp-content\/uploads\/2018\/08\/p\u00e1ly\u00e1zati-felh\u00edv\u00e1s.jpg?resize=350%2C200&ssl=1","width":350,"height":200},"classes":[]},{"id":1656,"url":"https:\/\/bukkleader.hu\/old\/figyelem-szakasz-zaras\/","url_meta":{"origin":1559,"position":5},"title":"Figyelem!  Szakasz z\u00e1r\u00e1s!","date":"2018-03-19","format":false,"excerpt":"Felh\u00edvjuk Tisztelt P\u00e1ly\u00e1z\u00f3ink figyelm\u00e9t, hogy n\u00e9gy helyi felh\u00edv\u00e1sunkra a t\u00e1mogat\u00e1si k\u00e9relmek beny\u00fajt\u00e1s\u00e1nak els\u0151 szakasza\u00a02018. 03. 31.-\u00e9n z\u00e1rul. Ezen felh\u00edv\u00e1sok az al\u00e1bbiak: A\u00a0m\u00falt, jelen \u00e9s a j\u00f6v\u0151 mesters\u00e9geinek fejleszt\u00e9se\u00a0(VP6-19.2.1.-15-5-17) A B\u00fckki \u00e9s B\u00fckkl\u00e1bi r\u00e9tegvizek hasznos\u00edt\u00e1s\u00e1nak fejleszt\u00e9se\u00a0(VP6-19.2.1.-15-6-17) Saj\u00f3- Hern\u00e1d v\u00f6lgyi bolg\u00e1rkert\u00e9szeti hagyom\u00e1nyok \u00e1pol\u00e1s\u00e1nak fejleszt\u00e9se\u00a0(VP6-19.2.1.-15-7-17) Temetkez\u00e9si hagyom\u00e1nyok \u00e1pol\u00e1sa, fejleszt\u00e9se\u00a0(VP6-19.2.1.-15-8-17)","rel":"","context":"In &quot;H\u00edreink, k\u00f6zlem\u00e9nyeink&quot;","img":{"alt_text":"","src":"https:\/\/i2.wp.com\/bukkleader.hu\/old\/wp-content\/uploads\/2017\/12\/danger.png?resize=350%2C200&ssl=1","width":350,"height":200},"classes":[]}],"_links":{"self":[{"href":"https:\/\/bukkleader.hu\/old\/wp-json\/wp\/v2\/posts\/1559"}],"collection":[{"href":"https:\/\/bukkleader.hu\/old\/wp-json\/wp\/v2\/posts"}],"about":[{"href":"https:\/\/bukkleader.hu\/old\/wp-json\/wp\/v2\/types\/post"}],"author":[{"embeddable":true,"href":"https:\/\/bukkleader.hu\/old\/wp-json\/wp\/v2\/users\/4"}],"replies":[{"embeddable":true,"href":"https:\/\/bukkleader.hu\/old\/wp-json\/wp\/v2\/comments?post=1559"}],"version-history":[{"count":1,"href":"https:\/\/bukkleader.hu\/old\/wp-json\/wp\/v2\/posts\/1559\/revisions"}],"predecessor-version":[{"id":1561,"href":"https:\/\/bukkleader.hu\/old\/wp-json\/wp\/v2\/posts\/1559\/revisions\/1561"}],"wp:featuredmedia":[{"embeddable":true,"href":"https:\/\/bukkleader.hu\/old\/wp-json\/wp\/v2\/media\/1562"}],"wp:attachment":[{"href":"https:\/\/bukkleader.hu\/old\/wp-json\/wp\/v2\/media?parent=1559"}],"wp:term":[{"taxonomy":"category","embeddable":true,"href":"https:\/\/bukkleader.hu\/old\/wp-json\/wp\/v2\/categories?post=1559"},{"taxonomy":"post_tag","embeddable":true,"href":"https:\/\/bukkleader.hu\/old\/wp-json\/wp\/v2\/tags?post=1559"}],"curies":[{"name":"wp","href":"https:\/\/api.w.org\/{rel}","templated":true}]}}