{"id":1525,"date":"2018-01-16T15:26:56","date_gmt":"2018-01-16T14:26:56","guid":{"rendered":"https:\/\/bukkleader.hu\/old\/?p=1525"},"modified":"2018-01-16T15:26:56","modified_gmt":"2018-01-16T14:26:56","slug":"tisztelt-palyazok-modosult-leader-tudomka-falvak-fejlesztese-felhivas","status":"publish","type":"post","link":"https:\/\/bukkleader.hu\/old\/tisztelt-palyazok-modosult-leader-tudomka-falvak-fejlesztese-felhivas\/","title":{"rendered":"Tisztelt P\u00e1ly\u00e1z\u00f3k!  M\u00f3dosult a LEADER TUDOMKA FALVAK FEJLESZT\u00c9SE FELH\u00cdV\u00c1S!"},"content":{"rendered":"<p style=\"font-weight: 400;\"><strong>Tisztelt P\u00e1ly\u00e1z\u00f3k!<\/strong><\/p>\n<p style=\"font-weight: 400;\"><strong>M\u00f3dosult a\u00a0<\/strong><strong>LEADER TUDOMKA FALVAK FEJLESZT\u00c9SE (VP6-19.2.1.-15-2-17) helyi felh\u00edv\u00e1s<\/strong>: A projekt c\u00e9lj\u00e1hoz kapcsol\u00f3d\u00f3 \u00faj eszk\u00f6z\u00f6k beszerz\u00e9se a 3.1.2.2. (V\u00e1laszthat\u00f3, \u00f6n\u00e1ll\u00f3an nem t\u00e1mogathat\u00f3 tev\u00e9kenys\u00e9gek) pontb\u00f3l \u00e1tker\u00fclt a 3.1.2.1. (K\u00f6telez\u0151en megval\u00f3s\u00edtand\u00f3, \u00f6n\u00e1ll\u00f3an nem t\u00e1mogathat\u00f3 tev\u00e9kenys\u00e9gek) k\u00f6z\u00e9.\u00a0<\/p>\n<p style=\"font-weight: 400;\">A m\u00f3dosult felh\u00edv\u00e1s megtal\u00e1lhat\u00f3 a Magyar \u00c1llamkincst\u00e1r honlapj\u00e1n az al\u00e1bbi linken:<\/p>\n<p><a href=\"https:\/\/www.mvh.allamkincstar.gov.hu\/leader-helyi-felhivasok\">Megtekint\u00e9s itt &gt;&gt;<\/a><\/p>\n<div class=\"sharedaddy sd-sharing-enabled\"><div class=\"robots-nocontent sd-block sd-social sd-social-icon sd-sharing\"><h3 class=\"sd-title\">Share this:<\/h3><div class=\"sd-content\"><ul><li class=\"share-facebook\"><a rel=\"nofollow noopener noreferrer\" data-shared=\"sharing-facebook-1525\" class=\"share-facebook sd-button share-icon no-text\" href=\"https:\/\/bukkleader.hu\/old\/tisztelt-palyazok-modosult-leader-tudomka-falvak-fejlesztese-felhivas\/?share=facebook\" target=\"_blank\" title=\"Click to share on Facebook\"><span><\/span><span class=\"sharing-screen-reader-text\">Click to share on Facebook (Opens in new window)<\/span><\/a><\/li><li class=\"share-twitter\"><a rel=\"nofollow noopener noreferrer\" data-shared=\"sharing-twitter-1525\" class=\"share-twitter sd-button share-icon no-text\" href=\"https:\/\/bukkleader.hu\/old\/tisztelt-palyazok-modosult-leader-tudomka-falvak-fejlesztese-felhivas\/?share=twitter\" target=\"_blank\" title=\"Click to share on Twitter\"><span><\/span><span class=\"sharing-screen-reader-text\">Click to share on Twitter (Opens in new window)<\/span><\/a><\/li><li class=\"share-print\"><a rel=\"nofollow noopener noreferrer\" data-shared=\"\" class=\"share-print sd-button share-icon no-text\" href=\"https:\/\/bukkleader.hu\/old\/tisztelt-palyazok-modosult-leader-tudomka-falvak-fejlesztese-felhivas\/\" target=\"_blank\" title=\"Click to print\"><span><\/span><span class=\"sharing-screen-reader-text\">Click to print (Opens in new window)<\/span><\/a><\/li><li class=\"share-email\"><a rel=\"nofollow noopener noreferrer\" data-shared=\"\" class=\"share-email sd-button share-icon no-text\" href=\"https:\/\/bukkleader.hu\/old\/tisztelt-palyazok-modosult-leader-tudomka-falvak-fejlesztese-felhivas\/?share=email\" target=\"_blank\" title=\"Click to email this to a friend\"><span><\/span><span class=\"sharing-screen-reader-text\">Click to email this to a friend (Opens in new window)<\/span><\/a><\/li><li class=\"share-end\"><\/li><\/ul><\/div><\/div><\/div>","protected":false},"excerpt":{"rendered":"<p>Tisztelt P\u00e1ly\u00e1z\u00f3k! M\u00f3dosult a\u00a0LEADER TUDOMKA FALVAK FEJLESZT\u00c9SE (VP6-19.2.1.-15-2-17) helyi felh\u00edv\u00e1s: A projekt c\u00e9lj\u00e1hoz kapcsol\u00f3d\u00f3 \u00faj eszk\u00f6z\u00f6k beszerz\u00e9se a 3.1.2.2. (V\u00e1laszthat\u00f3, \u00f6n\u00e1ll\u00f3an nem t\u00e1mogathat\u00f3 tev\u00e9kenys\u00e9gek) pontb\u00f3l \u00e1tker\u00fclt a 3.1.2.1. (K\u00f6telez\u0151en megval\u00f3s\u00edtand\u00f3, \u00f6n\u00e1ll\u00f3an nem t\u00e1mogathat\u00f3 tev\u00e9kenys\u00e9gek) k\u00f6z\u00e9.\u00a0 A m\u00f3dosult felh\u00edv\u00e1s megtal\u00e1lhat\u00f3 a Magyar \u00c1llamkincst\u00e1r honlapj\u00e1n az al\u00e1bbi linken: Megtekint\u00e9s itt &gt;&gt;<\/p>\n<div class=\"sharedaddy sd-sharing-enabled\"><div class=\"robots-nocontent sd-block sd-social sd-social-icon sd-sharing\"><h3 class=\"sd-title\">Share this:<\/h3><div class=\"sd-content\"><ul><li class=\"share-facebook\"><a rel=\"nofollow noopener noreferrer\" data-shared=\"sharing-facebook-1525\" class=\"share-facebook sd-button share-icon no-text\" href=\"https:\/\/bukkleader.hu\/old\/tisztelt-palyazok-modosult-leader-tudomka-falvak-fejlesztese-felhivas\/?share=facebook\" target=\"_blank\" title=\"Click to share on Facebook\"><span><\/span><span class=\"sharing-screen-reader-text\">Click to share on Facebook (Opens in new window)<\/span><\/a><\/li><li class=\"share-twitter\"><a rel=\"nofollow noopener noreferrer\" data-shared=\"sharing-twitter-1525\" class=\"share-twitter sd-button share-icon no-text\" href=\"https:\/\/bukkleader.hu\/old\/tisztelt-palyazok-modosult-leader-tudomka-falvak-fejlesztese-felhivas\/?share=twitter\" target=\"_blank\" title=\"Click to share on Twitter\"><span><\/span><span class=\"sharing-screen-reader-text\">Click to share on Twitter (Opens in new window)<\/span><\/a><\/li><li class=\"share-print\"><a rel=\"nofollow noopener noreferrer\" data-shared=\"\" class=\"share-print sd-button share-icon no-text\" href=\"https:\/\/bukkleader.hu\/old\/tisztelt-palyazok-modosult-leader-tudomka-falvak-fejlesztese-felhivas\/\" target=\"_blank\" title=\"Click to print\"><span><\/span><span class=\"sharing-screen-reader-text\">Click to print (Opens in new window)<\/span><\/a><\/li><li class=\"share-email\"><a rel=\"nofollow noopener noreferrer\" data-shared=\"\" class=\"share-email sd-button share-icon no-text\" href=\"https:\/\/bukkleader.hu\/old\/tisztelt-palyazok-modosult-leader-tudomka-falvak-fejlesztese-felhivas\/?share=email\" target=\"_blank\" title=\"Click to email this to a friend\"><span><\/span><span class=\"sharing-screen-reader-text\">Click to email this to a friend (Opens in new window)<\/span><\/a><\/li><li class=\"share-end\"><\/li><\/ul><\/div><\/div><\/div>","protected":false},"author":4,"featured_media":1526,"comment_status":"open","ping_status":"closed","sticky":false,"template":"","format":"standard","meta":{"_bbp_topic_count":0,"_bbp_reply_count":0,"_bbp_total_topic_count":0,"_bbp_total_reply_count":0,"_bbp_voice_count":0,"_bbp_anonymous_reply_count":0,"_bbp_topic_count_hidden":0,"_bbp_reply_count_hidden":0,"_bbp_forum_subforum_count":0,"spay_email":"","jetpack_publicize_message":"","jetpack_is_tweetstorm":false,"jetpack_publicize_feature_enabled":true},"categories":[1],"tags":[],"jetpack_featured_media_url":"https:\/\/bukkleader.hu\/old\/wp-content\/uploads\/2018\/01\/muhi-csata.jpg","jetpack_publicize_connections":[],"jetpack_sharing_enabled":true,"jetpack-related-posts":[{"id":1535,"url":"https:\/\/bukkleader.hu\/old\/tisztelt-palyazok-modosult-leader-tudomka-pontok-kialakitasa\/","url_meta":{"origin":1525,"position":0},"title":"Tisztelt P\u00e1ly\u00e1z\u00f3k!  M\u00f3dosult a LEADER TUDOMKA PONTOK KIALAK\u00cdT\u00c1SA felh\u00edv\u00e1s!","date":"2018-01-29","format":false,"excerpt":"Tisztelt P\u00e1ly\u00e1z\u00f3k! M\u00f3dosult a\u00a0LEADER TUDOMKA PONTOK KIALAK\u00cdT\u00c1SA (VP6-19.2.1.-15-1-17) helyi felh\u00edv\u00e1s: 1.2. A rendelkez\u00e9sre \u00e1ll\u00f3 forr\u00e1s 42 200 000 Ft-r\u00f3l 42 237 634 Ft-ra v\u00e1ltozott.\u00a0 A m\u00f3dosult felh\u00edv\u00e1s megtal\u00e1lhat\u00f3 a Magyar \u00c1llamkincst\u00e1r honlapj\u00e1n az al\u00e1bbi linken: https:\/\/www.mvh.allamkincstar.gov.hu\/leader-helyi-felhivasok","rel":"","context":"In &quot;H\u00edreink, k\u00f6zlem\u00e9nyeink&quot;","img":{"alt_text":"","src":"https:\/\/i2.wp.com\/bukkleader.hu\/old\/wp-content\/uploads\/2018\/01\/keny\u00e9rs\u00fct\u00e9s.jpg?resize=350%2C200&ssl=1","width":350,"height":200},"classes":[]},{"id":2094,"url":"https:\/\/bukkleader.hu\/old\/modosult-a-leader-tudomka-pont-leader-tudomka-falu-es-leader-tudomka-tematikus-kozpontok-felhivas\/","url_meta":{"origin":1525,"position":1},"title":"M\u00f3dosult a LEADER Tudomka Pont, LEADER Tudomka Falu \u00e9s LEADER Tudomka Tematikus K\u00f6zpontok felh\u00edv\u00e1s!","date":"2019-07-04","format":false,"excerpt":"Tisztelt P\u00e1ly\u00e1z\u00f3k! M\u00f3dosult a B\u00fckk-T\u00e9rs\u00e9gi LEADER Egyes\u00fclet els\u0151 h\u00e1rom helyi felh\u00edv\u00e1sa,\u00a02019. 07. 03-t\u00f3l, az al\u00e1bbiak szerint: \u00a0\u00a0\u00a0 VP6-19.2.1.-15-1-17 (LEADER Tudomka Pont) \u00a0\u00a0\u00a0\u00a0VP6-19.2.1.-15-2-17 (LEADER Tudomka Falu) \u00a0\u00a0\u00a0\u00a0VP6-19.2.1.-15-3-17 (LEADER Tudomka Tematikus K\u00f6zpontok) Valamennyi fenti helyi felh\u00edv\u00e1s eset\u00e9ben a 3.5.1. \"A projekt megkezd\u00e9se\" pont azon r\u00e9sze m\u00f3dosult, amely azt \u00edrta el\u0151, hogy a\u2026","rel":"","context":"In &quot;H\u00edreink, k\u00f6zlem\u00e9nyeink&quot;","img":{"alt_text":"","src":"https:\/\/i1.wp.com\/bukkleader.hu\/old\/wp-content\/uploads\/2018\/11\/Saj\u00f3b\u00e1bony.jpg?resize=350%2C200&ssl=1","width":350,"height":200},"classes":[]},{"id":1704,"url":"https:\/\/bukkleader.hu\/old\/figyelem-modosult-a-leader-tudomka-pontok-kialakitasa-vp6-19-2-1-15-1-17-felhivas\/","url_meta":{"origin":1525,"position":2},"title":"Figyelem !  M\u00f3dosult A LEADER TUDOMKA PONTOK KIALAK\u00cdT\u00c1SA (VP6-19.2.1.-15-1-17) felh\u00edv\u00e1s","date":"2018-04-20","format":false,"excerpt":"Tisztelt P\u00e1ly\u00e1z\u00f3k! M\u00f3dosult\u00a0A LEADER TUDOMKA PONTOK KIALAK\u00cdT\u00c1SA\u00a0(VP6-19.2.1.-15-1-17) felh\u00edv\u00e1s\u00a08. pontj\u00e1nak 2. sz\u00e1m\u00fa mell\u00e9klete \u00e9s a 4. 3. pont \u00e9rt\u00e9kel\u00e9si hat\u00e1rnapok. A felh\u00edv\u00e1s 2. sz\u00e1m\u00fa mell\u00e9klete (Projekt terv \u00e9s sablon) \u00e9s az \u00e9rt\u00e9kel\u00e9si szakasz hat\u00e1rnapjai m\u00f3dosultak.\u00a0 A 2018. 04. 30. \u00e9s a 2018. 06. 30. szakasznapok v\u00e1ltozatlanok, teh\u00e1t\u00a0az els\u0151 szakasz z\u00e1r\u00e1sa v\u00e1ltozatlanul\u2026","rel":"","context":"In &quot;H\u00edreink, k\u00f6zlem\u00e9nyeink&quot;","img":{"alt_text":"","src":"https:\/\/i0.wp.com\/bukkleader.hu\/old\/wp-content\/uploads\/2018\/04\/nyitott-f\u00fczet-7.jpg?resize=350%2C200&ssl=1","width":350,"height":200},"classes":[]},{"id":1900,"url":"https:\/\/bukkleader.hu\/old\/tisztelt-palyazok-valtozas-a-helyi-palyazati-felhivasok-benyujtasanak-hataridejeben\/","url_meta":{"origin":1525,"position":3},"title":"Tisztelt P\u00e1ly\u00e1z\u00f3k! V\u00e1ltoz\u00e1s a helyi p\u00e1ly\u00e1zati felh\u00edv\u00e1sok beny\u00fajt\u00e1s\u00e1nak hat\u00e1ridej\u00e9ben!","date":"2018-12-13","format":false,"excerpt":"Tisztelt P\u00e1ly\u00e1z\u00f3k! V\u00e1ltoz\u00e1s a helyi p\u00e1ly\u00e1zati felh\u00edv\u00e1sok beny\u00fajt\u00e1s\u00e1nak hat\u00e1ridej\u00e9ben! A B\u00fckk-T\u00e9rs\u00e9gi LEADER Egyes\u00fclet helyi felh\u00edv\u00e1sai 2018. 12. 11-t\u0151l, az al\u00e1bbiak szerint m\u00f3dosultak: \u00a0\u00a0\u00a0 VP6-19.2.1.-15-1-17 (Leader Tudomka Pont) \u00a0\u00a0\u00a0\u00a0VP6-19.2.1.-15-2-17 (Leader Tudomka Falu) \u00a0\u00a0\u00a0\u00a0VP6-19.2.1.-15-3-17 (Leader Tudomka Tematikus K\u00f6zpontok) \u00a0\u00a0\u00a0\u00a0VP6-19.2.1.-15-5-17 (A m\u00falt-, a jelen \u00e9s a j\u00f6v\u0151 mesters\u00e9geinek fejleszt\u00e9se)) \u00a0\u00a0\u00a0\u00a0VP6-19.2.1.-15-7-17 (Saj\u00f3-, hern\u00e1d-v\u00f6lgyi bolg\u00e1rkert\u00e9szet)\u2026","rel":"","context":"In &quot;H\u00edreink, k\u00f6zlem\u00e9nyeink&quot;","img":{"alt_text":"","src":"https:\/\/i0.wp.com\/bukkleader.hu\/old\/wp-content\/uploads\/2018\/12\/hat\u00e1rid\u0151-modos\u00edt\u00e1s-2.jpg?resize=350%2C200&ssl=1","width":350,"height":200},"classes":[]},{"id":1483,"url":"https:\/\/bukkleader.hu\/old\/tisztelt-palyazok-modosultak-2018-01-02-tol-benyujthato-helyi-felhivasok\/","url_meta":{"origin":1525,"position":4},"title":"Tisztelt P\u00e1ly\u00e1z\u00f3k! M\u00f3dosultak a 2018.01.02-t\u00f3l beny\u00fajthat\u00f3 helyi felh\u00edv\u00e1sok.","date":"2017-12-21","format":false,"excerpt":"A M\u00daLT, JELEN, \u00c9S A J\u00d6V\u0150 MESTERS\u00c9GEINEK FEJLESZT\u00c9SE (VP6-19.2.1.-15-5-17) helyi felh\u00edv\u00e1s eset\u00e9ben:\u00a0\u00a04.1. T\u00e1mogat\u00e1st ig\u00e9nyl\u0151k k\u00f6re\u00a01.b. alpontja m\u00f3dosult, a 4.2. T\u00e1mogat\u00e1sban nem r\u00e9szes\u00edthet\u0151k k\u00f6re kieg\u00e9sz\u00fclt az e) alponttal valamint a 6.1. Csatoland\u00f3 mell\u00e9kletek k\u00f6z\u00fcl\u00a0 \"A felh\u00edv\u00e1s\u00a04.4.2.\/3. pontj\u00e1hoz tartoz\u00f3 Tartalmi \u00e9rt\u00e9kel\u00e9si szempontokat al\u00e1t\u00e1maszt\u00f3 igazol\u00e1sok, nyilatkozatok, dokumentumok\" e) alpontja m\u00f3dosult. A B\u00dcKKI \u00c9S\u2026","rel":"","context":"In &quot;H\u00edreink, k\u00f6zlem\u00e9nyeink&quot;","img":{"alt_text":"","src":"https:\/\/i2.wp.com\/bukkleader.hu\/old\/wp-content\/uploads\/2017\/12\/danger.png?resize=350%2C200&ssl=1","width":350,"height":200},"classes":[]},{"id":8473,"url":"https:\/\/bukkleader.hu\/old\/palyazok-figyelmebe-modosult-a-helyi-fejlesztesek-tamogatasa-cimu-felhivas\/","url_meta":{"origin":1525,"position":5},"title":"P\u00e1ly\u00e1z\u00f3k figyelm\u00e9be! M\u00f3dosult a Helyi Fejleszt\u00e9sek T\u00e1mogat\u00e1sa c\u00edm\u0171 felh\u00edv\u00e1s!","date":"2021-09-20","format":false,"excerpt":"P\u00e1ly\u00e1z\u00f3k figyelm\u00e9be! M\u00f3dosult a Helyi Fejleszt\u00e9sek T\u00e1mogat\u00e1sa c\u00edm\u0171 felh\u00edv\u00e1s! T\u00e1j\u00e9koztatjuk a t\u00e1mogat\u00e1si k\u00e9relmet beny\u00fajtani sz\u00e1nd\u00e9koz\u00f3kat, hogy m\u00f3dosult a VP6-19.2.1.-15-10-21 k\u00f3dsz\u00e1m\u00fa, Helyi Fejleszt\u00e9sek T\u00e1mogat\u00e1sa c\u00edm\u0171 felh\u00edv\u00e1s 4.3. pontja. A m\u00f3dos\u00edt\u00e1s szerint a 2. szakasz z\u00e1r\u00f3 napja 2021. 09. 25. Ennek alapj\u00e1n t\u00e1mogat\u00e1si k\u00e9relmet 2021. 09. 25-ig lehet beny\u00fajtani.","rel":"","context":"In &quot;H\u00edreink, k\u00f6zlem\u00e9nyeink&quot;","img":{"alt_text":"","src":"https:\/\/i2.wp.com\/bukkleader.hu\/old\/wp-content\/uploads\/2019\/08\/warning-icon-free-28_384x384.jpg?resize=350%2C200&ssl=1","width":350,"height":200},"classes":[]}],"_links":{"self":[{"href":"https:\/\/bukkleader.hu\/old\/wp-json\/wp\/v2\/posts\/1525"}],"collection":[{"href":"https:\/\/bukkleader.hu\/old\/wp-json\/wp\/v2\/posts"}],"about":[{"href":"https:\/\/bukkleader.hu\/old\/wp-json\/wp\/v2\/types\/post"}],"author":[{"embeddable":true,"href":"https:\/\/bukkleader.hu\/old\/wp-json\/wp\/v2\/users\/4"}],"replies":[{"embeddable":true,"href":"https:\/\/bukkleader.hu\/old\/wp-json\/wp\/v2\/comments?post=1525"}],"version-history":[{"count":1,"href":"https:\/\/bukkleader.hu\/old\/wp-json\/wp\/v2\/posts\/1525\/revisions"}],"predecessor-version":[{"id":1527,"href":"https:\/\/bukkleader.hu\/old\/wp-json\/wp\/v2\/posts\/1525\/revisions\/1527"}],"wp:featuredmedia":[{"embeddable":true,"href":"https:\/\/bukkleader.hu\/old\/wp-json\/wp\/v2\/media\/1526"}],"wp:attachment":[{"href":"https:\/\/bukkleader.hu\/old\/wp-json\/wp\/v2\/media?parent=1525"}],"wp:term":[{"taxonomy":"category","embeddable":true,"href":"https:\/\/bukkleader.hu\/old\/wp-json\/wp\/v2\/categories?post=1525"},{"taxonomy":"post_tag","embeddable":true,"href":"https:\/\/bukkleader.hu\/old\/wp-json\/wp\/v2\/tags?post=1525"}],"curies":[{"name":"wp","href":"https:\/\/api.w.org\/{rel}","templated":true}]}}