{"id":1487,"date":"2017-12-28T12:26:00","date_gmt":"2017-12-28T11:26:00","guid":{"rendered":"https:\/\/bukkleader.hu\/old\/?p=1487"},"modified":"2017-12-28T12:26:01","modified_gmt":"2017-12-28T11:26:01","slug":"tisztelt-palyazok-megjelentek-felhasznaloi-kezikonyv-elektronikus-felulet-hasznalatahoz-es-e-kerelem-benyujtasahoz-valamint-az-engy-tetelek-import-segedlete-c-dokumentumok-leader-helyi-felh","status":"publish","type":"post","link":"https:\/\/bukkleader.hu\/old\/tisztelt-palyazok-megjelentek-felhasznaloi-kezikonyv-elektronikus-felulet-hasznalatahoz-es-e-kerelem-benyujtasahoz-valamint-az-engy-tetelek-import-segedlete-c-dokumentumok-leader-helyi-felh\/","title":{"rendered":"Tisztelt P\u00e1ly\u00e1z\u00f3k! Megjelentek a &#8220;Felhaszn\u00e1l\u00f3i k\u00e9zik\u00f6nyv elektronikus fel\u00fclet haszn\u00e1lat\u00e1hoz \u00e9s e-k\u00e9relem beny\u00fajt\u00e1s\u00e1hoz&#8221;, valamint az &#8220;\u00c9NGY t\u00e9telek import seg\u00e9dlete&#8221; c. dokumentumok a LEADER helyi felh\u00edv\u00e1sokhoz kapcsol\u00f3d\u00f3an."},"content":{"rendered":"<p><strong>Tisztelt P\u00e1ly\u00e1z\u00f3k!<\/strong><\/p>\n<p><strong>Megjelentek a &#8220;Felhaszn\u00e1l\u00f3i k\u00e9zik\u00f6nyv elektronikus fel\u00fclet haszn\u00e1lat\u00e1hoz \u00e9s e-k\u00e9relem beny\u00fajt\u00e1s\u00e1hoz&#8221;, valamint az &#8220;\u00c9NGY t\u00e9telek import seg\u00e9dlete&#8221; c. dokumentumok a LEADER helyi felh\u00edv\u00e1sokhoz kapcsol\u00f3d\u00f3an, amelyek a\u00a0<a href=\"https:\/\/www.mvh.allamkincstar.gov.hu\/leader-helyi-felhivasok\">https:\/\/www.mvh.allamkincstar.gov.hu\/leader-helyi-felhivasok<\/a>\u00a0a &#8220;Kapcsol\u00f3d\u00f3 tartalmak&#8221; pont alatt \u00e9rhet\u0151ek el, <a href=\"https:\/\/www.mvh.allamkincstar.gov.hu\/leader-helyi-felhivasok\">megtekint\u00e9se itt &gt;&gt;<\/a><\/strong><\/p>\n<p><strong>A t\u00e1mogat\u00e1si k\u00e9relem beny\u00fajt\u00e1s\u00e1ra m\u00e1r el\u00e9rhet\u0151 a LEADER helyi felh\u00edv\u00e1sok men\u00fcpont, azonban a kit\u00f6lt\u00e9s megkezd\u00e9s\u00e9re az adott felh\u00edv\u00e1sban szerepl\u0151 beny\u00fajt\u00e1si id\u0151szak kezd\u0151 napj\u00e1t\u00f3l van lehet\u0151s\u00e9g.\u00a0<\/strong><\/p>\n<p>&nbsp;<\/p>\n<div class=\"sharedaddy sd-sharing-enabled\"><div class=\"robots-nocontent sd-block sd-social sd-social-icon sd-sharing\"><h3 class=\"sd-title\">Share this:<\/h3><div class=\"sd-content\"><ul><li class=\"share-facebook\"><a rel=\"nofollow noopener noreferrer\" data-shared=\"sharing-facebook-1487\" class=\"share-facebook sd-button share-icon no-text\" href=\"https:\/\/bukkleader.hu\/old\/tisztelt-palyazok-megjelentek-felhasznaloi-kezikonyv-elektronikus-felulet-hasznalatahoz-es-e-kerelem-benyujtasahoz-valamint-az-engy-tetelek-import-segedlete-c-dokumentumok-leader-helyi-felh\/?share=facebook\" target=\"_blank\" title=\"Click to share on Facebook\"><span><\/span><span class=\"sharing-screen-reader-text\">Click to share on Facebook (Opens in new window)<\/span><\/a><\/li><li class=\"share-twitter\"><a rel=\"nofollow noopener noreferrer\" data-shared=\"sharing-twitter-1487\" class=\"share-twitter sd-button share-icon no-text\" href=\"https:\/\/bukkleader.hu\/old\/tisztelt-palyazok-megjelentek-felhasznaloi-kezikonyv-elektronikus-felulet-hasznalatahoz-es-e-kerelem-benyujtasahoz-valamint-az-engy-tetelek-import-segedlete-c-dokumentumok-leader-helyi-felh\/?share=twitter\" target=\"_blank\" title=\"Click to share on Twitter\"><span><\/span><span class=\"sharing-screen-reader-text\">Click to share on Twitter (Opens in new window)<\/span><\/a><\/li><li class=\"share-print\"><a rel=\"nofollow noopener noreferrer\" data-shared=\"\" class=\"share-print sd-button share-icon no-text\" href=\"https:\/\/bukkleader.hu\/old\/tisztelt-palyazok-megjelentek-felhasznaloi-kezikonyv-elektronikus-felulet-hasznalatahoz-es-e-kerelem-benyujtasahoz-valamint-az-engy-tetelek-import-segedlete-c-dokumentumok-leader-helyi-felh\/\" target=\"_blank\" title=\"Click to print\"><span><\/span><span class=\"sharing-screen-reader-text\">Click to print (Opens in new window)<\/span><\/a><\/li><li class=\"share-email\"><a rel=\"nofollow noopener noreferrer\" data-shared=\"\" class=\"share-email sd-button share-icon no-text\" href=\"https:\/\/bukkleader.hu\/old\/tisztelt-palyazok-megjelentek-felhasznaloi-kezikonyv-elektronikus-felulet-hasznalatahoz-es-e-kerelem-benyujtasahoz-valamint-az-engy-tetelek-import-segedlete-c-dokumentumok-leader-helyi-felh\/?share=email\" target=\"_blank\" title=\"Click to email this to a friend\"><span><\/span><span class=\"sharing-screen-reader-text\">Click to email this to a friend (Opens in new window)<\/span><\/a><\/li><li class=\"share-end\"><\/li><\/ul><\/div><\/div><\/div>","protected":false},"excerpt":{"rendered":"<p>Tisztelt P\u00e1ly\u00e1z\u00f3k! Megjelentek a &#8220;Felhaszn\u00e1l\u00f3i k\u00e9zik\u00f6nyv elektronikus fel\u00fclet haszn\u00e1lat\u00e1hoz \u00e9s e-k\u00e9relem beny\u00fajt\u00e1s\u00e1hoz&#8221;, valamint az &#8220;\u00c9NGY t\u00e9telek import seg\u00e9dlete&#8221; c. dokumentumok a LEADER helyi felh\u00edv\u00e1sokhoz kapcsol\u00f3d\u00f3an, amelyek a\u00a0https:\/\/www.mvh.allamkincstar.gov.hu\/leader-helyi-felhivasok\u00a0a &#8220;Kapcsol\u00f3d\u00f3 tartalmak&#8221; pont alatt \u00e9rhet\u0151ek el, megtekint\u00e9se itt &gt;&gt; A t\u00e1mogat\u00e1si k\u00e9relem beny\u00fajt\u00e1s\u00e1ra m\u00e1r el\u00e9rhet\u0151 a LEADER helyi felh\u00edv\u00e1sok men\u00fcpont, azonban a kit\u00f6lt\u00e9s megkezd\u00e9s\u00e9re az adott felh\u00edv\u00e1sban szerepl\u0151 [&hellip;]<\/p>\n<div class=\"sharedaddy sd-sharing-enabled\"><div class=\"robots-nocontent sd-block sd-social sd-social-icon sd-sharing\"><h3 class=\"sd-title\">Share this:<\/h3><div class=\"sd-content\"><ul><li class=\"share-facebook\"><a rel=\"nofollow noopener noreferrer\" data-shared=\"sharing-facebook-1487\" class=\"share-facebook sd-button share-icon no-text\" href=\"https:\/\/bukkleader.hu\/old\/tisztelt-palyazok-megjelentek-felhasznaloi-kezikonyv-elektronikus-felulet-hasznalatahoz-es-e-kerelem-benyujtasahoz-valamint-az-engy-tetelek-import-segedlete-c-dokumentumok-leader-helyi-felh\/?share=facebook\" target=\"_blank\" title=\"Click to share on Facebook\"><span><\/span><span class=\"sharing-screen-reader-text\">Click to share on Facebook (Opens in new window)<\/span><\/a><\/li><li class=\"share-twitter\"><a rel=\"nofollow noopener noreferrer\" data-shared=\"sharing-twitter-1487\" class=\"share-twitter sd-button share-icon no-text\" href=\"https:\/\/bukkleader.hu\/old\/tisztelt-palyazok-megjelentek-felhasznaloi-kezikonyv-elektronikus-felulet-hasznalatahoz-es-e-kerelem-benyujtasahoz-valamint-az-engy-tetelek-import-segedlete-c-dokumentumok-leader-helyi-felh\/?share=twitter\" target=\"_blank\" title=\"Click to share on Twitter\"><span><\/span><span class=\"sharing-screen-reader-text\">Click to share on Twitter (Opens in new window)<\/span><\/a><\/li><li class=\"share-print\"><a rel=\"nofollow noopener noreferrer\" data-shared=\"\" class=\"share-print sd-button share-icon no-text\" href=\"https:\/\/bukkleader.hu\/old\/tisztelt-palyazok-megjelentek-felhasznaloi-kezikonyv-elektronikus-felulet-hasznalatahoz-es-e-kerelem-benyujtasahoz-valamint-az-engy-tetelek-import-segedlete-c-dokumentumok-leader-helyi-felh\/\" target=\"_blank\" title=\"Click to print\"><span><\/span><span class=\"sharing-screen-reader-text\">Click to print (Opens in new window)<\/span><\/a><\/li><li class=\"share-email\"><a rel=\"nofollow noopener noreferrer\" data-shared=\"\" class=\"share-email sd-button share-icon no-text\" href=\"https:\/\/bukkleader.hu\/old\/tisztelt-palyazok-megjelentek-felhasznaloi-kezikonyv-elektronikus-felulet-hasznalatahoz-es-e-kerelem-benyujtasahoz-valamint-az-engy-tetelek-import-segedlete-c-dokumentumok-leader-helyi-felh\/?share=email\" target=\"_blank\" title=\"Click to email this to a friend\"><span><\/span><span class=\"sharing-screen-reader-text\">Click to email this to a friend (Opens in new window)<\/span><\/a><\/li><li class=\"share-end\"><\/li><\/ul><\/div><\/div><\/div>","protected":false},"author":4,"featured_media":1488,"comment_status":"open","ping_status":"closed","sticky":false,"template":"","format":"standard","meta":{"_bbp_topic_count":0,"_bbp_reply_count":0,"_bbp_total_topic_count":0,"_bbp_total_reply_count":0,"_bbp_voice_count":0,"_bbp_anonymous_reply_count":0,"_bbp_topic_count_hidden":0,"_bbp_reply_count_hidden":0,"_bbp_forum_subforum_count":0,"spay_email":"","jetpack_publicize_message":"","jetpack_is_tweetstorm":false,"jetpack_publicize_feature_enabled":true},"categories":[1],"tags":[],"jetpack_featured_media_url":"https:\/\/bukkleader.hu\/old\/wp-content\/uploads\/2017\/12\/nyitott-f\u00fczet.jpg","jetpack_publicize_connections":[],"jetpack_sharing_enabled":true,"jetpack-related-posts":[{"id":2091,"url":"https:\/\/bukkleader.hu\/old\/segedletek-eloleg-igenyleshez\/","url_meta":{"origin":1487,"position":0},"title":"Seg\u00e9dletek el\u0151leg ig\u00e9nyl\u00e9shez","date":"2019-07-04","format":false,"excerpt":"Tisztelt P\u00e1ly\u00e1z\u00f3k! T\u00e1j\u00e9koztatjuk \u00d6n\u00f6ket, hogy azon T\u00e1mogat\u00f3i Okirattal rendelkez\u0151 p\u00e1ly\u00e1z\u00f3inkat, akik a projekt megval\u00f3s\u00edt\u00e1s\u00e1hoz\u00a0el\u0151leget szeretn\u00e9nek ig\u00e9nyelni\u00a0illetve\u00a0kifizet\u00e9si k\u00e9relmet beny\u00fajtani, a seg\u00e9dletek az al\u00e1bbi linken \u00e9rhet\u0151k el: https:\/\/www.mvh.allamkincstar.gov.hu\/tamogatasok-listazo\/-\/tamogatas\/5746072\/tajekoztatok Javasoljuk, hogy az al\u00e1bbi linken tal\u00e1lhat\u00f3 t\u00e1j\u00e9koztat\u00f3t (b\u00e1r az nem a LEADER felh\u00edv\u00e1sokhoz k\u00e9sz\u00fclt, de hasznos) is n\u00e9zz\u00e9k \u00e1t, annak \u00e9rdek\u00e9ben, hogy minden, az\u2026","rel":"","context":"In &quot;Dokumentumok&quot;","img":{"alt_text":"","src":"https:\/\/i0.wp.com\/bukkleader.hu\/old\/wp-content\/uploads\/2018\/12\/hat\u00e1rid\u0151-modos\u00edt\u00e1s-2.jpg?resize=350%2C200&ssl=1","width":350,"height":200},"classes":[]},{"id":2077,"url":"https:\/\/bukkleader.hu\/old\/tajekoztatas-eloleg-es-kifizetesi-kerelem-benyujtasanak-lehetosegerol\/","url_meta":{"origin":1487,"position":1},"title":"T\u00e1j\u00e9koztat\u00e1s el\u0151leg- \u00e9s kifizet\u00e9si k\u00e9relem beny\u00fajt\u00e1s\u00e1nak lehet\u0151s\u00e9g\u00e9r\u0151l","date":"2019-06-14","format":false,"excerpt":"Tisztelt P\u00e1ly\u00e1z\u00f3k! T\u00e1j\u00e9koztatjuk \u00d6n\u00f6ket, hogy a LEADER helyi felh\u00edv\u00e1sok kapcs\u00e1n lehet\u0151s\u00e9g van el\u0151leg- \u00e9s kifizet\u00e9si k\u00e9relem beny\u00fajt\u00e1s\u00e1ra, melyhez a seg\u00e9dletek az al\u00e1bbi linken \u00e9rhet\u0151ek el: https:\/\/www.mvh.allamkincstar.gov.hu\/tamogatasok-listazo\/-\/tamogatas\/5746072\/tajekoztatok.","rel":"","context":"In &quot;Dokumentumok&quot;","img":{"alt_text":"","src":"https:\/\/i2.wp.com\/bukkleader.hu\/old\/wp-content\/uploads\/2017\/12\/danger.png?resize=350%2C200&ssl=1","width":350,"height":200},"classes":[]},{"id":1900,"url":"https:\/\/bukkleader.hu\/old\/tisztelt-palyazok-valtozas-a-helyi-palyazati-felhivasok-benyujtasanak-hataridejeben\/","url_meta":{"origin":1487,"position":2},"title":"Tisztelt P\u00e1ly\u00e1z\u00f3k! V\u00e1ltoz\u00e1s a helyi p\u00e1ly\u00e1zati felh\u00edv\u00e1sok beny\u00fajt\u00e1s\u00e1nak hat\u00e1ridej\u00e9ben!","date":"2018-12-13","format":false,"excerpt":"Tisztelt P\u00e1ly\u00e1z\u00f3k! V\u00e1ltoz\u00e1s a helyi p\u00e1ly\u00e1zati felh\u00edv\u00e1sok beny\u00fajt\u00e1s\u00e1nak hat\u00e1ridej\u00e9ben! A B\u00fckk-T\u00e9rs\u00e9gi LEADER Egyes\u00fclet helyi felh\u00edv\u00e1sai 2018. 12. 11-t\u0151l, az al\u00e1bbiak szerint m\u00f3dosultak: \u00a0\u00a0\u00a0 VP6-19.2.1.-15-1-17 (Leader Tudomka Pont) \u00a0\u00a0\u00a0\u00a0VP6-19.2.1.-15-2-17 (Leader Tudomka Falu) \u00a0\u00a0\u00a0\u00a0VP6-19.2.1.-15-3-17 (Leader Tudomka Tematikus K\u00f6zpontok) \u00a0\u00a0\u00a0\u00a0VP6-19.2.1.-15-5-17 (A m\u00falt-, a jelen \u00e9s a j\u00f6v\u0151 mesters\u00e9geinek fejleszt\u00e9se)) \u00a0\u00a0\u00a0\u00a0VP6-19.2.1.-15-7-17 (Saj\u00f3-, hern\u00e1d-v\u00f6lgyi bolg\u00e1rkert\u00e9szet)\u2026","rel":"","context":"In &quot;H\u00edreink, k\u00f6zlem\u00e9nyeink&quot;","img":{"alt_text":"","src":"https:\/\/i0.wp.com\/bukkleader.hu\/old\/wp-content\/uploads\/2018\/12\/hat\u00e1rid\u0151-modos\u00edt\u00e1s-2.jpg?resize=350%2C200&ssl=1","width":350,"height":200},"classes":[]},{"id":1685,"url":"https:\/\/bukkleader.hu\/old\/mikrovallalkozasok-figyelmebe-helyi-tamogatasi-kerelmek-tovabbi-benyujtasa\/","url_meta":{"origin":1487,"position":3},"title":"Mikrov\u00e1llalkoz\u00e1sok figyelm\u00e9be! Helyi t\u00e1mogat\u00e1si k\u00e9relmek tov\u00e1bbi beny\u00fajt\u00e1sa!","date":"2018-04-03","format":false,"excerpt":"T\u00e1j\u00e9koztatjuk\u00a0Tisztelt P\u00e1ly\u00e1z\u00f3inkat, hogy a M\u00falt, jelen \u00e9s a j\u00f6v\u0151 mesters\u00e9geinek fejleszt\u00e9se (VP6-19.2.1.-15-5-17) elnevez\u00e9s\u0171 helyi felh\u00edv\u00e1sra tov\u00e1bbra is lehet t\u00e1mogat\u00e1si k\u00e9relmet beny\u00fajtani, mert a 2018. 03. 31.-i szakaszz\u00e1r\u00e1skor nem f\u00fcggesztett\u00fck fel jelen felh\u00edv\u00e1sra a k\u00e9relem beny\u00fajt\u00e1s\u00e1t.","rel":"","context":"In &quot;H\u00edreink, k\u00f6zlem\u00e9nyeink&quot;","img":{"alt_text":"","src":"https:\/\/i1.wp.com\/bukkleader.hu\/old\/wp-content\/uploads\/2018\/04\/mesters\u00e9gek-2.jpg?resize=350%2C200&ssl=1","width":350,"height":200},"classes":[]},{"id":1973,"url":"https:\/\/bukkleader.hu\/old\/palyazok-figyelmebe-2019-03-31-en-zarulnak-a-helyi-felhivasokra-a-palyazatok-benyujtasa\/","url_meta":{"origin":1487,"position":4},"title":"P\u00e1ly\u00e1z\u00f3k figyelm\u00e9be! 2019.03.31-\u00e9n z\u00e1rulnak a helyi felh\u00edv\u00e1sokra a p\u00e1ly\u00e1zatok beny\u00fajt\u00e1sa","date":"2019-03-01","format":false,"excerpt":"Tisztelt P\u00e1ly\u00e1z\u00f3k! A B\u00fckk-T\u00e9rs\u00e9gi LEADER Egyes\u00fclet helyi felh\u00edv\u00e1sai 2019. 03. 31-\u00e9n lez\u00e1rulnak. Ezen id\u0151pontig az al\u00e1bbi felh\u00edv\u00e1sokra lehet m\u00e9g p\u00e1ly\u00e1zatot beny\u00fajtani: VP6-19.2.1.-15-1-17 (Leader Tudomka Pont) VP6-19.2.1.-15-2-17 (Leader Tudomka Falu) VP6-19.2.1.-15-3-17 (Leader Tudomka Tematikus K\u00f6zpontok) VP6-19.2.1.-15-5-17 (A m\u00falt-, a jelen \u00e9s a j\u00f6v\u0151 mesters\u00e9geinek fejleszt\u00e9se)) VP6-19.2.1.-15-7-17 (Saj\u00f3-, Hern\u00e1d-v\u00f6lgyi bolg\u00e1rkert\u00e9szet) VP6-19.2.1.-15-8-17 (Temetkez\u00e9si\u2026","rel":"","context":"In &quot;H\u00edreink, k\u00f6zlem\u00e9nyeink&quot;","img":{"alt_text":"","src":"https:\/\/i2.wp.com\/bukkleader.hu\/old\/wp-content\/uploads\/2017\/12\/danger.png?resize=350%2C200&ssl=1","width":350,"height":200},"classes":[]},{"id":1676,"url":"https:\/\/bukkleader.hu\/old\/palyazok-figyelmebe-helyi-tamogatasi-kerelem-benyujtasanak-felfuggesztese\/","url_meta":{"origin":1487,"position":5},"title":"P\u00e1ly\u00e1z\u00f3k figyelm\u00e9be!  Helyi t\u00e1mogat\u00e1si k\u00e9relem beny\u00fajt\u00e1s\u00e1nak felf\u00fcggeszt\u00e9se!","date":"2018-03-31","format":false,"excerpt":"P\u00e1ly\u00e1z\u00f3k figyelm\u00e9be! Helyi t\u00e1mogat\u00e1si k\u00e9relem beny\u00fajt\u00e1s\u00e1nak felf\u00fcggeszt\u00e9se! T\u00e1j\u00e9koztatjuk\u00a0Tisztelt P\u00e1ly\u00e1z\u00f3inkat, hogy a Temetkez\u00e9si hagyom\u00e1nyok \u00e1pol\u00e1sa (VP6-19.2.1.-15-8-17) elnevez\u00e9s\u0171 t\u00e1mogat\u00e1si k\u00e9relmek tov\u00e1bbi beny\u00fajt\u00e1s\u00e1t\u00a02018. 04. 01-\u00e9n\u00a0felf\u00fcggesztj\u00fck! Indoka, hogy az els\u0151 p\u00e1ly\u00e1zati szakasz z\u00e1r\u00e1sakor az ig\u00e9nyelt t\u00e1mogat\u00e1sok \u00f6sszege meghaladja a 200%-ot. \u00a0 \u00a0 \u00a0 \u00a0","rel":"","context":"In &quot;H\u00edreink, k\u00f6zlem\u00e9nyeink&quot;","img":{"alt_text":"","src":"https:\/\/i2.wp.com\/bukkleader.hu\/old\/wp-content\/uploads\/2017\/12\/danger.png?resize=350%2C200&ssl=1","width":350,"height":200},"classes":[]}],"_links":{"self":[{"href":"https:\/\/bukkleader.hu\/old\/wp-json\/wp\/v2\/posts\/1487"}],"collection":[{"href":"https:\/\/bukkleader.hu\/old\/wp-json\/wp\/v2\/posts"}],"about":[{"href":"https:\/\/bukkleader.hu\/old\/wp-json\/wp\/v2\/types\/post"}],"author":[{"embeddable":true,"href":"https:\/\/bukkleader.hu\/old\/wp-json\/wp\/v2\/users\/4"}],"replies":[{"embeddable":true,"href":"https:\/\/bukkleader.hu\/old\/wp-json\/wp\/v2\/comments?post=1487"}],"version-history":[{"count":1,"href":"https:\/\/bukkleader.hu\/old\/wp-json\/wp\/v2\/posts\/1487\/revisions"}],"predecessor-version":[{"id":1489,"href":"https:\/\/bukkleader.hu\/old\/wp-json\/wp\/v2\/posts\/1487\/revisions\/1489"}],"wp:featuredmedia":[{"embeddable":true,"href":"https:\/\/bukkleader.hu\/old\/wp-json\/wp\/v2\/media\/1488"}],"wp:attachment":[{"href":"https:\/\/bukkleader.hu\/old\/wp-json\/wp\/v2\/media?parent=1487"}],"wp:term":[{"taxonomy":"category","embeddable":true,"href":"https:\/\/bukkleader.hu\/old\/wp-json\/wp\/v2\/categories?post=1487"},{"taxonomy":"post_tag","embeddable":true,"href":"https:\/\/bukkleader.hu\/old\/wp-json\/wp\/v2\/tags?post=1487"}],"curies":[{"name":"wp","href":"https:\/\/api.w.org\/{rel}","templated":true}]}}