{"id":1399,"date":"2017-11-14T11:49:28","date_gmt":"2017-11-14T10:49:28","guid":{"rendered":"https:\/\/bukkleader.hu\/old\/?p=1399"},"modified":"2017-12-04T09:35:35","modified_gmt":"2017-12-04T08:35:35","slug":"tajekoztato-forum-cserepvaralja","status":"publish","type":"post","link":"https:\/\/bukkleader.hu\/old\/tajekoztato-forum-cserepvaralja\/","title":{"rendered":"ID\u0150PONTV\u00c1LTOZ\u00c1S! T\u00e1j\u00e9koztat\u00f3 F\u00f3rum a helyi felh\u00edv\u00e1sokr\u00f3l &#8211; Cser\u00e9pv\u00e1ralja"},"content":{"rendered":"<p><strong>ID\u0150PONTV\u00c1LTOZ\u00c1S! <\/strong><\/p>\n<p><strong>T\u00e1j\u00e9koztat\u00f3 F\u00f3rum Cser\u00e9pv\u00e1ralj\u00e1n a helyi felh\u00edv\u00e1sokr\u00f3l!<\/strong><\/p>\n<p><strong><b>A Cser\u00e9pv\u00e1ralj\u00e1n 2017.12.04.-\u00e9n megrendezend\u0151 szakmai f\u00f3rum technikai okok miatt 2017. 12.12.-\u00e9n ker\u00fcl megrendez\u00e9sre<\/b>\u00a0a helyi felh\u00edv\u00e1sokr\u00f3l, a mell\u00e9kelt megh\u00edv\u00f3 szerint.<\/strong><\/p>\n<p><a href=\"https:\/\/bukkleader.hu\/old\/wp-content\/uploads\/2017\/11\/Megh\u00edv\u00f3_Cser\u00e9pv\u00e1ralja.pdf\">Megh\u00edv\u00f3 &gt;&gt;<\/a><\/p>\n<div class=\"sharedaddy sd-sharing-enabled\"><div class=\"robots-nocontent sd-block sd-social sd-social-icon sd-sharing\"><h3 class=\"sd-title\">Share this:<\/h3><div class=\"sd-content\"><ul><li class=\"share-facebook\"><a rel=\"nofollow noopener noreferrer\" data-shared=\"sharing-facebook-1399\" class=\"share-facebook sd-button share-icon no-text\" href=\"https:\/\/bukkleader.hu\/old\/tajekoztato-forum-cserepvaralja\/?share=facebook\" target=\"_blank\" title=\"Click to share on Facebook\"><span><\/span><span class=\"sharing-screen-reader-text\">Click to share on Facebook (Opens in new window)<\/span><\/a><\/li><li class=\"share-twitter\"><a rel=\"nofollow noopener noreferrer\" data-shared=\"sharing-twitter-1399\" class=\"share-twitter sd-button share-icon no-text\" href=\"https:\/\/bukkleader.hu\/old\/tajekoztato-forum-cserepvaralja\/?share=twitter\" target=\"_blank\" title=\"Click to share on Twitter\"><span><\/span><span class=\"sharing-screen-reader-text\">Click to share on Twitter (Opens in new window)<\/span><\/a><\/li><li class=\"share-print\"><a rel=\"nofollow noopener noreferrer\" data-shared=\"\" class=\"share-print sd-button share-icon no-text\" href=\"https:\/\/bukkleader.hu\/old\/tajekoztato-forum-cserepvaralja\/\" target=\"_blank\" title=\"Click to print\"><span><\/span><span class=\"sharing-screen-reader-text\">Click to print (Opens in new window)<\/span><\/a><\/li><li class=\"share-email\"><a rel=\"nofollow noopener noreferrer\" data-shared=\"\" class=\"share-email sd-button share-icon no-text\" href=\"https:\/\/bukkleader.hu\/old\/tajekoztato-forum-cserepvaralja\/?share=email\" target=\"_blank\" title=\"Click to email this to a friend\"><span><\/span><span class=\"sharing-screen-reader-text\">Click to email this to a friend (Opens in new window)<\/span><\/a><\/li><li class=\"share-end\"><\/li><\/ul><\/div><\/div><\/div>","protected":false},"excerpt":{"rendered":"<p>ID\u0150PONTV\u00c1LTOZ\u00c1S! T\u00e1j\u00e9koztat\u00f3 F\u00f3rum Cser\u00e9pv\u00e1ralj\u00e1n a helyi felh\u00edv\u00e1sokr\u00f3l! A Cser\u00e9pv\u00e1ralj\u00e1n 2017.12.04.-\u00e9n megrendezend\u0151 szakmai f\u00f3rum technikai okok miatt 2017. 12.12.-\u00e9n ker\u00fcl megrendez\u00e9sre\u00a0a helyi felh\u00edv\u00e1sokr\u00f3l, a mell\u00e9kelt megh\u00edv\u00f3 szerint. Megh\u00edv\u00f3 &gt;&gt;<\/p>\n<div class=\"sharedaddy sd-sharing-enabled\"><div class=\"robots-nocontent sd-block sd-social sd-social-icon sd-sharing\"><h3 class=\"sd-title\">Share this:<\/h3><div class=\"sd-content\"><ul><li class=\"share-facebook\"><a rel=\"nofollow noopener noreferrer\" data-shared=\"sharing-facebook-1399\" class=\"share-facebook sd-button share-icon no-text\" href=\"https:\/\/bukkleader.hu\/old\/tajekoztato-forum-cserepvaralja\/?share=facebook\" target=\"_blank\" title=\"Click to share on Facebook\"><span><\/span><span class=\"sharing-screen-reader-text\">Click to share on Facebook (Opens in new window)<\/span><\/a><\/li><li class=\"share-twitter\"><a rel=\"nofollow noopener noreferrer\" data-shared=\"sharing-twitter-1399\" class=\"share-twitter sd-button share-icon no-text\" href=\"https:\/\/bukkleader.hu\/old\/tajekoztato-forum-cserepvaralja\/?share=twitter\" target=\"_blank\" title=\"Click to share on Twitter\"><span><\/span><span class=\"sharing-screen-reader-text\">Click to share on Twitter (Opens in new window)<\/span><\/a><\/li><li class=\"share-print\"><a rel=\"nofollow noopener noreferrer\" data-shared=\"\" class=\"share-print sd-button share-icon no-text\" href=\"https:\/\/bukkleader.hu\/old\/tajekoztato-forum-cserepvaralja\/\" target=\"_blank\" title=\"Click to print\"><span><\/span><span class=\"sharing-screen-reader-text\">Click to print (Opens in new window)<\/span><\/a><\/li><li class=\"share-email\"><a rel=\"nofollow noopener noreferrer\" data-shared=\"\" class=\"share-email sd-button share-icon no-text\" href=\"https:\/\/bukkleader.hu\/old\/tajekoztato-forum-cserepvaralja\/?share=email\" target=\"_blank\" title=\"Click to email this to a friend\"><span><\/span><span class=\"sharing-screen-reader-text\">Click to email this to a friend (Opens in new window)<\/span><\/a><\/li><li class=\"share-end\"><\/li><\/ul><\/div><\/div><\/div>","protected":false},"author":4,"featured_media":1403,"comment_status":"open","ping_status":"closed","sticky":false,"template":"","format":"standard","meta":{"_bbp_topic_count":0,"_bbp_reply_count":0,"_bbp_total_topic_count":0,"_bbp_total_reply_count":0,"_bbp_voice_count":0,"_bbp_anonymous_reply_count":0,"_bbp_topic_count_hidden":0,"_bbp_reply_count_hidden":0,"_bbp_forum_subforum_count":0,"spay_email":"","jetpack_publicize_message":"","jetpack_is_tweetstorm":false,"jetpack_publicize_feature_enabled":true},"categories":[1],"tags":[],"jetpack_featured_media_url":"https:\/\/bukkleader.hu\/old\/wp-content\/uploads\/2017\/11\/Cser\u00e9pv\u00e1ralja-1-1.jpg","jetpack_publicize_connections":[],"jetpack_sharing_enabled":true,"jetpack-related-posts":[{"id":2442,"url":"https:\/\/bukkleader.hu\/old\/tajekoztato-forum-a-helyi-szereplok-felkeszitesenek-erdekeben-cserepvaraljan\/","url_meta":{"origin":1399,"position":0},"title":"T\u00e1j\u00e9koztat\u00f3 f\u00f3rum a helyi szerepl\u0151k felk\u00e9sz\u00edt\u00e9s\u00e9nek \u00e9rdek\u00e9ben Cser\u00e9pv\u00e1ralj\u00e1n","date":"2020-02-17","format":false,"excerpt":"A\u00a0B\u00fckk-T\u00e9rs\u00e9gi LEADER Egyes\u00fclet\u00a0t\u00e1j\u00e9koztat\u00f3 f\u00f3rumot tart\u00a02020. 02.25-\u00e9n (kedd) 17:00 \u00f3r\u00e1t\u00f3l\u00a0Cser\u00e9pv\u00e1ralj\u00e1n\u00a0a helyi szerepl\u0151k felk\u00e9sz\u00edt\u00e9s\u00e9nek \u00e9rdek\u00e9ben a megjelen\u0151 helyi felh\u00edv\u00e1sr\u00f3l, melyre szeretettel megh\u00edvjuk a HACS ter\u00fclet\u00e9r\u0151l a lakosokat, civil szervezeteket, egyh\u00e1zk\u00f6zs\u00e9geket, v\u00e1llalkoz\u00e1sokat, \u00f6nkorm\u00e1nyzatokat. \u00a0","rel":"","context":"In &quot;H\u00edreink, k\u00f6zlem\u00e9nyeink&quot;","img":{"alt_text":"","src":"https:\/\/i1.wp.com\/bukkleader.hu\/old\/wp-content\/uploads\/2020\/02\/Cserepvaraljafogadokozpont.jpg?resize=350%2C200&ssl=1","width":350,"height":200},"classes":[]},{"id":2353,"url":"https:\/\/bukkleader.hu\/old\/tajekoztato-forum-cserepvaraljan-2019-12-12\/","url_meta":{"origin":1399,"position":1},"title":"T\u00e1j\u00e9koztat\u00f3 f\u00f3rum Cser\u00e9pv\u00e1ralj\u00e1n 2019.12.12.","date":"2019-12-04","format":false,"excerpt":"A B\u00fckk-T\u00e9rs\u00e9gi LEADER Egyes\u00fclet 2019. december 12-\u00e9n 16:00 \u00f3rakor t\u00e1j\u00e9koztat\u00f3 f\u00f3rumot tart Cser\u00e9pv\u00e1ralj\u00e1n a Vid\u00e9kfejleszt\u00e9si Program aktualit\u00e1sair\u00f3l, a Helyi Fejleszt\u00e9si Strat\u00e9gia el\u0151rehalad\u00e1s\u00e1r\u00f3l, melyre szeretettel megh\u00edvjuk a HACS ter\u00fclet\u00e9r\u0151l a lakosokat, civil szervezeteket, egyh\u00e1zk\u00f6zs\u00e9geket, v\u00e1llalkoz\u00e1sokat, \u00f6nkorm\u00e1nyzatokat az al\u00e1bbiak szerint: \u00a0","rel":"","context":"In &quot;H\u00edreink, k\u00f6zlem\u00e9nyeink&quot;","img":{"alt_text":"","src":"https:\/\/i2.wp.com\/bukkleader.hu\/old\/wp-content\/uploads\/2017\/11\/Cser\u00e9pv\u00e1ralja-1-1.jpg?resize=350%2C200&ssl=1","width":350,"height":200},"classes":[]},{"id":1406,"url":"https:\/\/bukkleader.hu\/old\/tajekoztato-forum-helyi-felhivasokrol-kondo\/","url_meta":{"origin":1399,"position":2},"title":"T\u00e1j\u00e9koztat\u00f3 F\u00f3rum a helyi felh\u00edv\u00e1sokr\u00f3l &#8211; Kond\u00f3","date":"2017-11-22","format":false,"excerpt":"A B\u00fckk-T\u00e9rs\u00e9gi LEADER Egyes\u00fclet t\u00e1j\u00e9koztat\u00f3 f\u00f3rumot tart 2017.12.05-\u00e9n Kond\u00f3n a megjelent helyi felh\u00edv\u00e1sokr\u00f3l, a mell\u00e9kelt megh\u00edv\u00f3 szerint. Megh\u00edv\u00f3 >>","rel":"","context":"In &quot;H\u00edreink, k\u00f6zlem\u00e9nyeink&quot;","img":{"alt_text":"","src":"https:\/\/i1.wp.com\/bukkleader.hu\/old\/wp-content\/uploads\/2015\/11\/kond\u00f3.jpg?resize=350%2C200&ssl=1","width":350,"height":200},"classes":[]},{"id":1427,"url":"https:\/\/bukkleader.hu\/old\/tajekoztato-forum-helyi-felhivasokrol-sajokeresztur\/","url_meta":{"origin":1399,"position":3},"title":"T\u00e1j\u00e9koztat\u00f3 F\u00f3rum a helyi felh\u00edv\u00e1sokr\u00f3l &#8211; Saj\u00f3kereszt\u00far","date":"2017-12-11","format":false,"excerpt":"A B\u00fckk-T\u00e9rs\u00e9gi LEADER Egyes\u00fclet t\u00e1j\u00e9koztat\u00f3 f\u00f3rumot tart 2018.01. 04-\u00e9n Saj\u00f3kereszt\u00farban a megjelent helyi felh\u00edv\u00e1sokr\u00f3l, a mell\u00e9kelt megh\u00edv\u00f3 szerint.\u00a0 Megh\u00edv\u00f3 >>","rel":"","context":"In &quot;H\u00edreink, k\u00f6zlem\u00e9nyeink&quot;","img":{"alt_text":"","src":"https:\/\/i0.wp.com\/bukkleader.hu\/old\/wp-content\/uploads\/2016\/10\/saj\u00f3kereszt\u00far.jpg?resize=350%2C200&ssl=1","width":350,"height":200},"classes":[]},{"id":1496,"url":"https:\/\/bukkleader.hu\/old\/tajekoztato-forum-helyi-felhivasokrol-repashuta\/","url_meta":{"origin":1399,"position":4},"title":"T\u00e1j\u00e9koztat\u00f3 F\u00f3rum a helyi felh\u00edv\u00e1sokr\u00f3l &#8211; R\u00e9p\u00e1shuta","date":"2018-01-04","format":false,"excerpt":"A B\u00fckk-T\u00e9rs\u00e9gi LEADER Egyes\u00fclet t\u00e1j\u00e9koztat\u00f3 f\u00f3rumot tart 2018. 01. 11-\u00e9n 17 \u00f3r\u00e1t\u00f3l R\u00e9p\u00e1shut\u00e1n a M\u0171vel\u0151d\u00e9si H\u00e1zban a megjelent helyi felh\u00edv\u00e1sokr\u00f3l, a mell\u00e9kelt megh\u00edv\u00f3 szerint.\u00a0 Megh\u00edv\u00f3 >>","rel":"","context":"In &quot;H\u00edreink, k\u00f6zlem\u00e9nyeink&quot;","img":{"alt_text":"","src":"https:\/\/i1.wp.com\/bukkleader.hu\/old\/wp-content\/uploads\/2016\/09\/B\u00fckkszent-\u00e9s-r\u00e9p\u00e1shuta-k\u00f6z\u00f6tt.jpg?resize=350%2C200&ssl=1","width":350,"height":200},"classes":[]},{"id":1552,"url":"https:\/\/bukkleader.hu\/old\/tajekoztato-forum-helyi-felhivasokrol-harsany\/","url_meta":{"origin":1399,"position":5},"title":"T\u00e1j\u00e9koztat\u00f3 F\u00f3rum a helyi felh\u00edv\u00e1sokr\u00f3l \u2013 Hars\u00e1ny","date":"2018-02-01","format":false,"excerpt":"A B\u00fckk-T\u00e9rs\u00e9gi LEADER Egyes\u00fclet t\u00e1j\u00e9koztat\u00f3 f\u00f3rumot tart 2018. 02. 15-\u00e9n 16 \u00f3r\u00e1t\u00f3l Hars\u00e1nyban a K\u00f6z\u00f6ss\u00e9gi H\u00e1zban a megjelent helyi felh\u00edv\u00e1sokr\u00f3l, a mell\u00e9kelt megh\u00edv\u00f3 szerint.\u00a0 MEGH\u00cdV\u00d3 >>","rel":"","context":"In &quot;H\u00edreink, k\u00f6zlem\u00e9nyeink&quot;","img":{"alt_text":"","src":"https:\/\/i2.wp.com\/bukkleader.hu\/old\/wp-content\/uploads\/2018\/02\/hars\u00e1ny.jpg?resize=350%2C200&ssl=1","width":350,"height":200},"classes":[]}],"_links":{"self":[{"href":"https:\/\/bukkleader.hu\/old\/wp-json\/wp\/v2\/posts\/1399"}],"collection":[{"href":"https:\/\/bukkleader.hu\/old\/wp-json\/wp\/v2\/posts"}],"about":[{"href":"https:\/\/bukkleader.hu\/old\/wp-json\/wp\/v2\/types\/post"}],"author":[{"embeddable":true,"href":"https:\/\/bukkleader.hu\/old\/wp-json\/wp\/v2\/users\/4"}],"replies":[{"embeddable":true,"href":"https:\/\/bukkleader.hu\/old\/wp-json\/wp\/v2\/comments?post=1399"}],"version-history":[{"count":6,"href":"https:\/\/bukkleader.hu\/old\/wp-json\/wp\/v2\/posts\/1399\/revisions"}],"predecessor-version":[{"id":1422,"href":"https:\/\/bukkleader.hu\/old\/wp-json\/wp\/v2\/posts\/1399\/revisions\/1422"}],"wp:featuredmedia":[{"embeddable":true,"href":"https:\/\/bukkleader.hu\/old\/wp-json\/wp\/v2\/media\/1403"}],"wp:attachment":[{"href":"https:\/\/bukkleader.hu\/old\/wp-json\/wp\/v2\/media?parent=1399"}],"wp:term":[{"taxonomy":"category","embeddable":true,"href":"https:\/\/bukkleader.hu\/old\/wp-json\/wp\/v2\/categories?post=1399"},{"taxonomy":"post_tag","embeddable":true,"href":"https:\/\/bukkleader.hu\/old\/wp-json\/wp\/v2\/tags?post=1399"}],"curies":[{"name":"wp","href":"https:\/\/api.w.org\/{rel}","templated":true}]}}